{"id":209020,"date":"2014-03-24T16:52:09","date_gmt":"2014-03-24T13:52:09","guid":{"rendered":"https:\/\/analyse.optim.biz\/?p=209020"},"modified":"2014-03-24T16:52:09","modified_gmt":"2014-03-24T13:52:09","slug":"elena-basescu-tata-mi-a-spus-ca-azi-e-prima-mea-zi-ca-om-politic-adevarat","status":"publish","type":"post","link":"https:\/\/analyse.optim.biz\/?p=209020","title":{"rendered":"Elena B\u0103sescu: Tata mi-a spus c\u0103 azi e prima mea zi ca om politic adev\u0103rat"},"content":{"rendered":"<div class=\"entry data-app-meta data-app-meta-article\" data-embed-base-url-canonical=\"https:\/\/www.digi24.ro\/embed\/stiri\/actualitate\/politica\/elena-basescu-tata-mi-a-spus-ca-azi-e-prima-mea-zi-ca-om-politic-adevarat-219233\">\n<p data-index=\"1\">\u00a0<img decoding=\"async\" src=\"https:\/\/analyse.optim.biz\/wp-content\/uploads\/2024\/09\/cgcmdz04mdamagfzad1jmzfjy2njzji0zgnmztlkotzhodeyzjrkodu5zgi2mw-thumb_.jpg\" data-skip-htmlfix=\"1\" title=\"cgcmdz04mdamagfzad1jmzfjy2njzji0zgnmztlkotzhodeyzjrkodu5zgi2mw-thumb_\"><\/p>\n<p data-index=\"2\">&#8220;M\u0103 tenteaz\u0103 o candidatur\u0103 la alegerile parlamentare din 2016, doresc s\u0103 m\u0103 cl\u0103desc ca om politic \u00een \u0163ar\u0103&#8221;, a spus Elena B\u0103sescu.<\/p>\n<p data-index=\"3\">Ea a precizat c\u0103 nu s-a g\u00e2ndit \u00eenc\u0103 la un colegiu \u00een care s\u0103 candideze, pentru c\u0103 primul pas este s\u0103 treac\u0103 de aceast\u0103 campanie electrocal\u0103 pentru Parlamentul European, \u00een care se va implica foarte mult.<\/p>\n<p data-index=\"4\">\u00centrebat\u0103 ce i-a transmis tat\u0103l s\u0103u, pre\u015fedintele Traian B\u0103sescu, ea a r\u0103spuns: &#8220;Tat\u0103l meu mi-a spus azi de diminea\u0163\u0103, \u00eenainte de a urca \u00een avion, mi-a urat succes \u015fi mi-a spus c\u0103 este prima zi ca om politic adev\u0103rat&#8221;.<\/p>\n<p data-index=\"5\">Elena B\u0103sescu a precizat c\u0103 a decis de ceva timp s\u0103 nu mai candideze la alegerile europarlamentare.<\/p>\n<p data-index=\"6\">Elena B\u0103sescu a intrat \u00een PMP, a anun\u0163at, luni, pre\u015fedintele forma\u0163iunii, Eugen Tomac, \u00eentr-o conferin\u0163\u0103 de pres\u0103 sus\u0163inut\u0103 al\u0103turi de Elena Udrea \u015fi de fiica pre\u015fedintelui, care a anun\u0163at c\u0103 nu va candida la europarlamentare.<\/p>\n<\/div>\n<p> Source URL: https:\/\/www.digi24.ro\/stiri\/actualitate\/politica\/elena-basescu-tata-mi-a-spus-ca-azi-e-prima-mea-zi-ca-om-politic-adevarat-219233<\/p>\n","protected":false},"excerpt":{"rendered":"<p>\u00a0 &#8220;M\u0103 tenteaz\u0103 o candidatur\u0103 la alegerile parlamentare din 2016, doresc s\u0103 m\u0103 cl\u0103desc ca om politic \u00een \u0163ar\u0103&#8221;, a spus Elena B\u0103sescu. Ea a precizat c\u0103 nu s-a g\u00e2ndit \u00eenc\u0103 la un colegiu \u00een care s\u0103 candideze, pentru c\u0103 primul pas este s\u0103 treac\u0103 de aceast\u0103 campanie electrocal\u0103 pentru Parlamentul European, \u00een care se [&hellip;]<\/p>\n","protected":false},"author":1,"featured_media":209021,"comment_status":"open","ping_status":"","sticky":false,"template":"","format":"standard","meta":{"footnotes":""},"categories":[2],"tags":[11],"class_list":["post-209020","post","type-post","status-publish","format-standard","has-post-thumbnail","hentry","category-politics","tag-digi24"],"_links":{"self":[{"href":"https:\/\/analyse.optim.biz\/index.php?rest_route=\/wp\/v2\/posts\/209020","targetHints":{"allow":["GET"]}}],"collection":[{"href":"https:\/\/analyse.optim.biz\/index.php?rest_route=\/wp\/v2\/posts"}],"about":[{"href":"https:\/\/analyse.optim.biz\/index.php?rest_route=\/wp\/v2\/types\/post"}],"author":[{"embeddable":true,"href":"https:\/\/analyse.optim.biz\/index.php?rest_route=\/wp\/v2\/users\/1"}],"replies":[{"embeddable":true,"href":"https:\/\/analyse.optim.biz\/index.php?rest_route=%2Fwp%2Fv2%2Fcomments&post=209020"}],"version-history":[{"count":0,"href":"https:\/\/analyse.optim.biz\/index.php?rest_route=\/wp\/v2\/posts\/209020\/revisions"}],"wp:featuredmedia":[{"embeddable":true,"href":"https:\/\/analyse.optim.biz\/index.php?rest_route=\/wp\/v2\/media\/209021"}],"wp:attachment":[{"href":"https:\/\/analyse.optim.biz\/index.php?rest_route=%2Fwp%2Fv2%2Fmedia&parent=209020"}],"wp:term":[{"taxonomy":"category","embeddable":true,"href":"https:\/\/analyse.optim.biz\/index.php?rest_route=%2Fwp%2Fv2%2Fcategories&post=209020"},{"taxonomy":"post_tag","embeddable":true,"href":"https:\/\/analyse.optim.biz\/index.php?rest_route=%2Fwp%2Fv2%2Ftags&post=209020"}],"curies":[{"name":"wp","href":"https:\/\/api.w.org\/{rel}","templated":true}]}}