{"id":2090162,"date":"2026-08-12T17:06:23","date_gmt":"2026-08-12T14:06:23","guid":{"rendered":"https:\/\/analyse.optim.biz\/?p=2090162"},"modified":"2026-08-12T17:06:23","modified_gmt":"2026-08-12T14:06:23","slug":"opt-scandalagii-retinuti-dupa-o-bataie-generala-in-zona-unei-discoteci-stiri-suceava","status":"publish","type":"post","link":"https:\/\/analyse.optim.biz\/?p=2090162","title":{"rendered":"Opt scandalagii re\u021binu\u021bi dup\u0103 o b\u0103taie general\u0103, \u00een zona unei discoteci &#8211; Stiri Suceava"},"content":{"rendered":"<p>[analyse_image type=&#8221;featured&#8221; src=&#8221;https:\/\/www.informatiata.ro\/wp-content\/uploads\/2026\/08\/adusi-1024&#215;488.jpg&#8221;]<\/p>\n<div class=\"td-post-content tagdiv-type\">\n<div class=\"td-post-featured-image\"><a href=\"https:\/\/www.informatiata.ro\/wp-content\/uploads\/2026\/08\/adusi-scaled.jpg\" data-caption><img loading=\"lazy\" decoding=\"async\" width=\"696\" height=\"332\" class=\"entry-thumb td-modal-image\" src=\"https:\/\/www.informatiata.ro\/wp-content\/uploads\/2026\/08\/adusi-696x332.jpg\" alt title=\"adusi\"><img loading=\"lazy\" decoding=\"async\" width=\"696\" height=\"332\" class=\"entry-thumb td-modal-image\" src=\"https:\/\/www.informatiata.ro\/wp-content\/uploads\/2026\/08\/adusi-696x332.jpg\" alt title=\"adusi\"><\/a><\/div>\n<p>Opt scandalagii au fost re\u021binu\u021bi dup\u0103 o b\u0103taie general\u0103, \u00een zona unei discoteci. A durat c\u00e2teva zile p\u00e2n\u0103 a\u00e2nc to\u021bi indivizii s\u0103 fie identifica\u021bi \u0219i audia\u021bi.<\/p>\n<p>Conform poli\u021bi\u0219tilor, pe 02 august, \u00een jurul orei 03.15, \u00een timp ce trei tineri cu v\u00e2rste cuprinse \u00eentre 16 \u0219i 28 de ani se aflau pe drumul public din comuna Todire\u0219ti, mai exact \u00een proximitatea unei discoteci, pe fondul consumului de b\u0103uturi alcoolice \u0219i a unui conflict spontan, au fost lovi\u021bi de mai multe persoane.<\/p>\n<div class=\"td-a-rec td-a-rec-id-content_inlineright  tdi_7 td_block_template_1\"><img loading=\"lazy\" decoding=\"async\" class=\"aligncenter size-full wp-image-65868\" src=\"https:\/\/www.informatiata.ro\/wp-content\/uploads\/2026\/08\/SAVCOM-5.gif\" alt width=\"299\" height=\"250\"><img loading=\"lazy\" decoding=\"async\" class=\"aligncenter size-full wp-image-65868\" src=\"https:\/\/www.informatiata.ro\/wp-content\/uploads\/2026\/08\/SAVCOM-5.gif\" alt width=\"299\" height=\"250\"><img loading=\"lazy\" decoding=\"async\" class=\"aligncenter size-full wp-image-65869\" src=\"https:\/\/www.informatiata.ro\/wp-content\/uploads\/2026\/08\/FACOS-4.gif\" alt width=\"300\" height=\"250\"><img loading=\"lazy\" decoding=\"async\" class=\"aligncenter size-full wp-image-65869\" src=\"https:\/\/www.informatiata.ro\/wp-content\/uploads\/2026\/08\/FACOS-4.gif\" alt width=\"300\" height=\"250\"><\/div>\n<p>\u200bAu fost \u00eentocmite procesele-verbale \u00een conformitate cu Legea 26\/2024, \u00een cadrul c\u0103rora victimele au precizat c\u0103 nu doresc emiterea unor ordine de protec\u021bie provizorii, fiindu-le puse la dispozi\u021bie cereri privind emiterea unor ordine de protec\u021bie de c\u0103tre instan\u021ba de judecat\u0103.<\/p>\n<p>\u00cen cauz\u0103 a fost constituit dosarul penal \u00eenregistrat la nivelul Poli\u0163iei Municipiului Suceava \u2013 Sec\u021bia 5 Poli\u021bie Rural\u0103 D\u0103rm\u0103ne\u0219ti, ulterior \u00eenregistrat la Parchetul de pe l\u00e2ng\u0103, cercet\u0103rile viz\u00e2nd s\u0103v\u00e2r\u0219irea mai multor infrac\u021biuni de \u201elovire sau alte violen\u021be\u201d \u0219i \u201etulburarea ordinii \u0219i lini\u0219tii publice\u201d.<\/p>\n<p>Prin activit\u0103\u021bile investigative a fost posibil\u0103 individualizarea cronologic\u0103 a unui num\u0103r semnificativ de acte materiale de violen\u021b\u0103 \u0219i stabilirea persoanelor care le-au exercitat, rezult\u00e2nd c\u0103 nou\u0103 persoane identificate au participat \u00een mod direct la activitatea violent\u0103.<\/p>\n<p>\u00cen urma evalu\u0103rii materialului probator administrat, a naturii \u0219i modalit\u0103\u021bii concrete de comitere a faptelor, precum \u0219i a contribu\u021biei individuale stabilite \u00een sarcina persoanelor audiate, fa\u021b\u0103 de 8 dintre cei 9 suspec\u021bi audia\u021bi, lucr\u0103torii Sec\u0163iei 5 de Poli\u0163ie Rural\u0103 D\u0103rm\u0103ne\u015fti au dispus m\u0103sura preventiv\u0103 a re\u021binerii pentru o perioad\u0103 de 24 de ore.<\/p>\n<p>Poli\u021bi\u0219tii au dispus m\u0103sura re\u021binerii fa\u021b\u0103 de 8 b\u0103rba\u021bi cu v\u00e2rste cuprinse \u00eentre 20 \u0219i 47 de ani, to\u021bi din comuna Com\u0103ne\u0219ti, jud. Suceava, ace\u0219tia fiind \u00eencarcera\u021bi \u00een Centrul de Re\u021binere \u0219i Arestare Preventiv\u0103 al Inspectoratului de Poli\u021bie Jude\u021bean Suceava.<\/p>\n<p>\u00cen cauz\u0103, cercet\u0103rile sunt continuate de c\u0103tre lucr\u0103torii Sec\u0163iei 5 de Poli\u0163ie Rural\u0103 D\u0103rmane\u015fti din cadrul Poli\u0163iei Municipiului Suceava sub supravegherea \u0219i \u00eendrumarea procurorului din cadrul Parchetului de pe l\u00e2ng\u0103 Judec\u0103toria Suceava, \u00een vederea administr\u0103rii \u00een continuare a probatoriului, clarific\u0103rii tuturor \u00eemprejur\u0103rilor cauzei \u0219i dispunerii solu\u021biilor procedurale legale.<\/p>\n<p>\u00a0<\/p>\n<div class=\"td-a-rec td-a-rec-id-content_bottom  td-rec-hide-on-m tdi_8 td_block_template_1\"><img loading=\"lazy\" decoding=\"async\" class=\"aligncenter size-full wp-image-65603\" src=\"https:\/\/www.informatiata.ro\/wp-content\/uploads\/2026\/07\/SAVCOM-19.gif\" alt width=\"299\" height=\"250\"><img loading=\"lazy\" decoding=\"async\" class=\"aligncenter size-full wp-image-65603\" src=\"https:\/\/www.informatiata.ro\/wp-content\/uploads\/2026\/07\/SAVCOM-19.gif\" alt width=\"299\" height=\"250\"><img loading=\"lazy\" decoding=\"async\" class=\"aligncenter size-full wp-image-65604\" src=\"https:\/\/www.informatiata.ro\/wp-content\/uploads\/2026\/07\/FACOS-16.gif\" alt width=\"300\" height=\"250\"><img loading=\"lazy\" decoding=\"async\" class=\"aligncenter size-full wp-image-65604\" src=\"https:\/\/www.informatiata.ro\/wp-content\/uploads\/2026\/07\/FACOS-16.gif\" alt width=\"300\" height=\"250\"><\/div>\n<\/div>\n<p>[analyse_source url=&#8221;https:\/\/www.informatiata.ro\/bataie-generala-in-fata-discotecii\/&#8221;]<\/p>\n","protected":false},"excerpt":{"rendered":"<p>[analyse_image type=&#8221;featured&#8221; src=&#8221;https:\/\/www.informatiata.ro\/wp-content\/uploads\/2026\/08\/adusi-1024&#215;488.jpg&#8221;] Opt scandalagii au fost re\u021binu\u021bi dup\u0103 o b\u0103taie general\u0103, \u00een zona unei discoteci. A durat c\u00e2teva zile p\u00e2n\u0103 a\u00e2nc to\u021bi indivizii s\u0103 fie identifica\u021bi \u0219i audia\u021bi. Conform poli\u021bi\u0219tilor, pe 02 august, \u00een jurul orei 03.15, \u00een timp ce trei tineri cu v\u00e2rste cuprinse \u00eentre 16 \u0219i 28 de ani se aflau pe [&hellip;]<\/p>\n","protected":false},"author":1,"featured_media":0,"comment_status":"open","ping_status":"","sticky":false,"template":"","format":"standard","meta":{"footnotes":""},"categories":[89],"tags":[226,167],"class_list":["post-2090162","post","type-post","status-publish","format-standard","hentry","category-romania","tag-crawlmanager","tag-informatiata-ro"],"_links":{"self":[{"href":"https:\/\/analyse.optim.biz\/index.php?rest_route=\/wp\/v2\/posts\/2090162","targetHints":{"allow":["GET"]}}],"collection":[{"href":"https:\/\/analyse.optim.biz\/index.php?rest_route=\/wp\/v2\/posts"}],"about":[{"href":"https:\/\/analyse.optim.biz\/index.php?rest_route=\/wp\/v2\/types\/post"}],"author":[{"embeddable":true,"href":"https:\/\/analyse.optim.biz\/index.php?rest_route=\/wp\/v2\/users\/1"}],"replies":[{"embeddable":true,"href":"https:\/\/analyse.optim.biz\/index.php?rest_route=%2Fwp%2Fv2%2Fcomments&post=2090162"}],"version-history":[{"count":0,"href":"https:\/\/analyse.optim.biz\/index.php?rest_route=\/wp\/v2\/posts\/2090162\/revisions"}],"wp:attachment":[{"href":"https:\/\/analyse.optim.biz\/index.php?rest_route=%2Fwp%2Fv2%2Fmedia&parent=2090162"}],"wp:term":[{"taxonomy":"category","embeddable":true,"href":"https:\/\/analyse.optim.biz\/index.php?rest_route=%2Fwp%2Fv2%2Fcategories&post=2090162"},{"taxonomy":"post_tag","embeddable":true,"href":"https:\/\/analyse.optim.biz\/index.php?rest_route=%2Fwp%2Fv2%2Ftags&post=2090162"}],"curies":[{"name":"wp","href":"https:\/\/api.w.org\/{rel}","templated":true}]}}