{"id":2090115,"date":"2026-08-12T16:43:00","date_gmt":"2026-08-12T13:43:00","guid":{"rendered":"https:\/\/analyse.optim.biz\/?p=2090115"},"modified":"2026-08-12T16:43:00","modified_gmt":"2026-08-12T13:43:00","slug":"reabilitare-in-reparatii-acoperisul-de-la-eminescu-va-fi-refacut","status":"publish","type":"post","link":"https:\/\/analyse.optim.biz\/?p=2090115","title":{"rendered":"Reabilitare \u00een repara\u021bii. Acoperi\u0219ul de la Eminescu va fi ref\u0103cut"},"content":{"rendered":"<p>[analyse_image type=&#8221;featured&#8221; src=&#8221;https:\/\/www.campusbuzau.ro\/wp-content\/uploads\/2026\/08\/vlcsnap-2026-08-12-09h18m57s660.jpghttps:\/\/www.campusbuzau.ro\/wp-content\/uploads\/2026\/08\/vlcsnap-2026-08-12-09h18m57s660.jpg&#8221;]<\/p>\n<div class=\"entry-content\">\n<p><strong><em>Dup\u0103 mul\u021bi ani de \u0219antier \u0219i mul\u021bi bani cheltui\u021bi, cl\u0103direa monument istoric a Colegiului Na\u021bional \u201eMihai Eminescu\u201d a fost redat\u0103 comunit\u0103\u021bii ca fiind reabilitat\u0103. Numai c\u0103 problema principal\u0103 nu a fost rezolvat\u0103. \u021aiglele au re\u00eenceput s\u0103 se desprind\u0103 din acoperi\u0219 \u0219i s\u0103 pun\u0103 \u00een pericol elevii \u0219i trec\u0103torii de pe strada Independen\u021bei.<\/em><\/strong><\/p>\n<p>Atunci c\u00e2nd o lucrare complex\u0103 \u0219i dificil\u0103 nu este executat\u0103 ca la carte, refacerea ei poate costa mai mult dec\u00e2t a costat cea ini\u021bial\u0103.<\/p>\n<p>La obiectivul de investi\u021bii Colegiul Na\u021bional \u201eMihai Eminescu\u201d urmeaz\u0103 s\u0103 fie f\u0103cut\u0103 o expertiz\u0103 autorizat\u0103 \u00een urma c\u0103reia va fi realizat un studiu de specialitate deoarece acoperi\u0219ul construc\u021biei monument istoric nu a fost reabilitat cum ar fi trebuit.<\/p>\n<p>Ca urmare, cad din nou \u021bigle \u00een curtea \u0219colii sau pe trotuarul de pe strada Independen\u021bei, o zon\u0103 foarte aglomerat\u0103 circulat\u0103 at\u00e2t de elevii \u0219i personalul liceului c\u00e2t \u0219i de buzoienii care frecventeaz\u0103 Pia\u021ba Central\u0103 \u0219i societ\u0103\u021bile comerciale din vecin\u0103tate.<\/p>\n<p>De \u00eendat\u0103 ce expertiza de specialitate a lucr\u0103rii va fi gata Prim\u0103ria va contacta o nou\u0103 firm\u0103 cu activitate \u00een domeniu care s\u0103 refac\u0103 acoperi\u0219ul liceului conform normelor existente.<\/p>\n<p>Dup\u0103 reabilitare, \u00een cl\u0103dire au mai fost depistate \u0219i alte vicii ascunse care vor trebui eliminate pe cheltuiala Prim\u0103riei.<\/p>\n<p>R\u0103m\u00e2ne de v\u0103zut dac\u0103 banii pentru garan\u021bia lucr\u0103rilor depu\u0219i de Constructor \u00een contul Prim\u0103riei vor mai fi suficien\u021bi pentru noua lucrare \u0219i \u00een ce condi\u021bii \u00ee\u0219i vor continua elevii studiile c\u00e2nd va fi deschis noul \u0219antier.<\/p>\n<figure class=\"wp-block-embed is-type-video is-provider-youtube wp-block-embed-youtube wp-embed-aspect-4-3 wp-has-aspect-ratio\">\n<div class=\"wp-block-embed__wrapper\">\n<iframe loading=\"lazy\" title=\"ACOPERI\u015eUL DE LA EMINESCU VA FI REPARAT\" width=\"500\" height=\"375\" src=\"https:\/\/www.youtube.com\/embed\/3DhhXA518vk?feature=oembed\" frameborder allow=\"accelerometer; autoplay; clipboard-write; encrypted-media; gyroscope; picture-in-picture; web-share\" referrerpolicy=\"strict-origin-when-cross-origin\" allowfullscreen><\/iframe>\n<\/div>\n<\/figure>\n<\/div>\n<p>[analyse_source url=&#8221;https:\/\/www.campusbuzau.ro\/reabilitare-in-reparatii-acoperisul-de-la-eminescu-va-fi-refacut\/&#8221;]<\/p>\n","protected":false},"excerpt":{"rendered":"<p>[analyse_image type=&#8221;featured&#8221; src=&#8221;https:\/\/www.campusbuzau.ro\/wp-content\/uploads\/2026\/08\/vlcsnap-2026-08-12-09h18m57s660.jpghttps:\/\/www.campusbuzau.ro\/wp-content\/uploads\/2026\/08\/vlcsnap-2026-08-12-09h18m57s660.jpg&#8221;] Dup\u0103 mul\u021bi ani de \u0219antier \u0219i mul\u021bi bani cheltui\u021bi, cl\u0103direa monument istoric a Colegiului Na\u021bional \u201eMihai Eminescu\u201d a fost redat\u0103 comunit\u0103\u021bii ca fiind reabilitat\u0103. Numai c\u0103 problema principal\u0103 nu a fost rezolvat\u0103. \u021aiglele au re\u00eenceput s\u0103 se desprind\u0103 din acoperi\u0219 \u0219i s\u0103 pun\u0103 \u00een pericol elevii \u0219i trec\u0103torii de pe strada Independen\u021bei. [&hellip;]<\/p>\n","protected":false},"author":1,"featured_media":0,"comment_status":"open","ping_status":"","sticky":false,"template":"","format":"standard","meta":{"footnotes":""},"categories":[2],"tags":[118,226],"class_list":["post-2090115","post","type-post","status-publish","format-standard","hentry","category-politics","tag-campusbuzau-ro","tag-crawlmanager"],"_links":{"self":[{"href":"https:\/\/analyse.optim.biz\/index.php?rest_route=\/wp\/v2\/posts\/2090115","targetHints":{"allow":["GET"]}}],"collection":[{"href":"https:\/\/analyse.optim.biz\/index.php?rest_route=\/wp\/v2\/posts"}],"about":[{"href":"https:\/\/analyse.optim.biz\/index.php?rest_route=\/wp\/v2\/types\/post"}],"author":[{"embeddable":true,"href":"https:\/\/analyse.optim.biz\/index.php?rest_route=\/wp\/v2\/users\/1"}],"replies":[{"embeddable":true,"href":"https:\/\/analyse.optim.biz\/index.php?rest_route=%2Fwp%2Fv2%2Fcomments&post=2090115"}],"version-history":[{"count":0,"href":"https:\/\/analyse.optim.biz\/index.php?rest_route=\/wp\/v2\/posts\/2090115\/revisions"}],"wp:attachment":[{"href":"https:\/\/analyse.optim.biz\/index.php?rest_route=%2Fwp%2Fv2%2Fmedia&parent=2090115"}],"wp:term":[{"taxonomy":"category","embeddable":true,"href":"https:\/\/analyse.optim.biz\/index.php?rest_route=%2Fwp%2Fv2%2Fcategories&post=2090115"},{"taxonomy":"post_tag","embeddable":true,"href":"https:\/\/analyse.optim.biz\/index.php?rest_route=%2Fwp%2Fv2%2Ftags&post=2090115"}],"curies":[{"name":"wp","href":"https:\/\/api.w.org\/{rel}","templated":true}]}}