{"id":2090114,"date":"2026-08-12T16:41:00","date_gmt":"2026-08-12T13:41:00","guid":{"rendered":"https:\/\/analyse.optim.biz\/?p=2090114"},"modified":"2026-08-12T16:41:00","modified_gmt":"2026-08-12T13:41:00","slug":"efectele-natalitatii-scazute-anul-scolar-incepe-cu-mai-putine-clase-de-liceu-in-buzau","status":"publish","type":"post","link":"https:\/\/analyse.optim.biz\/?p=2090114","title":{"rendered":"Efectele natalit\u0103\u021bii sc\u0103zute. Anul \u0219colar \u00eencepe cu mai pu\u021bine clase de liceu \u00een Buz\u0103u"},"content":{"rendered":"<p>[analyse_image type=&#8221;featured&#8221; src=&#8221;https:\/\/www.campusbuzau.ro\/wp-content\/uploads\/2025\/10\/copii-la-scoala-microbuz-scolar.jpghttps:\/\/www.campusbuzau.ro\/wp-content\/uploads\/2025\/10\/copii-la-scoala-microbuz-scolar.jpg&#8221;]<\/p>\n<div class=\"entry-content\">\n<p><strong><em><mark class=\"has-inline-color has-maincolor-color\">Pe fondul sc\u0103derii num\u0103rului de elevi, anul \u0219colar 2026\u20132027 va debuta, \u00een jude\u021bul Buz\u0103u, cu mai pu\u021bine clase de liceu. Afectate din plin sunt licee din jude\u021b cu profil tehnologic \u0219i voca\u021bional.<\/mark><\/em><\/strong><\/p>\n<p>Ini\u021bial, la \u00eenceputul anului, Inspectoratul \u0218colar Jude\u021bean Buz\u0103u anun\u021ba un plan de \u0219colarizare care prevedea eliminarea a 24 de clase de liceu. \u00cens\u0103, \u00een urma protestelor vehemente ale unor directori de licee, dar \u0219i a sindicali\u0219tilor buzoieni din \u00eenv\u0103\u021b\u0103m\u00e2ntul preuniversitar, s-a ajuns la o variant\u0103 de compromis, cu numai 13 clase desfiin\u021bate. <\/p>\n<p>Prezent\u0103 \u00een studioul Campus TV, \u0219efa \u00eenv\u0103\u021b\u0103m\u00e2ntului buzoian, Daniela Palc\u0103u, a prezentat situa\u021bia deloc pl\u0103cut\u0103 a Liceului Tehnologic Ru\u0219e\u021bu, unitate care, din toamn\u0103, nu va mai avea nici m\u0103car o clas\u0103 de liceu. <\/p>\n<figure class=\"wp-block-image size-full is-resized\"><img loading=\"lazy\" decoding=\"async\" width=\"870\" height=\"500\" src=\"https:\/\/www.campusbuzau.ro\/wp-content\/uploads\/2026\/08\/liceu-rusetu.jpg\" alt class=\"wp-image-156299\"><\/figure>\n<p>Situa\u021bia este \u00eengrijor\u0103toare \u0219i din alt punct de vedere. Un num\u0103r mai mic de elevi \u00eenseamn\u0103 \u0219i diminuarea normelor pentru cadrele didactice.<\/p>\n<p>Anul acesta, pe fondul natalit\u0103\u021bii foarte sc\u0103zute din anul 2011, \u00een clasa a IX-a vor \u00eencepe cursurile doar aproximativ 3.400 de elevi buzoieni. Ei sunt repartiza\u021bi \u00een 125 de clase, at\u00e2t \u00een \u00eenv\u0103\u021b\u0103m\u00e2ntul de mas\u0103, c\u00e2t \u0219i \u00een cel special.<\/p>\n<figure class=\"wp-block-embed is-type-video is-provider-youtube wp-block-embed-youtube wp-embed-aspect-16-9 wp-has-aspect-ratio\">\n<div class=\"wp-block-embed__wrapper\">\n<iframe loading=\"lazy\" title=\"EFECTELE NATALIT\u0102\u0162II SC\u0102ZUTE: MAI PU\u0162INE CLASE DE LICEU\" width=\"500\" height=\"281\" src=\"https:\/\/www.youtube.com\/embed\/YVZqohlzNQ0?feature=oembed\" frameborder allow=\"accelerometer; autoplay; clipboard-write; encrypted-media; gyroscope; picture-in-picture; web-share\" referrerpolicy=\"strict-origin-when-cross-origin\" allowfullscreen><\/iframe>\n<\/div>\n<\/figure>\n<\/div>\n<p>[analyse_source url=&#8221;https:\/\/www.campusbuzau.ro\/efectele-natalitatii-scazute-anul-scolar-incepe-cu-mai-putine-clase-de-liceu-in-buzau\/&#8221;]<\/p>\n","protected":false},"excerpt":{"rendered":"<p>[analyse_image type=&#8221;featured&#8221; src=&#8221;https:\/\/www.campusbuzau.ro\/wp-content\/uploads\/2025\/10\/copii-la-scoala-microbuz-scolar.jpghttps:\/\/www.campusbuzau.ro\/wp-content\/uploads\/2025\/10\/copii-la-scoala-microbuz-scolar.jpg&#8221;] Pe fondul sc\u0103derii num\u0103rului de elevi, anul \u0219colar 2026\u20132027 va debuta, \u00een jude\u021bul Buz\u0103u, cu mai pu\u021bine clase de liceu. Afectate din plin sunt licee din jude\u021b cu profil tehnologic \u0219i voca\u021bional. Ini\u021bial, la \u00eenceputul anului, Inspectoratul \u0218colar Jude\u021bean Buz\u0103u anun\u021ba un plan de \u0219colarizare care prevedea eliminarea a 24 de clase [&hellip;]<\/p>\n","protected":false},"author":1,"featured_media":0,"comment_status":"open","ping_status":"","sticky":false,"template":"","format":"standard","meta":{"footnotes":""},"categories":[2],"tags":[118,226],"class_list":["post-2090114","post","type-post","status-publish","format-standard","hentry","category-politics","tag-campusbuzau-ro","tag-crawlmanager"],"_links":{"self":[{"href":"https:\/\/analyse.optim.biz\/index.php?rest_route=\/wp\/v2\/posts\/2090114","targetHints":{"allow":["GET"]}}],"collection":[{"href":"https:\/\/analyse.optim.biz\/index.php?rest_route=\/wp\/v2\/posts"}],"about":[{"href":"https:\/\/analyse.optim.biz\/index.php?rest_route=\/wp\/v2\/types\/post"}],"author":[{"embeddable":true,"href":"https:\/\/analyse.optim.biz\/index.php?rest_route=\/wp\/v2\/users\/1"}],"replies":[{"embeddable":true,"href":"https:\/\/analyse.optim.biz\/index.php?rest_route=%2Fwp%2Fv2%2Fcomments&post=2090114"}],"version-history":[{"count":0,"href":"https:\/\/analyse.optim.biz\/index.php?rest_route=\/wp\/v2\/posts\/2090114\/revisions"}],"wp:attachment":[{"href":"https:\/\/analyse.optim.biz\/index.php?rest_route=%2Fwp%2Fv2%2Fmedia&parent=2090114"}],"wp:term":[{"taxonomy":"category","embeddable":true,"href":"https:\/\/analyse.optim.biz\/index.php?rest_route=%2Fwp%2Fv2%2Fcategories&post=2090114"},{"taxonomy":"post_tag","embeddable":true,"href":"https:\/\/analyse.optim.biz\/index.php?rest_route=%2Fwp%2Fv2%2Ftags&post=2090114"}],"curies":[{"name":"wp","href":"https:\/\/api.w.org\/{rel}","templated":true}]}}