{"id":2090113,"date":"2026-08-12T16:40:00","date_gmt":"2026-08-12T13:40:00","guid":{"rendered":"https:\/\/analyse.optim.biz\/?p=2090113"},"modified":"2026-08-12T16:40:00","modified_gmt":"2026-08-12T13:40:00","slug":"un-norvegian-pe-semicerc-hc-buzau-l-a-luat-pe-oyvind-frigstad","status":"publish","type":"post","link":"https:\/\/analyse.optim.biz\/?p=2090113","title":{"rendered":"Un norvegian pe semicerc. HC Buz\u0103u l-a luat pe Oyvind Frigstad"},"content":{"rendered":"<p>[analyse_image type=&#8221;featured&#8221; src=&#8221;https:\/\/www.campusbuzau.ro\/wp-content\/uploads\/2026\/08\/oyvind-frigstad-la-hc-buzau.jpghttps:\/\/www.campusbuzau.ro\/wp-content\/uploads\/2026\/08\/oyvind-frigstad-la-hc-buzau.jpg&#8221;]<\/p>\n<div class=\"entry-content\">\n<p><strong><em><mark class=\"has-inline-color has-maincolor-color\">HC Buz\u0103u \u00ee\u0219i completeaz\u0103 lotul cu un handbalist experimentat, obi\u0219nuit at\u00e2t cu meciurile interna\u021bionale, c\u00e2t \u0219i cu campionate din afara \u021b\u0103rii sale. Forma\u021bia buzoian\u0103 a ajuns la un acord cu \u00d8yvind Frigstad, interul dreapta norvegian care a mai evoluat \u00een Rom\u00e2nia \u0219i care va \u00eembr\u0103ca acum tricoul \u201eLupilor\u201d.<\/mark><\/em><\/strong><\/p>\n<p>\u00cen v\u00e2rst\u0103 de 33 de ani, Frigstad poate reprezenta o solu\u021bie at\u00e2t pentru atac, c\u00e2t \u0219i pentru faza defensiv\u0103, unde este apt s\u0103 joace \u00een pozi\u021bia a doua.<\/p>\n<p>Noul handbalist al Buz\u0103ului are \u0219i un trecut la prima reprezentativ\u0103 a Norvegiei. A str\u00e2ns dou\u0103 selec\u021bii pentru na\u021bional\u0103 \u0219i a \u00eenscris 10 goluri. Frigstad a trecut, de-a lungul carierei, pe la Drammen HK, , Runar Sandefjord \u0219i Kristiansand.<\/p>\n<p>A mai evoluat \u00een Qatar, la Al Duhail, forma\u021bie pentru care a evoluat \u00een ultimii doi ani. Revenirea \u00een Europa \u00eel aduce, de aceast\u0103 dat\u0103, la Buz\u0103u, \u00eentr-un lot care se preg\u0103te\u0219te pentru un sezon cu obiective importante.<\/p>\n<p>Prin aducerea sa, \u201eLupii\u201d c\u00e2\u0219tig\u0103 un juc\u0103tor de for\u021b\u0103 pentru zona de 9 metri, dar \u0219i o variant\u0103 pentru Mihajlo Mitic.<\/p>\n<p>Norvegianul ar putea juca pentru HC chiar \u00een aceast\u0103 s\u0103pt\u0103m\u00e2n\u0103, la turneul amical de la Turda, un patrulater similar cu cel de la Buz\u0103u, la care mai particip\u0103 gazdele de la Potaissa, Vaslui \u0219i Minaur.<\/p>\n<figure class=\"wp-block-embed is-type-video is-provider-youtube wp-block-embed-youtube wp-embed-aspect-16-9 wp-has-aspect-ratio\">\n<div class=\"wp-block-embed__wrapper\">\n<iframe loading=\"lazy\" title=\"NORVEGIANUL OYVIND FRIGSTAD, ULTIMUL TRANSFER DE LA HC BUZ\u0102U\" width=\"500\" height=\"281\" src=\"https:\/\/www.youtube.com\/embed\/-QyHCBLk0dY?feature=oembed\" frameborder allow=\"accelerometer; autoplay; clipboard-write; encrypted-media; gyroscope; picture-in-picture; web-share\" referrerpolicy=\"strict-origin-when-cross-origin\" allowfullscreen><\/iframe>\n<\/div>\n<\/figure>\n<\/div>\n<p>[analyse_source url=&#8221;https:\/\/www.campusbuzau.ro\/un-norvegian-pe-semicerc-hc-l-a-luat-pe-oyvind-frigstad\/&#8221;]<\/p>\n","protected":false},"excerpt":{"rendered":"<p>[analyse_image type=&#8221;featured&#8221; src=&#8221;https:\/\/www.campusbuzau.ro\/wp-content\/uploads\/2026\/08\/oyvind-frigstad-la-hc-buzau.jpghttps:\/\/www.campusbuzau.ro\/wp-content\/uploads\/2026\/08\/oyvind-frigstad-la-hc-buzau.jpg&#8221;] HC Buz\u0103u \u00ee\u0219i completeaz\u0103 lotul cu un handbalist experimentat, obi\u0219nuit at\u00e2t cu meciurile interna\u021bionale, c\u00e2t \u0219i cu campionate din afara \u021b\u0103rii sale. Forma\u021bia buzoian\u0103 a ajuns la un acord cu \u00d8yvind Frigstad, interul dreapta norvegian care a mai evoluat \u00een Rom\u00e2nia \u0219i care va \u00eembr\u0103ca acum tricoul \u201eLupilor\u201d. \u00cen v\u00e2rst\u0103 de 33 [&hellip;]<\/p>\n","protected":false},"author":1,"featured_media":0,"comment_status":"open","ping_status":"","sticky":false,"template":"","format":"standard","meta":{"footnotes":""},"categories":[2],"tags":[118,226],"class_list":["post-2090113","post","type-post","status-publish","format-standard","hentry","category-politics","tag-campusbuzau-ro","tag-crawlmanager"],"_links":{"self":[{"href":"https:\/\/analyse.optim.biz\/index.php?rest_route=\/wp\/v2\/posts\/2090113","targetHints":{"allow":["GET"]}}],"collection":[{"href":"https:\/\/analyse.optim.biz\/index.php?rest_route=\/wp\/v2\/posts"}],"about":[{"href":"https:\/\/analyse.optim.biz\/index.php?rest_route=\/wp\/v2\/types\/post"}],"author":[{"embeddable":true,"href":"https:\/\/analyse.optim.biz\/index.php?rest_route=\/wp\/v2\/users\/1"}],"replies":[{"embeddable":true,"href":"https:\/\/analyse.optim.biz\/index.php?rest_route=%2Fwp%2Fv2%2Fcomments&post=2090113"}],"version-history":[{"count":0,"href":"https:\/\/analyse.optim.biz\/index.php?rest_route=\/wp\/v2\/posts\/2090113\/revisions"}],"wp:attachment":[{"href":"https:\/\/analyse.optim.biz\/index.php?rest_route=%2Fwp%2Fv2%2Fmedia&parent=2090113"}],"wp:term":[{"taxonomy":"category","embeddable":true,"href":"https:\/\/analyse.optim.biz\/index.php?rest_route=%2Fwp%2Fv2%2Fcategories&post=2090113"},{"taxonomy":"post_tag","embeddable":true,"href":"https:\/\/analyse.optim.biz\/index.php?rest_route=%2Fwp%2Fv2%2Ftags&post=2090113"}],"curies":[{"name":"wp","href":"https:\/\/api.w.org\/{rel}","templated":true}]}}