{"id":2090112,"date":"2026-08-12T16:45:00","date_gmt":"2026-08-12T13:45:00","guid":{"rendered":"https:\/\/analyse.optim.biz\/?p=2090112"},"modified":"2026-08-12T16:45:00","modified_gmt":"2026-08-12T13:45:00","slug":"strada-frasinet-tronsonul-dintre-avion-si-chiristigii-va-fi-gata-in-septembrie","status":"publish","type":"post","link":"https:\/\/analyse.optim.biz\/?p=2090112","title":{"rendered":"Strada Fr\u0103sinet. Tronsonul dintre Avion \u0219i Chiristigii va fi gata \u00een septembrie"},"content":{"rendered":"<p>[analyse_image type=&#8221;featured&#8221; src=&#8221;https:\/\/www.campusbuzau.ro\/wp-content\/uploads\/2026\/08\/strada-frasinet-site.jpghttps:\/\/www.campusbuzau.ro\/wp-content\/uploads\/2026\/08\/strada-frasinet-site.jpg&#8221;]<\/p>\n<div class=\"entry-content\">\n<p><strong><em>Una dintre str\u0103zile cele mai circulate din Buz\u0103u se afl\u0103 \u00een reabilitare total\u0103 \u0219i a ajuns aproape de jum\u0103tatea lucr\u0103rilor. Tronsonul dintre Avion \u0219i Chiristigii ar trebui s\u0103 fie terminat p\u00e2n\u0103 la \u00eenceputul noului an \u0219colar. \u00cen zon\u0103 func\u021bioneaz\u0103 \u0219coala gimnazial\u0103 cu cel mai  mare num\u0103r de elevi din ora\u0219.<\/em><\/strong><\/p>\n<p>Strada Fr\u0103sinet este \u00een reabilitare \u0219i lucr\u0103rile au ajuns deja la intersec\u021bia cu strada Chiristigii.<\/p>\n<p>Ca \u00een orice alt\u0103 zon\u0103 de \u0219antier unde se lucreaz\u0103 la carosabil circula\u021bia auto se desf\u0103\u0219oar\u0103 destul de greoi iar Prim\u0103ria a solicitat Constructorului Urbis Serv, c\u0103ruia i-a fost \u00eencredin\u021bat proiectul de investi\u021bii s\u0103 finalizeze segmentul de drum dintre sensul giratoriu de la Avion \u0219i strada Chiristigii p\u00e2n\u0103 la \u00eenceperea noului an \u0219colar.<\/p>\n<p>C\u00e2nd \u0219antierul va \u00eenainta \u0219i se va muta pe urm\u0103torul segment din strada Fr\u0103sinet cuprins \u00eentre str\u0103zile Chiristigii \u0219i Mesteac\u0103nului este foarte probabil c\u0103 vor fi impuse unele restric\u021bii de circula\u021bie obligatorii pentru conduc\u0103torii auto.<\/p>\n<p>Decizia final\u0103 \u00een leg\u0103tur\u0103 cu circula\u021bia auto pe ultimul segment din strada Fr\u0103sinet urmeaz\u0103 s\u0103 fie comunicat la timpul potrivit, de \u00eendat\u0103 ce va fi stabilit\u0103 de Prim\u0103rie \u00eempreun\u0103 cu Poli\u021bia Rutier\u0103.<\/p>\n<p>P\u00e2n\u0103 atunci, Prim\u0103ria \u00ee\u0219i cere scuze de la buzoieni pentru disconfortul creat de \u0219antierele aflate \u00een lucru \u0219i recomand\u0103 conduc\u0103torilor auto s\u0103 circule cu pruden\u021b\u0103 \u00een zonele \u00een care se lucreaz\u0103 la carosabil sau s\u0103 foloseasc\u0103 trasee alternative.<\/p>\n<figure class=\"wp-block-embed is-type-video is-provider-youtube wp-block-embed-youtube wp-embed-aspect-16-9 wp-has-aspect-ratio\">\n<div class=\"wp-block-embed__wrapper\">\n<iframe loading=\"lazy\" title=\"STRADA FR\u0102SINET, GATA \u00ceN SEPTEMBRIE\" width=\"500\" height=\"281\" src=\"https:\/\/www.youtube.com\/embed\/1qFoZnZH-Og?feature=oembed\" frameborder allow=\"accelerometer; autoplay; clipboard-write; encrypted-media; gyroscope; picture-in-picture; web-share\" referrerpolicy=\"strict-origin-when-cross-origin\" allowfullscreen><\/iframe>\n<\/div>\n<\/figure>\n<\/div>\n<p>[analyse_source url=&#8221;https:\/\/www.campusbuzau.ro\/strada-frasinet-tronsonul-dintre-avion-si-strada-chiristigii-va-fi-gata-in-septembrie\/&#8221;]<\/p>\n","protected":false},"excerpt":{"rendered":"<p>[analyse_image type=&#8221;featured&#8221; src=&#8221;https:\/\/www.campusbuzau.ro\/wp-content\/uploads\/2026\/08\/strada-frasinet-site.jpghttps:\/\/www.campusbuzau.ro\/wp-content\/uploads\/2026\/08\/strada-frasinet-site.jpg&#8221;] Una dintre str\u0103zile cele mai circulate din Buz\u0103u se afl\u0103 \u00een reabilitare total\u0103 \u0219i a ajuns aproape de jum\u0103tatea lucr\u0103rilor. Tronsonul dintre Avion \u0219i Chiristigii ar trebui s\u0103 fie terminat p\u00e2n\u0103 la \u00eenceputul noului an \u0219colar. \u00cen zon\u0103 func\u021bioneaz\u0103 \u0219coala gimnazial\u0103 cu cel mai mare num\u0103r de elevi din ora\u0219. Strada Fr\u0103sinet [&hellip;]<\/p>\n","protected":false},"author":1,"featured_media":0,"comment_status":"open","ping_status":"","sticky":false,"template":"","format":"standard","meta":{"footnotes":""},"categories":[2],"tags":[118,226],"class_list":["post-2090112","post","type-post","status-publish","format-standard","hentry","category-politics","tag-campusbuzau-ro","tag-crawlmanager"],"_links":{"self":[{"href":"https:\/\/analyse.optim.biz\/index.php?rest_route=\/wp\/v2\/posts\/2090112","targetHints":{"allow":["GET"]}}],"collection":[{"href":"https:\/\/analyse.optim.biz\/index.php?rest_route=\/wp\/v2\/posts"}],"about":[{"href":"https:\/\/analyse.optim.biz\/index.php?rest_route=\/wp\/v2\/types\/post"}],"author":[{"embeddable":true,"href":"https:\/\/analyse.optim.biz\/index.php?rest_route=\/wp\/v2\/users\/1"}],"replies":[{"embeddable":true,"href":"https:\/\/analyse.optim.biz\/index.php?rest_route=%2Fwp%2Fv2%2Fcomments&post=2090112"}],"version-history":[{"count":0,"href":"https:\/\/analyse.optim.biz\/index.php?rest_route=\/wp\/v2\/posts\/2090112\/revisions"}],"wp:attachment":[{"href":"https:\/\/analyse.optim.biz\/index.php?rest_route=%2Fwp%2Fv2%2Fmedia&parent=2090112"}],"wp:term":[{"taxonomy":"category","embeddable":true,"href":"https:\/\/analyse.optim.biz\/index.php?rest_route=%2Fwp%2Fv2%2Fcategories&post=2090112"},{"taxonomy":"post_tag","embeddable":true,"href":"https:\/\/analyse.optim.biz\/index.php?rest_route=%2Fwp%2Fv2%2Ftags&post=2090112"}],"curies":[{"name":"wp","href":"https:\/\/api.w.org\/{rel}","templated":true}]}}