{"id":209009,"date":"2014-03-24T17:17:38","date_gmt":"2014-03-24T14:17:38","guid":{"rendered":"https:\/\/analyse.optim.biz\/?p=209009"},"modified":"2014-03-24T17:17:38","modified_gmt":"2014-03-24T14:17:38","slug":"ludovic-orban-premierul-victor-ponta-a-batut-campii-valeriu-zgonea-i-a-taiat-liberalului-microfonul","status":"publish","type":"post","link":"https:\/\/analyse.optim.biz\/?p=209009","title":{"rendered":"Ludovic Orban: Premierul Victor Ponta a b\u0103tut c\u00e2mpii. Valeriu Zgonea i-a t\u0103iat liberalului microfonul"},"content":{"rendered":"<div class=\"entry data-app-meta data-app-meta-article\" data-embed-base-url-canonical=\"https:\/\/www.digi24.ro\/embed\/stiri\/actualitate\/politica\/ludovic-orban-premierul-victor-ponta-a-batut-campii-valeriu-zgonea-i-a-taiat-liberalului-microfonul-219250\">\n<p data-index=\"1\">Premierul Victor Ponta a declarat ast\u0103zi c\u0103 Guvernul dore\u0219te ca reducerea contribu\u021biilor sociale cu 5% la angajator \u0219i neimpozitarea profitului reinvestit s\u0103 poat\u0103 fi implementate \u00eencep\u00e2nd cu al doilea semestru din 2014, dar c\u0103 m\u0103surile depind de \u00eencas\u0103rile la buget \u0219i de pozi\u021bia finan\u021batorilor externi.<\/p>\n<p data-index=\"2\">Pentru sc\u0103derea CAS, impactul bugetar ar fi de 2,6 miliarde de lei, pentru cel de-al doilea semestru din 2014, iar pentru anul viitor, de 5,2 miliarde de lei, a spus Victor Ponta.<\/p>\n<p data-index=\"3\">Acesta a vorbit, de asemenea, de sc\u0103derea pre\u021bului la energie electric\u0103 \u0219i de cre\u0219terea economiei rom\u00e2ne\u0219ti. De asemenea, el a criticat Guvernul Boc, din cauza c\u0103ruia Rom\u00e2nia a suferit, \u00een 2010, \u201eo catastrof\u0103 economic\u0103\u201d.<\/p>\n<p data-index=\"4\">Taxa de cogenerare pentru exportul de electricitate va fi eliminat\u0103, iar pre\u0163ul de referin\u0163\u0103 la gaze pe pia\u0163a liber\u0103 pentru consumatorii industriali va fi cel din ianuarie 2014, \u00een timp ce pre\u0163ul gazelor pentru consumatorii casnici va cre\u0219te cu 2%, a mai spus premierul.<\/p>\n<p data-index=\"5\">La sf\u00e2r\u0219itul discursului premierului, la tribun\u0103 a urcat deputatul liberal Ludovic Orban, care a spus c\u0103 Victor Ponta nu a prezentat datele cerute de liberali. Premierul \u201ea b\u0103tut c\u00e2mpii\u201d, a spus liberalul.<\/p>\n<p data-index=\"6\">Afirma\u021biile sale au dus la un schimb de replici cu pre\u0219edintele Camerei Deputa\u021bilor, Valeriu Zgonea, care, la un moment dat, i-a t\u0103iat liberalului microfonul.<\/p>\n<p data-index=\"7\">\u201eDle pre\u0219edinte Zgonea, \u00een calitate de pre\u0219edinte al Camerei Deputa\u021bilor avea\u021bi obliga\u021bia de a-l \u00eentrerupe pe Victor Ponta, nu e aici pentru a vorbi vrute \u0219i nevrute \u0219i a bate c\u00e2mpii pe alte teme, dec\u00e2t pe temele pe care a fost chemat s\u0103 vorbeasc\u0103\u201d, a spus Ludovic Orban.<\/p>\n<p data-index=\"8\">Pentru c\u0103 deputatul liberal nu voia s\u0103 plece de la tribun\u0103, Valeriu Zgonea i-a t\u0103iat microfonul.<\/p>\n<p data-index=\"9\">\u201eDac\u0103 crede\u021bi c\u0103 sunte\u021bi fotogenic la televizor nu c\u00e2\u0219tiga\u021bi nimic\u201d, i-a mai spus pre\u0219edintele Camerei lui Ludovic Orban.<\/p>\n<\/div>\n<p> Source URL: https:\/\/www.digi24.ro\/stiri\/actualitate\/politica\/ludovic-orban-premierul-victor-ponta-a-batut-campii-valeriu-zgonea-i-a-taiat-liberalului-microfonul-219250<\/p>\n","protected":false},"excerpt":{"rendered":"<p>Premierul Victor Ponta a declarat ast\u0103zi c\u0103 Guvernul dore\u0219te ca reducerea contribu\u021biilor sociale cu 5% la angajator \u0219i neimpozitarea profitului reinvestit s\u0103 poat\u0103 fi implementate \u00eencep\u00e2nd cu al doilea semestru din 2014, dar c\u0103 m\u0103surile depind de \u00eencas\u0103rile la buget \u0219i de pozi\u021bia finan\u021batorilor externi. Pentru sc\u0103derea CAS, impactul bugetar ar fi de 2,6 miliarde [&hellip;]<\/p>\n","protected":false},"author":1,"featured_media":209010,"comment_status":"open","ping_status":"","sticky":false,"template":"","format":"standard","meta":{"footnotes":""},"categories":[2],"tags":[11],"class_list":["post-209009","post","type-post","status-publish","format-standard","has-post-thumbnail","hentry","category-politics","tag-digi24"],"_links":{"self":[{"href":"https:\/\/analyse.optim.biz\/index.php?rest_route=\/wp\/v2\/posts\/209009","targetHints":{"allow":["GET"]}}],"collection":[{"href":"https:\/\/analyse.optim.biz\/index.php?rest_route=\/wp\/v2\/posts"}],"about":[{"href":"https:\/\/analyse.optim.biz\/index.php?rest_route=\/wp\/v2\/types\/post"}],"author":[{"embeddable":true,"href":"https:\/\/analyse.optim.biz\/index.php?rest_route=\/wp\/v2\/users\/1"}],"replies":[{"embeddable":true,"href":"https:\/\/analyse.optim.biz\/index.php?rest_route=%2Fwp%2Fv2%2Fcomments&post=209009"}],"version-history":[{"count":0,"href":"https:\/\/analyse.optim.biz\/index.php?rest_route=\/wp\/v2\/posts\/209009\/revisions"}],"wp:featuredmedia":[{"embeddable":true,"href":"https:\/\/analyse.optim.biz\/index.php?rest_route=\/wp\/v2\/media\/209010"}],"wp:attachment":[{"href":"https:\/\/analyse.optim.biz\/index.php?rest_route=%2Fwp%2Fv2%2Fmedia&parent=209009"}],"wp:term":[{"taxonomy":"category","embeddable":true,"href":"https:\/\/analyse.optim.biz\/index.php?rest_route=%2Fwp%2Fv2%2Fcategories&post=209009"},{"taxonomy":"post_tag","embeddable":true,"href":"https:\/\/analyse.optim.biz\/index.php?rest_route=%2Fwp%2Fv2%2Ftags&post=209009"}],"curies":[{"name":"wp","href":"https:\/\/api.w.org\/{rel}","templated":true}]}}