{"id":208998,"date":"2014-03-24T22:23:35","date_gmt":"2014-03-24T19:23:35","guid":{"rendered":"https:\/\/analyse.optim.biz\/?p=208998"},"modified":"2014-03-24T22:23:35","modified_gmt":"2014-03-24T19:23:35","slug":"emil-hurezeanu-asistam-la-o-repozitionare-marcata-a-frontierelor-nato-romaniei-ii-revine-un-loc-mai-important","status":"publish","type":"post","link":"https:\/\/analyse.optim.biz\/?p=208998","title":{"rendered":"Emil Hurezeanu: Asist\u0103m la o repozi\u021bionare marcat\u0103 a frontierelor NATO. Rom\u00e2niei \u00eei revine un loc mai important"},"content":{"rendered":"<div class=\"entry data-app-meta data-app-meta-article\" data-embed-base-url-canonical=\"https:\/\/www.digi24.ro\/embed\/stiri\/actualitate\/politica\/emil-hurezeanu-asistam-la-o-repozitionare-marcata-a-frontierelor-nato-romaniei-ii-revine-un-loc-mai-important-219414\">\n<p data-index=\"1\">Jurnalistul Emil Hurezeanu a comentat, la emisiunea \u201eJurnalul de sear\u0103\u201d, evenimentele care se petrec nu departe de grani\u021bele Rom\u00e2niei \u0219i a vorbit despre o eventual\u0103 ripost\u0103 a NATO la ac\u021biunile Rusiei.<\/p>\n<p data-index=\"2\"><strong>\u201eNu \u0219tiu \u00een ce m\u0103sur\u0103 ru\u0219ii c\u00e2\u0219tig\u0103. P\u00e2n\u0103 una alta, e clar c\u0103 vom asista \u2013 a spus-o \u0219i domnul B\u0103sescu la plecarea din Bucure\u0219ti \u2013 la o repozi\u021bionare marcat\u0103 a frontierelor NATO. \u0218i aici Rom\u00e2niei \u00eei revine un loc mai important dec\u00e2t l-a avut \u00eenainte pe harta strategic\u0103 NATO, chiar dac\u0103 \u00een defensiv\u0103, sau \u00eentr-o situa\u021bie de criz\u0103<\/strong>. Pe de alt\u0103 parte, Republica Moldova se developeaz\u0103 ca un caz aparte, \u00een leg\u0103tur\u0103 cu care vorbe\u0219te chiar \u0219i doamna Merkel. Ultima dat\u0103 a f\u0103cut-o la telefon cu domnul Putin. Toate acestea joac\u0103 n rol \u00een culise \u0219i c\u00e2nd e vorba de \u00eent\u0103rirea Alian\u021bei Nord-Atlantice, \u0219i c\u00e2nd e vorba de \u00eent\u0103rirea r\u00e2ndurilor Uniunii Europene. (&#8230;) <strong>S-ar putea ca Rom\u00e2nia, la fel cum Moldova s-a apropiat de Uniunea European\u0103 \u00een ultimele s\u0103pt\u0103m\u00e2ni, s\u0103 nu mai aib\u0103 probleme cu spa\u021biul Schengen.\u201d<\/strong>, a spus Emil Hurezeanu.<\/p>\n<p data-index=\"3\">\u201eAcum e rolul diploma\u021bilor, al militarilor mai pu\u021bin. Rusia, prin reprezentan\u021bii ei, probabil \u0219tie foarte bine c\u0103 orice mi\u0219care \u00eenspre grani\u021bele noi care despart Vestul de Est antreneaz\u0103 o ripost\u0103. Exist\u0103 o logic\u0103 \u0219i o logistic\u0103 a NATO, dup\u0103 cum probabil exist\u0103 \u0219i una a Federa\u021biei Ruse. (&#8230;) <strong>Ar fi p\u0103cat ca ceea ce a reprezentat NATO un sfert de secol s\u0103 se concentreze \u00een jurul dimensiunii militare, care este o dimensiune defensiv\u0103 \u00eentr-o situa\u021bie de criz\u0103.<\/strong> Dincolo de proeminen\u021ba estului Europei \u00eentr-un conflict Est-Vest nou \u0219i dincolo rolul proeminent pe care \u00eel au Republica Moldova, Rom\u00e2nia, Polonia, \u021a\u0103rile Baltice,<strong> cred c\u0103 nu suntem \u00een cea mai bun\u0103 dintre lumi atunci c\u00e2nd ne transform\u0103m \u00eentr-un br\u00e2u de fortifica\u021bii al lumii libere versus Rusia<\/strong>. Probabil diploma\u021bii ru\u0219i \u0219i americani acum fac mut\u0103ri care s\u0103 sublinieze importan\u021ba \u0219i gravitatea unor ipoteze, ipostaze, \u00een cazul agrav\u0103rii conflictului.\u201d, a mai spus jurnalistul.<\/p>\n<\/div>\n<p> Source URL: https:\/\/www.digi24.ro\/stiri\/actualitate\/politica\/emil-hurezeanu-asistam-la-o-repozitionare-marcata-a-frontierelor-nato-romaniei-ii-revine-un-loc-mai-important-219414<\/p>\n","protected":false},"excerpt":{"rendered":"<p>Jurnalistul Emil Hurezeanu a comentat, la emisiunea \u201eJurnalul de sear\u0103\u201d, evenimentele care se petrec nu departe de grani\u021bele Rom\u00e2niei \u0219i a vorbit despre o eventual\u0103 ripost\u0103 a NATO la ac\u021biunile Rusiei. \u201eNu \u0219tiu \u00een ce m\u0103sur\u0103 ru\u0219ii c\u00e2\u0219tig\u0103. P\u00e2n\u0103 una alta, e clar c\u0103 vom asista \u2013 a spus-o \u0219i domnul B\u0103sescu la plecarea din [&hellip;]<\/p>\n","protected":false},"author":1,"featured_media":208999,"comment_status":"open","ping_status":"","sticky":false,"template":"","format":"standard","meta":{"footnotes":""},"categories":[2],"tags":[11],"class_list":["post-208998","post","type-post","status-publish","format-standard","has-post-thumbnail","hentry","category-politics","tag-digi24"],"_links":{"self":[{"href":"https:\/\/analyse.optim.biz\/index.php?rest_route=\/wp\/v2\/posts\/208998","targetHints":{"allow":["GET"]}}],"collection":[{"href":"https:\/\/analyse.optim.biz\/index.php?rest_route=\/wp\/v2\/posts"}],"about":[{"href":"https:\/\/analyse.optim.biz\/index.php?rest_route=\/wp\/v2\/types\/post"}],"author":[{"embeddable":true,"href":"https:\/\/analyse.optim.biz\/index.php?rest_route=\/wp\/v2\/users\/1"}],"replies":[{"embeddable":true,"href":"https:\/\/analyse.optim.biz\/index.php?rest_route=%2Fwp%2Fv2%2Fcomments&post=208998"}],"version-history":[{"count":0,"href":"https:\/\/analyse.optim.biz\/index.php?rest_route=\/wp\/v2\/posts\/208998\/revisions"}],"wp:featuredmedia":[{"embeddable":true,"href":"https:\/\/analyse.optim.biz\/index.php?rest_route=\/wp\/v2\/media\/208999"}],"wp:attachment":[{"href":"https:\/\/analyse.optim.biz\/index.php?rest_route=%2Fwp%2Fv2%2Fmedia&parent=208998"}],"wp:term":[{"taxonomy":"category","embeddable":true,"href":"https:\/\/analyse.optim.biz\/index.php?rest_route=%2Fwp%2Fv2%2Fcategories&post=208998"},{"taxonomy":"post_tag","embeddable":true,"href":"https:\/\/analyse.optim.biz\/index.php?rest_route=%2Fwp%2Fv2%2Ftags&post=208998"}],"curies":[{"name":"wp","href":"https:\/\/api.w.org\/{rel}","templated":true}]}}