{"id":2089922,"date":"2026-08-12T16:24:07","date_gmt":"2026-08-12T13:24:07","guid":{"rendered":"https:\/\/analyse.optim.biz\/?p=2089922"},"modified":"2026-08-12T16:24:07","modified_gmt":"2026-08-12T13:24:07","slug":"aquapark-la-sannicolau-mare-in-trei-ani-investitie-pentru-un-complex-modern-cu-preturi-accesibile","status":"publish","type":"post","link":"https:\/\/analyse.optim.biz\/?p=2089922","title":{"rendered":"Aquapark la S\u00e2nnicolau Mare, \u00een trei ani. Investi\u021bie pentru un complex modern \u201ecu pre\u021buri accesibile\u201d"},"content":{"rendered":"<p>[analyse_image type=&#8221;featured&#8221; src=&#8221;https:\/\/www.tion.ro\/wp-content\/uploads\/2026\/08\/+otf\/1200&#215;630\/3qOKhmw3rLu35zZYuqPPQk5PVF9WRVJZX1NFQ5n3vrkb+SBvjE9zCy16JijdDJkw7g8KdRwmpw9cdkVafxPSm2GY3XftJDGRiHpj+SJDdZTHMaUFNCXbctMi71Q=\/655152036789000031.png&#8221;]<\/p>\n<article id=\"post-2333343\" class>\n<div class=\"entry-content clearfix\">\n<div class=\"enewsArticleContent\">\n<p class=\"PDq2pG_selectionAnchorContainer\" data-start=\"57\" data-end=\"471\">Proiectul, aflat pe lista investi\u021biilor preselectate de ADR Vest, va valorifica apa geotermal\u0103 \u0219i va func\u021biona pe tot parcursul anului.<\/p>\n<p data-start=\"473\" data-end=\"845\">Complexul va include bazine interioare \u0219i exterioare, ap\u0103 geotermal\u0103, tobogane, zone pentru copii \u0219i adul\u021bi, spa\u021bii de recuperare, fizioterapie, SPA \u0219i wellness, precum \u0219i aproximativ 400 de locuri de parcare.<\/p>\n<p data-start=\"473\" data-end=\"845\">Capacitatea estimat\u0103 este de p\u00e2n\u0103 la 1.000 de persoane vara \u0219i circa 300 \u00een sezonul rece. Investi\u021bia ar urma s\u0103 creeze aproximativ 35\u201340 de locuri de munc\u0103<\/p>\n<p data-start=\"473\" data-end=\"845\">Lucr\u0103rile sunt prev\u0103zute s\u0103 dureze 24 de luni de la ordinul de \u00eencepere.<\/p>\n<blockquote data-start=\"847\" data-end=\"1242\" data-is-last-node data-is-only-node>\n<p data-start=\"849\" data-end=\"1242\" data-is-last-node>\u201ePrin acest parteneriat dovedim c\u0103 suntem al\u0103turi de prim\u0103riile din jude\u021b care \u00ee\u0219i fac treaba. Sus\u021binem financiar un proiect foarte bine preg\u0103tit de administra\u021bia local\u0103, dar a c\u0103rui dimensiune financiar\u0103 dep\u0103\u0219e\u0219te posibilit\u0103\u021bile unui singur ora\u0219. O investi\u021bie local\u0103 bine g\u00e2ndit\u0103 poate avea impact economic \u00een tot jude\u021bul\u201d, a subliniat Alfred Simonis, pre\u0219edintele Consiliului Jude\u021bean Timi\u0219.<\/p>\n<\/blockquote>\n<p data-start=\"849\" data-end=\"1242\" data-is-last-node><strong><a href=\"https:\/\/www.tion.ro\/stirile-judetului-timis\/cj-timis-si-primaria-sannicolau-mare-vor-sa-construiasca-primul-aquapark-din-banat-realizat-din-fonduri-publice-2313273\/\" target=\"_blank\" rel=\"noopener\">Proiectul are o valoare ini\u021bial\u0103 de circa 40 de milioane de euro<\/a><\/strong>dup\u0103 cum spuneau edilii locali, urm\u00e2nd ca aceasta s\u0103 poat\u0103 sc\u0103dea \u00een urma licita\u021biei. \u00centre 10 \u0219i 11 milioane de euro ar urma s\u0103 vin\u0103 din fonduri europene, iar restul va fi suportat de Prim\u0103ria S\u00e2nnicolau Mare \u0219i Consiliul Jude\u021bean Timi\u0219.<\/p>\n<blockquote>\n<p data-start=\"849\" data-end=\"1242\" data-is-last-node>\u201eAcest obiectiv nu se adreseaz\u0103 doar celor din S\u00e2nnicolau Mare, ci, a\u0219a cum am spus, \u00eentregului jude\u021b Timi\u0219 \u0219i \u00eentregii regiuni. Ne punem speran\u021ba c\u0103, dup\u0103 realizarea acestui obiectiv, nu va mai trebui s\u0103 auzim de fiecare dat\u0103 c\u0103 suntem obliga\u021bi, pentru a face baie sau pentru agrement, s\u0103 mergem la Mak\u00f3 sau la Szeged\u201d, declara primarul D\u0103nu\u021b Groza \u00een urm\u0103 cu o lun\u0103.<\/p>\n<\/blockquote>\n<div class=\"fbShareLikeTwitterAndEmailContainer\">\n<div class=\"wrapper\">\n<div class=\"email\">\n<div id=\"mailto-pop\" class=\"pop-form pop-form-mailto\">\n<div class=\"pop-form-header\">\n<h4>Trimite articolul<\/h4>\n<p><a class=\"pop-form-close\">X<\/a><\/div>\n<\/div>\n<\/div>\n<\/div>\n<\/div>\n<div class=\"comments\">\n<div class=\"top\">\n<div class=\"commentsNumber\"><span class=\"number\">0<\/span><span class=\"text\">Comentarii<\/span><\/div>\n<\/div>\n<div class=\"center\">\n<div id=\"respond\" class=\"comment-respond\">\n<h3 id=\"reply-title\" class=\"comment-reply-title\"><small><a rel=\"nofollow\" id=\"cancel-comment-reply-link\" href=\"https:\/\/www.tion.ro\/stirile-judetului-timis\/aquapark-la-sannicolau-mare-in-trei-ani-investitie-pentru-un-complex-modern-cu-preturi-accesibile-2333343\/#respond\">Cancel reply<\/a><\/small><\/h3>\n<p class=\"comment-notes\"><span id=\"email-notes\">Your email address will not be published.<\/span><span class=\"required-field-message\">Required fields are marked <span class=\"required\">*<\/span><\/span><\/p>\n<p class=\"commentFormComment\"><span id=\"commentFormCount\"><br \/>\n                            inca<br \/>\n                            <span id=\"countCommentText\">1000<\/span><br \/>\n                            caractere ramase<br \/>\n                        <\/span><\/p>\n<\/div>\n<\/div>\n<div class=\"bottom\">\n<p class=\"forumDisclaimerHuRo\">\n            Citi\u021bi principiile noastre de moderare <a href=\"https:\/\/www.tion.ro\/reguli-postare-comentarii\/\" target=\"_blank\">aici<\/a>!\n        <\/p>\n<\/div>\n<\/div>\n<\/div>\n<\/div>\n<\/article>\n<div class=\"entry-content clearfix\">\n<div class=\"enewsArticleContent\">\n<p class=\"PDq2pG_selectionAnchorContainer\" data-start=\"57\" data-end=\"471\">Proiectul, aflat pe lista investi\u021biilor preselectate de ADR Vest, va valorifica apa geotermal\u0103 \u0219i va func\u021biona pe tot parcursul anului.<\/p>\n<p data-start=\"473\" data-end=\"845\">Complexul va include bazine interioare \u0219i exterioare, ap\u0103 geotermal\u0103, tobogane, zone pentru copii \u0219i adul\u021bi, spa\u021bii de recuperare, fizioterapie, SPA \u0219i wellness, precum \u0219i aproximativ 400 de locuri de parcare.<\/p>\n<p data-start=\"473\" data-end=\"845\">Capacitatea estimat\u0103 este de p\u00e2n\u0103 la 1.000 de persoane vara \u0219i circa 300 \u00een sezonul rece. Investi\u021bia ar urma s\u0103 creeze aproximativ 35\u201340 de locuri de munc\u0103<\/p>\n<p data-start=\"473\" data-end=\"845\">Lucr\u0103rile sunt prev\u0103zute s\u0103 dureze 24 de luni de la ordinul de \u00eencepere.<\/p>\n<blockquote data-start=\"847\" data-end=\"1242\" data-is-last-node data-is-only-node>\n<p data-start=\"849\" data-end=\"1242\" data-is-last-node>\u201ePrin acest parteneriat dovedim c\u0103 suntem al\u0103turi de prim\u0103riile din jude\u021b care \u00ee\u0219i fac treaba. Sus\u021binem financiar un proiect foarte bine preg\u0103tit de administra\u021bia local\u0103, dar a c\u0103rui dimensiune financiar\u0103 dep\u0103\u0219e\u0219te posibilit\u0103\u021bile unui singur ora\u0219. O investi\u021bie local\u0103 bine g\u00e2ndit\u0103 poate avea impact economic \u00een tot jude\u021bul\u201d, a subliniat Alfred Simonis, pre\u0219edintele Consiliului Jude\u021bean Timi\u0219.<\/p>\n<\/blockquote>\n<p data-start=\"849\" data-end=\"1242\" data-is-last-node><strong><a href=\"https:\/\/www.tion.ro\/stirile-judetului-timis\/cj-timis-si-primaria-sannicolau-mare-vor-sa-construiasca-primul-aquapark-din-banat-realizat-din-fonduri-publice-2313273\/\" target=\"_blank\" rel=\"noopener\">Proiectul are o valoare ini\u021bial\u0103 de circa 40 de milioane de euro<\/a><\/strong>dup\u0103 cum spuneau edilii locali, urm\u00e2nd ca aceasta s\u0103 poat\u0103 sc\u0103dea \u00een urma licita\u021biei. \u00centre 10 \u0219i 11 milioane de euro ar urma s\u0103 vin\u0103 din fonduri europene, iar restul va fi suportat de Prim\u0103ria S\u00e2nnicolau Mare \u0219i Consiliul Jude\u021bean Timi\u0219.<\/p>\n<blockquote>\n<p data-start=\"849\" data-end=\"1242\" data-is-last-node>\u201eAcest obiectiv nu se adreseaz\u0103 doar celor din S\u00e2nnicolau Mare, ci, a\u0219a cum am spus, \u00eentregului jude\u021b Timi\u0219 \u0219i \u00eentregii regiuni. Ne punem speran\u021ba c\u0103, dup\u0103 realizarea acestui obiectiv, nu va mai trebui s\u0103 auzim de fiecare dat\u0103 c\u0103 suntem obliga\u021bi, pentru a face baie sau pentru agrement, s\u0103 mergem la Mak\u00f3 sau la Szeged\u201d, declara primarul D\u0103nu\u021b Groza \u00een urm\u0103 cu o lun\u0103.<\/p>\n<\/blockquote>\n<div class=\"fbShareLikeTwitterAndEmailContainer\">\n<div class=\"wrapper\">\n<div class=\"email\">\n<div id=\"mailto-pop\" class=\"pop-form pop-form-mailto\">\n<div class=\"pop-form-header\">\n<h4>Trimite articolul<\/h4>\n<p><a class=\"pop-form-close\">X<\/a><\/div>\n<\/div>\n<\/div>\n<\/div>\n<\/div>\n<div class=\"comments\">\n<div class=\"top\">\n<div class=\"commentsNumber\"><span class=\"number\">0<\/span><span class=\"text\">Comentarii<\/span><\/div>\n<\/div>\n<div class=\"center\">\n<div id=\"respond\" class=\"comment-respond\">\n<h3 id=\"reply-title\" class=\"comment-reply-title\"><small><a rel=\"nofollow\" id=\"cancel-comment-reply-link\" href=\"https:\/\/www.tion.ro\/stirile-judetului-timis\/aquapark-la-sannicolau-mare-in-trei-ani-investitie-pentru-un-complex-modern-cu-preturi-accesibile-2333343\/#respond\">Cancel reply<\/a><\/small><\/h3>\n<p class=\"comment-notes\"><span id=\"email-notes\">Your email address will not be published.<\/span><span class=\"required-field-message\">Required fields are marked <span class=\"required\">*<\/span><\/span><\/p>\n<p class=\"commentFormComment\"><span id=\"commentFormCount\"><br \/>\n                            inca<br \/>\n                            <span id=\"countCommentText\">1000<\/span><br \/>\n                            caractere ramase<br \/>\n                        <\/span><\/p>\n<\/div>\n<\/div>\n<div class=\"bottom\">\n<p class=\"forumDisclaimerHuRo\">\n            Citi\u021bi principiile noastre de moderare <a href=\"https:\/\/www.tion.ro\/reguli-postare-comentarii\/\" target=\"_blank\">aici<\/a>!\n        <\/p>\n<\/div>\n<\/div>\n<\/div>\n<\/div>\n<p>[analyse_source url=&#8221;https:\/\/www.tion.ro\/stirile-judetului-timis\/aquapark-la-sannicolau-mare-in-trei-ani-investitie-pentru-un-complex-modern-cu-preturi-accesibile-2333343\/&#8221;]<\/p>\n","protected":false},"excerpt":{"rendered":"<p>[analyse_image type=&#8221;featured&#8221; src=&#8221;https:\/\/www.tion.ro\/wp-content\/uploads\/2026\/08\/+otf\/1200&#215;630\/3qOKhmw3rLu35zZYuqPPQk5PVF9WRVJZX1NFQ5n3vrkb+SBvjE9zCy16JijdDJkw7g8KdRwmpw9cdkVafxPSm2GY3XftJDGRiHpj+SJDdZTHMaUFNCXbctMi71Q=\/655152036789000031.png&#8221;] Proiectul, aflat pe lista investi\u021biilor preselectate de ADR Vest, va valorifica apa geotermal\u0103 \u0219i va func\u021biona pe tot parcursul anului. Complexul va include bazine interioare \u0219i exterioare, ap\u0103 geotermal\u0103, tobogane, zone pentru copii \u0219i adul\u021bi, spa\u021bii de recuperare, fizioterapie, SPA \u0219i wellness, precum \u0219i aproximativ 400 de locuri de parcare. Capacitatea estimat\u0103 [&hellip;]<\/p>\n","protected":false},"author":1,"featured_media":0,"comment_status":"open","ping_status":"","sticky":false,"template":"","format":"standard","meta":{"footnotes":""},"categories":[89],"tags":[226,191],"class_list":["post-2089922","post","type-post","status-publish","format-standard","hentry","category-romania","tag-crawlmanager","tag-tion-ro"],"_links":{"self":[{"href":"https:\/\/analyse.optim.biz\/index.php?rest_route=\/wp\/v2\/posts\/2089922","targetHints":{"allow":["GET"]}}],"collection":[{"href":"https:\/\/analyse.optim.biz\/index.php?rest_route=\/wp\/v2\/posts"}],"about":[{"href":"https:\/\/analyse.optim.biz\/index.php?rest_route=\/wp\/v2\/types\/post"}],"author":[{"embeddable":true,"href":"https:\/\/analyse.optim.biz\/index.php?rest_route=\/wp\/v2\/users\/1"}],"replies":[{"embeddable":true,"href":"https:\/\/analyse.optim.biz\/index.php?rest_route=%2Fwp%2Fv2%2Fcomments&post=2089922"}],"version-history":[{"count":0,"href":"https:\/\/analyse.optim.biz\/index.php?rest_route=\/wp\/v2\/posts\/2089922\/revisions"}],"wp:attachment":[{"href":"https:\/\/analyse.optim.biz\/index.php?rest_route=%2Fwp%2Fv2%2Fmedia&parent=2089922"}],"wp:term":[{"taxonomy":"category","embeddable":true,"href":"https:\/\/analyse.optim.biz\/index.php?rest_route=%2Fwp%2Fv2%2Fcategories&post=2089922"},{"taxonomy":"post_tag","embeddable":true,"href":"https:\/\/analyse.optim.biz\/index.php?rest_route=%2Fwp%2Fv2%2Ftags&post=2089922"}],"curies":[{"name":"wp","href":"https:\/\/api.w.org\/{rel}","templated":true}]}}