{"id":2089918,"date":"2026-08-12T15:00:03","date_gmt":"2026-08-12T12:00:03","guid":{"rendered":"https:\/\/analyse.optim.biz\/?p=2089918"},"modified":"2026-08-12T15:00:03","modified_gmt":"2026-08-12T12:00:03","slug":"accident-cu-doua-persoane-ranite-pe-calea-torontalului","status":"publish","type":"post","link":"https:\/\/analyse.optim.biz\/?p=2089918","title":{"rendered":"Accident cu dou\u0103 persoane r\u0103nite pe Calea Torontalului"},"content":{"rendered":"<p>[analyse_image type=&#8221;featured&#8221; src=&#8221;https:\/\/www.tion.ro\/wp-content\/uploads\/2026\/08\/+otf\/1200&#215;630\/Ran6uS+G+5Ojv4X9STNHUk5PVF9WRVJZX1NFQxiJxgH+v66A6AyYtyhwsMv9+YzNfd0JbiaGdpYqVydjox948dO6JzWu7rjbAZT6j8Bp4d6tZeI6gxY2GiJ+o5I=\/6548615WhatsAppImage20260812at181644.jpeg&#8221;]<\/p>\n<article id=\"post-2333202\" class>\n<div class=\"entry-content clearfix\">\n<div class=\"enewsArticleContent\">\n<p>Potrivit poli\u021bi\u0219tilor, \u201eun b\u0103rbat, de 35 de ani, \u00een timp ce conducea un camion din parcarea unui supermarket c\u0103tre Calea Torontalului, a intrat \u00een coliziune cu un autoturism condus regulamentar de un b\u0103rbat, \u00een v\u00e2rst\u0103 de 36 de ani\u201d.<\/p>\n<p>\u00cen urma impactului, \u0219oferul \u0219i pasagera, o t\u00e2n\u0103r\u0103, de 23 de ani, au fost r\u0103ni\u021bi.<\/p>\n<blockquote>\n<p>\u201e\u00cen accidentul rutier au fost implicate un autoturism \u0219i un autocamion, cu cinci persoane participante. Trei victime au primit \u00eengrijiri medicale la fa\u021ba locului, iar dou\u0103 dintre acestea au fost transportate la spital, \u00een stare con\u0219tient\u0103 \u0219i cooperant\u0103\u201d, spun pompierii.<\/p>\n<\/blockquote>\n<p>Ambii conduc\u0103tori auto au fost testa\u021bi cu aparatul etilotest, rezultatele fiind negative.<\/p>\n<p>\u00cen cauz\u0103, poli\u021bi\u0219tii au \u00eentocmit dosar penal sub aspectul s\u0103v\u00e2r\u0219irii infrac\u021biunii de v\u0103t\u0103mare corporal\u0103 din culp\u0103.<\/p>\n<div class=\"fbShareLikeTwitterAndEmailContainer\">\n<div class=\"wrapper\">\n<div class=\"email\">\n<div id=\"mailto-pop\" class=\"pop-form pop-form-mailto\">\n<div class=\"pop-form-header\">\n<h4>Trimite articolul<\/h4>\n<p><a class=\"pop-form-close\">X<\/a><\/div>\n<\/div>\n<\/div>\n<\/div>\n<\/div>\n<div class=\"comments\">\n<div class=\"top\">\n<div class=\"commentsNumber\"><span class=\"number\">0<\/span><span class=\"text\">Comentarii<\/span><\/div>\n<\/div>\n<div class=\"center\">\n<div id=\"respond\" class=\"comment-respond\">\n<h3 id=\"reply-title\" class=\"comment-reply-title\"><small><a rel=\"nofollow\" id=\"cancel-comment-reply-link\" href=\"https:\/\/www.tion.ro\/eveniment\/accident-cu-doua-persoane-ranite-in-parcarea-unui-supermarket-din-calea-torontalului-2333202\/#respond\">Cancel reply<\/a><\/small><\/h3>\n<p class=\"comment-notes\"><span id=\"email-notes\">Your email address will not be published.<\/span><span class=\"required-field-message\">Required fields are marked <span class=\"required\">*<\/span><\/span><\/p>\n<p class=\"commentFormComment\"><span id=\"commentFormCount\"><br \/>\n                            inca<br \/>\n                            <span id=\"countCommentText\">1000<\/span><br \/>\n                            caractere ramase<br \/>\n                        <\/span><\/p>\n<\/div>\n<\/div>\n<div class=\"bottom\">\n<p class=\"forumDisclaimerHuRo\">\n            Citi\u021bi principiile noastre de moderare <a href=\"https:\/\/www.tion.ro\/reguli-postare-comentarii\/\" target=\"_blank\">aici<\/a>!\n        <\/p>\n<\/div>\n<\/div>\n<\/div>\n<\/div>\n<\/article>\n<div class=\"entry-content clearfix\">\n<div class=\"enewsArticleContent\">\n<p>Potrivit poli\u021bi\u0219tilor, \u201eun b\u0103rbat, de 35 de ani, \u00een timp ce conducea un camion din parcarea unui supermarket c\u0103tre Calea Torontalului, a intrat \u00een coliziune cu un autoturism condus regulamentar de un b\u0103rbat, \u00een v\u00e2rst\u0103 de 36 de ani\u201d.<\/p>\n<p>\u00cen urma impactului, \u0219oferul \u0219i pasagera, o t\u00e2n\u0103r\u0103, de 23 de ani, au fost r\u0103ni\u021bi.<\/p>\n<blockquote>\n<p>\u201e\u00cen accidentul rutier au fost implicate un autoturism \u0219i un autocamion, cu cinci persoane participante. Trei victime au primit \u00eengrijiri medicale la fa\u021ba locului, iar dou\u0103 dintre acestea au fost transportate la spital, \u00een stare con\u0219tient\u0103 \u0219i cooperant\u0103\u201d, spun pompierii.<\/p>\n<\/blockquote>\n<p>Ambii conduc\u0103tori auto au fost testa\u021bi cu aparatul etilotest, rezultatele fiind negative.<\/p>\n<p>\u00cen cauz\u0103, poli\u021bi\u0219tii au \u00eentocmit dosar penal sub aspectul s\u0103v\u00e2r\u0219irii infrac\u021biunii de v\u0103t\u0103mare corporal\u0103 din culp\u0103.<\/p>\n<div class=\"fbShareLikeTwitterAndEmailContainer\">\n<div class=\"wrapper\">\n<div class=\"email\">\n<div id=\"mailto-pop\" class=\"pop-form pop-form-mailto\">\n<div class=\"pop-form-header\">\n<h4>Trimite articolul<\/h4>\n<p><a class=\"pop-form-close\">X<\/a><\/div>\n<\/div>\n<\/div>\n<\/div>\n<\/div>\n<div class=\"comments\">\n<div class=\"top\">\n<div class=\"commentsNumber\"><span class=\"number\">0<\/span><span class=\"text\">Comentarii<\/span><\/div>\n<\/div>\n<div class=\"center\">\n<div id=\"respond\" class=\"comment-respond\">\n<h3 id=\"reply-title\" class=\"comment-reply-title\"><small><a rel=\"nofollow\" id=\"cancel-comment-reply-link\" href=\"https:\/\/www.tion.ro\/eveniment\/accident-cu-doua-persoane-ranite-in-parcarea-unui-supermarket-din-calea-torontalului-2333202\/#respond\">Cancel reply<\/a><\/small><\/h3>\n<p class=\"comment-notes\"><span id=\"email-notes\">Your email address will not be published.<\/span><span class=\"required-field-message\">Required fields are marked <span class=\"required\">*<\/span><\/span><\/p>\n<p class=\"commentFormComment\"><span id=\"commentFormCount\"><br \/>\n                            inca<br \/>\n                            <span id=\"countCommentText\">1000<\/span><br \/>\n                            caractere ramase<br \/>\n                        <\/span><\/p>\n<\/div>\n<\/div>\n<div class=\"bottom\">\n<p class=\"forumDisclaimerHuRo\">\n            Citi\u021bi principiile noastre de moderare <a href=\"https:\/\/www.tion.ro\/reguli-postare-comentarii\/\" target=\"_blank\">aici<\/a>!\n        <\/p>\n<\/div>\n<\/div>\n<\/div>\n<\/div>\n<p>[analyse_source url=&#8221;https:\/\/www.tion.ro\/eveniment\/accident-cu-doua-persoane-ranite-in-parcarea-unui-supermarket-din-calea-torontalului-2333202\/&#8221;]<\/p>\n","protected":false},"excerpt":{"rendered":"<p>[analyse_image type=&#8221;featured&#8221; src=&#8221;https:\/\/www.tion.ro\/wp-content\/uploads\/2026\/08\/+otf\/1200&#215;630\/Ran6uS+G+5Ojv4X9STNHUk5PVF9WRVJZX1NFQxiJxgH+v66A6AyYtyhwsMv9+YzNfd0JbiaGdpYqVydjox948dO6JzWu7rjbAZT6j8Bp4d6tZeI6gxY2GiJ+o5I=\/6548615WhatsAppImage20260812at181644.jpeg&#8221;] Potrivit poli\u021bi\u0219tilor, \u201eun b\u0103rbat, de 35 de ani, \u00een timp ce conducea un camion din parcarea unui supermarket c\u0103tre Calea Torontalului, a intrat \u00een coliziune cu un autoturism condus regulamentar de un b\u0103rbat, \u00een v\u00e2rst\u0103 de 36 de ani\u201d. \u00cen urma impactului, \u0219oferul \u0219i pasagera, o t\u00e2n\u0103r\u0103, de 23 de ani, au [&hellip;]<\/p>\n","protected":false},"author":1,"featured_media":0,"comment_status":"open","ping_status":"","sticky":false,"template":"","format":"standard","meta":{"footnotes":""},"categories":[89],"tags":[226,191],"class_list":["post-2089918","post","type-post","status-publish","format-standard","hentry","category-romania","tag-crawlmanager","tag-tion-ro"],"_links":{"self":[{"href":"https:\/\/analyse.optim.biz\/index.php?rest_route=\/wp\/v2\/posts\/2089918","targetHints":{"allow":["GET"]}}],"collection":[{"href":"https:\/\/analyse.optim.biz\/index.php?rest_route=\/wp\/v2\/posts"}],"about":[{"href":"https:\/\/analyse.optim.biz\/index.php?rest_route=\/wp\/v2\/types\/post"}],"author":[{"embeddable":true,"href":"https:\/\/analyse.optim.biz\/index.php?rest_route=\/wp\/v2\/users\/1"}],"replies":[{"embeddable":true,"href":"https:\/\/analyse.optim.biz\/index.php?rest_route=%2Fwp%2Fv2%2Fcomments&post=2089918"}],"version-history":[{"count":0,"href":"https:\/\/analyse.optim.biz\/index.php?rest_route=\/wp\/v2\/posts\/2089918\/revisions"}],"wp:attachment":[{"href":"https:\/\/analyse.optim.biz\/index.php?rest_route=%2Fwp%2Fv2%2Fmedia&parent=2089918"}],"wp:term":[{"taxonomy":"category","embeddable":true,"href":"https:\/\/analyse.optim.biz\/index.php?rest_route=%2Fwp%2Fv2%2Fcategories&post=2089918"},{"taxonomy":"post_tag","embeddable":true,"href":"https:\/\/analyse.optim.biz\/index.php?rest_route=%2Fwp%2Fv2%2Ftags&post=2089918"}],"curies":[{"name":"wp","href":"https:\/\/api.w.org\/{rel}","templated":true}]}}