{"id":2089911,"date":"2026-08-12T16:12:44","date_gmt":"2026-08-12T13:12:44","guid":{"rendered":"https:\/\/analyse.optim.biz\/?p=2089911"},"modified":"2026-08-12T16:12:44","modified_gmt":"2026-08-12T13:12:44","slug":"uneltele-care-spun-povestea-banatului-o-noua-expozitie-deschisa-la-muzeul-satului-din-timisoara","status":"publish","type":"post","link":"https:\/\/analyse.optim.biz\/?p=2089911","title":{"rendered":"Uneltele care spun povestea Banatului. O nou\u0103 expozi\u021bie, deschis\u0103 la Muzeul Satului din Timi\u0219oara"},"content":{"rendered":"<p>[analyse_image type=&#8221;featured&#8221; src=&#8221;https:\/\/www.tion.ro\/wp-content\/uploads\/2026\/08\/+otf\/1200&#215;630\/ta1A0EgtowrkTcspD1tmB05PVF9WRVJZX1NFQ9LM9j4D2MPhr74ktbBWRIeRIlHFVibYwZfEog8jJKDb1Mfhv2AFDNrDr6GUV9OwJKBtJmBPBhXWsL97WU2Ddi4=\/6549753expouneltelepamantuluimuzeulsatuluibanatean8.jpg&#8221;]<\/p>\n<article id=\"post-2333244\" class>\n<div class=\"entry-content clearfix\">\n<div class=\"enewsArticleContent\">\n<p>Expozi\u021bia a avut vernisajul miercuri, 12 august, \u0219i urm\u0103re\u0219te evolu\u021bia agriculturii din Banat, dar \u0219i leg\u0103tura dintre uneltele folosite la muncile c\u00e2mpului \u0219i via\u021ba comunit\u0103\u021bilor din aceast\u0103 regiune.<\/p>\n<p>Noul spa\u021biu expozi\u021bional a fost amenajat \u00eentr-un vechi depozit al muzeului, aflat anterior \u00eentr-o stare precar\u0103. Cl\u0103direa a fost eliberat\u0103, cur\u0103\u021bat\u0103 \u0219i renovat\u0103, iar ulterior integrat\u0103 \u00een circuitul de vizitare.<\/p>\n<p>Vizitatorii pot vedea o gam\u0103 larg\u0103 de unelte \u0219i utilaje utilizate de-a lungul timpului pentru arat, sem\u0103nat, cosit, treierat, transportul \u0219i prelucrarea recoltelor. Printre piesele expuse se num\u0103r\u0103 plugul, grapa, secera \u0219i coasa, dar \u0219i batoza, v\u00e2ntur\u0103toarea, sem\u0103n\u0103toarea, cositoarea mecanic\u0103 \u0219i presa de struguri. Multe dintre obiectele prezentate provin din patrimoniul muzeului \u0219i sunt expuse pentru prima dat\u0103 publicului.<\/p>\n<p>Expozi\u021bia nu se limiteaz\u0103 \u00eens\u0103 la prezentarea obiectelor. Fiecare unealt\u0103 este pus\u0103 \u00een contextul vie\u021bii satului b\u0103n\u0103\u021bean \u0219i al transform\u0103rilor prin care a trecut agricultura \u00eentr-o regiune caracterizat\u0103 at\u00e2t de diversitatea condi\u021biilor naturale, c\u00e2t \u0219i de convie\u021buirea mai multor comunit\u0103\u021bi etnice.<\/p>\n<p>Conceptul expozi\u021biei \u0219i prezentarea acesteia \u00eei apar\u021bin muzeografului dr. Andrei Milin, care a explicat, \u00een cadrul vernisajului, importan\u021ba agriculturii \u00een via\u021ba comunit\u0103\u021bilor din Banat.<\/p>\n<blockquote>\n<p>\u201eAici, \u00een Banat, agricultura nu a fost niciodat\u0103 doar o \u00eendeletnicire. A fost un calendar al vie\u021bii \u00eens\u0103\u0219i\u201d, a explicat muzeograful.<\/p>\n<\/blockquote>\n<p>Dr. Andrei Milin a vorbit \u0219i despre \u00eenceputul anului agricol tradi\u021bional, legat de s\u0103rb\u0103toarea Sf\u00e2ntului Gheorghe, moment \u00een care, potrivit tradi\u021biei, \u201ep\u0103m\u00e2ntul se deschide\u201d, iar gospodarii \u00eencepeau lucr\u0103rile agricole dup\u0103 perioada de iarn\u0103.<\/p>\n<p>Unul dintre obiectele asupra c\u0103rora expozi\u021bia atrage aten\u021bia este plugul de lemn, o unealt\u0103 simpl\u0103, dar esen\u021bial\u0103 pentru agricultura tradi\u021bional\u0103. Prin intermediul acestuia, vizitatorii pot \u00een\u021belege mai bine modul \u00een care tehnicile agricole s-au transmis \u0219i s-au schimbat de-a lungul genera\u021biilor.<\/p>\n<p>Prin transformarea vechiului depozit \u00eentr-un spa\u021biu expozi\u021bional, Muzeul Satului B\u0103n\u0103\u021bean \u00ee\u0219i extinde oferta pentru vizitatori \u0219i aduce \u00een aten\u021bie obiecte care, p\u00e2n\u0103 acum, nu au putut fi admirate de public.<\/p>\n<p>\u201eUneltele p\u0103m\u00e2ntului. Agricultur\u0103 \u0219i me\u0219te\u0219ug \u00een Banatul multietnic\u201d propune astfel o incursiune \u00een istoria muncii p\u0103m\u00e2ntului, dar \u0219i \u00een lumea satului b\u0103n\u0103\u021bean, \u00een care agricultura a influen\u021bat ritmul vie\u021bii, tradi\u021biile \u0219i rela\u021biile dintre comunit\u0103\u021bi.<\/p>\n<p>Expozi\u021bia poate fi vizitat\u0103 la Muzeul Satului B\u0103n\u0103\u021bean Timi\u0219oara, pe Aleea Avram Imbroane nr. 31. Program de vizitare: miercuri\u2013s\u00e2mb\u0103t\u0103, 10:00\u201318:00; duminic\u0103, 12:00\u201320:00.<\/p>\n<div class=\"enews_gallery_holder\">\n<div class=\"ml-gallery\"><a href=\"https:\/\/www.tion.ro\/galeria\/expozitie-muzeul-satului\/\" class=\"ml-gallery-link\"><img loading=\"lazy\" decoding=\"async\" class=\"XlzzNe lazyload ml-gallery-cover\" src=\"https:\/\/www.tion.ro\/wp-content\/plugins\/endless-core\/images\/1x1.png\" width=\"155\" height=\"100\" data-src=\"https:\/\/www.tion.ro\/wp-content\/uploads\/2026\/08\/6549751expouneltelepamantuluimuzeulsatuluibanatean4.jpg\" data-srcset=\"https:\/\/www.tion.ro\/wp-content\/uploads\/2026\/08\/+otf\/839x538\/M__qnrBF4etBPnXO5y6cCZE5PVF9WRVJZX1NFQ6pBR1WHMGuOijYn+UNe6Fkpg1lmpOVowNWkmra4bymTpVm26lbMcCpSAetrrGPc2TOPDH__NrPf__K1__6__Opla8c=\/6549751expouneltelepamantuluimuzeulsatuluibanatean4.jpg 839w,https:\/\/www.tion.ro\/wp-content\/uploads\/2026\/08\/+otf\/100w\/M__qnrBF4etBPnXO5y6cCZE5PVF9WRVJZX1NFQ6pBR1WHMGuOijYn+UNe6Fkpg1lmpOVowNWkmra4bymTpVm26lbMcCpSAetrrGPc2TOPDH__NrPf__K1__6__Opla8c=\/6549751expouneltelepamantuluimuzeulsatuluibanatean4.jpg 100w\" data-sizes=\"auto\"><\/p>\n<p class=\"wp-caption-text-gallery\">Expozi\u021bie Muzeul Satului<\/p>\n<p><\/a><\/div>\n<\/div>\n<p>\u00a0<\/p>\n<div class=\"fbShareLikeTwitterAndEmailContainer\">\n<div class=\"wrapper\">\n<div class=\"email\">\n<div id=\"mailto-pop\" class=\"pop-form pop-form-mailto\">\n<div class=\"pop-form-header\">\n<h4>Trimite articolul<\/h4>\n<p><a class=\"pop-form-close\">X<\/a><\/div>\n<\/div>\n<\/div>\n<\/div>\n<\/div>\n<div class=\"tagsContainer\">\n<div class=\"tagsLabel\">Taguri:<\/div>\n<div class=\"tags\">\n<div class=\"tag\"><a href=\"https:\/\/www.tion.ro\/cimke\/expozitie\" rel=\"tag\"><span class=\"link\">expozitie<\/span><span class=\"separator\">,<\/span><\/a><\/div>\n<div class=\"tag\"><a href=\"https:\/\/www.tion.ro\/cimke\/muzeul-satului-timisoara\" rel=\"tag\"><span class=\"link\">muzeul satului timisoara<\/span><span class=\"separator\">,<\/span><\/a><\/div>\n<div class=\"tag\"><a href=\"https:\/\/www.tion.ro\/cimke\/unelte\" rel=\"tag\"><span class=\"link\">unelte<\/span><\/a><\/div>\n<\/div>\n<\/div>\n<div class=\"comments\">\n<div class=\"top\">\n<div class=\"commentsNumber\"><span class=\"number\">0<\/span><span class=\"text\">Comentarii<\/span><\/div>\n<\/div>\n<div class=\"center\">\n<div id=\"respond\" class=\"comment-respond\">\n<h3 id=\"reply-title\" class=\"comment-reply-title\"><small><a rel=\"nofollow\" id=\"cancel-comment-reply-link\" href=\"https:\/\/www.tion.ro\/capitala-culturala\/uneltele-care-spun-povestea-banatului-o-noua-expozitie-deschisa-la-muzeul-satului-din-timisoara-2333244\/#respond\">Cancel reply<\/a><\/small><\/h3>\n<p class=\"comment-notes\"><span id=\"email-notes\">Your email address will not be published.<\/span><span class=\"required-field-message\">Required fields are marked <span class=\"required\">*<\/span><\/span><\/p>\n<p class=\"commentFormComment\"><span id=\"commentFormCount\"><br \/>\n                            inca<br \/>\n                            <span id=\"countCommentText\">1000<\/span><br \/>\n                            caractere ramase<br \/>\n                        <\/span><\/p>\n<\/div>\n<\/div>\n<div class=\"bottom\">\n<p class=\"forumDisclaimerHuRo\">\n            Citi\u021bi principiile noastre de moderare <a href=\"https:\/\/www.tion.ro\/reguli-postare-comentarii\/\" target=\"_blank\">aici<\/a>!\n        <\/p>\n<\/div>\n<\/div>\n<\/div>\n<\/div>\n<\/article>\n<div class=\"entry-content clearfix\">\n<div class=\"enewsArticleContent\">\n<p>Expozi\u021bia a avut vernisajul miercuri, 12 august, \u0219i urm\u0103re\u0219te evolu\u021bia agriculturii din Banat, dar \u0219i leg\u0103tura dintre uneltele folosite la muncile c\u00e2mpului \u0219i via\u021ba comunit\u0103\u021bilor din aceast\u0103 regiune.<\/p>\n<p>Noul spa\u021biu expozi\u021bional a fost amenajat \u00eentr-un vechi depozit al muzeului, aflat anterior \u00eentr-o stare precar\u0103. Cl\u0103direa a fost eliberat\u0103, cur\u0103\u021bat\u0103 \u0219i renovat\u0103, iar ulterior integrat\u0103 \u00een circuitul de vizitare.<\/p>\n<p>Vizitatorii pot vedea o gam\u0103 larg\u0103 de unelte \u0219i utilaje utilizate de-a lungul timpului pentru arat, sem\u0103nat, cosit, treierat, transportul \u0219i prelucrarea recoltelor. Printre piesele expuse se num\u0103r\u0103 plugul, grapa, secera \u0219i coasa, dar \u0219i batoza, v\u00e2ntur\u0103toarea, sem\u0103n\u0103toarea, cositoarea mecanic\u0103 \u0219i presa de struguri. Multe dintre obiectele prezentate provin din patrimoniul muzeului \u0219i sunt expuse pentru prima dat\u0103 publicului.<\/p>\n<p>Expozi\u021bia nu se limiteaz\u0103 \u00eens\u0103 la prezentarea obiectelor. Fiecare unealt\u0103 este pus\u0103 \u00een contextul vie\u021bii satului b\u0103n\u0103\u021bean \u0219i al transform\u0103rilor prin care a trecut agricultura \u00eentr-o regiune caracterizat\u0103 at\u00e2t de diversitatea condi\u021biilor naturale, c\u00e2t \u0219i de convie\u021buirea mai multor comunit\u0103\u021bi etnice.<\/p>\n<p>Conceptul expozi\u021biei \u0219i prezentarea acesteia \u00eei apar\u021bin muzeografului dr. Andrei Milin, care a explicat, \u00een cadrul vernisajului, importan\u021ba agriculturii \u00een via\u021ba comunit\u0103\u021bilor din Banat.<\/p>\n<blockquote>\n<p>\u201eAici, \u00een Banat, agricultura nu a fost niciodat\u0103 doar o \u00eendeletnicire. A fost un calendar al vie\u021bii \u00eens\u0103\u0219i\u201d, a explicat muzeograful.<\/p>\n<\/blockquote>\n<p>Dr. Andrei Milin a vorbit \u0219i despre \u00eenceputul anului agricol tradi\u021bional, legat de s\u0103rb\u0103toarea Sf\u00e2ntului Gheorghe, moment \u00een care, potrivit tradi\u021biei, \u201ep\u0103m\u00e2ntul se deschide\u201d, iar gospodarii \u00eencepeau lucr\u0103rile agricole dup\u0103 perioada de iarn\u0103.<\/p>\n<p>Unul dintre obiectele asupra c\u0103rora expozi\u021bia atrage aten\u021bia este plugul de lemn, o unealt\u0103 simpl\u0103, dar esen\u021bial\u0103 pentru agricultura tradi\u021bional\u0103. Prin intermediul acestuia, vizitatorii pot \u00een\u021belege mai bine modul \u00een care tehnicile agricole s-au transmis \u0219i s-au schimbat de-a lungul genera\u021biilor.<\/p>\n<p>Prin transformarea vechiului depozit \u00eentr-un spa\u021biu expozi\u021bional, Muzeul Satului B\u0103n\u0103\u021bean \u00ee\u0219i extinde oferta pentru vizitatori \u0219i aduce \u00een aten\u021bie obiecte care, p\u00e2n\u0103 acum, nu au putut fi admirate de public.<\/p>\n<p>\u201eUneltele p\u0103m\u00e2ntului. Agricultur\u0103 \u0219i me\u0219te\u0219ug \u00een Banatul multietnic\u201d propune astfel o incursiune \u00een istoria muncii p\u0103m\u00e2ntului, dar \u0219i \u00een lumea satului b\u0103n\u0103\u021bean, \u00een care agricultura a influen\u021bat ritmul vie\u021bii, tradi\u021biile \u0219i rela\u021biile dintre comunit\u0103\u021bi.<\/p>\n<p>Expozi\u021bia poate fi vizitat\u0103 la Muzeul Satului B\u0103n\u0103\u021bean Timi\u0219oara, pe Aleea Avram Imbroane nr. 31. Program de vizitare: miercuri\u2013s\u00e2mb\u0103t\u0103, 10:00\u201318:00; duminic\u0103, 12:00\u201320:00.<\/p>\n<div class=\"enews_gallery_holder\">\n<div class=\"ml-gallery\"><a href=\"https:\/\/www.tion.ro\/galeria\/expozitie-muzeul-satului\/\" class=\"ml-gallery-link\"><img loading=\"lazy\" decoding=\"async\" class=\"XlzzNe lazyload ml-gallery-cover\" src=\"https:\/\/www.tion.ro\/wp-content\/plugins\/endless-core\/images\/1x1.png\" width=\"155\" height=\"100\" data-src=\"https:\/\/www.tion.ro\/wp-content\/uploads\/2026\/08\/6549751expouneltelepamantuluimuzeulsatuluibanatean4.jpg\" data-srcset=\"https:\/\/www.tion.ro\/wp-content\/uploads\/2026\/08\/+otf\/839x538\/M__qnrBF4etBPnXO5y6cCZE5PVF9WRVJZX1NFQ6pBR1WHMGuOijYn+UNe6Fkpg1lmpOVowNWkmra4bymTpVm26lbMcCpSAetrrGPc2TOPDH__NrPf__K1__6__Opla8c=\/6549751expouneltelepamantuluimuzeulsatuluibanatean4.jpg 839w,https:\/\/www.tion.ro\/wp-content\/uploads\/2026\/08\/+otf\/100w\/M__qnrBF4etBPnXO5y6cCZE5PVF9WRVJZX1NFQ6pBR1WHMGuOijYn+UNe6Fkpg1lmpOVowNWkmra4bymTpVm26lbMcCpSAetrrGPc2TOPDH__NrPf__K1__6__Opla8c=\/6549751expouneltelepamantuluimuzeulsatuluibanatean4.jpg 100w\" data-sizes=\"auto\"><\/p>\n<p class=\"wp-caption-text-gallery\">Expozi\u021bie Muzeul Satului<\/p>\n<p><\/a><\/div>\n<\/div>\n<p>\u00a0<\/p>\n<div class=\"fbShareLikeTwitterAndEmailContainer\">\n<div class=\"wrapper\">\n<div class=\"email\">\n<div id=\"mailto-pop\" class=\"pop-form pop-form-mailto\">\n<div class=\"pop-form-header\">\n<h4>Trimite articolul<\/h4>\n<p><a class=\"pop-form-close\">X<\/a><\/div>\n<\/div>\n<\/div>\n<\/div>\n<\/div>\n<div class=\"tagsContainer\">\n<div class=\"tagsLabel\">Taguri:<\/div>\n<div class=\"tags\">\n<div class=\"tag\"><a href=\"https:\/\/www.tion.ro\/cimke\/expozitie\" rel=\"tag\"><span class=\"link\">expozitie<\/span><span class=\"separator\">,<\/span><\/a><\/div>\n<div class=\"tag\"><a href=\"https:\/\/www.tion.ro\/cimke\/muzeul-satului-timisoara\" rel=\"tag\"><span class=\"link\">muzeul satului timisoara<\/span><span class=\"separator\">,<\/span><\/a><\/div>\n<div class=\"tag\"><a href=\"https:\/\/www.tion.ro\/cimke\/unelte\" rel=\"tag\"><span class=\"link\">unelte<\/span><\/a><\/div>\n<\/div>\n<\/div>\n<div class=\"comments\">\n<div class=\"top\">\n<div class=\"commentsNumber\"><span class=\"number\">0<\/span><span class=\"text\">Comentarii<\/span><\/div>\n<\/div>\n<div class=\"center\">\n<div id=\"respond\" class=\"comment-respond\">\n<h3 id=\"reply-title\" class=\"comment-reply-title\"><small><a rel=\"nofollow\" id=\"cancel-comment-reply-link\" href=\"https:\/\/www.tion.ro\/capitala-culturala\/uneltele-care-spun-povestea-banatului-o-noua-expozitie-deschisa-la-muzeul-satului-din-timisoara-2333244\/#respond\">Cancel reply<\/a><\/small><\/h3>\n<p class=\"comment-notes\"><span id=\"email-notes\">Your email address will not be published.<\/span><span class=\"required-field-message\">Required fields are marked <span class=\"required\">*<\/span><\/span><\/p>\n<p class=\"commentFormComment\"><span id=\"commentFormCount\"><br \/>\n                            inca<br \/>\n                            <span id=\"countCommentText\">1000<\/span><br \/>\n                            caractere ramase<br \/>\n                        <\/span><\/p>\n<\/div>\n<\/div>\n<div class=\"bottom\">\n<p class=\"forumDisclaimerHuRo\">\n            Citi\u021bi principiile noastre de moderare <a href=\"https:\/\/www.tion.ro\/reguli-postare-comentarii\/\" target=\"_blank\">aici<\/a>!\n        <\/p>\n<\/div>\n<\/div>\n<\/div>\n<\/div>\n<p>[analyse_source url=&#8221;https:\/\/www.tion.ro\/capitala-culturala\/uneltele-care-spun-povestea-banatului-o-noua-expozitie-deschisa-la-muzeul-satului-din-timisoara-2333244\/&#8221;]<\/p>\n","protected":false},"excerpt":{"rendered":"<p>[analyse_image type=&#8221;featured&#8221; src=&#8221;https:\/\/www.tion.ro\/wp-content\/uploads\/2026\/08\/+otf\/1200&#215;630\/ta1A0EgtowrkTcspD1tmB05PVF9WRVJZX1NFQ9LM9j4D2MPhr74ktbBWRIeRIlHFVibYwZfEog8jJKDb1Mfhv2AFDNrDr6GUV9OwJKBtJmBPBhXWsL97WU2Ddi4=\/6549753expouneltelepamantuluimuzeulsatuluibanatean8.jpg&#8221;] Expozi\u021bia a avut vernisajul miercuri, 12 august, \u0219i urm\u0103re\u0219te evolu\u021bia agriculturii din Banat, dar \u0219i leg\u0103tura dintre uneltele folosite la muncile c\u00e2mpului \u0219i via\u021ba comunit\u0103\u021bilor din aceast\u0103 regiune. Noul spa\u021biu expozi\u021bional a fost amenajat \u00eentr-un vechi depozit al muzeului, aflat anterior \u00eentr-o stare precar\u0103. Cl\u0103direa a fost eliberat\u0103, cur\u0103\u021bat\u0103 \u0219i renovat\u0103, iar [&hellip;]<\/p>\n","protected":false},"author":1,"featured_media":0,"comment_status":"open","ping_status":"","sticky":false,"template":"","format":"standard","meta":{"footnotes":""},"categories":[89],"tags":[226,191],"class_list":["post-2089911","post","type-post","status-publish","format-standard","hentry","category-romania","tag-crawlmanager","tag-tion-ro"],"_links":{"self":[{"href":"https:\/\/analyse.optim.biz\/index.php?rest_route=\/wp\/v2\/posts\/2089911","targetHints":{"allow":["GET"]}}],"collection":[{"href":"https:\/\/analyse.optim.biz\/index.php?rest_route=\/wp\/v2\/posts"}],"about":[{"href":"https:\/\/analyse.optim.biz\/index.php?rest_route=\/wp\/v2\/types\/post"}],"author":[{"embeddable":true,"href":"https:\/\/analyse.optim.biz\/index.php?rest_route=\/wp\/v2\/users\/1"}],"replies":[{"embeddable":true,"href":"https:\/\/analyse.optim.biz\/index.php?rest_route=%2Fwp%2Fv2%2Fcomments&post=2089911"}],"version-history":[{"count":0,"href":"https:\/\/analyse.optim.biz\/index.php?rest_route=\/wp\/v2\/posts\/2089911\/revisions"}],"wp:attachment":[{"href":"https:\/\/analyse.optim.biz\/index.php?rest_route=%2Fwp%2Fv2%2Fmedia&parent=2089911"}],"wp:term":[{"taxonomy":"category","embeddable":true,"href":"https:\/\/analyse.optim.biz\/index.php?rest_route=%2Fwp%2Fv2%2Fcategories&post=2089911"},{"taxonomy":"post_tag","embeddable":true,"href":"https:\/\/analyse.optim.biz\/index.php?rest_route=%2Fwp%2Fv2%2Ftags&post=2089911"}],"curies":[{"name":"wp","href":"https:\/\/api.w.org\/{rel}","templated":true}]}}