{"id":2089898,"date":"2026-08-12T13:37:56","date_gmt":"2026-08-12T10:37:56","guid":{"rendered":"https:\/\/analyse.optim.biz\/?p=2089898"},"modified":"2026-08-12T13:37:56","modified_gmt":"2026-08-12T10:37:56","slug":"cnair-restrictii-de-circulatie-pentru-vehiculele-de-mare-tonaj-in-perioada-14-17-august","status":"publish","type":"post","link":"https:\/\/analyse.optim.biz\/?p=2089898","title":{"rendered":"CNAIR: Restric\u021bii de circula\u021bie pentru vehiculele de mare tonaj, \u00een perioada 14 \u2013 17 august"},"content":{"rendered":"<p>[analyse_image type=&#8221;featured&#8221; src=&#8221;https:\/\/ziardesuceava.ro\/wp-content\/uploads\/2026\/08\/restrictii-7-5-tone.jpg&#8221;]<\/p>\n<div class=\"post-content clearfix\">\n<div class=\"blog-post-thumb\"><img loading=\"lazy\" decoding=\"async\" width=\"679\" height=\"694\" src=\"https:\/\/ziardesuceava.ro\/wp-content\/uploads\/2026\/08\/restrictii-7-5-tone-679x694.jpg\" class=\"attachment-inhype-blog-thumb size-inhype-blog-thumb wp-post-image\" alt><\/div>\n<div class=\"entry-content\">\n<p>Circula\u021bia vehiculelor rutiere cu masa total\u0103 maxim\u0103 autorizat\u0103 (MTMA) mai mare de 7,5 tone, altele dec\u00e2t cele destinate exclusiv transportului de persoane, va fi interzis\u0103 \u00een perioada 14 \u2013 17 august, pe anumite tronsoane de pe A2, DN7, DN39 \u0219i DN22C, a anun\u021bat Compania Na\u021bional\u0103 de Administrare a Infrastructurii Rutiere (CNAIR).<\/p>\n<p>CNAIR anun\u0163\u0103 participan\u0163ii la trafic c\u0103 potrivit prevederilor Ordinului MT-MAI nr. 1249-132\/2018, circula\u0163ia vehiculelor rutiere cu masa total\u0103 maxim\u0103 autorizat\u0103 mai mare de 7,5 tone, altele dec\u00e2t cele destinate exclusiv transportului de persoane,\u00a0<strong>este interzis\u0103 \u00een zilele de vineri 14 august (ziua premerg\u0103toare zilei de s\u0103rb\u0103toare legal\u0103), s\u00e2mb\u0103t\u0103 15 august (ziua Adormirea Maicii Domnului), duminic\u0103 16 august \u0219i luni 17 august 2026,\u00a0<\/strong>conform Anexei nr. 1 la Ordin.<\/p>\n<table border=\"1\" cellspacing=\"0\" cellpadding=\"0\">\n<tbody>\n<tr>\n<td rowspan=\"2\">Indicativ<\/p>\n<p>drum<\/p>\n<\/td>\n<td rowspan=\"2\">Traseu<\/td>\n<td rowspan=\"2\">Sens de<\/p>\n<p>parcurs<\/p>\n<\/td>\n<td colspan=\"4\">Zilele \u0219i intervalele orare de aplicare a restric\u021biei<\/td>\n<td>\u00a0<\/td>\n<\/tr>\n<tr>\n<td>Vineri<\/p>\n<p>14 august 2026<\/p>\n<\/td>\n<td>S\u00e2mb\u0103t\u0103<\/p>\n<p>15 august<\/p>\n<p>2026<\/p>\n<\/td>\n<td>Duminic\u0103<\/p>\n<p>16 august<\/p>\n<p>2026<\/p>\n<\/td>\n<td>Luni<\/p>\n<p>17 august 2026<\/p>\n<\/td>\n<td>Observa\u021bii<\/td>\n<\/tr>\n<tr>\n<td rowspan=\"2\">A2<\/td>\n<td rowspan=\"2\">Bucure\u015fti (intersec\u021bia A2 cu DNCB) \u2013 Fundulea \u2013 Lehliu \u2013 Fete\u0219ti \u2013 Cernavod\u0103 \u2013 Constan\u021ba (intersec\u021bia A2 cu A4)<\/td>\n<td>\u00a0Bucure\u0219ti \u2013 Constan\u021ba<\/td>\n<td>12,00 \u2013 22,00<\/p>\n<p>\u00a0<\/p>\n<\/td>\n<td>06,00 -22,00<\/td>\n<td>\u2013<\/td>\n<td>\u00a0<\/p>\n<p>\u2013<\/p>\n<\/td>\n<td rowspan=\"5\">Se aplic\u0103 pentru vehiculele rutiere cu MTMA mai mare de 7,5 tone<\/p>\n<p>\u00a0<\/p>\n<\/td>\n<\/tr>\n<tr>\n<td>\n<p align=\"center\">Constan\u021ba \u2013 Bucure\u0219ti<\/p>\n<\/td>\n<td>\n<p align=\"center\">16,00 -22,00<\/p>\n<\/td>\n<td>\n<p align=\"center\">06,00 -22,00<\/p>\n<\/td>\n<td>\n<p align=\"center\">06,00 -22,00-<\/p>\n<\/td>\n<td>\n<p align=\"center\">12,00 -22,00<\/p>\n<\/td>\n<\/tr>\n<tr>\n<td>\n<p align=\"center\">DN7<\/p>\n<\/td>\n<td>Pite\u015fti (intersec\u021bia DN7 cu DN7C) \u2013 R\u00e2mnicu V\u00e2lcea \u2013 Ve\u0219tem (intersec\u021bia DN7 cu DN 1)<\/td>\n<td>\n<p align=\"center\">ambele sensuri<\/p>\n<\/td>\n<td>\n<p align=\"center\">18,00 -22,00<\/p>\n<\/td>\n<td>\n<p align=\"center\">06,00 -22,00<\/p>\n<\/td>\n<td>\n<p align=\"center\">06,00 -22,00<\/p>\n<\/td>\n<td>\n<p align=\"center\">\u2013<\/p>\n<\/td>\n<\/tr>\n<tr>\n<td>\n<p align=\"center\">DN39<\/p>\n<\/td>\n<td>Agigea (intersec\u021bia DN39 cu DN 39A) \u2013 Mangalia (limita municipiu)<\/td>\n<td>\n<p align=\"center\">ambele sensuri<\/p>\n<\/td>\n<td>\n<p align=\"center\">16,00 -22,00<\/p>\n<\/td>\n<td>\n<p align=\"center\">06,00 -22,00<\/p>\n<\/td>\n<td>\n<p align=\"center\">06,00 -22,00<\/p>\n<\/td>\n<td>\n<p align=\"center\">\u2013<\/p>\n<\/td>\n<\/tr>\n<tr>\n<td>\n<p align=\"center\">DN22C<\/p>\n<\/td>\n<td>Murfatlar (intersec\u021bia DN22C cu DN3) \u2013 Cernavod\u0103 (INT DN22C cu A2)<\/td>\n<td>\n<p align=\"center\">Murfatlar \u2013 Cernavod\u0103<\/p>\n<\/td>\n<td>\n<p align=\"center\">\u2013<\/p>\n<\/td>\n<td>\n<p align=\"center\">\u2013<\/p>\n<\/td>\n<td>\n<p align=\"center\">06,00 -22,00-<\/p>\n<\/td>\n<td>\n<p align=\"center\">\u2013<\/p>\n<\/td>\n<\/tr>\n<\/tbody>\n<\/table>\n<p>\u00cenc\u0103lcarea prevederilor Ordinului MT-MAI nr. 1249-132\/2018 constituie contraven\u0163ie \u015fi se sanc\u0163ioneaz\u0103 cu amend\u0103.<\/p>\n<\/div>\n<div class=\"inhype-social-share-fixed sidebar-position-right\">\n<div class=\"post-social-wrapper\">\n<div class=\"post-social-title\"><span class=\"post-social-title-text\">Share<\/span><\/div>\n<\/div>\n<\/div>\n<\/div>\n<p>[analyse_source url=&#8221;https:\/\/ziardesuceava.ro\/cnair-restrictii-de-circulatie-pentru-vehiculele-de-mare-tonaj-in-perioada-14-17-august\/&#8221;]<\/p>\n","protected":false},"excerpt":{"rendered":"<p>[analyse_image type=&#8221;featured&#8221; src=&#8221;https:\/\/ziardesuceava.ro\/wp-content\/uploads\/2026\/08\/restrictii-7-5-tone.jpg&#8221;] Circula\u021bia vehiculelor rutiere cu masa total\u0103 maxim\u0103 autorizat\u0103 (MTMA) mai mare de 7,5 tone, altele dec\u00e2t cele destinate exclusiv transportului de persoane, va fi interzis\u0103 \u00een perioada 14 \u2013 17 august, pe anumite tronsoane de pe A2, DN7, DN39 \u0219i DN22C, a anun\u021bat Compania Na\u021bional\u0103 de Administrare a Infrastructurii Rutiere (CNAIR). CNAIR [&hellip;]<\/p>\n","protected":false},"author":1,"featured_media":0,"comment_status":"open","ping_status":"","sticky":false,"template":"","format":"standard","meta":{"footnotes":""},"categories":[89],"tags":[226,171],"class_list":["post-2089898","post","type-post","status-publish","format-standard","hentry","category-romania","tag-crawlmanager","tag-ziardesuceava-ro"],"_links":{"self":[{"href":"https:\/\/analyse.optim.biz\/index.php?rest_route=\/wp\/v2\/posts\/2089898","targetHints":{"allow":["GET"]}}],"collection":[{"href":"https:\/\/analyse.optim.biz\/index.php?rest_route=\/wp\/v2\/posts"}],"about":[{"href":"https:\/\/analyse.optim.biz\/index.php?rest_route=\/wp\/v2\/types\/post"}],"author":[{"embeddable":true,"href":"https:\/\/analyse.optim.biz\/index.php?rest_route=\/wp\/v2\/users\/1"}],"replies":[{"embeddable":true,"href":"https:\/\/analyse.optim.biz\/index.php?rest_route=%2Fwp%2Fv2%2Fcomments&post=2089898"}],"version-history":[{"count":0,"href":"https:\/\/analyse.optim.biz\/index.php?rest_route=\/wp\/v2\/posts\/2089898\/revisions"}],"wp:attachment":[{"href":"https:\/\/analyse.optim.biz\/index.php?rest_route=%2Fwp%2Fv2%2Fmedia&parent=2089898"}],"wp:term":[{"taxonomy":"category","embeddable":true,"href":"https:\/\/analyse.optim.biz\/index.php?rest_route=%2Fwp%2Fv2%2Fcategories&post=2089898"},{"taxonomy":"post_tag","embeddable":true,"href":"https:\/\/analyse.optim.biz\/index.php?rest_route=%2Fwp%2Fv2%2Ftags&post=2089898"}],"curies":[{"name":"wp","href":"https:\/\/api.w.org\/{rel}","templated":true}]}}