{"id":2089894,"date":"2026-08-12T07:39:16","date_gmt":"2026-08-12T04:39:16","guid":{"rendered":"https:\/\/analyse.optim.biz\/?p=2089894"},"modified":"2026-08-12T07:39:16","modified_gmt":"2026-08-12T04:39:16","slug":"unitatea-2-de-la-cne-cernavoda-va-fi-oprita-joi-dimineata","status":"publish","type":"post","link":"https:\/\/analyse.optim.biz\/?p=2089894","title":{"rendered":"Unitatea 2 de la CNE Cernavod\u0103 va fi oprit\u0103 joi diminea\u0163\u0103"},"content":{"rendered":"<p>[analyse_image type=&#8221;featured&#8221; src=&#8221;https:\/\/ziardesuceava.ro\/wp-content\/uploads\/2026\/08\/335619955-560263709230024-4486988552867929932-n.jpg&#8221;]<\/p>\n<div class=\"post-content clearfix\">\n<div class=\"blog-post-thumb\"><img loading=\"lazy\" decoding=\"async\" width=\"887\" height=\"589\" src=\"https:\/\/ziardesuceava.ro\/wp-content\/uploads\/2026\/08\/335619955-560263709230024-4486988552867929932-n.jpg\" class=\"attachment-inhype-blog-thumb size-inhype-blog-thumb wp-post-image\" alt><\/div>\n<div class=\"entry-content\">\n<p class=\"first-paragraph\">Unitatea 2 de la Centrala Nuclear-Electric\u0103 (CNE) Cernavod\u0103 va fi \u00eenchis\u0103 \u00eencep\u00e2nd de joi diminea\u0163\u0103, a anun\u0163at directorul CNE, Romeo Urjan. El a precizat c\u0103 m\u0103sura a fost luat\u0103 din cauza nivelului sc\u0103zut al Dun\u0103rii.<\/p>\n<p>Romeo Urjan a declarat, miercuri, la Antena 3, c\u0103 joi diminea\u0163a \u00eencepe procedura de oprire controlat\u0103 a Unit\u0103\u0163ii 2.<\/p>\n<p>\u201dDecizia noastr\u0103 de a opri, joi, 13 august, la ora 7 diminea\u0163a, \u00een mod controlat este legat\u0103 de nivelul \u00een Dun\u0103re \u015fi de prognoza de sc\u0103dere, care nu ne mai permite func\u0163ionarea \u00een condi\u0163ii normale\u201d, a afirmat Romeo Urjan.<\/p>\n<p>Potrivit acestuia, procedura de oprire controlat\u0103 se va desf\u0103\u015fura pe parcursul a c\u00e2torva ore.<\/p>\n<p>\u201d\u00cen jurul pr\u00e2nzului vom fi la putere zero \u015fi deconecta\u0163i de la Sistemul Energetic Na\u0163ional\u201d, a mai afirmat Romeo Urjan.<\/p>\n<p>Nuclearelectrica a anun\u0163at, mar\u0163i, c\u0103 Unitatea 2 a Centralei Nucleare de la Cernavod\u0103 ar putea fi oprit\u0103 \u00een diminea\u0163a zilei de 13 august.<\/p>\n<p>Ministerul Energiei a precizat c\u0103 Centrala Nuclearoelectric\u0103 Cernavod\u0103 a ini\u0163iat procedurile tehnice premerg\u0103toare opririi controlate a Unit\u0103\u0163ii 2, pe fondul debitului foarte sc\u0103zut al Dun\u0103rii, dar men\u0163ioneaz\u0103 c\u0103 procedurile sunt uzuale. \u00cen plus, ministerul anun\u0163\u0103 c\u0103 se iau m\u0103suri pentru asigurarea necesarului intern de energie.<\/p>\n<p>Unitatea 1 a CN Cernavod\u0103 a fost oprit\u0103 la sf\u00e2r\u015fitul lunii iulie, reduc\u00e2nd produc\u0163ia intern\u0103 de energie cu 10%, \u00een condi\u0163iile unui consum ridicat din cauza caniculei.<\/p>\n<p>Centrala Nuclearoelectric\u0103 de la Cernavod\u0103 asigur\u0103 aproximativ 20% din produc\u0163ia total\u0103 de energie electric\u0103 din Rom\u00e2nia.<\/p>\n<\/div>\n<div class=\"inhype-social-share-fixed sidebar-position-right\">\n<div class=\"post-social-wrapper\">\n<div class=\"post-social-title\"><span class=\"post-social-title-text\">Share<\/span><\/div>\n<\/div>\n<\/div>\n<\/div>\n<p>[analyse_source url=&#8221;https:\/\/ziardesuceava.ro\/unitatea-2-de-la-cne-cernavoda-va-fi-oprita-joi-dimineata\/&#8221;]<\/p>\n","protected":false},"excerpt":{"rendered":"<p>[analyse_image type=&#8221;featured&#8221; src=&#8221;https:\/\/ziardesuceava.ro\/wp-content\/uploads\/2026\/08\/335619955-560263709230024-4486988552867929932-n.jpg&#8221;] Unitatea 2 de la Centrala Nuclear-Electric\u0103 (CNE) Cernavod\u0103 va fi \u00eenchis\u0103 \u00eencep\u00e2nd de joi diminea\u0163\u0103, a anun\u0163at directorul CNE, Romeo Urjan. El a precizat c\u0103 m\u0103sura a fost luat\u0103 din cauza nivelului sc\u0103zut al Dun\u0103rii. Romeo Urjan a declarat, miercuri, la Antena 3, c\u0103 joi diminea\u0163a \u00eencepe procedura de oprire controlat\u0103 a [&hellip;]<\/p>\n","protected":false},"author":1,"featured_media":0,"comment_status":"open","ping_status":"","sticky":false,"template":"","format":"standard","meta":{"footnotes":""},"categories":[89],"tags":[226,171],"class_list":["post-2089894","post","type-post","status-publish","format-standard","hentry","category-romania","tag-crawlmanager","tag-ziardesuceava-ro"],"_links":{"self":[{"href":"https:\/\/analyse.optim.biz\/index.php?rest_route=\/wp\/v2\/posts\/2089894","targetHints":{"allow":["GET"]}}],"collection":[{"href":"https:\/\/analyse.optim.biz\/index.php?rest_route=\/wp\/v2\/posts"}],"about":[{"href":"https:\/\/analyse.optim.biz\/index.php?rest_route=\/wp\/v2\/types\/post"}],"author":[{"embeddable":true,"href":"https:\/\/analyse.optim.biz\/index.php?rest_route=\/wp\/v2\/users\/1"}],"replies":[{"embeddable":true,"href":"https:\/\/analyse.optim.biz\/index.php?rest_route=%2Fwp%2Fv2%2Fcomments&post=2089894"}],"version-history":[{"count":0,"href":"https:\/\/analyse.optim.biz\/index.php?rest_route=\/wp\/v2\/posts\/2089894\/revisions"}],"wp:attachment":[{"href":"https:\/\/analyse.optim.biz\/index.php?rest_route=%2Fwp%2Fv2%2Fmedia&parent=2089894"}],"wp:term":[{"taxonomy":"category","embeddable":true,"href":"https:\/\/analyse.optim.biz\/index.php?rest_route=%2Fwp%2Fv2%2Fcategories&post=2089894"},{"taxonomy":"post_tag","embeddable":true,"href":"https:\/\/analyse.optim.biz\/index.php?rest_route=%2Fwp%2Fv2%2Ftags&post=2089894"}],"curies":[{"name":"wp","href":"https:\/\/api.w.org\/{rel}","templated":true}]}}