{"id":208986,"date":"2014-03-25T05:59:51","date_gmt":"2014-03-25T02:59:51","guid":{"rendered":"https:\/\/analyse.optim.biz\/?p=208986"},"modified":"2014-03-25T05:59:51","modified_gmt":"2014-03-25T02:59:51","slug":"trecerea-a-trei-proprietati-ra-apps-la-mapn-sri-si-episcopia-covasnei-si-harghitei-la-votul-final-in-senat-vila-covasna-ramane-in-lot","status":"publish","type":"post","link":"https:\/\/analyse.optim.biz\/?p=208986","title":{"rendered":"Trecerea a trei propriet\u0103\u0163i RA-APPS la MApN, SRI \u015fi Episcopia Covasnei \u015fi Harghitei, la votul final \u00een Senat. Vila Covasna r\u0103m\u00e2ne \u00een lot"},"content":{"rendered":"<div class=\"entry data-app-meta data-app-meta-article\" data-embed-base-url-canonical=\"https:\/\/www.digi24.ro\/embed\/stiri\/actualitate\/politica\/trecerea-a-trei-proprietati-ra-apps-la-mapn-sri-si-episcopia-covasnei-si-harghitei-la-votul-final-in-senat-vila-covasna-ramane-in-lot-219451\">\n<p data-index=\"1\"><span><strong><span><span>Senatul d\u0103 mar\u0163i votul final asupra trecerii unor imobile RAAPPS \u00een subordinea MApN. Decizia <a href=\"https:\/\/www.digi24.ro\/Stiri\/Digi24\/Actualitate\/Stiri\/Decizii+ale+Guvernului+SRI+primeste+Palatul+Olanesti+Episcopia+p\" target=\"_blank\" data-skip-linkfix=\"1\" rel=\"noopener\">a fost luat\u0103 chiar la finalul anului trecut, prin Ordonan\u0163\u0103 de Urgen\u0163\u0103 a Guvernului<\/a>. Este vorba despre mai multe propriet\u0103\u0163i din toat\u0103 \u0163ara, printre care \u015fi vila din Covasna \u00een care pre\u015fedintele Traian B\u0103sescu \u015fi-a petrecut de mai multe ori s\u0103rb\u0103torile \u015fi concediile.<\/span><\/span><\/strong><\/span><\/p>\n<p data-index=\"2\"><span><span><img decoding=\"async\" src=\"https:\/\/analyse.optim.biz\/wp-content\/uploads\/2024\/09\/jmhhc2g9yznlnzq4mmnhmjcxzjzkodzkotu1ntdjnty2owu1otc-thumb_.jpg\" data-skip-htmlfix=\"1\" title=\"jmhhc2g9yznlnzq4mmnhmjcxzjzkodzkotu1ntdjnty2owu1otc-thumb_\"><\/span><\/span><\/p>\n<p data-index=\"3\"><span><strong><span>Vila Covasna<\/span><\/strong><\/span><\/p>\n<p data-index=\"4\"><span><span><strong>Vila Covasna<\/strong>, locuin\u0163a preferat\u0103 de vacan\u0163\u0103 a pre\u015fedintelui, ar trece \u00een administrarea Ministerului Ap\u0103r\u0103rii, <strong>Palatul Ol\u0103ne\u015fti<\/strong> va fi cedat <strong>Serviciului Rom\u00e2n de Informa\u0163ii<\/strong>, iar <strong>complexul hotelier Bradul din Covasna<\/strong>\u00a0ar fi transferat c\u0103tre <strong>Episcopia Ortodox\u0103 a Covasnei \u015fi Harghitei<\/strong>. Transferurile au fost f\u0103cute la solicitarea celor trei institu\u0163ii, potrivit declara\u0163iei premierului <strong>Victor Ponta<\/strong>. Imobilele ar fi fost mutate de la RA-APPS <a href=\"https:\/\/www.digi24.ro\/Stiri\/Digi24\/Actualitate\/Politica\/Vile+RA-APPS+date+cadou+de+Guvern+V+Ponta+Presedintele+poate+fol\" target=\"_blank\" data-skip-linkfix=\"1\" rel=\"noopener\"><strong>pentru a nu fi v\u00e2ndute<\/strong><\/a>.<\/span><\/span><\/p>\n<p data-index=\"5\"><span><span>La <strong>Palatul Ol\u0103ne\u015fti<\/strong>, <strong>SRI<\/strong> va prelua inclusiv bunurile mobile care fac parte din patrimoniul cultural na\u0163ional, \u00een timp ce personalul va fi transferat doar \u201e<\/span><\/span><span><span><em><strong>pe baz\u0103 de evaluare<\/strong><\/em><\/span><\/span><span><span>\u201d.<\/span><\/span><\/p>\n<p data-index=\"6\"><span><span>Anul trecut, imediat dup\u0103 apari\u0163ia ordonan\u0163ei, <strong>Traian B\u0103sescu<\/strong> a ales s\u0103 petreac\u0103 la Predeal, cu toate c\u0103 premierul a \u0163inut s\u0103 precizeze c\u0103 <a href=\"https:\/\/www.digi24.ro\/Stiri\/Digi24\/Actualitate\/Politica\/Vile+RA-APPS+date+cadou+de+Guvern+V+Ponta+Presedintele+poate+fol\" target=\"_blank\" data-skip-linkfix=\"1\" rel=\"noopener\"><strong>pre\u015fedintele poate folosi \u00een continuare aceast\u0103 vil\u0103, cu acordul Ministerului Ap\u0103r\u0103rii<\/strong><\/a>.<\/span><\/span><\/p>\n<p data-index=\"7\"><span><span>Ordonan\u0163a de Urgen\u0163\u0103 a fost publicat\u0103 \u00een Monitorul Oficial chiar \u00een \u015fedin\u0163a din 24 decembrie, iar executivul justifica atunci c\u0103 este vorba de \u201e<em><strong>elemente care constituie o situa\u0163ie extraordinar\u0103, a c\u0103rei reglementare nu poate fi am\u00e2nat\u0103<\/strong><\/em>\u201d.\u00a0Neadoptarea m\u0103surilor propuse ar genera \u201e<em><strong>efecte negative, concretizate \u00een ne\u00eendeplinirea rolului \u015fi func\u0163iilor unor institu\u0163ii de baz\u0103 ale statului<\/strong><\/em>\u201d.<\/span><\/span><\/p>\n<p data-index=\"8\"><span><span><strong><a href=\"http:\/\/senat.ro\/Legis\/Lista.aspx?cod=17934\" target=\"_blank\" data-skip-linkfix=\"1\" rel=\"noopener\">Senatul este prima camer\u0103 legislativ\u0103 sesizat\u0103 \u00een acest caz<\/a><\/strong>, urm\u00e2nd ca ini\u0163iativa s\u0103 mearg\u0103 mai departe la Camera Deputa\u0163ilor. Citi\u0163i aici <strong><a href=\"http:\/\/senat.ro\/Legis\/PDF\/2014\/14L018EM.pdf\" target=\"_blank\" data-skip-linkfix=\"1\" rel=\"noopener\">expunerea de motive<\/a><\/strong>, <strong><a href=\"http:\/\/senat.ro\/Legis\/PDF\/2014\/14L018CR.pdf\" target=\"_blank\" data-skip-linkfix=\"1\" rel=\"noopener\">amendamentele Comisiei senatoriale de Ap\u0103rare, ordine public\u0103 \u015fi siguran\u0163\u0103 Na\u0163ional\u0103<\/a><\/strong> \u015fi textul original al <strong><a href=\"http:\/\/senat.ro\/Legis\/PDF\/2014\/14L018OG.pdf\" target=\"_blank\" data-skip-linkfix=\"1\" rel=\"noopener\">Ordonan\u0163ei de Urgen\u0163\u0103<\/a><\/strong>.<\/span><\/span><\/p>\n<p data-index=\"9\">Potrivit OUG publicate \u00een <strong><a href=\"http:\/\/www.monitoruloficial.ro\/RO\/article--e-Monitor--297.html\" target=\"_blank\" data-skip-linkfix=\"1\" rel=\"noopener\">Monitorul Oficial<\/a><\/strong>, <strong>Vila Covasna<\/strong> este o cl\u0103dire cu subsol, parter \u015fi etaj situat\u0103 \u00een ora\u015ful Covasna, str. Z\u00e2nelor num\u0103rul 10, cu o suprafa\u0163\u0103 construit\u0103 de 1274 metri p\u0103tra\u0163i \u015fi un teren de 17.107 mp.<\/p>\n<p data-index=\"10\"><strong>Complexul Palat Ol\u0103ne\u015fti<\/strong>, situat \u00een Ol\u0103ne\u015fti, Aleea Salc\u00e2milor nr 2, jude\u0163ul V\u00e2lcea, este compus din \u201ecorp vechi \u015fi corp nou, caban\u0103, helioport, parc \u015fi terenul aferent \u00een suprafa\u0163\u0103 de 107.687,21 mp\u201d.<\/p>\n<p data-index=\"11\"><strong>Complexul Hotelier Bradul<\/strong>\u00a0din Covasna este compus din \u201ecl\u0103dire anex\u0103, buc\u0103t\u0103rie, restaurant, teras\u0103, corpuri de cazare, mofet\u0103, baz\u0103 de tratament, sp\u0103l\u0103torie, ramp\u0103, teren de sport, parc amenajat \u015fi p\u0103\u015fune, \u00een suprafa\u0163\u0103 total\u0103 de 22.763 mp\u201d \u015fi \u201ecas\u0103 izvor ap\u0103 mineral\u0103, suprafa\u0163\u0103 35 mp\u201d.<\/p>\n<p data-index=\"12\"><strong>Argumentele permut\u0103rilor oferite \u00een OUG:<\/strong><\/p>\n<p data-index=\"13\">&#8211; Cerin\u0163e specifice ale <strong>activit\u0103\u0163ilor de reprezentare \u015fi protocol desf\u0103\u015furate de MApN<\/strong>, \u00een condi\u0163iile intensific\u0103rii rela\u0163iilor dintre minister \u015fi structurile din cadrul NATO.<\/p>\n<p data-index=\"14\">&#8211; <strong>Imperativul sprijinirii activit\u0103\u0163ii Bisericii Ortodoxe Rom\u00e2ne, institu\u0163ie fundamental\u0103 a statului rom\u00e2n, cu un rol esen\u0163ial \u00een ap\u0103rarea identit\u0103\u0163ii na\u0163ionale.<\/strong><\/p>\n<p data-index=\"15\">&#8211; <strong>Asigurarea desf\u0103\u015fur\u0103rii \u00een condi\u0163ii optime a activit\u0103\u0163ilor specifice ale SRI.<\/strong><\/p>\n<\/div>\n<p> Source URL: https:\/\/www.digi24.ro\/stiri\/actualitate\/politica\/trecerea-a-trei-proprietati-ra-apps-la-mapn-sri-si-episcopia-covasnei-si-harghitei-la-votul-final-in-senat-vila-covasna-ramane-in-lot-219451<\/p>\n","protected":false},"excerpt":{"rendered":"<p>Senatul d\u0103 mar\u0163i votul final asupra trecerii unor imobile RAAPPS \u00een subordinea MApN. Decizia a fost luat\u0103 chiar la finalul anului trecut, prin Ordonan\u0163\u0103 de Urgen\u0163\u0103 a Guvernului. Este vorba despre mai multe propriet\u0103\u0163i din toat\u0103 \u0163ara, printre care \u015fi vila din Covasna \u00een care pre\u015fedintele Traian B\u0103sescu \u015fi-a petrecut de mai multe ori s\u0103rb\u0103torile [&hellip;]<\/p>\n","protected":false},"author":1,"featured_media":208987,"comment_status":"open","ping_status":"","sticky":false,"template":"","format":"standard","meta":{"footnotes":""},"categories":[2],"tags":[11],"class_list":["post-208986","post","type-post","status-publish","format-standard","has-post-thumbnail","hentry","category-politics","tag-digi24"],"_links":{"self":[{"href":"https:\/\/analyse.optim.biz\/index.php?rest_route=\/wp\/v2\/posts\/208986","targetHints":{"allow":["GET"]}}],"collection":[{"href":"https:\/\/analyse.optim.biz\/index.php?rest_route=\/wp\/v2\/posts"}],"about":[{"href":"https:\/\/analyse.optim.biz\/index.php?rest_route=\/wp\/v2\/types\/post"}],"author":[{"embeddable":true,"href":"https:\/\/analyse.optim.biz\/index.php?rest_route=\/wp\/v2\/users\/1"}],"replies":[{"embeddable":true,"href":"https:\/\/analyse.optim.biz\/index.php?rest_route=%2Fwp%2Fv2%2Fcomments&post=208986"}],"version-history":[{"count":0,"href":"https:\/\/analyse.optim.biz\/index.php?rest_route=\/wp\/v2\/posts\/208986\/revisions"}],"wp:featuredmedia":[{"embeddable":true,"href":"https:\/\/analyse.optim.biz\/index.php?rest_route=\/wp\/v2\/media\/208987"}],"wp:attachment":[{"href":"https:\/\/analyse.optim.biz\/index.php?rest_route=%2Fwp%2Fv2%2Fmedia&parent=208986"}],"wp:term":[{"taxonomy":"category","embeddable":true,"href":"https:\/\/analyse.optim.biz\/index.php?rest_route=%2Fwp%2Fv2%2Fcategories&post=208986"},{"taxonomy":"post_tag","embeddable":true,"href":"https:\/\/analyse.optim.biz\/index.php?rest_route=%2Fwp%2Fv2%2Ftags&post=208986"}],"curies":[{"name":"wp","href":"https:\/\/api.w.org\/{rel}","templated":true}]}}