{"id":2089833,"date":"2026-08-12T13:17:32","date_gmt":"2026-08-12T10:17:32","guid":{"rendered":"https:\/\/analyse.optim.biz\/?p=2089833"},"modified":"2026-08-12T13:17:32","modified_gmt":"2026-08-12T10:17:32","slug":"deputat-oana-matache-declaratie-politica","status":"publish","type":"post","link":"https:\/\/analyse.optim.biz\/?p=2089833","title":{"rendered":"Deputat Oana Matache: Declara\u021bie politic\u0103"},"content":{"rendered":"<p>[analyse_image type=&#8221;featured&#8221; src=&#8221;https:\/\/revistaverde.ro\/wp-content\/uploads\/2026\/08\/OK-2.jpg&#8221;]<\/p>\n<article id=\"post-15796\" class=\"post-15796 post type-post status-publish format-standard has-post-thumbnail hentry category-comunicate-de-presa category-evnimente category-international\">\n<header class=\"entry-header mh-clearfix\">\n<h1 class=\"entry-title\">Deputat Oana Matache: Declara\u021bie politic\u0103<\/h1>\n<p class=\"mh-meta entry-meta\"><span class=\"entry-meta-date updated\"><a href=\"https:\/\/revistaverde.ro\/2026\/08\/\">august 12, 2026<\/a><\/span><span class=\"entry-meta-author author vcard\"><a class=\"fn\" href=\"https:\/\/revistaverde.ro\/author\/revistaverdefrumoasa2017\/\">M\u0103rg\u0103rit GROSU<\/a><\/span><span class=\"entry-meta-categories\"><a href=\"https:\/\/revistaverde.ro\/category\/local\/comunicate-de-presa\/\" rel=\"category tag\">Comunicate de presa<\/a>, <a href=\"https:\/\/revistaverde.ro\/category\/local\/evnimente\/\" rel=\"category tag\">Evenimente<\/a>, <a href=\"https:\/\/revistaverde.ro\/category\/international\/\" rel=\"category tag\">international<\/a><\/span><span class=\"entry-meta-comments\"><a class=\"mh-comment-scroll\" href=\"https:\/\/revistaverde.ro\/2026\/08\/12\/deputat-oana-matache-declaratie-politica\/#mh-comments\">0<\/a><\/span><\/p>\n<\/header>\n<div class=\"entry-content mh-clearfix\">\n<figure class=\"entry-thumbnail\"><img decoding=\"async\" src=\"https:\/\/revistaverde.ro\/wp-content\/uploads\/2026\/08\/OK-2-450x381.jpg\" alt title=\"OK 2\"><\/figure>\n<blockquote class=\"wp-block-quote\">\n<p>\u201dAm votat ast\u0103zi pentru \u00eendreptarea unei alte decizii care afecta sistemul educa\u021bional: revenirea la degrevarea de ore pentru directorii unit\u0103\u021bilor de \u00eenv\u0103\u021b\u0103m\u00e2nt \u0219i personalul de decizie.<\/p>\n<p>Am lucrat cu directorii unit\u0103\u021bilor de \u00eenv\u0103\u021b\u0103m\u00e2nt \u0219i \u0219tiu c\u0103 este esen\u021bial s\u0103 aib\u0103 posibilitatea s\u0103 asigure bunul mers prin derularea programului \u0219colar \u0219i a proiectelor educa\u021bionale, achizi\u021bii, buget, angaj\u0103ri, autoriza\u021bii ISU, repara\u021bii, rapoarte, rela\u021bia cu p\u0103rin\u021bii, cu cadrele didactice \u0219i cu prim\u0103ria.<\/p>\n<p>Tocmai de aceea a existat dintotdeauna \u201edegrevarea de norm\u0103 didactic\u0103\u201d: directorul pred\u0103 mai pu\u021bine ore la clas\u0103, ca s\u0103 aib\u0103 mai mult timp pentru management. Regimul acesta a fost t\u0103iat prin pachetul fiscal-bugetar din iulie 2025, adoptat prin angajarea r\u0103spunderii Guvernului, adic\u0103 f\u0103r\u0103 dezbatere \u00een Parlament, printr-un vot \u00een bloc pe tot pachetul. Nimeni nu a discutat separat ce \u00eenseamn\u0103 asta pentru o \u0219coal\u0103.<\/p>\n<p>\u0218i directorii au aceea\u0219i zi de 24 de ore, dar cu norm\u0103 \u00eentreag\u0103 la catedr\u0103, pe l\u00e2ng\u0103 tot ce presupune conducerea unei \u0219coli. \u0218i, mai ales, cine pierde? Elevii, fie la ore, fie \u00een felul \u00een care este coordonat\u0103 \u0219coala.<\/p>\n<\/blockquote>\n<blockquote class=\"wp-block-quote\">\n<h2 class=\"wp-block-heading\">Sprijin pentru persoanele cu handicap care ies din centre<\/h2>\n<p>\u00cen Rom\u00e2nia sunt mii de adul\u021bi cu handicap grav, accentuat sau mediu care tr\u0103iesc \u00een centre reziden\u021biale. Dezinstitu\u021bionalizarea \u00eenseamn\u0103 s\u0103 le d\u0103m posibilitatea s\u0103 ias\u0103 de acolo \u0219i s\u0103 tr\u0103iasc\u0103 \u00een comunitate, ca to\u021bi ceilal\u021bi oameni.<\/p>\n<p>Ca s\u0103 v\u0103 dau un exemplu, vorbim poate de un om care, la 40 de ani, \u00ee\u0219i face pentru prima dat\u0103 cump\u0103r\u0103turile singur.<\/p>\n<p>Ace\u0219ti oameni vor avea \u00een sf\u00e2r\u0219it parte de:<br \/>\u2022 beneficiul pentru locuire, adic\u0103 o sum\u0103 lunar\u0103 pentru cheltuielile de administrare a locuin\u021bei \u0219i pentru utilit\u0103\u021bi;<br \/>\u2022 beneficiul de tranzi\u021bie, adic\u0103 o sum\u0103 pl\u0103tit\u0103 la ie\u0219irea din centru, pentru instalarea \u00een noua locuin\u021b\u0103 \u0219i pentru situa\u021biile nea\u0219teptate din primul an.<\/p>\n<p>Dac\u0103 nu era rezolvat la timp acest aspect, Rom\u00e2nia risca s\u0103 piard\u0103 bani europeni deja aloca\u021bi pentru reforma sistemului de protec\u021bie a persoanelor cu handicap, fiind jalon PNRR. Este un vot care \u00eenseamn\u0103, \u00een primul r\u00e2nd, demnitate pentru oameni, dar \u0219i fonduri p\u0103strate pentru Rom\u00e2nia\u201d.<\/p>\n<p>V\u0103 stau la dispozi\u021bie pentru opinii \u0219i \u00eentreb\u0103ri.<br \/>V\u0103 mul\u021bumesc!<\/p>\n<\/blockquote>\n<div class=\"col-md-2 col-sm-4 col-xs-4\"> .col-md-2 { float:left; width: 16.6667%; } <\/div>\n<div class=\"col-md-2 col-sm-4 col-xs-4\"> .col-md-2 { float:left; width: 16.6667%; } <\/p>\n<div class=\"fb-share-button\" data-href=\"https:\/\/revistaverde.ro\/2026\/08\/12\/deputat-oana-matache-declaratie-politica\/\" data-layout=\"button\" data-size=\"large\" data-mobile-iframe=\"true\"><a class=\"fb-xfbml-parse-ignore\" target=\"_blank\" href=\"https:\/\/www.facebook.com\/sharer\/sharer.php?u=https%3A%2F%2Frevistaverde.ro%2F2026%2F08%2F12%2Fdeputat-oana-matache-declaratie-politica%2F&amp;src=sdkpreparse\">Share<\/a><\/div>\n<\/div>\n<div class=\"col-md-2 col-sm-4 col-xs-4\"> .col-md-2 { float:left; width: 16.6667%; } <\/div>\n<\/div>\n<\/article>\n<div class=\"entry-content mh-clearfix\">\n<figure class=\"entry-thumbnail\"><img decoding=\"async\" src=\"https:\/\/revistaverde.ro\/wp-content\/uploads\/2026\/08\/OK-2-450x381.jpg\" alt title=\"OK 2\"><\/figure>\n<blockquote class=\"wp-block-quote\">\n<p>\u201dAm votat ast\u0103zi pentru \u00eendreptarea unei alte decizii care afecta sistemul educa\u021bional: revenirea la degrevarea de ore pentru directorii unit\u0103\u021bilor de \u00eenv\u0103\u021b\u0103m\u00e2nt \u0219i personalul de decizie.<\/p>\n<p>Am lucrat cu directorii unit\u0103\u021bilor de \u00eenv\u0103\u021b\u0103m\u00e2nt \u0219i \u0219tiu c\u0103 este esen\u021bial s\u0103 aib\u0103 posibilitatea s\u0103 asigure bunul mers prin derularea programului \u0219colar \u0219i a proiectelor educa\u021bionale, achizi\u021bii, buget, angaj\u0103ri, autoriza\u021bii ISU, repara\u021bii, rapoarte, rela\u021bia cu p\u0103rin\u021bii, cu cadrele didactice \u0219i cu prim\u0103ria.<\/p>\n<p>Tocmai de aceea a existat dintotdeauna \u201edegrevarea de norm\u0103 didactic\u0103\u201d: directorul pred\u0103 mai pu\u021bine ore la clas\u0103, ca s\u0103 aib\u0103 mai mult timp pentru management. Regimul acesta a fost t\u0103iat prin pachetul fiscal-bugetar din iulie 2025, adoptat prin angajarea r\u0103spunderii Guvernului, adic\u0103 f\u0103r\u0103 dezbatere \u00een Parlament, printr-un vot \u00een bloc pe tot pachetul. Nimeni nu a discutat separat ce \u00eenseamn\u0103 asta pentru o \u0219coal\u0103.<\/p>\n<p>\u0218i directorii au aceea\u0219i zi de 24 de ore, dar cu norm\u0103 \u00eentreag\u0103 la catedr\u0103, pe l\u00e2ng\u0103 tot ce presupune conducerea unei \u0219coli. \u0218i, mai ales, cine pierde? Elevii, fie la ore, fie \u00een felul \u00een care este coordonat\u0103 \u0219coala.<\/p>\n<\/blockquote>\n<blockquote class=\"wp-block-quote\">\n<h2 class=\"wp-block-heading\">Sprijin pentru persoanele cu handicap care ies din centre<\/h2>\n<p>\u00cen Rom\u00e2nia sunt mii de adul\u021bi cu handicap grav, accentuat sau mediu care tr\u0103iesc \u00een centre reziden\u021biale. Dezinstitu\u021bionalizarea \u00eenseamn\u0103 s\u0103 le d\u0103m posibilitatea s\u0103 ias\u0103 de acolo \u0219i s\u0103 tr\u0103iasc\u0103 \u00een comunitate, ca to\u021bi ceilal\u021bi oameni.<\/p>\n<p>Ca s\u0103 v\u0103 dau un exemplu, vorbim poate de un om care, la 40 de ani, \u00ee\u0219i face pentru prima dat\u0103 cump\u0103r\u0103turile singur.<\/p>\n<p>Ace\u0219ti oameni vor avea \u00een sf\u00e2r\u0219it parte de:<br \/>\u2022 beneficiul pentru locuire, adic\u0103 o sum\u0103 lunar\u0103 pentru cheltuielile de administrare a locuin\u021bei \u0219i pentru utilit\u0103\u021bi;<br \/>\u2022 beneficiul de tranzi\u021bie, adic\u0103 o sum\u0103 pl\u0103tit\u0103 la ie\u0219irea din centru, pentru instalarea \u00een noua locuin\u021b\u0103 \u0219i pentru situa\u021biile nea\u0219teptate din primul an.<\/p>\n<p>Dac\u0103 nu era rezolvat la timp acest aspect, Rom\u00e2nia risca s\u0103 piard\u0103 bani europeni deja aloca\u021bi pentru reforma sistemului de protec\u021bie a persoanelor cu handicap, fiind jalon PNRR. Este un vot care \u00eenseamn\u0103, \u00een primul r\u00e2nd, demnitate pentru oameni, dar \u0219i fonduri p\u0103strate pentru Rom\u00e2nia\u201d.<\/p>\n<p>V\u0103 stau la dispozi\u021bie pentru opinii \u0219i \u00eentreb\u0103ri.<br \/>V\u0103 mul\u021bumesc!<\/p>\n<\/blockquote>\n<div class=\"col-md-2 col-sm-4 col-xs-4\"> .col-md-2 { float:left; width: 16.6667%; } <\/div>\n<div class=\"col-md-2 col-sm-4 col-xs-4\"> .col-md-2 { float:left; width: 16.6667%; } <\/p>\n<div class=\"fb-share-button\" data-href=\"https:\/\/revistaverde.ro\/2026\/08\/12\/deputat-oana-matache-declaratie-politica\/\" data-layout=\"button\" data-size=\"large\" data-mobile-iframe=\"true\"><a class=\"fb-xfbml-parse-ignore\" target=\"_blank\" href=\"https:\/\/www.facebook.com\/sharer\/sharer.php?u=https%3A%2F%2Frevistaverde.ro%2F2026%2F08%2F12%2Fdeputat-oana-matache-declaratie-politica%2F&amp;src=sdkpreparse\">Share<\/a><\/div>\n<\/div>\n<div class=\"col-md-2 col-sm-4 col-xs-4\"> .col-md-2 { float:left; width: 16.6667%; } <\/div>\n<\/div>\n<p>[analyse_source url=&#8221;https:\/\/revistaverde.ro\/2026\/08\/12\/deputat-oana-matache-declaratie-politica\/&#8221;]<\/p>\n","protected":false},"excerpt":{"rendered":"<p>[analyse_image type=&#8221;featured&#8221; src=&#8221;https:\/\/revistaverde.ro\/wp-content\/uploads\/2026\/08\/OK-2.jpg&#8221;] Deputat Oana Matache: Declara\u021bie politic\u0103 august 12, 2026M\u0103rg\u0103rit GROSUComunicate de presa, Evenimente, international0 \u201dAm votat ast\u0103zi pentru \u00eendreptarea unei alte decizii care afecta sistemul educa\u021bional: revenirea la degrevarea de ore pentru directorii unit\u0103\u021bilor de \u00eenv\u0103\u021b\u0103m\u00e2nt \u0219i personalul de decizie. Am lucrat cu directorii unit\u0103\u021bilor de \u00eenv\u0103\u021b\u0103m\u00e2nt \u0219i \u0219tiu c\u0103 este esen\u021bial s\u0103 [&hellip;]<\/p>\n","protected":false},"author":1,"featured_media":0,"comment_status":"open","ping_status":"","sticky":false,"template":"","format":"standard","meta":{"footnotes":""},"categories":[2],"tags":[226,57],"class_list":["post-2089833","post","type-post","status-publish","format-standard","hentry","category-politics","tag-crawlmanager","tag-revistaverde-ro"],"_links":{"self":[{"href":"https:\/\/analyse.optim.biz\/index.php?rest_route=\/wp\/v2\/posts\/2089833","targetHints":{"allow":["GET"]}}],"collection":[{"href":"https:\/\/analyse.optim.biz\/index.php?rest_route=\/wp\/v2\/posts"}],"about":[{"href":"https:\/\/analyse.optim.biz\/index.php?rest_route=\/wp\/v2\/types\/post"}],"author":[{"embeddable":true,"href":"https:\/\/analyse.optim.biz\/index.php?rest_route=\/wp\/v2\/users\/1"}],"replies":[{"embeddable":true,"href":"https:\/\/analyse.optim.biz\/index.php?rest_route=%2Fwp%2Fv2%2Fcomments&post=2089833"}],"version-history":[{"count":0,"href":"https:\/\/analyse.optim.biz\/index.php?rest_route=\/wp\/v2\/posts\/2089833\/revisions"}],"wp:attachment":[{"href":"https:\/\/analyse.optim.biz\/index.php?rest_route=%2Fwp%2Fv2%2Fmedia&parent=2089833"}],"wp:term":[{"taxonomy":"category","embeddable":true,"href":"https:\/\/analyse.optim.biz\/index.php?rest_route=%2Fwp%2Fv2%2Fcategories&post=2089833"},{"taxonomy":"post_tag","embeddable":true,"href":"https:\/\/analyse.optim.biz\/index.php?rest_route=%2Fwp%2Fv2%2Ftags&post=2089833"}],"curies":[{"name":"wp","href":"https:\/\/api.w.org\/{rel}","templated":true}]}}