{"id":2089821,"date":"2026-08-10T16:34:00","date_gmt":"2026-08-10T13:34:00","guid":{"rendered":"https:\/\/analyse.optim.biz\/?p=2089821"},"modified":"2026-08-10T16:34:00","modified_gmt":"2026-08-10T13:34:00","slug":"agricultura-de-top-buzaul-nu-a-primit-nicio-instiintare-de-seceta","status":"publish","type":"post","link":"https:\/\/analyse.optim.biz\/?p=2089821","title":{"rendered":"Agricultur\u0103 de top. Buz\u0103ul nu a primit nicio \u00een\u0219tiin\u021bare de secet\u0103"},"content":{"rendered":"<p>[analyse_image type=&#8221;featured&#8221; src=&#8221;https:\/\/www.campusbuzau.ro\/wp-content\/uploads\/2021\/07\/culturi-grau-drona-e1786348611211.jpghttps:\/\/www.campusbuzau.ro\/wp-content\/uploads\/2021\/07\/culturi-grau-drona-e1786348611211.jpg&#8221;]<\/p>\n<div class=\"entry-content\">\n<p><strong><em><mark class=\"has-inline-color has-maincolor-color\">Conform afirma\u021biilor directorului de la Direc\u021bia Agricol\u0103 a jude\u021bului Buz\u0103u, anul acesta agricultura buzoian\u0103 se num\u0103r\u0103 printre cele mai performante din \u021bar\u0103 din ultimii 5 ani \u0219i agricultorii se a\u0219teapt\u0103 la produc\u021bii de top.<\/mark><\/em><\/strong><\/p>\n<p>Iat\u0103 c\u0103 dup\u0103 mai mul\u021bi ani \u00een care agricultura buzoian\u0103 a avut de suferit din cauza secetei prelungite \u0219i a ob\u021binut recolte mai slabe, anul acesta st\u0103 mult mai bine \u0219i se prev\u0103d recolte bogate.<\/p>\n<p>Fermierii cred c\u0103 vor avea produc\u021bii foarte bune \u0219i c\u0103 vor mai acoperi din deficitul financiar din anii trecu\u021bi.<\/p>\n<p>Culturile de toamn\u0103 au fost deja recoltate \u0219i treierate, apoi au fost depozitate ori comercializate \u00eentr-o propor\u021bie de 95-100 la sut\u0103.<\/p>\n<p>Suntem \u00eenc\u0103 \u00een plin\u0103 var\u0103, temperaturile sunt \u00eenc\u0103 ridicate \u0219i este un mic deficit de ap\u0103 \u00een sol, dar sunt a\u0219teptate \u0219i ploile de toamn\u0103.<\/p>\n<p>\u00cen concluzie, jude\u021bul Buz\u0103u va avea produc\u021bii agricole bune \u0219i ceea ce este \u00eencurajator este faptul c\u0103 p\u00e2n\u0103 \u00een prezent nu a fost primit\u0103 nicio \u00een\u0219tiin\u021bare de secet\u0103, ceea ce nu s-a mai \u00eent\u00e2mplat \u00een ultimii 5-6 ani.<\/p>\n<figure class=\"wp-block-embed is-type-video is-provider-youtube wp-block-embed-youtube wp-embed-aspect-16-9 wp-has-aspect-ratio\">\n<div class=\"wp-block-embed__wrapper\">\n<iframe loading=\"lazy\" title=\"DIREC\u0162IA AGRICOL\u0102: ANUL ACESTA AVEM RECOLTE BOGATE\" width=\"500\" height=\"281\" src=\"https:\/\/www.youtube.com\/embed\/9pn4n7rLwFA?feature=oembed\" frameborder allow=\"accelerometer; autoplay; clipboard-write; encrypted-media; gyroscope; picture-in-picture; web-share\" referrerpolicy=\"strict-origin-when-cross-origin\" allowfullscreen><\/iframe>\n<\/div>\n<\/figure>\n<\/div>\n<p>[analyse_source url=&#8221;https:\/\/www.campusbuzau.ro\/agricultura-de-top-buzaul-nu-a-primit-nicio-instiintare-de-seceta\/&#8221;]<\/p>\n","protected":false},"excerpt":{"rendered":"<p>[analyse_image type=&#8221;featured&#8221; src=&#8221;https:\/\/www.campusbuzau.ro\/wp-content\/uploads\/2021\/07\/culturi-grau-drona-e1786348611211.jpghttps:\/\/www.campusbuzau.ro\/wp-content\/uploads\/2021\/07\/culturi-grau-drona-e1786348611211.jpg&#8221;] Conform afirma\u021biilor directorului de la Direc\u021bia Agricol\u0103 a jude\u021bului Buz\u0103u, anul acesta agricultura buzoian\u0103 se num\u0103r\u0103 printre cele mai performante din \u021bar\u0103 din ultimii 5 ani \u0219i agricultorii se a\u0219teapt\u0103 la produc\u021bii de top. Iat\u0103 c\u0103 dup\u0103 mai mul\u021bi ani \u00een care agricultura buzoian\u0103 a avut de suferit din cauza secetei prelungite [&hellip;]<\/p>\n","protected":false},"author":1,"featured_media":0,"comment_status":"open","ping_status":"","sticky":false,"template":"","format":"standard","meta":{"footnotes":""},"categories":[2],"tags":[118,226],"class_list":["post-2089821","post","type-post","status-publish","format-standard","hentry","category-politics","tag-campusbuzau-ro","tag-crawlmanager"],"_links":{"self":[{"href":"https:\/\/analyse.optim.biz\/index.php?rest_route=\/wp\/v2\/posts\/2089821","targetHints":{"allow":["GET"]}}],"collection":[{"href":"https:\/\/analyse.optim.biz\/index.php?rest_route=\/wp\/v2\/posts"}],"about":[{"href":"https:\/\/analyse.optim.biz\/index.php?rest_route=\/wp\/v2\/types\/post"}],"author":[{"embeddable":true,"href":"https:\/\/analyse.optim.biz\/index.php?rest_route=\/wp\/v2\/users\/1"}],"replies":[{"embeddable":true,"href":"https:\/\/analyse.optim.biz\/index.php?rest_route=%2Fwp%2Fv2%2Fcomments&post=2089821"}],"version-history":[{"count":0,"href":"https:\/\/analyse.optim.biz\/index.php?rest_route=\/wp\/v2\/posts\/2089821\/revisions"}],"wp:attachment":[{"href":"https:\/\/analyse.optim.biz\/index.php?rest_route=%2Fwp%2Fv2%2Fmedia&parent=2089821"}],"wp:term":[{"taxonomy":"category","embeddable":true,"href":"https:\/\/analyse.optim.biz\/index.php?rest_route=%2Fwp%2Fv2%2Fcategories&post=2089821"},{"taxonomy":"post_tag","embeddable":true,"href":"https:\/\/analyse.optim.biz\/index.php?rest_route=%2Fwp%2Fv2%2Ftags&post=2089821"}],"curies":[{"name":"wp","href":"https:\/\/api.w.org\/{rel}","templated":true}]}}