{"id":208975,"date":"2014-03-25T07:36:02","date_gmt":"2014-03-25T04:36:02","guid":{"rendered":"https:\/\/analyse.optim.biz\/?p=208975"},"modified":"2014-03-25T07:36:02","modified_gmt":"2014-03-25T04:36:02","slug":"instanta-suprema-decide-azi-daca-ecaterina-andronescu-va-putea-candida-la-europarlamentare","status":"publish","type":"post","link":"https:\/\/analyse.optim.biz\/?p=208975","title":{"rendered":"Instan\u021ba suprem\u0103 decide, azi, dac\u0103 Ecaterina Andronescu va putea candida la europarlamentare"},"content":{"rendered":"<div class=\"entry data-app-meta data-app-meta-article\" data-embed-base-url-canonical=\"https:\/\/www.digi24.ro\/embed\/stiri\/actualitate\/politica\/instanta-suprema-decide-azi-daca-ecaterina-andronescu-va-putea-candida-la-europarlamentare-219462\">\n<p data-index=\"1\">La fel ca liberalul Mircea Diaconu, \u015fi senatorul PSD este acuzat de incompatibilitate \u015fi ar putea pierde dreptul de a mai de\u0163ine o func\u0163ie public\u0103 pentru urm\u0103torii trei ani.<\/p>\n<p data-index=\"2\">Inspectorii de integritate sus\u0163in c\u0103, \u00een 2011, Ecaterina Andronescu a \u00eenc\u0103lcat legisla\u0163ia, dup\u0103 ce a ocupat func\u0163ia de rector al Universitatii Politehnice din Bucuresti, fiind \u015fi senator PSD.<\/p>\n<\/div>\n<p> Source URL: https:\/\/www.digi24.ro\/stiri\/actualitate\/politica\/instanta-suprema-decide-azi-daca-ecaterina-andronescu-va-putea-candida-la-europarlamentare-219462<\/p>\n","protected":false},"excerpt":{"rendered":"<p>La fel ca liberalul Mircea Diaconu, \u015fi senatorul PSD este acuzat de incompatibilitate \u015fi ar putea pierde dreptul de a mai de\u0163ine o func\u0163ie public\u0103 pentru urm\u0103torii trei ani. Inspectorii de integritate sus\u0163in c\u0103, \u00een 2011, Ecaterina Andronescu a \u00eenc\u0103lcat legisla\u0163ia, dup\u0103 ce a ocupat func\u0163ia de rector al Universitatii Politehnice din Bucuresti, fiind \u015fi [&hellip;]<\/p>\n","protected":false},"author":1,"featured_media":208976,"comment_status":"open","ping_status":"","sticky":false,"template":"","format":"standard","meta":{"footnotes":""},"categories":[2],"tags":[11],"class_list":["post-208975","post","type-post","status-publish","format-standard","has-post-thumbnail","hentry","category-politics","tag-digi24"],"_links":{"self":[{"href":"https:\/\/analyse.optim.biz\/index.php?rest_route=\/wp\/v2\/posts\/208975","targetHints":{"allow":["GET"]}}],"collection":[{"href":"https:\/\/analyse.optim.biz\/index.php?rest_route=\/wp\/v2\/posts"}],"about":[{"href":"https:\/\/analyse.optim.biz\/index.php?rest_route=\/wp\/v2\/types\/post"}],"author":[{"embeddable":true,"href":"https:\/\/analyse.optim.biz\/index.php?rest_route=\/wp\/v2\/users\/1"}],"replies":[{"embeddable":true,"href":"https:\/\/analyse.optim.biz\/index.php?rest_route=%2Fwp%2Fv2%2Fcomments&post=208975"}],"version-history":[{"count":0,"href":"https:\/\/analyse.optim.biz\/index.php?rest_route=\/wp\/v2\/posts\/208975\/revisions"}],"wp:featuredmedia":[{"embeddable":true,"href":"https:\/\/analyse.optim.biz\/index.php?rest_route=\/wp\/v2\/media\/208976"}],"wp:attachment":[{"href":"https:\/\/analyse.optim.biz\/index.php?rest_route=%2Fwp%2Fv2%2Fmedia&parent=208975"}],"wp:term":[{"taxonomy":"category","embeddable":true,"href":"https:\/\/analyse.optim.biz\/index.php?rest_route=%2Fwp%2Fv2%2Fcategories&post=208975"},{"taxonomy":"post_tag","embeddable":true,"href":"https:\/\/analyse.optim.biz\/index.php?rest_route=%2Fwp%2Fv2%2Ftags&post=208975"}],"curies":[{"name":"wp","href":"https:\/\/api.w.org\/{rel}","templated":true}]}}