{"id":208964,"date":"2014-03-25T11:49:24","date_gmt":"2014-03-25T08:49:24","guid":{"rendered":"https:\/\/analyse.optim.biz\/?p=208964"},"modified":"2014-03-25T11:49:24","modified_gmt":"2014-03-25T08:49:24","slug":"verificari-privind-cheltuielile-propuse-pentru-ziua-senatului-30-000-de-euro-pentru-un-concert-la-ateneu","status":"publish","type":"post","link":"https:\/\/analyse.optim.biz\/?p=208964","title":{"rendered":"Verific\u0103ri privind cheltuielile propuse pentru Ziua Senatului. 30.000 de euro pentru un concert la Ateneu"},"content":{"rendered":"<div class=\"entry data-app-meta data-app-meta-article\" data-embed-base-url-canonical=\"https:\/\/www.digi24.ro\/embed\/stiri\/actualitate\/politica\/verificari-privind-cheltuielile-propuse-pentru-ziua-senatului-30-000-de-euro-pentru-un-concert-la-ateneu-219570\">\n<p data-index=\"1\">Membrii conducerii Camerei Superioare au constatat c\u0103 sumele ar fi prea mari \u00een condi\u0163iile \u00een care bugetul institu\u0163iei este unul de criz\u0103. Ale\u015fii au \u00eenfiin\u0163at un grup de lucru care s\u0103 verifice toate cheltuielile.<\/p>\n<p data-index=\"2\">Vor fi mai multe festivit\u0103\u0163i pentru \u00eemplinirea a 150 de ani de Senat. Ieri, \u00een Biroul Permanent al Senatului s-au pus \u00een discu\u0163ie sumele pentru acoperirea acestora.<\/p>\n<p data-index=\"3\">Astfel, pentru organizarea unui concert la Ateneul Rom\u00e2n s-a propus alocarea a aproape 30.000 de euro, pentru editarea a dou\u0103 volume legate de istoria Senatului \u2013 c\u00e2te 70.000 de lei fiecare, pentru \u015fedin\u0163a solemn\u0103 cu participare extern\u0103 226.000 de lei, iar pentru Ziua por\u0163ilor deschise 26.000 de lei.<\/p>\n<\/div>\n<p> Source URL: https:\/\/www.digi24.ro\/stiri\/actualitate\/politica\/verificari-privind-cheltuielile-propuse-pentru-ziua-senatului-30-000-de-euro-pentru-un-concert-la-ateneu-219570<\/p>\n","protected":false},"excerpt":{"rendered":"<p>Membrii conducerii Camerei Superioare au constatat c\u0103 sumele ar fi prea mari \u00een condi\u0163iile \u00een care bugetul institu\u0163iei este unul de criz\u0103. Ale\u015fii au \u00eenfiin\u0163at un grup de lucru care s\u0103 verifice toate cheltuielile. Vor fi mai multe festivit\u0103\u0163i pentru \u00eemplinirea a 150 de ani de Senat. Ieri, \u00een Biroul Permanent al Senatului s-au pus [&hellip;]<\/p>\n","protected":false},"author":1,"featured_media":208965,"comment_status":"open","ping_status":"","sticky":false,"template":"","format":"standard","meta":{"footnotes":""},"categories":[2],"tags":[11],"class_list":["post-208964","post","type-post","status-publish","format-standard","has-post-thumbnail","hentry","category-politics","tag-digi24"],"_links":{"self":[{"href":"https:\/\/analyse.optim.biz\/index.php?rest_route=\/wp\/v2\/posts\/208964","targetHints":{"allow":["GET"]}}],"collection":[{"href":"https:\/\/analyse.optim.biz\/index.php?rest_route=\/wp\/v2\/posts"}],"about":[{"href":"https:\/\/analyse.optim.biz\/index.php?rest_route=\/wp\/v2\/types\/post"}],"author":[{"embeddable":true,"href":"https:\/\/analyse.optim.biz\/index.php?rest_route=\/wp\/v2\/users\/1"}],"replies":[{"embeddable":true,"href":"https:\/\/analyse.optim.biz\/index.php?rest_route=%2Fwp%2Fv2%2Fcomments&post=208964"}],"version-history":[{"count":0,"href":"https:\/\/analyse.optim.biz\/index.php?rest_route=\/wp\/v2\/posts\/208964\/revisions"}],"wp:featuredmedia":[{"embeddable":true,"href":"https:\/\/analyse.optim.biz\/index.php?rest_route=\/wp\/v2\/media\/208965"}],"wp:attachment":[{"href":"https:\/\/analyse.optim.biz\/index.php?rest_route=%2Fwp%2Fv2%2Fmedia&parent=208964"}],"wp:term":[{"taxonomy":"category","embeddable":true,"href":"https:\/\/analyse.optim.biz\/index.php?rest_route=%2Fwp%2Fv2%2Fcategories&post=208964"},{"taxonomy":"post_tag","embeddable":true,"href":"https:\/\/analyse.optim.biz\/index.php?rest_route=%2Fwp%2Fv2%2Ftags&post=208964"}],"curies":[{"name":"wp","href":"https:\/\/api.w.org\/{rel}","templated":true}]}}