{"id":2089579,"date":"2026-08-12T00:00:00","date_gmt":"2026-08-11T21:00:00","guid":{"rendered":"https:\/\/analyse.optim.biz\/?p=2089579"},"modified":"2026-08-12T00:00:00","modified_gmt":"2026-08-11T21:00:00","slug":"hai-la-festival-enisala-unitate-la-cetate-cel-mai-spectaculos-festival-al-anului","status":"publish","type":"post","link":"https:\/\/analyse.optim.biz\/?p=2089579","title":{"rendered":"HAI LA FESTIVAL \u201eEnisala \u2013 Unitate la Cetate\u201c, cel mai spectaculos festival al anului!"},"content":{"rendered":"<p>[analyse_image type=&#8221;featured&#8221; src=&#8221;https:\/\/ziaruldetulcea.ro\/wp-content\/uploads\/2026\/08\/afis-Enisala-640&#215;300.jpeg&#8221;]<\/p>\n<div class=\"post\">\n<p class=\"MsoNormal\"><b><span><img loading=\"lazy\" decoding=\"async\" class=\"alignleft size-full wp-image-44018\" src=\"https:\/\/ziaruldetulcea.ro\/wp-content\/uploads\/2026\/08\/afis-Enisala.jpeg\" alt width=\"1131\" height=\"1600\">Festivalul Enisala \u2013 Unitate la Cetate revine pe 21 si 22 august 2026, transform\u00e2nd impresionanta Cetate Enisala \u00eentr-un loc unde muzica, patrimoniul, emo\u021bia \u0219i comunitatea se \u00eent\u00e2lnesc \u00eentr-o experien\u021b\u0103 memorabil\u0103.<\/span><\/b><\/p>\n<p class=\"MsoNoSpacing\"><span>\u00cen fiecare an, zeci de mii de tulceni (\u0219i turi\u0219ti) au fost prezen\u021bi la poalele cet\u0103\u021bii Enisala \u0219i s-au bucurat de cel mai spectaculos festival al anului, organizat de Consiliul Jude\u021bean Tulcea \u0219i Prim\u0103ria Comunei Sarichioi.<\/span><\/p>\n<p><strong><span>Pe scena Festivalului Enisala \u2013 Unitate la Cetate vor urca:<\/span><\/strong><\/p>\n<p><strong><span>Vineri, 21 august 2026:<\/span><\/strong><\/p>\n<ul type=\"disc\">\n<li class=\"MsoNormal\"><span>Formatia Dubin <\/span><\/li>\n<li class=\"MsoNormal\"><span>F-Charm<\/span><\/li>\n<li class=\"MsoNormal\"><span>Puya<\/span><\/li>\n<li class=\"MsoNormal\"><span>David Ciente &amp; Maria Chivu, Grupul Jianca<\/span><\/li>\n<\/ul>\n<p><strong><span>Sambata, 22 august 2026:<\/span><\/strong><\/p>\n<p class=\"MsoNoSpacing\"><strong><span><span>\u00b7<span>\u00a0\u00a0\u00a0\u00a0\u00a0\u00a0\u00a0 <\/span><\/span><\/span><\/strong><strong><span>Just Elitte Dance<\/span><\/strong><\/p>\n<p class=\"MsoNoSpacing\"><span><span>\u00b7<span>\u00a0\u00a0\u00a0\u00a0\u00a0\u00a0\u00a0 <\/span><\/span><\/span><strong><span>Trupa Malade\u021b<\/span><\/strong><\/p>\n<p class=\"MsoNoSpacing\"><span><span>\u00b7<span>\u00a0\u00a0\u00a0\u00a0\u00a0\u00a0\u00a0 <\/span><\/span><\/span><span>Mira<\/span><\/p>\n<p class=\"MsoNoSpacing\"><span><span>\u00b7<span>\u00a0\u00a0\u00a0\u00a0\u00a0\u00a0\u00a0 <\/span><\/span><\/span><span>Florian Rus<\/span><\/p>\n<p class=\"MsoNoSpacing\"><span><span>\u00b7<span>\u00a0\u00a0\u00a0\u00a0\u00a0\u00a0\u00a0 <\/span><\/span><\/span><span>Horia Brenciu<\/span><\/p>\n<p class=\"MsoNoSpacing\"><span>Exist\u0103 locuri pe care le vizitezi. \u0218i exist\u0103 locuri pe care le tr\u0103ie\u0219ti. \u0218i \u00een acest an, \u00een luna august, la poalele uneia dintre cele mai spectaculoase cet\u0103\u021bi medievale din Rom\u00e2nia, mii de oameni vor c\u00e2nta \u00eempreun\u0103, vor privi acela\u0219i apus peste lacurile Dobrogei \u0219i vor demonstra, \u00eenc\u0103 o dat\u0103, c\u0103 adev\u0103rata for\u021b\u0103 a unui festival st\u0103 \u00een oamenii care \u00eei dau via\u021b\u0103.<\/span><\/p>\n<p class=\"MsoNoSpacing\"><span>Festivalul Enisala \u2013 Unitate la Cetate \u00eenseamn\u0103 mult mai mult dec\u00e2t concerte. Participan\u021bii vor descoperi o experien\u021b\u0103 complet\u0103, \u00eentr-un decor spectaculos dominat de Cetatea Enisala: show-uri impresionante de lasere \u0219i lumini, zone dedicate gastronomiei, ateliere \u0219i activit\u0103\u021bi pentru toate v\u00e2rstele, spa\u021bii de relaxare \u0219i surprize care transform\u0103 fiecare edi\u021bie \u00eentr-un adev\u0103rat spectacol \u00een aer liber.<\/span><\/p>\n<p class=\"MsoNoSpacing\"><span>Un festival care promoveaz\u0103 Rom\u00e2nia autentic\u0103: pu\u021bine evenimente din Rom\u00e2nia reu\u0219esc s\u0103 \u00eembine at\u00e2t de natural patrimoniul istoric cu muzica contemporan\u0103.<\/span><\/p>\n<p class=\"MsoNoSpacing\"><span>Cetatea Enisala, monument medieval emblematic al Dobrogei, ofer\u0103 un cadru unic, \u00een care trecutul \u0219i prezentul se \u00eent\u00e2lnesc sub acela\u0219i cer. \u00cen fiecare an, festivalul contribuie la promovarea patrimoniului cultural, a tradi\u021biilor locale \u0219i a frumuse\u021bilor naturale ale jude\u021bului Tulcea, devenind un motor important pentru turismul regional.<\/span><\/p>\n<p class=\"MsoBodyText\"><span lang=\"IT\">\u00a0<\/span><\/p>\n<\/div>\n<p>[analyse_source url=&#8221;https:\/\/ziaruldetulcea.ro\/hai-la-festival-enisala-unitate-la-cetate-cel-mai-spectaculos-festival-al-anului\/&#8221;]<\/p>\n","protected":false},"excerpt":{"rendered":"<p>[analyse_image type=&#8221;featured&#8221; src=&#8221;https:\/\/ziaruldetulcea.ro\/wp-content\/uploads\/2026\/08\/afis-Enisala-640&#215;300.jpeg&#8221;] Festivalul Enisala \u2013 Unitate la Cetate revine pe 21 si 22 august 2026, transform\u00e2nd impresionanta Cetate Enisala \u00eentr-un loc unde muzica, patrimoniul, emo\u021bia \u0219i comunitatea se \u00eent\u00e2lnesc \u00eentr-o experien\u021b\u0103 memorabil\u0103. \u00cen fiecare an, zeci de mii de tulceni (\u0219i turi\u0219ti) au fost prezen\u021bi la poalele cet\u0103\u021bii Enisala \u0219i s-au bucurat de cel [&hellip;]<\/p>\n","protected":false},"author":1,"featured_media":0,"comment_status":"open","ping_status":"","sticky":false,"template":"","format":"standard","meta":{"footnotes":""},"categories":[89],"tags":[226,205],"class_list":["post-2089579","post","type-post","status-publish","format-standard","hentry","category-romania","tag-crawlmanager","tag-ziaruldetulcea-ro"],"_links":{"self":[{"href":"https:\/\/analyse.optim.biz\/index.php?rest_route=\/wp\/v2\/posts\/2089579","targetHints":{"allow":["GET"]}}],"collection":[{"href":"https:\/\/analyse.optim.biz\/index.php?rest_route=\/wp\/v2\/posts"}],"about":[{"href":"https:\/\/analyse.optim.biz\/index.php?rest_route=\/wp\/v2\/types\/post"}],"author":[{"embeddable":true,"href":"https:\/\/analyse.optim.biz\/index.php?rest_route=\/wp\/v2\/users\/1"}],"replies":[{"embeddable":true,"href":"https:\/\/analyse.optim.biz\/index.php?rest_route=%2Fwp%2Fv2%2Fcomments&post=2089579"}],"version-history":[{"count":0,"href":"https:\/\/analyse.optim.biz\/index.php?rest_route=\/wp\/v2\/posts\/2089579\/revisions"}],"wp:attachment":[{"href":"https:\/\/analyse.optim.biz\/index.php?rest_route=%2Fwp%2Fv2%2Fmedia&parent=2089579"}],"wp:term":[{"taxonomy":"category","embeddable":true,"href":"https:\/\/analyse.optim.biz\/index.php?rest_route=%2Fwp%2Fv2%2Fcategories&post=2089579"},{"taxonomy":"post_tag","embeddable":true,"href":"https:\/\/analyse.optim.biz\/index.php?rest_route=%2Fwp%2Fv2%2Ftags&post=2089579"}],"curies":[{"name":"wp","href":"https:\/\/api.w.org\/{rel}","templated":true}]}}