{"id":2089570,"date":"2026-08-12T13:39:57","date_gmt":"2026-08-12T10:39:57","guid":{"rendered":"https:\/\/analyse.optim.biz\/?p=2089570"},"modified":"2026-08-12T13:39:57","modified_gmt":"2026-08-12T10:39:57","slug":"timisoara-orasul-care-se-misca-cel-mai-mult-seara-cum-arata-mobilitatea-din-banat-si-crisana","status":"publish","type":"post","link":"https:\/\/analyse.optim.biz\/?p=2089570","title":{"rendered":"Timi\u0219oara, ora\u0219ul care se mi\u0219c\u0103 cel mai mult seara. Cum arat\u0103 mobilitatea din Banat \u0219i Cri\u0219ana"},"content":{"rendered":"<p>[analyse_image type=&#8221;featured&#8221; src=&#8221;https:\/\/www.tion.ro\/wp-content\/uploads\/2024\/11\/+otf\/1200&#215;630\/GcWca__lSwv6F__RHaCCEiH05PVF9WRVJZX1NFQ5iIgWad96JgKy1wbsK6wmKZy8+P+pSne__gKOSMDetPbLjqsbRjTspVEqTx7aN5xwB2Y7Fb1QQXdwK1wPiEIsX8=\/1188123timisoaracentruluminiseara.jpeg&#8221;]<\/p>\n<article id=\"post-2333106\" class>\n<div class=\"entry-content clearfix\">\n<div class=\"enewsArticleContent\">\n<p>O analiz\u0103 realizat\u0103 de Uber pe baza curselor efectuate timp de \u0219ase luni \u00een Timi\u0219oara, Re\u0219i\u021ba, Arad \u0219i Oradea contureaz\u0103 patru profiluri diferite de mobilitate. Dac\u0103 \u00een Timi\u0219oara, Re\u0219i\u021ba \u0219i Arad deplas\u0103rile sunt mai numeroase \u00een timpul s\u0103pt\u0103m\u00e2nii, Oradea face not\u0103 discordant\u0103 \u0219i \u00eenregistreaz\u0103 o u\u0219oar\u0103 cre\u0219tere a activit\u0103\u021bii \u00een weekend.<\/p>\n<p>\u00cen Timi\u0219oara, activitatea este cu aproximativ 16% mai redus\u0103 \u00een weekend fa\u021b\u0103 de zilele lucr\u0103toare. Ora\u0219ul p\u0103streaz\u0103 astfel un profil de mobilitate str\u00e2ns legat de programul s\u0103pt\u0103m\u00e2nii de lucru, \u00een timp ce sf\u00e2r\u0219itul de s\u0103pt\u0103m\u00e2n\u0103 aduce o diminuare a num\u0103rului de curse.<\/p>\n<p>Situa\u021bia este asem\u0103n\u0103toare \u00een Re\u0219i\u021ba, unde activitatea scade cu aproximativ 18% \u00een weekend, cea mai mare diferen\u021b\u0103 dintre cele patru ora\u0219e analizate.<\/p>\n<p>Aradul are un ritm mult mai constant, num\u0103rul curselor fiind cu doar aproximativ 2% mai mic \u00een weekend.<\/p>\n<p>Singura excep\u021bie este Oradea, unde mobilitatea cre\u0219te cu aproximativ 1,5% odat\u0103 cu \u00eencheierea s\u0103pt\u0103m\u00e2nii de lucru.<\/p>\n<p>Datele indic\u0103, astfel, o regiune \u00een care deplas\u0103rile sunt influen\u021bate \u00een principal de activitatea din timpul s\u0103pt\u0103m\u00e2nii, cu o excep\u021bie notabil\u0103: Oradea, unde weekendul aduce un plus de mobilitate.<\/p>\n<p>\u00cen toate cele patru ora\u0219e, restaurantele se afl\u0103 \u00een topul destina\u021biilor c\u0103tre care sunt efectuate cursele Uber. G\u0103rile, nodurile de transport \u0219i \u0219colile apar, de asemenea, printre destina\u021biile frecvente.<\/p>\n<p>Timi\u0219oara se remarc\u0103 \u00eens\u0103 prin volumul foarte mare al curselor. Ora\u0219ul este \u0219i principalul pol urban al regiunii analizate, iar acest lucru se reflect\u0103 \u00een num\u0103rul deplas\u0103rilor.<\/p>\n<p>Oradea are, \u00een schimb, cel mai divers profil al destina\u021biilor. Hotelurile, aeroportul, magazinele de \u00eembr\u0103c\u0103minte \u0219i atrac\u021biile turistice se reg\u0103sesc printre punctele c\u0103tre care se \u00eendreapt\u0103 frecvent utilizatorii. Profilul sugereaz\u0103 o mobilitate influen\u021bat\u0103 nu doar de rutina zilnic\u0103 a localnicilor, ci \u0219i de turism, c\u0103l\u0103torii \u0219i activit\u0103\u021bi de timp liber.<\/p>\n<p>\u00cen ciuda diferen\u021belor dintre ora\u0219e, exist\u0103 \u0219i un punct comun: ora 22:00 este cel mai aglomerat interval al serii \u00een Timi\u0219oara, Re\u0219i\u021ba, Arad \u0219i Oradea.<\/p>\n<p>Timi\u0219oara se deta\u0219eaz\u0103 \u00eens\u0103 clar. \u00cen cele \u0219ase luni analizate, \u00een intervalul de v\u00e2rf au fost \u00eenregistrate peste 150.000 de curse, un volum mult peste cel raportat \u00een celelalte ora\u0219e. Aradul \u0219i Oradea urmeaz\u0103, fiecare cu peste 2.500 de curse \u00eenregistrate \u00een propriul interval de v\u00e2rf.<\/p>\n<p>Pentru Timi\u0219oara, datele confirm\u0103 rolul ora\u0219ului de principal centru urban al regiunii \u0219i indic\u0103 o mobilitate intens\u0103 inclusiv \u00een orele de sear\u0103, c\u00e2nd deplas\u0103rile pentru ie\u0219iri, restaurante sau activit\u0103\u021bi de timp liber se suprapun peste cele generate de rutina cotidian\u0103.<\/p>\n<p>Imaginea de ansamblu conturat\u0103 de analiz\u0103 arat\u0103 o regiune cu tipare locale distincte. Re\u0219i\u021ba \u0219i Timi\u0219oara sunt mai puternic influen\u021bate de ritmul zilelor lucr\u0103toare, Aradul \u00ee\u0219i p\u0103streaz\u0103 un nivel relativ constant al activit\u0103\u021bii, iar Oradea este singurul dintre cele patru ora\u0219e \u00een care mobilitatea cre\u0219te \u00een weekend.<\/p>\n<p>\u00cen acest peisaj, Timi\u0219oara se deta\u0219eaz\u0103 prin amploarea activit\u0103\u021bii: ora\u0219ul concentreaz\u0103 cel mai mare volum de curse \u0219i \u00eenregistreaz\u0103, de departe, cea mai intens\u0103 mobilitate la ora de v\u00e2rf a serii.<\/p>\n<p>\u00a0<\/p>\n<p>\u00a0<\/p>\n<div class=\"fbShareLikeTwitterAndEmailContainer\">\n<div class=\"wrapper\">\n<div class=\"email\">\n<div id=\"mailto-pop\" class=\"pop-form pop-form-mailto\">\n<div class=\"pop-form-header\">\n<h4>Trimite articolul<\/h4>\n<p><a class=\"pop-form-close\">X<\/a><\/div>\n<\/div>\n<\/div>\n<\/div>\n<\/div>\n<div class=\"tagsContainer\">\n<div class=\"tagsLabel\">Taguri:<\/div>\n<div class=\"tags\">\n<div class=\"tag\"><a href=\"https:\/\/www.tion.ro\/cimke\/mobilitate\" rel=\"tag\"><span class=\"link\">mobilitate<\/span><span class=\"separator\">,<\/span><\/a><\/div>\n<div class=\"tag\"><a href=\"https:\/\/www.tion.ro\/cimke\/timisoara\" rel=\"tag\"><span class=\"link\">timisoara<\/span><span class=\"separator\">,<\/span><\/a><\/div>\n<div class=\"tag\"><a href=\"https:\/\/www.tion.ro\/cimke\/uber\" rel=\"tag\"><span class=\"link\">UBER<\/span><\/a><\/div>\n<\/div>\n<\/div>\n<div class=\"comments\">\n<div class=\"top\">\n<div class=\"commentsNumber\"><span class=\"number\">0<\/span><span class=\"text\">Comentarii<\/span><\/div>\n<\/div>\n<div class=\"center\">\n<div id=\"respond\" class=\"comment-respond\">\n<h3 id=\"reply-title\" class=\"comment-reply-title\"><small><a rel=\"nofollow\" id=\"cancel-comment-reply-link\" href=\"https:\/\/www.tion.ro\/stirile-judetului-timis\/timisoara-orasul-care-se-misca-cel-mai-mult-seara-cum-arata-mobilitatea-din-banat-si-crisana-2333106\/#respond\">Cancel reply<\/a><\/small><\/h3>\n<p class=\"comment-notes\"><span id=\"email-notes\">Your email address will not be published.<\/span><span class=\"required-field-message\">Required fields are marked <span class=\"required\">*<\/span><\/span><\/p>\n<p class=\"commentFormComment\"><span id=\"commentFormCount\"><br \/>\n                            inca<br \/>\n                            <span id=\"countCommentText\">1000<\/span><br \/>\n                            caractere ramase<br \/>\n                        <\/span><\/p>\n<\/div>\n<\/div>\n<div class=\"bottom\">\n<p class=\"forumDisclaimerHuRo\">\n            Citi\u021bi principiile noastre de moderare <a href=\"https:\/\/www.tion.ro\/reguli-postare-comentarii\/\" target=\"_blank\">aici<\/a>!\n        <\/p>\n<\/div>\n<\/div>\n<\/div>\n<\/div>\n<\/article>\n<div class=\"entry-content clearfix\">\n<div class=\"enewsArticleContent\">\n<p>O analiz\u0103 realizat\u0103 de Uber pe baza curselor efectuate timp de \u0219ase luni \u00een Timi\u0219oara, Re\u0219i\u021ba, Arad \u0219i Oradea contureaz\u0103 patru profiluri diferite de mobilitate. Dac\u0103 \u00een Timi\u0219oara, Re\u0219i\u021ba \u0219i Arad deplas\u0103rile sunt mai numeroase \u00een timpul s\u0103pt\u0103m\u00e2nii, Oradea face not\u0103 discordant\u0103 \u0219i \u00eenregistreaz\u0103 o u\u0219oar\u0103 cre\u0219tere a activit\u0103\u021bii \u00een weekend.<\/p>\n<p>\u00cen Timi\u0219oara, activitatea este cu aproximativ 16% mai redus\u0103 \u00een weekend fa\u021b\u0103 de zilele lucr\u0103toare. Ora\u0219ul p\u0103streaz\u0103 astfel un profil de mobilitate str\u00e2ns legat de programul s\u0103pt\u0103m\u00e2nii de lucru, \u00een timp ce sf\u00e2r\u0219itul de s\u0103pt\u0103m\u00e2n\u0103 aduce o diminuare a num\u0103rului de curse.<\/p>\n<p>Situa\u021bia este asem\u0103n\u0103toare \u00een Re\u0219i\u021ba, unde activitatea scade cu aproximativ 18% \u00een weekend, cea mai mare diferen\u021b\u0103 dintre cele patru ora\u0219e analizate.<\/p>\n<p>Aradul are un ritm mult mai constant, num\u0103rul curselor fiind cu doar aproximativ 2% mai mic \u00een weekend.<\/p>\n<p>Singura excep\u021bie este Oradea, unde mobilitatea cre\u0219te cu aproximativ 1,5% odat\u0103 cu \u00eencheierea s\u0103pt\u0103m\u00e2nii de lucru.<\/p>\n<p>Datele indic\u0103, astfel, o regiune \u00een care deplas\u0103rile sunt influen\u021bate \u00een principal de activitatea din timpul s\u0103pt\u0103m\u00e2nii, cu o excep\u021bie notabil\u0103: Oradea, unde weekendul aduce un plus de mobilitate.<\/p>\n<p>\u00cen toate cele patru ora\u0219e, restaurantele se afl\u0103 \u00een topul destina\u021biilor c\u0103tre care sunt efectuate cursele Uber. G\u0103rile, nodurile de transport \u0219i \u0219colile apar, de asemenea, printre destina\u021biile frecvente.<\/p>\n<p>Timi\u0219oara se remarc\u0103 \u00eens\u0103 prin volumul foarte mare al curselor. Ora\u0219ul este \u0219i principalul pol urban al regiunii analizate, iar acest lucru se reflect\u0103 \u00een num\u0103rul deplas\u0103rilor.<\/p>\n<p>Oradea are, \u00een schimb, cel mai divers profil al destina\u021biilor. Hotelurile, aeroportul, magazinele de \u00eembr\u0103c\u0103minte \u0219i atrac\u021biile turistice se reg\u0103sesc printre punctele c\u0103tre care se \u00eendreapt\u0103 frecvent utilizatorii. Profilul sugereaz\u0103 o mobilitate influen\u021bat\u0103 nu doar de rutina zilnic\u0103 a localnicilor, ci \u0219i de turism, c\u0103l\u0103torii \u0219i activit\u0103\u021bi de timp liber.<\/p>\n<p>\u00cen ciuda diferen\u021belor dintre ora\u0219e, exist\u0103 \u0219i un punct comun: ora 22:00 este cel mai aglomerat interval al serii \u00een Timi\u0219oara, Re\u0219i\u021ba, Arad \u0219i Oradea.<\/p>\n<p>Timi\u0219oara se deta\u0219eaz\u0103 \u00eens\u0103 clar. \u00cen cele \u0219ase luni analizate, \u00een intervalul de v\u00e2rf au fost \u00eenregistrate peste 150.000 de curse, un volum mult peste cel raportat \u00een celelalte ora\u0219e. Aradul \u0219i Oradea urmeaz\u0103, fiecare cu peste 2.500 de curse \u00eenregistrate \u00een propriul interval de v\u00e2rf.<\/p>\n<p>Pentru Timi\u0219oara, datele confirm\u0103 rolul ora\u0219ului de principal centru urban al regiunii \u0219i indic\u0103 o mobilitate intens\u0103 inclusiv \u00een orele de sear\u0103, c\u00e2nd deplas\u0103rile pentru ie\u0219iri, restaurante sau activit\u0103\u021bi de timp liber se suprapun peste cele generate de rutina cotidian\u0103.<\/p>\n<p>Imaginea de ansamblu conturat\u0103 de analiz\u0103 arat\u0103 o regiune cu tipare locale distincte. Re\u0219i\u021ba \u0219i Timi\u0219oara sunt mai puternic influen\u021bate de ritmul zilelor lucr\u0103toare, Aradul \u00ee\u0219i p\u0103streaz\u0103 un nivel relativ constant al activit\u0103\u021bii, iar Oradea este singurul dintre cele patru ora\u0219e \u00een care mobilitatea cre\u0219te \u00een weekend.<\/p>\n<p>\u00cen acest peisaj, Timi\u0219oara se deta\u0219eaz\u0103 prin amploarea activit\u0103\u021bii: ora\u0219ul concentreaz\u0103 cel mai mare volum de curse \u0219i \u00eenregistreaz\u0103, de departe, cea mai intens\u0103 mobilitate la ora de v\u00e2rf a serii.<\/p>\n<p>\u00a0<\/p>\n<p>\u00a0<\/p>\n<div class=\"fbShareLikeTwitterAndEmailContainer\">\n<div class=\"wrapper\">\n<div class=\"email\">\n<div id=\"mailto-pop\" class=\"pop-form pop-form-mailto\">\n<div class=\"pop-form-header\">\n<h4>Trimite articolul<\/h4>\n<p><a class=\"pop-form-close\">X<\/a><\/div>\n<\/div>\n<\/div>\n<\/div>\n<\/div>\n<div class=\"tagsContainer\">\n<div class=\"tagsLabel\">Taguri:<\/div>\n<div class=\"tags\">\n<div class=\"tag\"><a href=\"https:\/\/www.tion.ro\/cimke\/mobilitate\" rel=\"tag\"><span class=\"link\">mobilitate<\/span><span class=\"separator\">,<\/span><\/a><\/div>\n<div class=\"tag\"><a href=\"https:\/\/www.tion.ro\/cimke\/timisoara\" rel=\"tag\"><span class=\"link\">timisoara<\/span><span class=\"separator\">,<\/span><\/a><\/div>\n<div class=\"tag\"><a href=\"https:\/\/www.tion.ro\/cimke\/uber\" rel=\"tag\"><span class=\"link\">UBER<\/span><\/a><\/div>\n<\/div>\n<\/div>\n<div class=\"comments\">\n<div class=\"top\">\n<div class=\"commentsNumber\"><span class=\"number\">0<\/span><span class=\"text\">Comentarii<\/span><\/div>\n<\/div>\n<div class=\"center\">\n<div id=\"respond\" class=\"comment-respond\">\n<h3 id=\"reply-title\" class=\"comment-reply-title\"><small><a rel=\"nofollow\" id=\"cancel-comment-reply-link\" href=\"https:\/\/www.tion.ro\/stirile-judetului-timis\/timisoara-orasul-care-se-misca-cel-mai-mult-seara-cum-arata-mobilitatea-din-banat-si-crisana-2333106\/#respond\">Cancel reply<\/a><\/small><\/h3>\n<p class=\"comment-notes\"><span id=\"email-notes\">Your email address will not be published.<\/span><span class=\"required-field-message\">Required fields are marked <span class=\"required\">*<\/span><\/span><\/p>\n<p class=\"commentFormComment\"><span id=\"commentFormCount\"><br \/>\n                            inca<br \/>\n                            <span id=\"countCommentText\">1000<\/span><br \/>\n                            caractere ramase<br \/>\n                        <\/span><\/p>\n<\/div>\n<\/div>\n<div class=\"bottom\">\n<p class=\"forumDisclaimerHuRo\">\n            Citi\u021bi principiile noastre de moderare <a href=\"https:\/\/www.tion.ro\/reguli-postare-comentarii\/\" target=\"_blank\">aici<\/a>!\n        <\/p>\n<\/div>\n<\/div>\n<\/div>\n<\/div>\n<p>[analyse_source url=&#8221;https:\/\/www.tion.ro\/stirile-judetului-timis\/timisoara-orasul-care-se-misca-cel-mai-mult-seara-cum-arata-mobilitatea-din-banat-si-crisana-2333106\/&#8221;]<\/p>\n","protected":false},"excerpt":{"rendered":"<p>[analyse_image type=&#8221;featured&#8221; src=&#8221;https:\/\/www.tion.ro\/wp-content\/uploads\/2024\/11\/+otf\/1200&#215;630\/GcWca__lSwv6F__RHaCCEiH05PVF9WRVJZX1NFQ5iIgWad96JgKy1wbsK6wmKZy8+P+pSne__gKOSMDetPbLjqsbRjTspVEqTx7aN5xwB2Y7Fb1QQXdwK1wPiEIsX8=\/1188123timisoaracentruluminiseara.jpeg&#8221;] O analiz\u0103 realizat\u0103 de Uber pe baza curselor efectuate timp de \u0219ase luni \u00een Timi\u0219oara, Re\u0219i\u021ba, Arad \u0219i Oradea contureaz\u0103 patru profiluri diferite de mobilitate. Dac\u0103 \u00een Timi\u0219oara, Re\u0219i\u021ba \u0219i Arad deplas\u0103rile sunt mai numeroase \u00een timpul s\u0103pt\u0103m\u00e2nii, Oradea face not\u0103 discordant\u0103 \u0219i \u00eenregistreaz\u0103 o u\u0219oar\u0103 cre\u0219tere a activit\u0103\u021bii \u00een weekend. \u00cen [&hellip;]<\/p>\n","protected":false},"author":1,"featured_media":0,"comment_status":"open","ping_status":"","sticky":false,"template":"","format":"standard","meta":{"footnotes":""},"categories":[89],"tags":[226,191],"class_list":["post-2089570","post","type-post","status-publish","format-standard","hentry","category-romania","tag-crawlmanager","tag-tion-ro"],"_links":{"self":[{"href":"https:\/\/analyse.optim.biz\/index.php?rest_route=\/wp\/v2\/posts\/2089570","targetHints":{"allow":["GET"]}}],"collection":[{"href":"https:\/\/analyse.optim.biz\/index.php?rest_route=\/wp\/v2\/posts"}],"about":[{"href":"https:\/\/analyse.optim.biz\/index.php?rest_route=\/wp\/v2\/types\/post"}],"author":[{"embeddable":true,"href":"https:\/\/analyse.optim.biz\/index.php?rest_route=\/wp\/v2\/users\/1"}],"replies":[{"embeddable":true,"href":"https:\/\/analyse.optim.biz\/index.php?rest_route=%2Fwp%2Fv2%2Fcomments&post=2089570"}],"version-history":[{"count":0,"href":"https:\/\/analyse.optim.biz\/index.php?rest_route=\/wp\/v2\/posts\/2089570\/revisions"}],"wp:attachment":[{"href":"https:\/\/analyse.optim.biz\/index.php?rest_route=%2Fwp%2Fv2%2Fmedia&parent=2089570"}],"wp:term":[{"taxonomy":"category","embeddable":true,"href":"https:\/\/analyse.optim.biz\/index.php?rest_route=%2Fwp%2Fv2%2Fcategories&post=2089570"},{"taxonomy":"post_tag","embeddable":true,"href":"https:\/\/analyse.optim.biz\/index.php?rest_route=%2Fwp%2Fv2%2Ftags&post=2089570"}],"curies":[{"name":"wp","href":"https:\/\/api.w.org\/{rel}","templated":true}]}}