{"id":2089567,"date":"2026-08-12T12:29:49","date_gmt":"2026-08-12T09:29:49","guid":{"rendered":"https:\/\/analyse.optim.biz\/?p=2089567"},"modified":"2026-08-12T12:29:49","modified_gmt":"2026-08-12T09:29:49","slug":"zeci-de-mii-de-pelerini-asteptati-la-manastirile-maria-radna-si-hodos-bodrog-de-adormirea-maicii-domnului","status":"publish","type":"post","link":"https:\/\/analyse.optim.biz\/?p=2089567","title":{"rendered":"Zeci de mii de pelerini, a\u0219tepta\u021bi la m\u0103n\u0103stirile Maria Radna \u0219i Hodo\u0219-Bodrog de Adormirea Maicii Domnului"},"content":{"rendered":"<p>[analyse_image type=&#8221;featured&#8221; src=&#8221;https:\/\/www.tion.ro\/wp-content\/uploads\/2026\/08\/+otf\/1200&#215;630\/6535581manastireahodosboodrog.jpg&#8221;]<\/p>\n<article id=\"post-2333058\" class>\n<div class=\"entry-content clearfix\">\n<div class=\"enewsArticleContent\">\n<p>La Maria Radna, cel mai mare loc de pelerinaj catolic din vestul Rom\u00e2niei, manifest\u0103rile religioase vor \u00eencepe vineri, 14 august, \u0219i se vor desf\u0103\u0219ura pe parcursul a dou\u0103 zile. Potrivit reprezentan\u021bilor basilicii, sunt a\u0219tepta\u021bi \u00eentre 20.000 \u0219i 25.000 de pelerini, inclusiv credincio\u0219i veni\u021bi din str\u0103in\u0103tate.<\/p>\n<blockquote>\n<p>\u201eA\u0219tept\u0103m \u00eentre 20.000 \u0219i 25.000 de pelerini \u00een cele dou\u0103 zile, la fel ca \u00een anii trecu\u021bi. Sunt care vin din str\u0103in\u0103tate, iar conform tradi\u021biei slujbele au loc \u00een mai multe limbi\u201d, a declarat, pentru AGERPRES, Andreas Reinholz, preotul paroh.<\/p>\n<\/blockquote>\n<p>Programul de la Basilica Papal\u0103 Maria Radna \u00eencepe vineri, de la ora 18:00, cu o Sf\u00e2nt\u0103 Liturghie \u00een limbile rom\u00e2n\u0103 \u0219i maghiar\u0103. De la ora 19:00 va fi oficiat\u0103 o Liturghie \u00een limba croat\u0103.<\/p>\n<p>De la ora 20:00, credincio\u0219ii sunt a\u0219tepta\u021bi la Rozariul \u00een patru limbi, urmat de tradi\u021bionala procesiune cu Icoana Fecioarei Maria.<\/p>\n<p>S\u00e2mb\u0103t\u0103, \u00een ziua praznicului, la Maria Radna vor fi oficiate mai multe Sfinte Liturghii.<\/p>\n<p>Programul \u00eencepe la ora 7:30, cu o Liturghie \u00een limba croat\u0103, urmat\u0103, de la ora 9:00, de o slujb\u0103 \u00een limba maghiar\u0103. Momentul central al zilei va fi Sf\u00e2nta Liturghie Solemn\u0103 de la ora 11:00, oficiat\u0103 \u00een limbile rom\u00e2n\u0103, maghiar\u0103 \u0219i german\u0103.<\/p>\n<p>La ora 13:00 este programat\u0103 o Liturghie \u00een limba rom\u00e2n\u0103, iar de la ora 14:00 va avea loc Sf\u00e2nta Liturghie greco-catolic\u0103. Programul de la Maria Radna se va \u00eencheia la ora 17:00, cu un concert sus\u021binut de Gheorghe Iovu.<\/p>\n<p>\u0218i M\u0103n\u0103stirea Hodo\u0219-Bodrog se preg\u0103te\u0219te s\u0103 primeasc\u0103 mii de pelerini de Adormirea Maicii Domnului. A\u0219ez\u0103m\u00e2ntul monahal este considerat cea mai veche m\u0103n\u0103stire din Rom\u00e2nia cu via\u021b\u0103 monahal\u0103 ne\u00eentrerupt\u0103.<\/p>\n<p>Programul religios va \u00eencepe vineri, de la ora 16:00, cu Vecernia cu Litie \u0219i Utrenia. De la ora 19:30, credincio\u0219ii vor porni \u00een tradi\u021bionala procesiune \u201eDrumul Crucii\u201d.<\/p>\n<p>Seara va continua cu Sf\u00e2ntul Maslu, programat la ora 22:00, iar de la ora 23:30 va fi oficiat Prohodul Maicii Domnului.<\/p>\n<p>\u00cen noaptea de vineri spre s\u00e2mb\u0103t\u0103, prima Sf\u00e2nt\u0103 Liturghie va fi oficiat\u0103 la ora 02:00. Programul religios va continua diminea\u021ba, de la ora 09:00, cu Acatistul Adormirii Maicii Domnului \u0219i Ceasurile.<\/p>\n<p>De la ora 10:00 este programat\u0103 Sf\u00e2nta Liturghie Arhiereasc\u0103, momentul central al s\u0103rb\u0103torii.<\/p>\n<p>Reprezentan\u021bii M\u0103n\u0103stirii Hodo\u0219-Bodrog estimeaz\u0103 c\u0103 peste 5.000 de credincio\u0219i vor participa la manifest\u0103rile religioase dedicate Adormirii Maicii Domnului.<\/p>\n<p>\u00a0<\/p>\n<div class=\"fbShareLikeTwitterAndEmailContainer\">\n<div class=\"wrapper\">\n<div class=\"email\">\n<div id=\"mailto-pop\" class=\"pop-form pop-form-mailto\">\n<div class=\"pop-form-header\">\n<h4>Trimite articolul<\/h4>\n<p><a class=\"pop-form-close\">X<\/a><\/div>\n<\/div>\n<\/div>\n<\/div>\n<\/div>\n<div class=\"tagsContainer\">\n<div class=\"tagsLabel\">Taguri:<\/div>\n<div class=\"tags\">\n<div class=\"tag\"><a href=\"https:\/\/www.tion.ro\/cimke\/hodos\" rel=\"tag\"><span class=\"link\">Hodo\u0219<\/span><span class=\"separator\">,<\/span><\/a><\/div>\n<div class=\"tag\"><a href=\"https:\/\/www.tion.ro\/cimke\/pelerinaje\" rel=\"tag\"><span class=\"link\">pelerinaje<\/span><span class=\"separator\">,<\/span><\/a><\/div>\n<div class=\"tag\"><a href=\"https:\/\/www.tion.ro\/cimke\/radna\" rel=\"tag\"><span class=\"link\">Radna<\/span><\/a><\/div>\n<\/div>\n<\/div>\n<div class=\"comments\">\n<div class=\"top\">\n<div class=\"commentsNumber\"><span class=\"number\">0<\/span><span class=\"text\">Comentarii<\/span><\/div>\n<\/div>\n<div class=\"center\">\n<div id=\"respond\" class=\"comment-respond\">\n<h3 id=\"reply-title\" class=\"comment-reply-title\"><small><a rel=\"nofollow\" id=\"cancel-comment-reply-link\" href=\"https:\/\/www.tion.ro\/stirile-judetului-timis\/zeci-de-mii-de-pelerini-asteptati-la-manastirile-maria-radna-si-hodos-bodrog-de-adormirea-maicii-domnului-2333058\/#respond\">Cancel reply<\/a><\/small><\/h3>\n<p class=\"comment-notes\"><span id=\"email-notes\">Your email address will not be published.<\/span><span class=\"required-field-message\">Required fields are marked <span class=\"required\">*<\/span><\/span><\/p>\n<p class=\"commentFormComment\"><span id=\"commentFormCount\"><br \/>\n                            inca<br \/>\n                            <span id=\"countCommentText\">1000<\/span><br \/>\n                            caractere ramase<br \/>\n                        <\/span><\/p>\n<\/div>\n<\/div>\n<div class=\"bottom\">\n<p class=\"forumDisclaimerHuRo\">\n            Citi\u021bi principiile noastre de moderare <a href=\"https:\/\/www.tion.ro\/reguli-postare-comentarii\/\" target=\"_blank\">aici<\/a>!\n        <\/p>\n<\/div>\n<\/div>\n<\/div>\n<\/div>\n<\/article>\n<div class=\"entry-content clearfix\">\n<div class=\"enewsArticleContent\">\n<p>La Maria Radna, cel mai mare loc de pelerinaj catolic din vestul Rom\u00e2niei, manifest\u0103rile religioase vor \u00eencepe vineri, 14 august, \u0219i se vor desf\u0103\u0219ura pe parcursul a dou\u0103 zile. Potrivit reprezentan\u021bilor basilicii, sunt a\u0219tepta\u021bi \u00eentre 20.000 \u0219i 25.000 de pelerini, inclusiv credincio\u0219i veni\u021bi din str\u0103in\u0103tate.<\/p>\n<blockquote>\n<p>\u201eA\u0219tept\u0103m \u00eentre 20.000 \u0219i 25.000 de pelerini \u00een cele dou\u0103 zile, la fel ca \u00een anii trecu\u021bi. Sunt care vin din str\u0103in\u0103tate, iar conform tradi\u021biei slujbele au loc \u00een mai multe limbi\u201d, a declarat, pentru AGERPRES, Andreas Reinholz, preotul paroh.<\/p>\n<\/blockquote>\n<p>Programul de la Basilica Papal\u0103 Maria Radna \u00eencepe vineri, de la ora 18:00, cu o Sf\u00e2nt\u0103 Liturghie \u00een limbile rom\u00e2n\u0103 \u0219i maghiar\u0103. De la ora 19:00 va fi oficiat\u0103 o Liturghie \u00een limba croat\u0103.<\/p>\n<p>De la ora 20:00, credincio\u0219ii sunt a\u0219tepta\u021bi la Rozariul \u00een patru limbi, urmat de tradi\u021bionala procesiune cu Icoana Fecioarei Maria.<\/p>\n<p>S\u00e2mb\u0103t\u0103, \u00een ziua praznicului, la Maria Radna vor fi oficiate mai multe Sfinte Liturghii.<\/p>\n<p>Programul \u00eencepe la ora 7:30, cu o Liturghie \u00een limba croat\u0103, urmat\u0103, de la ora 9:00, de o slujb\u0103 \u00een limba maghiar\u0103. Momentul central al zilei va fi Sf\u00e2nta Liturghie Solemn\u0103 de la ora 11:00, oficiat\u0103 \u00een limbile rom\u00e2n\u0103, maghiar\u0103 \u0219i german\u0103.<\/p>\n<p>La ora 13:00 este programat\u0103 o Liturghie \u00een limba rom\u00e2n\u0103, iar de la ora 14:00 va avea loc Sf\u00e2nta Liturghie greco-catolic\u0103. Programul de la Maria Radna se va \u00eencheia la ora 17:00, cu un concert sus\u021binut de Gheorghe Iovu.<\/p>\n<p>\u0218i M\u0103n\u0103stirea Hodo\u0219-Bodrog se preg\u0103te\u0219te s\u0103 primeasc\u0103 mii de pelerini de Adormirea Maicii Domnului. A\u0219ez\u0103m\u00e2ntul monahal este considerat cea mai veche m\u0103n\u0103stire din Rom\u00e2nia cu via\u021b\u0103 monahal\u0103 ne\u00eentrerupt\u0103.<\/p>\n<p>Programul religios va \u00eencepe vineri, de la ora 16:00, cu Vecernia cu Litie \u0219i Utrenia. De la ora 19:30, credincio\u0219ii vor porni \u00een tradi\u021bionala procesiune \u201eDrumul Crucii\u201d.<\/p>\n<p>Seara va continua cu Sf\u00e2ntul Maslu, programat la ora 22:00, iar de la ora 23:30 va fi oficiat Prohodul Maicii Domnului.<\/p>\n<p>\u00cen noaptea de vineri spre s\u00e2mb\u0103t\u0103, prima Sf\u00e2nt\u0103 Liturghie va fi oficiat\u0103 la ora 02:00. Programul religios va continua diminea\u021ba, de la ora 09:00, cu Acatistul Adormirii Maicii Domnului \u0219i Ceasurile.<\/p>\n<p>De la ora 10:00 este programat\u0103 Sf\u00e2nta Liturghie Arhiereasc\u0103, momentul central al s\u0103rb\u0103torii.<\/p>\n<p>Reprezentan\u021bii M\u0103n\u0103stirii Hodo\u0219-Bodrog estimeaz\u0103 c\u0103 peste 5.000 de credincio\u0219i vor participa la manifest\u0103rile religioase dedicate Adormirii Maicii Domnului.<\/p>\n<p>\u00a0<\/p>\n<div class=\"fbShareLikeTwitterAndEmailContainer\">\n<div class=\"wrapper\">\n<div class=\"email\">\n<div id=\"mailto-pop\" class=\"pop-form pop-form-mailto\">\n<div class=\"pop-form-header\">\n<h4>Trimite articolul<\/h4>\n<p><a class=\"pop-form-close\">X<\/a><\/div>\n<\/div>\n<\/div>\n<\/div>\n<\/div>\n<div class=\"tagsContainer\">\n<div class=\"tagsLabel\">Taguri:<\/div>\n<div class=\"tags\">\n<div class=\"tag\"><a href=\"https:\/\/www.tion.ro\/cimke\/hodos\" rel=\"tag\"><span class=\"link\">Hodo\u0219<\/span><span class=\"separator\">,<\/span><\/a><\/div>\n<div class=\"tag\"><a href=\"https:\/\/www.tion.ro\/cimke\/pelerinaje\" rel=\"tag\"><span class=\"link\">pelerinaje<\/span><span class=\"separator\">,<\/span><\/a><\/div>\n<div class=\"tag\"><a href=\"https:\/\/www.tion.ro\/cimke\/radna\" rel=\"tag\"><span class=\"link\">Radna<\/span><\/a><\/div>\n<\/div>\n<\/div>\n<div class=\"comments\">\n<div class=\"top\">\n<div class=\"commentsNumber\"><span class=\"number\">0<\/span><span class=\"text\">Comentarii<\/span><\/div>\n<\/div>\n<div class=\"center\">\n<div id=\"respond\" class=\"comment-respond\">\n<h3 id=\"reply-title\" class=\"comment-reply-title\"><small><a rel=\"nofollow\" id=\"cancel-comment-reply-link\" href=\"https:\/\/www.tion.ro\/stirile-judetului-timis\/zeci-de-mii-de-pelerini-asteptati-la-manastirile-maria-radna-si-hodos-bodrog-de-adormirea-maicii-domnului-2333058\/#respond\">Cancel reply<\/a><\/small><\/h3>\n<p class=\"comment-notes\"><span id=\"email-notes\">Your email address will not be published.<\/span><span class=\"required-field-message\">Required fields are marked <span class=\"required\">*<\/span><\/span><\/p>\n<p class=\"commentFormComment\"><span id=\"commentFormCount\"><br \/>\n                            inca<br \/>\n                            <span id=\"countCommentText\">1000<\/span><br \/>\n                            caractere ramase<br \/>\n                        <\/span><\/p>\n<\/div>\n<\/div>\n<div class=\"bottom\">\n<p class=\"forumDisclaimerHuRo\">\n            Citi\u021bi principiile noastre de moderare <a href=\"https:\/\/www.tion.ro\/reguli-postare-comentarii\/\" target=\"_blank\">aici<\/a>!\n        <\/p>\n<\/div>\n<\/div>\n<\/div>\n<\/div>\n<p>[analyse_source url=&#8221;https:\/\/www.tion.ro\/stirile-judetului-timis\/zeci-de-mii-de-pelerini-asteptati-la-manastirile-maria-radna-si-hodos-bodrog-de-adormirea-maicii-domnului-2333058\/&#8221;]<\/p>\n","protected":false},"excerpt":{"rendered":"<p>[analyse_image type=&#8221;featured&#8221; src=&#8221;https:\/\/www.tion.ro\/wp-content\/uploads\/2026\/08\/+otf\/1200&#215;630\/6535581manastireahodosboodrog.jpg&#8221;] La Maria Radna, cel mai mare loc de pelerinaj catolic din vestul Rom\u00e2niei, manifest\u0103rile religioase vor \u00eencepe vineri, 14 august, \u0219i se vor desf\u0103\u0219ura pe parcursul a dou\u0103 zile. Potrivit reprezentan\u021bilor basilicii, sunt a\u0219tepta\u021bi \u00eentre 20.000 \u0219i 25.000 de pelerini, inclusiv credincio\u0219i veni\u021bi din str\u0103in\u0103tate. \u201eA\u0219tept\u0103m \u00eentre 20.000 \u0219i 25.000 de pelerini [&hellip;]<\/p>\n","protected":false},"author":1,"featured_media":0,"comment_status":"open","ping_status":"","sticky":false,"template":"","format":"standard","meta":{"footnotes":""},"categories":[89],"tags":[226,191],"class_list":["post-2089567","post","type-post","status-publish","format-standard","hentry","category-romania","tag-crawlmanager","tag-tion-ro"],"_links":{"self":[{"href":"https:\/\/analyse.optim.biz\/index.php?rest_route=\/wp\/v2\/posts\/2089567","targetHints":{"allow":["GET"]}}],"collection":[{"href":"https:\/\/analyse.optim.biz\/index.php?rest_route=\/wp\/v2\/posts"}],"about":[{"href":"https:\/\/analyse.optim.biz\/index.php?rest_route=\/wp\/v2\/types\/post"}],"author":[{"embeddable":true,"href":"https:\/\/analyse.optim.biz\/index.php?rest_route=\/wp\/v2\/users\/1"}],"replies":[{"embeddable":true,"href":"https:\/\/analyse.optim.biz\/index.php?rest_route=%2Fwp%2Fv2%2Fcomments&post=2089567"}],"version-history":[{"count":0,"href":"https:\/\/analyse.optim.biz\/index.php?rest_route=\/wp\/v2\/posts\/2089567\/revisions"}],"wp:attachment":[{"href":"https:\/\/analyse.optim.biz\/index.php?rest_route=%2Fwp%2Fv2%2Fmedia&parent=2089567"}],"wp:term":[{"taxonomy":"category","embeddable":true,"href":"https:\/\/analyse.optim.biz\/index.php?rest_route=%2Fwp%2Fv2%2Fcategories&post=2089567"},{"taxonomy":"post_tag","embeddable":true,"href":"https:\/\/analyse.optim.biz\/index.php?rest_route=%2Fwp%2Fv2%2Ftags&post=2089567"}],"curies":[{"name":"wp","href":"https:\/\/api.w.org\/{rel}","templated":true}]}}