{"id":2089563,"date":"2026-08-12T11:31:52","date_gmt":"2026-08-12T08:31:52","guid":{"rendered":"https:\/\/analyse.optim.biz\/?p=2089563"},"modified":"2026-08-12T11:31:52","modified_gmt":"2026-08-12T08:31:52","slug":"se-schimba-regulile-pentru-angajarea-strainilor-in-timis-noua-platforma-workinromania-a-fost-lansata","status":"publish","type":"post","link":"https:\/\/analyse.optim.biz\/?p=2089563","title":{"rendered":"Se schimb\u0103 regulile pentru angajarea str\u0103inilor \u00een Timi\u0219. Noua platform\u0103 WorkinRomania a fost lansat\u0103"},"content":{"rendered":"<p>[analyse_image type=&#8221;featured&#8221; src=&#8221;https:\/\/www.tion.ro\/wp-content\/uploads\/2026\/08\/+otf\/1200&#215;630\/QcOBVUQ33q8jErnJcOYuVk5PVF9WRVJZX1NFQ0kOlXgO8vk9yXF+Rl75U3EmmYW4UbTApIy93D85HWd7P+9fYNmVmJ+JHQktXnMmchyOgdZdyt6Tw74aZXJHZnU=\/6534188pexelsmatthewjesus46817038935342016-scaled.jpg&#8221;]<\/p>\n<article id=\"post-2332980\" class>\n<div class=\"entry-content clearfix\">\n<div class=\"enewsArticleContent\">\n<p>Agen\u021bia Jude\u021bean\u0103 pentru Ocuparea For\u021bei de Munc\u0103 Timi\u0219 anun\u021b\u0103 c\u0103 noul sistem digital integreaz\u0103 \u00eentr-un singur flux procedurile prin care angajatorii \u0219i agen\u021biile de plasare pot ob\u021bine documentele necesare pentru angajarea lucr\u0103torilor din state ter\u021be.<\/p>\n<blockquote>\n<p>\u201eNoua procedur\u0103 derulat\u0103 prin platforma WorkinRomania.gov.ro aduce un flux mai simplu \u0219i complet transparent, protej\u00e2nd deopotriv\u0103 interesele angajatorilor \u0219i ale lucr\u0103torilor. Totodat\u0103, sistemul pune un accent ferm pe seriozitatea agen\u021biilor de plasare, oferind angajatorilor garan\u021bia c\u0103 apeleaz\u0103 la parteneri autoriza\u021bi \u0219i la un proces legal, sigur \u0219i predictibil\u201d, a transmis, miercuri, Roxana Ka\u0219ai, director executive al AJOFM Timi\u0219.<\/p>\n<\/blockquote>\n<p>\u00cen prima etap\u0103, platforma permite derularea exclusiv online a mai multor proceduri. Printre acestea se num\u0103r\u0103:<\/p>\n<ul>\n<li>\u00eenregistrarea \u0219i autorizarea angajatorilor care doresc s\u0103 angajeze cet\u0103\u021beni str\u0103ini;<\/li>\n<li>autorizarea \u0219i prelungirea autoriz\u0103rii agen\u021biilor de plasare a str\u0103inilor;<\/li>\n<li>depunerea documentelor justificative \u00een format electronic;<\/li>\n<li>transmiterea notific\u0103rilor \u0219i comunic\u0103rilor oficiale;<\/li>\n<li>urm\u0103rirea \u00een timp real a stadiului cererilor;<\/li>\n<li>primirea actelor administrative direct \u00een contul de utilizator.<\/li>\n<\/ul>\n<p>\u00centr-o etap\u0103 ulterioar\u0103, platforma va permite \u0219i depunerea cererilor unice pentru ob\u021binerea vizelor de lung\u0103 \u0219edere pentru angajare \u00een munc\u0103, respectiv D\/AM1 \u0219i D\/AM2, precum \u0219i pentru prelungirea dreptului de \u0219edere \u00een scop de munc\u0103.<\/p>\n<p>La nivel na\u021bional, modulul destinat \u00eenregistr\u0103rii \u0219i autoriz\u0103rii angajatorilor \u0219i agen\u021biilor de plasare este administrat opera\u021bional de Agen\u021bia Na\u021bional\u0103 pentru Ocuparea For\u021bei de Munc\u0103. AJOFM Timi\u0219 aplic\u0103 procedura pentru angajatorii \u0219i agen\u021biile din jude\u021b, \u00een colaborare cu Inspectoratul General pentru Imigr\u0103ri, Inspec\u021bia Muncii \u0219i celelalte institu\u021bii conectate la sistem.<\/p>\n<h3><strong>Adeverin\u021bele eliberate de AJOFM Timi\u0219 nu mai sunt necesare \u00een majoritatea cazurilor<\/strong><\/h3>\n<p>Una dintre cele mai importante schimb\u0103ri \u00eei vizeaz\u0103 pe angajatorii care solicitau p\u00e2n\u0103 acum de la AJOFM Timi\u0219 adeverin\u021be pentru \u00eencadrarea \u00een munc\u0103 a str\u0103inilor, documente necesare ulterior la Inspectoratul General pentru Imigr\u0103ri.<\/p>\n<p>Din 8 august 2026, aceast\u0103 procedur\u0103 nu mai este aplicabil\u0103. Cadrul legal anterior, prev\u0103zut de titlul I din Ordonan\u021ba Guvernului nr. 25\/2014, a fost abrogat prin OUG nr. 32\/2026.<\/p>\n<p>Prin urmare, cererile depuse dup\u0103 7 august nu mai pot fi solu\u021bionate prin vechea procedur\u0103.<\/p>\n<p>Pentru lucr\u0103torii permanen\u021bi, sezonieri sau transfrontalieri, procedura se realizeaz\u0103 de acum exclusiv prin WorkinRomania.gov.ro, fie de angajatorul \u00eenregistrat \u0219i autorizat, fie printr-o agen\u021bie de plasare autorizat\u0103.<\/p>\n<p>Exist\u0103 \u00eens\u0103 o condi\u021bie important\u0103: ocupa\u021bia pentru care este recrutat lucr\u0103torul trebuie s\u0103 se reg\u0103seasc\u0103 \u00een Lista ocupa\u021biilor deficitare, publicat\u0103 periodic prin ordin al ministrului muncii, familiei, tineretului \u0219i solidarit\u0103\u021bii sociale.<\/p>\n<h3><strong>Cine face excep\u021bie<\/strong><\/h3>\n<p>Exist\u0103 \u0219i o categorie pentru care AJOFM Timi\u0219 continu\u0103 s\u0103 elibereze documente: lucr\u0103torii str\u0103ini \u00eenalt califica\u021bi.<\/p>\n<p>\u00cen cazul acestora, angajatorul trebuie s\u0103 demonstreze c\u0103 a f\u0103cut demersuri pentru ocuparea postului vacant de c\u0103tre un cet\u0103\u021bean rom\u00e2n, al unui stat membru UE sau SEE, al Confedera\u021biei Elve\u021biene ori de c\u0103tre un str\u0103in care are drept de \u0219edere pe termen lung \u00een Rom\u00e2nia.<\/p>\n<p>Pentru aceast\u0103 categorie, AJOFM Timi\u0219 elibereaz\u0103 \u00een continuare adeverin\u021ba privind for\u021ba de munc\u0103 disponibil\u0103 pentru postul vacant. Documentul este valabil 90 de zile. \u00cen afara situa\u021biei lucr\u0103torilor \u00eenalt califica\u021bi, AJOFM Timi\u0219 nu mai elibereaz\u0103 adeverin\u021be \u00een vederea ob\u021binerii avizului de munc\u0103 sau a vizei de lung\u0103 \u0219edere pentru angajare.<\/p>\n<h3><strong>Angajatorii trebuie s\u0103 se \u00eenregistreze pe noua platform\u0103<\/strong><\/h3>\n<p>Companiile \u0219i agen\u021biile de plasare din jude\u021b care inten\u021bioneaz\u0103 s\u0103 angajeze cet\u0103\u021beni din state ter\u021be sunt \u00eendemnate s\u0103 se \u00eenregistreze sau s\u0103 solicite autorizarea prin WorkinRomania.gov.ro. Platforma pune la dispozi\u021bie informa\u021bii despre condi\u021biile de \u00eenregistrare, documentele necesare \u0219i modul de utilizare a serviciilor electronice. Informa\u021biile sunt disponibile \u0219i \u00een limba englez\u0103, iar utilizatorii au la dispozi\u021bie \u0219i un serviciu de chat pentru suport, at\u00e2t \u00een format text, c\u00e2t \u0219i vocal.<\/p>\n<p>Pentru situa\u021biile care \u00eei vizeaz\u0103 pe lucr\u0103torii \u00eenalt califica\u021bi \u0219i pentru eliberarea adeverin\u021bei privind for\u021ba de munc\u0103 disponibil\u0103, angajatorii din Timi\u0219 se pot adresa \u00een continuare AJOFM Timi\u0219.<\/p>\n<p>Lista ocupa\u021biilor deficitare \u0219i informa\u021biile oficiale privind noua procedur\u0103 pot fi consultate pe site-ul AJOFM Timi\u0219.<\/p>\n<div class=\"fbShareLikeTwitterAndEmailContainer\">\n<div class=\"wrapper\">\n<div class=\"email\">\n<div id=\"mailto-pop\" class=\"pop-form pop-form-mailto\">\n<div class=\"pop-form-header\">\n<h4>Trimite articolul<\/h4>\n<p><a class=\"pop-form-close\">X<\/a><\/div>\n<\/div>\n<\/div>\n<\/div>\n<\/div>\n<div class=\"tagsContainer\">\n<div class=\"tagsLabel\">Taguri:<\/div>\n<div class=\"tags\">\n<div class=\"tag\"><a href=\"https:\/\/www.tion.ro\/cimke\/ajofm\" rel=\"tag\"><span class=\"link\">ajofm<\/span><span class=\"separator\">,<\/span><\/a><\/div>\n<div class=\"tag\"><a href=\"https:\/\/www.tion.ro\/cimke\/muncitori-straini\" rel=\"tag\"><span class=\"link\">muncitori straini<\/span><span class=\"separator\">,<\/span><\/a><\/div>\n<div class=\"tag\"><a href=\"https:\/\/www.tion.ro\/cimke\/platforma-workinromania\" rel=\"tag\"><span class=\"link\">platform\u0103 WorkinRomania<\/span><span class=\"separator\">,<\/span><\/a><\/div>\n<div class=\"tag\"><a href=\"https:\/\/www.tion.ro\/cimke\/reguli\" rel=\"tag\"><span class=\"link\">reguli<\/span><\/a><\/div>\n<\/div>\n<\/div>\n<div class=\"comments\">\n<div class=\"top\">\n<div class=\"commentsNumber\"><span class=\"number\">0<\/span><span class=\"text\">Comentarii<\/span><\/div>\n<\/div>\n<div class=\"center\">\n<div id=\"respond\" class=\"comment-respond\">\n<h3 id=\"reply-title\" class=\"comment-reply-title\"><small><a rel=\"nofollow\" id=\"cancel-comment-reply-link\" href=\"https:\/\/www.tion.ro\/stirile-judetului-timis\/se-schimba-regulile-pentru-angajarea-strainilor-in-timis-noua-platforma-workinromania-a-fost-lansata-2332980\/#respond\">Cancel reply<\/a><\/small><\/h3>\n<p class=\"comment-notes\"><span id=\"email-notes\">Your email address will not be published.<\/span><span class=\"required-field-message\">Required fields are marked <span class=\"required\">*<\/span><\/span><\/p>\n<p class=\"commentFormComment\"><span id=\"commentFormCount\"><br \/>\n                            inca<br \/>\n                            <span id=\"countCommentText\">1000<\/span><br \/>\n                            caractere ramase<br \/>\n                        <\/span><\/p>\n<\/div>\n<\/div>\n<div class=\"bottom\">\n<p class=\"forumDisclaimerHuRo\">\n            Citi\u021bi principiile noastre de moderare <a href=\"https:\/\/www.tion.ro\/reguli-postare-comentarii\/\" target=\"_blank\">aici<\/a>!\n        <\/p>\n<\/div>\n<\/div>\n<\/div>\n<\/div>\n<\/article>\n<div class=\"entry-content clearfix\">\n<div class=\"enewsArticleContent\">\n<p>Agen\u021bia Jude\u021bean\u0103 pentru Ocuparea For\u021bei de Munc\u0103 Timi\u0219 anun\u021b\u0103 c\u0103 noul sistem digital integreaz\u0103 \u00eentr-un singur flux procedurile prin care angajatorii \u0219i agen\u021biile de plasare pot ob\u021bine documentele necesare pentru angajarea lucr\u0103torilor din state ter\u021be.<\/p>\n<blockquote>\n<p>\u201eNoua procedur\u0103 derulat\u0103 prin platforma WorkinRomania.gov.ro aduce un flux mai simplu \u0219i complet transparent, protej\u00e2nd deopotriv\u0103 interesele angajatorilor \u0219i ale lucr\u0103torilor. Totodat\u0103, sistemul pune un accent ferm pe seriozitatea agen\u021biilor de plasare, oferind angajatorilor garan\u021bia c\u0103 apeleaz\u0103 la parteneri autoriza\u021bi \u0219i la un proces legal, sigur \u0219i predictibil\u201d, a transmis, miercuri, Roxana Ka\u0219ai, director executive al AJOFM Timi\u0219.<\/p>\n<\/blockquote>\n<p>\u00cen prima etap\u0103, platforma permite derularea exclusiv online a mai multor proceduri. Printre acestea se num\u0103r\u0103:<\/p>\n<ul>\n<li>\u00eenregistrarea \u0219i autorizarea angajatorilor care doresc s\u0103 angajeze cet\u0103\u021beni str\u0103ini;<\/li>\n<li>autorizarea \u0219i prelungirea autoriz\u0103rii agen\u021biilor de plasare a str\u0103inilor;<\/li>\n<li>depunerea documentelor justificative \u00een format electronic;<\/li>\n<li>transmiterea notific\u0103rilor \u0219i comunic\u0103rilor oficiale;<\/li>\n<li>urm\u0103rirea \u00een timp real a stadiului cererilor;<\/li>\n<li>primirea actelor administrative direct \u00een contul de utilizator.<\/li>\n<\/ul>\n<p>\u00centr-o etap\u0103 ulterioar\u0103, platforma va permite \u0219i depunerea cererilor unice pentru ob\u021binerea vizelor de lung\u0103 \u0219edere pentru angajare \u00een munc\u0103, respectiv D\/AM1 \u0219i D\/AM2, precum \u0219i pentru prelungirea dreptului de \u0219edere \u00een scop de munc\u0103.<\/p>\n<p>La nivel na\u021bional, modulul destinat \u00eenregistr\u0103rii \u0219i autoriz\u0103rii angajatorilor \u0219i agen\u021biilor de plasare este administrat opera\u021bional de Agen\u021bia Na\u021bional\u0103 pentru Ocuparea For\u021bei de Munc\u0103. AJOFM Timi\u0219 aplic\u0103 procedura pentru angajatorii \u0219i agen\u021biile din jude\u021b, \u00een colaborare cu Inspectoratul General pentru Imigr\u0103ri, Inspec\u021bia Muncii \u0219i celelalte institu\u021bii conectate la sistem.<\/p>\n<h3><strong>Adeverin\u021bele eliberate de AJOFM Timi\u0219 nu mai sunt necesare \u00een majoritatea cazurilor<\/strong><\/h3>\n<p>Una dintre cele mai importante schimb\u0103ri \u00eei vizeaz\u0103 pe angajatorii care solicitau p\u00e2n\u0103 acum de la AJOFM Timi\u0219 adeverin\u021be pentru \u00eencadrarea \u00een munc\u0103 a str\u0103inilor, documente necesare ulterior la Inspectoratul General pentru Imigr\u0103ri.<\/p>\n<p>Din 8 august 2026, aceast\u0103 procedur\u0103 nu mai este aplicabil\u0103. Cadrul legal anterior, prev\u0103zut de titlul I din Ordonan\u021ba Guvernului nr. 25\/2014, a fost abrogat prin OUG nr. 32\/2026.<\/p>\n<p>Prin urmare, cererile depuse dup\u0103 7 august nu mai pot fi solu\u021bionate prin vechea procedur\u0103.<\/p>\n<p>Pentru lucr\u0103torii permanen\u021bi, sezonieri sau transfrontalieri, procedura se realizeaz\u0103 de acum exclusiv prin WorkinRomania.gov.ro, fie de angajatorul \u00eenregistrat \u0219i autorizat, fie printr-o agen\u021bie de plasare autorizat\u0103.<\/p>\n<p>Exist\u0103 \u00eens\u0103 o condi\u021bie important\u0103: ocupa\u021bia pentru care este recrutat lucr\u0103torul trebuie s\u0103 se reg\u0103seasc\u0103 \u00een Lista ocupa\u021biilor deficitare, publicat\u0103 periodic prin ordin al ministrului muncii, familiei, tineretului \u0219i solidarit\u0103\u021bii sociale.<\/p>\n<h3><strong>Cine face excep\u021bie<\/strong><\/h3>\n<p>Exist\u0103 \u0219i o categorie pentru care AJOFM Timi\u0219 continu\u0103 s\u0103 elibereze documente: lucr\u0103torii str\u0103ini \u00eenalt califica\u021bi.<\/p>\n<p>\u00cen cazul acestora, angajatorul trebuie s\u0103 demonstreze c\u0103 a f\u0103cut demersuri pentru ocuparea postului vacant de c\u0103tre un cet\u0103\u021bean rom\u00e2n, al unui stat membru UE sau SEE, al Confedera\u021biei Elve\u021biene ori de c\u0103tre un str\u0103in care are drept de \u0219edere pe termen lung \u00een Rom\u00e2nia.<\/p>\n<p>Pentru aceast\u0103 categorie, AJOFM Timi\u0219 elibereaz\u0103 \u00een continuare adeverin\u021ba privind for\u021ba de munc\u0103 disponibil\u0103 pentru postul vacant. Documentul este valabil 90 de zile. \u00cen afara situa\u021biei lucr\u0103torilor \u00eenalt califica\u021bi, AJOFM Timi\u0219 nu mai elibereaz\u0103 adeverin\u021be \u00een vederea ob\u021binerii avizului de munc\u0103 sau a vizei de lung\u0103 \u0219edere pentru angajare.<\/p>\n<h3><strong>Angajatorii trebuie s\u0103 se \u00eenregistreze pe noua platform\u0103<\/strong><\/h3>\n<p>Companiile \u0219i agen\u021biile de plasare din jude\u021b care inten\u021bioneaz\u0103 s\u0103 angajeze cet\u0103\u021beni din state ter\u021be sunt \u00eendemnate s\u0103 se \u00eenregistreze sau s\u0103 solicite autorizarea prin WorkinRomania.gov.ro. Platforma pune la dispozi\u021bie informa\u021bii despre condi\u021biile de \u00eenregistrare, documentele necesare \u0219i modul de utilizare a serviciilor electronice. Informa\u021biile sunt disponibile \u0219i \u00een limba englez\u0103, iar utilizatorii au la dispozi\u021bie \u0219i un serviciu de chat pentru suport, at\u00e2t \u00een format text, c\u00e2t \u0219i vocal.<\/p>\n<p>Pentru situa\u021biile care \u00eei vizeaz\u0103 pe lucr\u0103torii \u00eenalt califica\u021bi \u0219i pentru eliberarea adeverin\u021bei privind for\u021ba de munc\u0103 disponibil\u0103, angajatorii din Timi\u0219 se pot adresa \u00een continuare AJOFM Timi\u0219.<\/p>\n<p>Lista ocupa\u021biilor deficitare \u0219i informa\u021biile oficiale privind noua procedur\u0103 pot fi consultate pe site-ul AJOFM Timi\u0219.<\/p>\n<div class=\"fbShareLikeTwitterAndEmailContainer\">\n<div class=\"wrapper\">\n<div class=\"email\">\n<div id=\"mailto-pop\" class=\"pop-form pop-form-mailto\">\n<div class=\"pop-form-header\">\n<h4>Trimite articolul<\/h4>\n<p><a class=\"pop-form-close\">X<\/a><\/div>\n<\/div>\n<\/div>\n<\/div>\n<\/div>\n<div class=\"tagsContainer\">\n<div class=\"tagsLabel\">Taguri:<\/div>\n<div class=\"tags\">\n<div class=\"tag\"><a href=\"https:\/\/www.tion.ro\/cimke\/ajofm\" rel=\"tag\"><span class=\"link\">ajofm<\/span><span class=\"separator\">,<\/span><\/a><\/div>\n<div class=\"tag\"><a href=\"https:\/\/www.tion.ro\/cimke\/muncitori-straini\" rel=\"tag\"><span class=\"link\">muncitori straini<\/span><span class=\"separator\">,<\/span><\/a><\/div>\n<div class=\"tag\"><a href=\"https:\/\/www.tion.ro\/cimke\/platforma-workinromania\" rel=\"tag\"><span class=\"link\">platform\u0103 WorkinRomania<\/span><span class=\"separator\">,<\/span><\/a><\/div>\n<div class=\"tag\"><a href=\"https:\/\/www.tion.ro\/cimke\/reguli\" rel=\"tag\"><span class=\"link\">reguli<\/span><\/a><\/div>\n<\/div>\n<\/div>\n<div class=\"comments\">\n<div class=\"top\">\n<div class=\"commentsNumber\"><span class=\"number\">0<\/span><span class=\"text\">Comentarii<\/span><\/div>\n<\/div>\n<div class=\"center\">\n<div id=\"respond\" class=\"comment-respond\">\n<h3 id=\"reply-title\" class=\"comment-reply-title\"><small><a rel=\"nofollow\" id=\"cancel-comment-reply-link\" href=\"https:\/\/www.tion.ro\/stirile-judetului-timis\/se-schimba-regulile-pentru-angajarea-strainilor-in-timis-noua-platforma-workinromania-a-fost-lansata-2332980\/#respond\">Cancel reply<\/a><\/small><\/h3>\n<p class=\"comment-notes\"><span id=\"email-notes\">Your email address will not be published.<\/span><span class=\"required-field-message\">Required fields are marked <span class=\"required\">*<\/span><\/span><\/p>\n<p class=\"commentFormComment\"><span id=\"commentFormCount\"><br \/>\n                            inca<br \/>\n                            <span id=\"countCommentText\">1000<\/span><br \/>\n                            caractere ramase<br \/>\n                        <\/span><\/p>\n<\/div>\n<\/div>\n<div class=\"bottom\">\n<p class=\"forumDisclaimerHuRo\">\n            Citi\u021bi principiile noastre de moderare <a href=\"https:\/\/www.tion.ro\/reguli-postare-comentarii\/\" target=\"_blank\">aici<\/a>!\n        <\/p>\n<\/div>\n<\/div>\n<\/div>\n<\/div>\n<p>[analyse_source url=&#8221;https:\/\/www.tion.ro\/stirile-judetului-timis\/se-schimba-regulile-pentru-angajarea-strainilor-in-timis-noua-platforma-workinromania-a-fost-lansata-2332980\/&#8221;]<\/p>\n","protected":false},"excerpt":{"rendered":"<p>[analyse_image type=&#8221;featured&#8221; src=&#8221;https:\/\/www.tion.ro\/wp-content\/uploads\/2026\/08\/+otf\/1200&#215;630\/QcOBVUQ33q8jErnJcOYuVk5PVF9WRVJZX1NFQ0kOlXgO8vk9yXF+Rl75U3EmmYW4UbTApIy93D85HWd7P+9fYNmVmJ+JHQktXnMmchyOgdZdyt6Tw74aZXJHZnU=\/6534188pexelsmatthewjesus46817038935342016-scaled.jpg&#8221;] Agen\u021bia Jude\u021bean\u0103 pentru Ocuparea For\u021bei de Munc\u0103 Timi\u0219 anun\u021b\u0103 c\u0103 noul sistem digital integreaz\u0103 \u00eentr-un singur flux procedurile prin care angajatorii \u0219i agen\u021biile de plasare pot ob\u021bine documentele necesare pentru angajarea lucr\u0103torilor din state ter\u021be. \u201eNoua procedur\u0103 derulat\u0103 prin platforma WorkinRomania.gov.ro aduce un flux mai simplu \u0219i complet transparent, protej\u00e2nd deopotriv\u0103 interesele [&hellip;]<\/p>\n","protected":false},"author":1,"featured_media":0,"comment_status":"open","ping_status":"","sticky":false,"template":"","format":"standard","meta":{"footnotes":""},"categories":[89],"tags":[226,191],"class_list":["post-2089563","post","type-post","status-publish","format-standard","hentry","category-romania","tag-crawlmanager","tag-tion-ro"],"_links":{"self":[{"href":"https:\/\/analyse.optim.biz\/index.php?rest_route=\/wp\/v2\/posts\/2089563","targetHints":{"allow":["GET"]}}],"collection":[{"href":"https:\/\/analyse.optim.biz\/index.php?rest_route=\/wp\/v2\/posts"}],"about":[{"href":"https:\/\/analyse.optim.biz\/index.php?rest_route=\/wp\/v2\/types\/post"}],"author":[{"embeddable":true,"href":"https:\/\/analyse.optim.biz\/index.php?rest_route=\/wp\/v2\/users\/1"}],"replies":[{"embeddable":true,"href":"https:\/\/analyse.optim.biz\/index.php?rest_route=%2Fwp%2Fv2%2Fcomments&post=2089563"}],"version-history":[{"count":0,"href":"https:\/\/analyse.optim.biz\/index.php?rest_route=\/wp\/v2\/posts\/2089563\/revisions"}],"wp:attachment":[{"href":"https:\/\/analyse.optim.biz\/index.php?rest_route=%2Fwp%2Fv2%2Fmedia&parent=2089563"}],"wp:term":[{"taxonomy":"category","embeddable":true,"href":"https:\/\/analyse.optim.biz\/index.php?rest_route=%2Fwp%2Fv2%2Fcategories&post=2089563"},{"taxonomy":"post_tag","embeddable":true,"href":"https:\/\/analyse.optim.biz\/index.php?rest_route=%2Fwp%2Fv2%2Ftags&post=2089563"}],"curies":[{"name":"wp","href":"https:\/\/api.w.org\/{rel}","templated":true}]}}