{"id":2089561,"date":"2026-08-12T11:18:21","date_gmt":"2026-08-12T08:18:21","guid":{"rendered":"https:\/\/analyse.optim.biz\/?p=2089561"},"modified":"2026-08-12T11:18:21","modified_gmt":"2026-08-12T08:18:21","slug":"noi-reguli-pentru-ambalaje-in-ue-limite-pentru-substantele-care-nu-se-descompun-in-mediu-si-masuri-pentru-reducerea-plasticului","status":"publish","type":"post","link":"https:\/\/analyse.optim.biz\/?p=2089561","title":{"rendered":"Noi reguli pentru ambalaje \u00een UE. Limite pentru substan\u021bele care nu se descompun \u00een mediu \u0219i m\u0103suri pentru reducerea plasticului"},"content":{"rendered":"<p>[analyse_image type=&#8221;featured&#8221; src=&#8221;https:\/\/www.tion.ro\/wp-content\/uploads\/2026\/08\/+otf\/1200&#215;630\/lWMWLhfm5Pg+5H299zw4Pk5PVF9WRVJZX1NFQ1dWXTOhNAJgQupsnxN11HBGdaenqabvgL9WQ18G5MMTCoMms0f4CsUoO28PWN3UMIpdDrZeIbokllsH4ThlLas=\/6533487pexelsboom12644992-scaled.jpg&#8221;]<\/p>\n<article id=\"post-2332989\" class>\n<div class=\"entry-content clearfix\">\n<div class=\"enewsArticleContent\">\n<p>Noile norme \u00eenlocuiesc regulile europene privind ambalajele care dateaz\u0103 din anii 1990 \u0219i vin \u00een contextul cre\u0219terii cantit\u0103\u021bii de de\u0219euri. Potrivit Reuters, volumul de\u0219eurilor de ambalaje a crescut cu peste 20% \u00een ultimul deceniu, pe fondul dezvolt\u0103rii cump\u0103r\u0103turilor online \u0219i al consumului de produse \u201egrab and go\u201d.<\/p>\n<p>Ambalajele reprezint\u0103 aproximativ 40% din consumul de plastic din Europa, potrivit unui oficial european citat de Reuters. \u00cen fiecare an, europenii genereaz\u0103 aproximativ 180 de kilograme de de\u0219euri de ambalaje pe persoan\u0103. Dintre acestea, 35,3 kilograme provin din plastic ob\u021binut din combustibili fosili, iar doar 42% au fost reciclate \u00een 2023, potrivit datelor Eurostat citate de Reuters.<\/p>\n<h3><strong>Primele reguli vizeaz\u0103 substan\u021bele PFAS<\/strong><\/h3>\n<p>Primele m\u0103suri se aplic\u0103 \u00eencep\u00e2nd de miercuri \u0219i stabilesc limite maxime pentru PFAS \u00een ambalajele care intr\u0103 \u00een contact cu alimentele.<\/p>\n<p>PFAS au fost utilizate pentru propriet\u0103\u021bile lor de respingere a apei \u0219i gr\u0103similor, inclusiv la unele recipiente pentru m\u00e2ncare la pachet, h\u00e2rtie pentru produse de panifica\u021bie \u0219i cutii de pizza. Potrivit Reuters, aceste substan\u021be nu se degradeaz\u0103 \u00een mod natural, adic\u0103 nu se descompun \u00een mediu, \u0219i pot ajunge \u00een ap\u0103, aer, sol \u0219i alimente.<\/p>\n<p>Cercet\u0103rile au asociat acumularea acestor substan\u021be \u00een organism cu mai multe probleme de s\u0103n\u0103tate, printre care anumite forme de cancer, boli renale, tulbur\u0103ri ale sistemului imunitar, complica\u021bii \u00een timpul sarcinii \u0219i probleme de dezvoltare la sugari.<\/p>\n<p>Noile reguli prev\u0103d \u0219i ca produc\u0103torii s\u0103 ofere informa\u021bii care s\u0103 permit\u0103 autorit\u0103\u021bilor s\u0103 urm\u0103reasc\u0103 ambalajele p\u00e2n\u0103 la sursa lor, \u00een cazul \u00een care apar probleme.<\/p>\n<h3><strong>Ce se schimb\u0103 p\u00e2n\u0103 \u00een 2030<\/strong><\/h3>\n<p>O parte dintre cele mai importante m\u0103suri vor intra \u00een aplicare treptat. Din 2028 este prev\u0103zut un nou sistem european de etichetare pentru sortarea de\u0219eurilor, menit s\u0103 fac\u0103 reciclarea mai eficient\u0103.<\/p>\n<p>P\u00e2n\u0103 \u00een 2030, Uniunea European\u0103 urm\u0103re\u0219te reducerea de\u0219eurilor de ambalaje cu 5% fa\u021b\u0103 de nivelul din 2018, iar p\u00e2n\u0103 \u00een 2040 \u021binta este de 15%.<\/p>\n<p>Regulile prev\u0103d \u0219i ca ambalajele s\u0103 poat\u0103 fi reciclate \u00eentr-un mod \u201eviabil din punct de vedere economic\u201d. Sunt stabilite, de asemenea, obiective pentru reutilizarea ambalajelor, interdic\u021bii pentru anumite tipuri de produse de unic\u0103 folosin\u021b\u0103 \u0219i limite privind spa\u021biul gol din ambalaje.<br \/>\nPrintre m\u0103suri se num\u0103r\u0103 \u0219i introducerea obligatorie a sistemelor de garan\u021bie-returnare pentru doze \u0219i sticle din plastic.<\/p>\n<p>Uniunea European\u0103 urm\u0103re\u0219te totodat\u0103 s\u0103 limiteze exporturile de de\u0219euri. O nou\u0103 legisla\u021bie privind exportul de de\u0219euri din plastic a intrat \u00een vigoare \u00een luna mai, cu scopul de a se asigura c\u0103 acestea sunt gestionate \u00een condi\u021bii sustenabile. Potrivit Reuters, o parte important\u0103 a de\u0219eurilor de plastic din UE a fost exportat\u0103 timp de decenii c\u0103tre \u021b\u0103ri din afara continentului, unde acestea au fost adesea abandonate.<\/p>\n<p>Comisia European\u0103 va lansa, de asemenea, \u00een cursul acestui an, o consultare privind introducerea unor etichete armonizate, care s\u0103 \u00eei ajute pe consumatori s\u0103 sorteze corect de\u0219eurile de ambalaje.<\/p>\n<p>Potrivit unui oficial european citat de Reuters, produsele care nu respect\u0103 imediat noile reguli nu ar trebui retrase automat de pe pia\u021b\u0103. \u00cen schimb, statele membre ar urma s\u0103 emit\u0103 avertismente \u0219i s\u0103 le ofere companiilor timp pentru a remedia problemele \u00eenainte de aplicarea unor sanc\u021biuni.<\/p>\n<div class=\"fbShareLikeTwitterAndEmailContainer\">\n<div class=\"wrapper\">\n<div class=\"email\">\n<div id=\"mailto-pop\" class=\"pop-form pop-form-mailto\">\n<div class=\"pop-form-header\">\n<h4>Trimite articolul<\/h4>\n<p><a class=\"pop-form-close\">X<\/a><\/div>\n<\/div>\n<\/div>\n<\/div>\n<\/div>\n<div class=\"comments\">\n<div class=\"top\">\n<div class=\"commentsNumber\"><span class=\"number\">0<\/span><span class=\"text\">Comentarii<\/span><\/div>\n<\/div>\n<div class=\"center\">\n<div id=\"respond\" class=\"comment-respond\">\n<h3 id=\"reply-title\" class=\"comment-reply-title\"><small><a rel=\"nofollow\" id=\"cancel-comment-reply-link\" href=\"https:\/\/www.tion.ro\/mapamond\/noi-reguli-pentru-ambalaje-in-ue-limite-pentru-substantele-care-nu-se-descompun-in-mediu-si-masuri-pentru-reducerea-plasticului-2332989\/#respond\">Cancel reply<\/a><\/small><\/h3>\n<p class=\"comment-notes\"><span id=\"email-notes\">Your email address will not be published.<\/span><span class=\"required-field-message\">Required fields are marked <span class=\"required\">*<\/span><\/span><\/p>\n<p class=\"commentFormComment\"><span id=\"commentFormCount\"><br \/>\n                            inca<br \/>\n                            <span id=\"countCommentText\">1000<\/span><br \/>\n                            caractere ramase<br \/>\n                        <\/span><\/p>\n<\/div>\n<\/div>\n<div class=\"bottom\">\n<p class=\"forumDisclaimerHuRo\">\n            Citi\u021bi principiile noastre de moderare <a href=\"https:\/\/www.tion.ro\/reguli-postare-comentarii\/\" target=\"_blank\">aici<\/a>!\n        <\/p>\n<\/div>\n<\/div>\n<\/div>\n<\/div>\n<\/article>\n<div class=\"entry-content clearfix\">\n<div class=\"enewsArticleContent\">\n<p>Noile norme \u00eenlocuiesc regulile europene privind ambalajele care dateaz\u0103 din anii 1990 \u0219i vin \u00een contextul cre\u0219terii cantit\u0103\u021bii de de\u0219euri. Potrivit Reuters, volumul de\u0219eurilor de ambalaje a crescut cu peste 20% \u00een ultimul deceniu, pe fondul dezvolt\u0103rii cump\u0103r\u0103turilor online \u0219i al consumului de produse \u201egrab and go\u201d.<\/p>\n<p>Ambalajele reprezint\u0103 aproximativ 40% din consumul de plastic din Europa, potrivit unui oficial european citat de Reuters. \u00cen fiecare an, europenii genereaz\u0103 aproximativ 180 de kilograme de de\u0219euri de ambalaje pe persoan\u0103. Dintre acestea, 35,3 kilograme provin din plastic ob\u021binut din combustibili fosili, iar doar 42% au fost reciclate \u00een 2023, potrivit datelor Eurostat citate de Reuters.<\/p>\n<h3><strong>Primele reguli vizeaz\u0103 substan\u021bele PFAS<\/strong><\/h3>\n<p>Primele m\u0103suri se aplic\u0103 \u00eencep\u00e2nd de miercuri \u0219i stabilesc limite maxime pentru PFAS \u00een ambalajele care intr\u0103 \u00een contact cu alimentele.<\/p>\n<p>PFAS au fost utilizate pentru propriet\u0103\u021bile lor de respingere a apei \u0219i gr\u0103similor, inclusiv la unele recipiente pentru m\u00e2ncare la pachet, h\u00e2rtie pentru produse de panifica\u021bie \u0219i cutii de pizza. Potrivit Reuters, aceste substan\u021be nu se degradeaz\u0103 \u00een mod natural, adic\u0103 nu se descompun \u00een mediu, \u0219i pot ajunge \u00een ap\u0103, aer, sol \u0219i alimente.<\/p>\n<p>Cercet\u0103rile au asociat acumularea acestor substan\u021be \u00een organism cu mai multe probleme de s\u0103n\u0103tate, printre care anumite forme de cancer, boli renale, tulbur\u0103ri ale sistemului imunitar, complica\u021bii \u00een timpul sarcinii \u0219i probleme de dezvoltare la sugari.<\/p>\n<p>Noile reguli prev\u0103d \u0219i ca produc\u0103torii s\u0103 ofere informa\u021bii care s\u0103 permit\u0103 autorit\u0103\u021bilor s\u0103 urm\u0103reasc\u0103 ambalajele p\u00e2n\u0103 la sursa lor, \u00een cazul \u00een care apar probleme.<\/p>\n<h3><strong>Ce se schimb\u0103 p\u00e2n\u0103 \u00een 2030<\/strong><\/h3>\n<p>O parte dintre cele mai importante m\u0103suri vor intra \u00een aplicare treptat. Din 2028 este prev\u0103zut un nou sistem european de etichetare pentru sortarea de\u0219eurilor, menit s\u0103 fac\u0103 reciclarea mai eficient\u0103.<\/p>\n<p>P\u00e2n\u0103 \u00een 2030, Uniunea European\u0103 urm\u0103re\u0219te reducerea de\u0219eurilor de ambalaje cu 5% fa\u021b\u0103 de nivelul din 2018, iar p\u00e2n\u0103 \u00een 2040 \u021binta este de 15%.<\/p>\n<p>Regulile prev\u0103d \u0219i ca ambalajele s\u0103 poat\u0103 fi reciclate \u00eentr-un mod \u201eviabil din punct de vedere economic\u201d. Sunt stabilite, de asemenea, obiective pentru reutilizarea ambalajelor, interdic\u021bii pentru anumite tipuri de produse de unic\u0103 folosin\u021b\u0103 \u0219i limite privind spa\u021biul gol din ambalaje.<br \/>\nPrintre m\u0103suri se num\u0103r\u0103 \u0219i introducerea obligatorie a sistemelor de garan\u021bie-returnare pentru doze \u0219i sticle din plastic.<\/p>\n<p>Uniunea European\u0103 urm\u0103re\u0219te totodat\u0103 s\u0103 limiteze exporturile de de\u0219euri. O nou\u0103 legisla\u021bie privind exportul de de\u0219euri din plastic a intrat \u00een vigoare \u00een luna mai, cu scopul de a se asigura c\u0103 acestea sunt gestionate \u00een condi\u021bii sustenabile. Potrivit Reuters, o parte important\u0103 a de\u0219eurilor de plastic din UE a fost exportat\u0103 timp de decenii c\u0103tre \u021b\u0103ri din afara continentului, unde acestea au fost adesea abandonate.<\/p>\n<p>Comisia European\u0103 va lansa, de asemenea, \u00een cursul acestui an, o consultare privind introducerea unor etichete armonizate, care s\u0103 \u00eei ajute pe consumatori s\u0103 sorteze corect de\u0219eurile de ambalaje.<\/p>\n<p>Potrivit unui oficial european citat de Reuters, produsele care nu respect\u0103 imediat noile reguli nu ar trebui retrase automat de pe pia\u021b\u0103. \u00cen schimb, statele membre ar urma s\u0103 emit\u0103 avertismente \u0219i s\u0103 le ofere companiilor timp pentru a remedia problemele \u00eenainte de aplicarea unor sanc\u021biuni.<\/p>\n<div class=\"fbShareLikeTwitterAndEmailContainer\">\n<div class=\"wrapper\">\n<div class=\"email\">\n<div id=\"mailto-pop\" class=\"pop-form pop-form-mailto\">\n<div class=\"pop-form-header\">\n<h4>Trimite articolul<\/h4>\n<p><a class=\"pop-form-close\">X<\/a><\/div>\n<\/div>\n<\/div>\n<\/div>\n<\/div>\n<div class=\"comments\">\n<div class=\"top\">\n<div class=\"commentsNumber\"><span class=\"number\">0<\/span><span class=\"text\">Comentarii<\/span><\/div>\n<\/div>\n<div class=\"center\">\n<div id=\"respond\" class=\"comment-respond\">\n<h3 id=\"reply-title\" class=\"comment-reply-title\"><small><a rel=\"nofollow\" id=\"cancel-comment-reply-link\" href=\"https:\/\/www.tion.ro\/mapamond\/noi-reguli-pentru-ambalaje-in-ue-limite-pentru-substantele-care-nu-se-descompun-in-mediu-si-masuri-pentru-reducerea-plasticului-2332989\/#respond\">Cancel reply<\/a><\/small><\/h3>\n<p class=\"comment-notes\"><span id=\"email-notes\">Your email address will not be published.<\/span><span class=\"required-field-message\">Required fields are marked <span class=\"required\">*<\/span><\/span><\/p>\n<p class=\"commentFormComment\"><span id=\"commentFormCount\"><br \/>\n                            inca<br \/>\n                            <span id=\"countCommentText\">1000<\/span><br \/>\n                            caractere ramase<br \/>\n                        <\/span><\/p>\n<\/div>\n<\/div>\n<div class=\"bottom\">\n<p class=\"forumDisclaimerHuRo\">\n            Citi\u021bi principiile noastre de moderare <a href=\"https:\/\/www.tion.ro\/reguli-postare-comentarii\/\" target=\"_blank\">aici<\/a>!\n        <\/p>\n<\/div>\n<\/div>\n<\/div>\n<\/div>\n<p>[analyse_source url=&#8221;https:\/\/www.tion.ro\/mapamond\/noi-reguli-pentru-ambalaje-in-ue-limite-pentru-substantele-care-nu-se-descompun-in-mediu-si-masuri-pentru-reducerea-plasticului-2332989\/&#8221;]<\/p>\n","protected":false},"excerpt":{"rendered":"<p>[analyse_image type=&#8221;featured&#8221; src=&#8221;https:\/\/www.tion.ro\/wp-content\/uploads\/2026\/08\/+otf\/1200&#215;630\/lWMWLhfm5Pg+5H299zw4Pk5PVF9WRVJZX1NFQ1dWXTOhNAJgQupsnxN11HBGdaenqabvgL9WQ18G5MMTCoMms0f4CsUoO28PWN3UMIpdDrZeIbokllsH4ThlLas=\/6533487pexelsboom12644992-scaled.jpg&#8221;] Noile norme \u00eenlocuiesc regulile europene privind ambalajele care dateaz\u0103 din anii 1990 \u0219i vin \u00een contextul cre\u0219terii cantit\u0103\u021bii de de\u0219euri. Potrivit Reuters, volumul de\u0219eurilor de ambalaje a crescut cu peste 20% \u00een ultimul deceniu, pe fondul dezvolt\u0103rii cump\u0103r\u0103turilor online \u0219i al consumului de produse \u201egrab and go\u201d. Ambalajele reprezint\u0103 aproximativ 40% din [&hellip;]<\/p>\n","protected":false},"author":1,"featured_media":0,"comment_status":"open","ping_status":"","sticky":false,"template":"","format":"standard","meta":{"footnotes":""},"categories":[89],"tags":[226,191],"class_list":["post-2089561","post","type-post","status-publish","format-standard","hentry","category-romania","tag-crawlmanager","tag-tion-ro"],"_links":{"self":[{"href":"https:\/\/analyse.optim.biz\/index.php?rest_route=\/wp\/v2\/posts\/2089561","targetHints":{"allow":["GET"]}}],"collection":[{"href":"https:\/\/analyse.optim.biz\/index.php?rest_route=\/wp\/v2\/posts"}],"about":[{"href":"https:\/\/analyse.optim.biz\/index.php?rest_route=\/wp\/v2\/types\/post"}],"author":[{"embeddable":true,"href":"https:\/\/analyse.optim.biz\/index.php?rest_route=\/wp\/v2\/users\/1"}],"replies":[{"embeddable":true,"href":"https:\/\/analyse.optim.biz\/index.php?rest_route=%2Fwp%2Fv2%2Fcomments&post=2089561"}],"version-history":[{"count":0,"href":"https:\/\/analyse.optim.biz\/index.php?rest_route=\/wp\/v2\/posts\/2089561\/revisions"}],"wp:attachment":[{"href":"https:\/\/analyse.optim.biz\/index.php?rest_route=%2Fwp%2Fv2%2Fmedia&parent=2089561"}],"wp:term":[{"taxonomy":"category","embeddable":true,"href":"https:\/\/analyse.optim.biz\/index.php?rest_route=%2Fwp%2Fv2%2Fcategories&post=2089561"},{"taxonomy":"post_tag","embeddable":true,"href":"https:\/\/analyse.optim.biz\/index.php?rest_route=%2Fwp%2Fv2%2Ftags&post=2089561"}],"curies":[{"name":"wp","href":"https:\/\/api.w.org\/{rel}","templated":true}]}}