{"id":2089559,"date":"2026-08-12T13:10:08","date_gmt":"2026-08-12T10:10:08","guid":{"rendered":"https:\/\/analyse.optim.biz\/?p=2089559"},"modified":"2026-08-12T13:10:08","modified_gmt":"2026-08-12T10:10:08","slug":"au-dat-foc-vegetatiei-uscate-dar-focul-a-scapat-de-sub-control-aproape-de-lugoj","status":"publish","type":"post","link":"https:\/\/analyse.optim.biz\/?p=2089559","title":{"rendered":"Au dat foc vegeta\u021biei uscate, dar focul a sc\u0103pat de sub control, aproape de Lugoj"},"content":{"rendered":"<p>[analyse_image type=&#8221;featured&#8221; src=&#8221;https:\/\/www.tion.ro\/wp-content\/uploads\/2026\/08\/+otf\/1200&#215;630\/8VnivFLdF+X9ej9wHVvGiE5PVF9WRVJZX1NFQ0yLKG__cfuamVWEaUhf+X2MicyjGRsqu23rGUX9mjbGWxdK5Lb0Y0xGzamv2Feig27MEMzT__PgzuhvJDgk2Thzw=\/6538616WhatsAppImage20260812at153320.jpeg&#8221;]<\/p>\n<article id=\"post-2333091\" class>\n<div class=\"entry-content clearfix\">\n<div class=\"enewsArticleContent\">\n<p class=\"isSelectedEnd\">Pompierii au reu\u0219it s\u0103 opreasc\u0103 un incendiu izbucnit miercuri, la \u021aipari, \u00eenainte ca fl\u0103c\u0103rile s\u0103 ajung\u0103 la locuin\u021bele din apropiere. Focul a cuprins aproximativ 3.500 de metri p\u0103tra\u021bi de vegeta\u021bie uscat\u0103 \u0219i o anex\u0103 gospod\u0103reasc\u0103 \u00een care era depozitat f\u00e2n. Din fericire, nimeni nu a fost r\u0103nit.<\/p>\n<p class=\"isSelectedEnd\">Alarma s-a dat aproape de ora 13, iar la fa\u021ba locului au ajuns pompierii de la Deta\u0219amentul Lugoj, cu o autospecial\u0103 de prim\u0103 interven\u021bie \u0219i comand\u0103 \u0219i dou\u0103 autospeciale de stingere.<\/p>\n<p class=\"isSelectedEnd\">Fl\u0103c\u0103rile au cuprins vegeta\u021bia uscat\u0103 \u0219i au ajuns la anexa de aproximativ 30 de metri p\u0103tra\u021bi. Situa\u021bia putea deveni \u00eens\u0103 mult mai grav\u0103, deoarece \u00een apropiere se aflau mai multe locuin\u021be.<\/p>\n<p class=\"isSelectedEnd\">Interven\u021bia pompierilor a \u00eempiedicat extinderea incendiului, iar \u00een urma evenimentului nu au fost raportate victime.<\/p>\n<p>Pompierii atrag aten\u021bia c\u0103, mai ales pe vreme cald\u0103 \u0219i cu v\u00e2nt, un foc l\u0103sat nesupravegheat poate sc\u0103pa foarte u\u0219or de sub control. Arderea vegeta\u021biei uscate \u0219i a resturilor vegetale este interzis\u0103 \u0219i poate aduce amenzi.<\/p>\n<div class=\"fbShareLikeTwitterAndEmailContainer\">\n<div class=\"wrapper\">\n<div class=\"email\">\n<div id=\"mailto-pop\" class=\"pop-form pop-form-mailto\">\n<div class=\"pop-form-header\">\n<h4>Trimite articolul<\/h4>\n<p><a class=\"pop-form-close\">X<\/a><\/div>\n<\/div>\n<\/div>\n<\/div>\n<\/div>\n<div class=\"tagsContainer\">\n<div class=\"tagsLabel\">Taguri:<\/div>\n<div class=\"tags\">\n<div class=\"tag\"><a href=\"https:\/\/www.tion.ro\/cimke\/incendiu\" rel=\"tag\"><span class=\"link\">incendiu<\/span><\/a><\/div>\n<\/div>\n<\/div>\n<div class=\"comments\">\n<div class=\"top\">\n<div class=\"commentsNumber\"><span class=\"number\">0<\/span><span class=\"text\">Comentarii<\/span><\/div>\n<\/div>\n<div class=\"center\">\n<div id=\"respond\" class=\"comment-respond\">\n<h3 id=\"reply-title\" class=\"comment-reply-title\"><small><a rel=\"nofollow\" id=\"cancel-comment-reply-link\" href=\"https:\/\/www.tion.ro\/eveniment\/au-dat-foc-vegetatiei-uscate-dar-focul-a-scapat-de-sub-control-aproape-de-lugoj-2333091\/#respond\">Cancel reply<\/a><\/small><\/h3>\n<p class=\"comment-notes\"><span id=\"email-notes\">Your email address will not be published.<\/span><span class=\"required-field-message\">Required fields are marked <span class=\"required\">*<\/span><\/span><\/p>\n<p class=\"commentFormComment\"><span id=\"commentFormCount\"><br \/>\n                            inca<br \/>\n                            <span id=\"countCommentText\">1000<\/span><br \/>\n                            caractere ramase<br \/>\n                        <\/span><\/p>\n<\/div>\n<\/div>\n<div class=\"bottom\">\n<p class=\"forumDisclaimerHuRo\">\n            Citi\u021bi principiile noastre de moderare <a href=\"https:\/\/www.tion.ro\/reguli-postare-comentarii\/\" target=\"_blank\">aici<\/a>!\n        <\/p>\n<\/div>\n<\/div>\n<\/div>\n<\/div>\n<\/article>\n<div class=\"entry-content clearfix\">\n<div class=\"enewsArticleContent\">\n<p class=\"isSelectedEnd\">Pompierii au reu\u0219it s\u0103 opreasc\u0103 un incendiu izbucnit miercuri, la \u021aipari, \u00eenainte ca fl\u0103c\u0103rile s\u0103 ajung\u0103 la locuin\u021bele din apropiere. Focul a cuprins aproximativ 3.500 de metri p\u0103tra\u021bi de vegeta\u021bie uscat\u0103 \u0219i o anex\u0103 gospod\u0103reasc\u0103 \u00een care era depozitat f\u00e2n. Din fericire, nimeni nu a fost r\u0103nit.<\/p>\n<p class=\"isSelectedEnd\">Alarma s-a dat aproape de ora 13, iar la fa\u021ba locului au ajuns pompierii de la Deta\u0219amentul Lugoj, cu o autospecial\u0103 de prim\u0103 interven\u021bie \u0219i comand\u0103 \u0219i dou\u0103 autospeciale de stingere.<\/p>\n<p class=\"isSelectedEnd\">Fl\u0103c\u0103rile au cuprins vegeta\u021bia uscat\u0103 \u0219i au ajuns la anexa de aproximativ 30 de metri p\u0103tra\u021bi. Situa\u021bia putea deveni \u00eens\u0103 mult mai grav\u0103, deoarece \u00een apropiere se aflau mai multe locuin\u021be.<\/p>\n<p class=\"isSelectedEnd\">Interven\u021bia pompierilor a \u00eempiedicat extinderea incendiului, iar \u00een urma evenimentului nu au fost raportate victime.<\/p>\n<p>Pompierii atrag aten\u021bia c\u0103, mai ales pe vreme cald\u0103 \u0219i cu v\u00e2nt, un foc l\u0103sat nesupravegheat poate sc\u0103pa foarte u\u0219or de sub control. Arderea vegeta\u021biei uscate \u0219i a resturilor vegetale este interzis\u0103 \u0219i poate aduce amenzi.<\/p>\n<div class=\"fbShareLikeTwitterAndEmailContainer\">\n<div class=\"wrapper\">\n<div class=\"email\">\n<div id=\"mailto-pop\" class=\"pop-form pop-form-mailto\">\n<div class=\"pop-form-header\">\n<h4>Trimite articolul<\/h4>\n<p><a class=\"pop-form-close\">X<\/a><\/div>\n<\/div>\n<\/div>\n<\/div>\n<\/div>\n<div class=\"tagsContainer\">\n<div class=\"tagsLabel\">Taguri:<\/div>\n<div class=\"tags\">\n<div class=\"tag\"><a href=\"https:\/\/www.tion.ro\/cimke\/incendiu\" rel=\"tag\"><span class=\"link\">incendiu<\/span><\/a><\/div>\n<\/div>\n<\/div>\n<div class=\"comments\">\n<div class=\"top\">\n<div class=\"commentsNumber\"><span class=\"number\">0<\/span><span class=\"text\">Comentarii<\/span><\/div>\n<\/div>\n<div class=\"center\">\n<div id=\"respond\" class=\"comment-respond\">\n<h3 id=\"reply-title\" class=\"comment-reply-title\"><small><a rel=\"nofollow\" id=\"cancel-comment-reply-link\" href=\"https:\/\/www.tion.ro\/eveniment\/au-dat-foc-vegetatiei-uscate-dar-focul-a-scapat-de-sub-control-aproape-de-lugoj-2333091\/#respond\">Cancel reply<\/a><\/small><\/h3>\n<p class=\"comment-notes\"><span id=\"email-notes\">Your email address will not be published.<\/span><span class=\"required-field-message\">Required fields are marked <span class=\"required\">*<\/span><\/span><\/p>\n<p class=\"commentFormComment\"><span id=\"commentFormCount\"><br \/>\n                            inca<br \/>\n                            <span id=\"countCommentText\">1000<\/span><br \/>\n                            caractere ramase<br \/>\n                        <\/span><\/p>\n<\/div>\n<\/div>\n<div class=\"bottom\">\n<p class=\"forumDisclaimerHuRo\">\n            Citi\u021bi principiile noastre de moderare <a href=\"https:\/\/www.tion.ro\/reguli-postare-comentarii\/\" target=\"_blank\">aici<\/a>!\n        <\/p>\n<\/div>\n<\/div>\n<\/div>\n<\/div>\n<p>[analyse_source url=&#8221;https:\/\/www.tion.ro\/eveniment\/au-dat-foc-vegetatiei-uscate-dar-focul-a-scapat-de-sub-control-aproape-de-lugoj-2333091\/&#8221;]<\/p>\n","protected":false},"excerpt":{"rendered":"<p>[analyse_image type=&#8221;featured&#8221; src=&#8221;https:\/\/www.tion.ro\/wp-content\/uploads\/2026\/08\/+otf\/1200&#215;630\/8VnivFLdF+X9ej9wHVvGiE5PVF9WRVJZX1NFQ0yLKG__cfuamVWEaUhf+X2MicyjGRsqu23rGUX9mjbGWxdK5Lb0Y0xGzamv2Feig27MEMzT__PgzuhvJDgk2Thzw=\/6538616WhatsAppImage20260812at153320.jpeg&#8221;] Pompierii au reu\u0219it s\u0103 opreasc\u0103 un incendiu izbucnit miercuri, la \u021aipari, \u00eenainte ca fl\u0103c\u0103rile s\u0103 ajung\u0103 la locuin\u021bele din apropiere. Focul a cuprins aproximativ 3.500 de metri p\u0103tra\u021bi de vegeta\u021bie uscat\u0103 \u0219i o anex\u0103 gospod\u0103reasc\u0103 \u00een care era depozitat f\u00e2n. Din fericire, nimeni nu a fost r\u0103nit. Alarma s-a dat aproape de [&hellip;]<\/p>\n","protected":false},"author":1,"featured_media":0,"comment_status":"open","ping_status":"","sticky":false,"template":"","format":"standard","meta":{"footnotes":""},"categories":[89],"tags":[226,191],"class_list":["post-2089559","post","type-post","status-publish","format-standard","hentry","category-romania","tag-crawlmanager","tag-tion-ro"],"_links":{"self":[{"href":"https:\/\/analyse.optim.biz\/index.php?rest_route=\/wp\/v2\/posts\/2089559","targetHints":{"allow":["GET"]}}],"collection":[{"href":"https:\/\/analyse.optim.biz\/index.php?rest_route=\/wp\/v2\/posts"}],"about":[{"href":"https:\/\/analyse.optim.biz\/index.php?rest_route=\/wp\/v2\/types\/post"}],"author":[{"embeddable":true,"href":"https:\/\/analyse.optim.biz\/index.php?rest_route=\/wp\/v2\/users\/1"}],"replies":[{"embeddable":true,"href":"https:\/\/analyse.optim.biz\/index.php?rest_route=%2Fwp%2Fv2%2Fcomments&post=2089559"}],"version-history":[{"count":0,"href":"https:\/\/analyse.optim.biz\/index.php?rest_route=\/wp\/v2\/posts\/2089559\/revisions"}],"wp:attachment":[{"href":"https:\/\/analyse.optim.biz\/index.php?rest_route=%2Fwp%2Fv2%2Fmedia&parent=2089559"}],"wp:term":[{"taxonomy":"category","embeddable":true,"href":"https:\/\/analyse.optim.biz\/index.php?rest_route=%2Fwp%2Fv2%2Fcategories&post=2089559"},{"taxonomy":"post_tag","embeddable":true,"href":"https:\/\/analyse.optim.biz\/index.php?rest_route=%2Fwp%2Fv2%2Ftags&post=2089559"}],"curies":[{"name":"wp","href":"https:\/\/api.w.org\/{rel}","templated":true}]}}