{"id":2089552,"date":"2026-08-12T11:36:36","date_gmt":"2026-08-12T08:36:36","guid":{"rendered":"https:\/\/analyse.optim.biz\/?p=2089552"},"modified":"2026-08-12T11:36:36","modified_gmt":"2026-08-12T08:36:36","slug":"blocul-national-sindical-bns-ii-solicita-lui-nicusor-dan-sa-initieze-referendum-national-pentru-revizuirea-constitutiei","status":"publish","type":"post","link":"https:\/\/analyse.optim.biz\/?p=2089552","title":{"rendered":"Blocul Na\u021bional Sindical (BNS) \u00eei solicit\u0103 lui Nicu\u0219or Dan s\u0103 ini\u021bieze referendum na\u021bional pentru revizuirea Constitu\u021biei"},"content":{"rendered":"<p>[analyse_image type=&#8221;featured&#8221; src=&#8221;https:\/\/r3media.ro\/wp-content\/uploads\/2025\/06\/nicusor-dan-e1781590730316.pnghttps:\/\/r3media.ro\/wp-content\/uploads\/2025\/06\/nicusor-dan-e1781590730316.png&#8221;]<\/p>\n<article id=\"template-id-109\" class=\"post-109 tdb_templates type-tdb_templates status-publish post\">\n<div id=\"tdi_2\" class=\"tdc-zone\">\n<div class=\"tdc_zone tdi_3  wpb_row td-pb-row\">\n<div id=\"tdi_4\" class=\"tdc-row\">\n<div class=\"vc_row tdi_5  wpb_row td-pb-row\">\n<div class=\"vc_column tdi_7  wpb_column vc_column_container tdc-column td-pb-span8\">\n<div class=\"wpb_wrapper\">\n<div class=\"td_block_wrap tdb_breadcrumbs tdi_8 td-pb-border-top td_block_template_1 tdb-breadcrumbs \" data-td-block-uid=\"tdi_8\">\n<div class=\"tdb-block-inner td-fix-index\"><span><a title=\"Vede\u021bi toate articolele \u00een FEATURED\" class=\"tdb-entry-crumb\" href=\"https:\/\/r3media.ro\/category\/featured\/\">FEATURED<\/a><\/span><span class=\"tdb-bred-no-url-last\">Blocul Na\u021bional Sindical (BNS) \u00eei solicit\u0103 lui Nicu\u0219or Dan s\u0103 ini\u021bieze referendum&#8230;<\/span><\/div>\n<\/div>\n<div class=\"td_block_wrap tdb_single_categories tdi_9 td-pb-border-top td_block_template_1 \" data-td-block-uid=\"tdi_9\">\n<div class=\"tdb-category td-fix-index\"><a class=\"tdb-entry-category\" href=\"https:\/\/r3media.ro\/category\/featured\/\">FEATURED<\/a><a class=\"tdb-entry-category\" href=\"https:\/\/r3media.ro\/category\/stiri\/\">\u0218TIRI<\/a><\/div>\n<\/div>\n<div class=\"td_block_wrap tdb_title tdi_10 tdb-single-title td-pb-border-top td_block_template_1\" data-td-block-uid=\"tdi_10\">\n<div class=\"tdb-block-inner td-fix-index\">\n<h1 class=\"tdb-title-text\">Blocul Na\u021bional Sindical (BNS) \u00eei solicit\u0103 lui Nicu\u0219or Dan s\u0103 ini\u021bieze referendum na\u021bional pentru revizuirea Constitu\u021biei<\/h1>\n<\/div>\n<\/div>\n<div class=\"vc_row_inner tdi_12  vc_row vc_inner wpb_row td-pb-row\">\n<div class=\"vc_column_inner tdi_14  wpb_column vc_column_container tdc-inner-column td-pb-span12\">\n<div class=\"vc_column-inner\">\n<div class=\"wpb_wrapper\">\n<div class=\"td_block_wrap tdb_single_author tdi_15 td-pb-border-top td_block_template_1 tdb-post-meta\" data-td-block-uid=\"tdi_15\">\n<div class=\"tdb-block-inner td-fix-index\">\n<div class=\"tdb-author-name-wrap\"><a class=\"tdb-author-name\" href=\"https:\/\/r3media.ro\/author\/oana\/\">Oana Ivan<\/a><\/div>\n<\/div>\n<\/div>\n<div class=\"td_block_wrap tdb_single_date tdi_16 td-pb-border-top td_block_template_1 tdb-post-meta\" data-td-block-uid=\"tdi_16\">\n<div class=\"tdb-block-inner td-fix-index\"><time class=\"entry-date updated td-module-date\" datetime=\"2026-08-12T14:36:36+03:00\">12\/08\/2026<\/time><\/div>\n<\/div>\n<\/div>\n<\/div>\n<\/div>\n<\/div>\n<div class=\"td_block_wrap tdb_single_featured_image tdi_17 tdb-content-horiz-left td-pb-border-top td_block_template_1\" data-td-block-uid=\"tdi_17\">\n<div class=\"tdb-block-inner td-fix-index\">\n<figure><figcaption class=\"tdb-caption-text\">Sursa foto: Administra\u021bia Preziden\u021bial\u0103<\/figcaption><\/figure>\n<\/div>\n<\/div>\n<div class=\"td_block_wrap tdb_single_content tdi_18 td-pb-border-top td_block_template_1 td-post-content tagdiv-type\" data-td-block-uid=\"tdi_18\">\n<div class=\"tdb-block-inner td-fix-index\">\n<p><strong><a href=\"https:\/\/r3media.ro\/tag\/blocul-national-sindicalbns\/\" target=\"_blank\" rel=\"noopener\">Blocul Na\u021bional Sindical (BNS)<\/a> solicit\u0103 Pre\u0219edintelui Rom\u00e2niei \u0219i Guvernului Rom\u00e2niei s\u0103 ini\u021bieze demersurile necesare pentru revizuirea Constitu\u021biei Rom\u00e2niei, astfel \u00eenc\u00e2t starea de alert\u0103 \u0219i modul de exercitare a guvern\u0103rii pe durata acesteia s\u0103 fie reglementate \u00een mod explicit la nivel constitu\u021bional.<\/strong><\/p>\n<p>La data de 31 iulie 2026, Guvernul a instituit stare de alert\u0103, prin HG nr. 15\/2026 pentru gestionarea efectelor generate de sc\u0103derea produc\u021biei de energie electric\u0103. La nivel na\u021bional, reamintim c\u0103 starea de alert\u0103 a fost instituit\u0103 \u0219i reglementat\u0103 pentru prima dat\u0103, \u00een anul 2020, \u00een timpul Guvernului Orban, \u00een perioada pandemiei, ca m\u0103sur\u0103 excep\u021bional\u0103 la o situa\u021bie excep\u021bional\u0103.<\/p>\n<p>\u00cen acest sens, a fost definit\u0103 \u00een Legea nr. 55\/2020 privind unele m\u0103suri pentru prevenirea \u0219i combaterea efectelor pandemiei de COVID-19 care a introdus o defini\u021bie ampl\u0103, \u00een art. 2: \u201eStarea de alert\u0103 reprezint\u0103 r\u0103spunsul la o situa\u021bie de urgen\u021b\u0103 de amploare \u0219i intensitate deosebite, determinat\u0103 de unul sau mai multe tipuri de risc, const\u00e2nd \u00eentr-un ansamblu de m\u0103suri cu caracter temporar, propor\u021bionale cu nivelul de gravitate manifestat sau prognozat al acesteia \u0219i necesare pentru prevenirea \u0219i \u00eenl\u0103turarea amenin\u021b\u0103rilor iminente la adresa vie\u021bii, s\u0103n\u0103t\u0103\u021bii persoanelor, mediului \u00eenconjur\u0103tor, valorilor materiale \u0219i culturale importante ori a propriet\u0103\u021bii\u201d.<\/p>\n<p>Starea de alert\u0103 na\u021bional\u0103 din 2020 a durat aproape doi ani \u0219i a fost prelungit\u0103 succesiv prin numeroase hot\u0103r\u00e2ri de Guvern, deoarece legea permite prelungiri repetate de c\u00e2te 30 de zile dac\u0103 analiza factorilor de risc indic\u0103 necesitatea men\u021binerii acesteia.<\/p>\n<h2><strong>Blocul Na\u021bional Sindical (BNS) atrage aten\u021bia asupra st\u0103rii de alert\u0103<\/strong><\/h2>\n<p>\u00a0<\/p>\n<p>BNS atrage, \u00eens\u0103, aten\u021bia c\u0103 starea de alert\u0103 nu este prev\u0103zut\u0103 \u00een Constitu\u021bia Rom\u00e2niei! Constitu\u021bia Rom\u00e2niei reglementeaz\u0103 explicit starea de asediu \u0219i starea de urgen\u021b\u0103, \u00eens\u0103 nu consacr\u0103 distinct institu\u021bia st\u0103rii de alert\u0103. Totu\u0219i \u00een baza Legii nr. 55\/2020 se pot restr\u00e2nge drepturi \u0219i libert\u0103\u021bi cu u\u0219urin\u021b\u0103 pentru cet\u0103\u021benii Rom\u00e2niei, pe baza unor riscuri \u0219i\/sau prognoze elaborate de speciali\u0219tii \u00een domeniu, a\u0219a cum reiese din textul legii care define\u0219te starea de alert\u0103.<\/p>\n<p>\u00cen opinia BNS, o asemenea situa\u021bie nu poate fi tratat\u0103 exclusiv ca o problem\u0103 tehnic\u0103 de legisla\u021bie, deoarece, spre deosebire de starea de urgen\u021b\u0103, instituirea st\u0103rii de alert\u0103 nu este supus\u0103 aprob\u0103rii prealabile a Parlamentului, limit\u00e2nd rolul acestuia pentru c\u0103 nu o poate \u00eencuviin\u021ba, ceea ce face cu at\u00e2t mai important exercitarea controlului parlamentar asupra Guvernului, \u00een special c\u00e2nd sunt adoptate m\u0103suri care afecteaz\u0103 exerci\u021biul unor drepturi \u0219i libert\u0103\u021bi fundamentale.<\/p>\n<h2><strong>Propunerile BNS pentru revizuirea Constitu\u021biei<\/strong><\/h2>\n<p>\u00a0<\/p>\n<p>De aceea, BNS solicit\u0103 revizuirea cadrului legal prin care se poate institui stare de alert\u0103. Aceasta s\u0103 fie introdus\u0103 expres \u00een Constitu\u021bia Rom\u00e2niei, al\u0103turi de celelalte m\u0103suri excep\u021bionale prev\u0103zute la art. 93 \u0219i elaborarea unor modific\u0103ri care s\u0103 stabileasc\u0103 la nivel constitu\u021bional:<\/p>\n<ul>\n<li>condi\u021biile \u00een care poate fi declarat\u0103 \u0219i men\u021binut\u0103 starea de alert\u0103;<\/li>\n<li>autoritatea competent\u0103 s\u0103 o instituie \u0219i s\u0103 o prelungeasc\u0103;<\/li>\n<li>durata \u0219i limitele acesteia;<\/li>\n<li>limitele competen\u021bei Guvernului;<br \/>\ncontrolul parlamentar asupra m\u0103surilor adoptate;<\/li>\n<li>limitele \u00een care pot fi restr\u00e2nse unele drepturi \u0219i libert\u0103\u021bi;<\/li>\n<li>protejarea drepturilor salaria\u021bilor \u0219i a dialogului social;<\/li>\n<li>obliga\u021bia autorit\u0103\u021bilor de a fundamenta \u0219i motiva m\u0103surile adoptate;<\/li>\n<li>mecanismele de \u00eencetare a st\u0103rii de alert\u0103 \u0219i de revenire la regimul normal de guvernare.<\/li>\n<\/ul>\n<p>\u00cen lipsa unei astfel de reglement\u0103ri, instituirea st\u0103rii de alert\u0103 risc\u0103 s\u0103 r\u0103m\u00e2n\u0103 un instrument aflat la discre\u021bia Guvernului, care, printr-o justificare excep\u021bional\u0103 s\u0103 dob\u00e2ndeasc\u0103 prerogative asupra drepturilor \u0219i libert\u0103\u021bilor cet\u0103\u021benilor acestei \u021b\u0103ri, cu garan\u021bii constitu\u021bionale restr\u00e2nse \u0219i cu un control democratic fragil de\u0219i o asemenea ingerin\u021b\u0103 \u00een via\u021ba societ\u0103\u021bii impune contrariul.<br class=\"yoast-text-mark\">&gt;Blocul Na\u021bional Sindical consider\u0103 c\u0103 o asemenea modificare nu trebuie f\u0103cut\u0103 \u00een spatele u\u0219ilor \u00eenchise \u0219i nici tratat\u0103 ca o simpl\u0103 interven\u021bie tehnic\u0103 asupra textului constitu\u021bional.&lt;\/p&gt;<\/p>\n<h2><strong>BNS: Pre\u0219edintele Rom\u00e2niei \u0219i Guvernul s\u0103 \u00ee\u0219i asume public revizuirea Constitu\u021biei<\/strong><\/h2>\n<p>\u00a0<\/p>\n<p>Cerem Pre\u0219edintelui Rom\u00e2niei \u0219i Guvernului s\u0103 \u00ee\u0219i asume public ini\u021bierea procesului de revizuire a Constitu\u021biei \u0219i organizarea unui referendum na\u021bional prin care cet\u0103\u021benii Rom\u00e2niei s\u0103 decid\u0103 asupra acestei modific\u0103ri. Constitu\u021bia stabile\u0219te c\u0103 revizuirea sa este definitiv\u0103 dup\u0103 aprobarea prin referendum, iar ini\u021biativa revizuirii poate apar\u021bine Pre\u0219edintelui Rom\u00e2niei, la propunerea Guvernului, parlamentarilor sau cet\u0103\u021benilor, \u00een condi\u021biile prev\u0103zute de Constitu\u021bie.&lt;\/p&gt;<\/p>\n<p>Pentru BNS, miza nu este acordarea unor puteri suplimentare Guvernului. Scopul este stabilirea unor reguli constitu\u021bionale clare privind limitele puterii executive \u00een situa\u021bii excep\u021bionale.<\/p>\n<p>Solicit\u0103m Pre\u0219edintelui Rom\u00e2niei \u0219i Guvernului s\u0103 \u00eenceap\u0103 de \u00eendat\u0103 consult\u0103rile cu partenerii sociali, societatea civil\u0103, mediul academic \u0219i speciali\u0219tii \u00een drept constitu\u021bional \u0219i s\u0103 pun\u0103 \u00een dezbatere public\u0103 un proiect de revizuire a Constitu\u021biei privind regimul st\u0103rii de alert\u0103.&lt;\/p&gt;<\/p>\n<p>BNS consider\u0103 c\u0103 Rom\u00e2nia trebuie s\u0103 poarte aceast\u0103 discu\u021bie \u00eenainte de urm\u0103toarea criz\u0103, nu dup\u0103 declan\u0219area ei!<\/p>\n<div class=\"crp_related     crp-masonry\">\n<h2>\u00ceN CONTEXT<\/h2>\n<ul>\n<li><a href=\"https:\/\/r3media.ro\/nicusor-dan-diploma-de-licenta-sustine-fostul-profesor-universitar-horea-mihai-badau-olimpic-mintit-profesori-franta-studii-romania-universitatea-din-bucuresti-a-confirma\/\" class=\"crp_link post-114599\"><span class=\"crp_title\">Nicu\u0219or Dan nu are diplom\u0103 de Licen\u021b\u0103, sus\u021bine fostul profesor universitar Horea Mihai\u2026<\/span><\/a><\/li>\n<li><a href=\"https:\/\/r3media.ro\/oamenii-buni-dezic-nicusor-dan-presedinte-dat-afara-ludovic-orban-dan-teodorescu-taxi-marian-godina-radu-hossu-radu-buzaianu-andrei-caramitru-oua-otet-seful-statului\/\" class=\"crp_link post-114196\"><span class=\"crp_title\">\u201eOamenii buni\u201c se dezic de Nicu\u0219or Dan dup\u0103 ce pre\u0219edintele l-a dat afar\u0103 pe Ludovic Orban.\u2026<\/span><\/a><\/li>\n<li><a href=\"https:\/\/r3media.ro\/nu-va-fi-usor-va-fi-nicusor-toata-floarea-cea-vestita-a-sarmalistilor-de-la-cotroceni-se-declara-trasa-pe-sfoara-de-nicusor-dan\/\" class=\"crp_link post-115823\"><span class=\"crp_title\">Nu va fi u\u0219or, va fi Nicu\u0219or | Toat\u0103 floarea cea vestit\u0103 a \u201esarmali\u0219tilor\u201c de la Cotroceni\u2026<\/span><\/a><\/li>\n<li><a href=\"https:\/\/r3media.ro\/frizer-obtinut-teza-de-doctorat-nicusor-dan-scanat-profesor-horea-badau-incepe-verificare-plagiat-foto\/\" class=\"crp_link post-114992\"><span class=\"crp_title\">FOTO | Un frizer a reu\u0219it s\u0103 ob\u021bin\u0103 teza de doctorat a lui Nicu\u0219or Dan, a scanat-o \u0219i i-a\u2026<\/span><\/a><\/li>\n<li><a href=\"https:\/\/r3media.ro\/paul-palencsar-vasile-banescu-dezice-nicusor-dan-fanatism-nicusorist-pute-aur\/\" class=\"crp_link post-112893\"><span class=\"crp_title\">Paul Palencsar \u0219i Vasile B\u0103nescu se dezic de Nicu\u0219or Dan: Fanatismul nicu\u0219orist pute la fel\u2026<\/span><\/a><\/li>\n<li><a href=\"https:\/\/r3media.ro\/nicusor-dan-presedintele-romaniei-buimac-petrecere-revelion-ora-3-perturbat-somn-video\/\" class=\"crp_link post-114679\"><span class=\"crp_title\">VIDEO | Nicu\u0219or Dan e \u00eenc\u0103 buimac dup\u0103 petrecerea de Revelion: Am stat p\u00e2n\u0103 la ora 3 \u0219i asta\u2026<\/span><\/a><\/li>\n<li><a href=\"https:\/\/r3media.ro\/nicusor-dan-minte-tara-discutii-fermieri-romania-sustine-acordul-ue-mercosur-ferme-mici-mijlocii-dificultate\/\" class=\"crp_link post-114511\"><span class=\"crp_title\">Nicu\u0219or Dan minte \u00een fa\u021ba \u00eentregii \u021b\u0103ri c\u0103 a discutat cu agricultorii \u0219i c\u0103 Rom\u00e2nia sus\u021bine\u2026<\/span><\/a><\/li>\n<li><a href=\"https:\/\/r3media.ro\/corina-bacanu-calarasu-kiss-tradare-nicusor-dan-iuda-rusine-suveranisti-dreptate\/\" class=\"crp_link post-112808\"><span class=\"crp_title\">Corina B\u0103canu C\u0103l\u0103ra\u0219u de la KISS FM \u00eel acuz\u0103 de tr\u0103dare pe Nicu\u0219or Dan: Cine mai e\u0219ti tu,\u2026<\/span><\/a><\/li>\n<\/ul>\n<\/div>\n<\/div>\n<\/div>\n<div class=\"td_block_wrap tdb_single_tags tdi_19 td-pb-border-top td_block_template_1\" data-td-block-uid=\"tdi_19\">\n<div class=\"tdb-block-inner td-fix-index\">\n<ul class=\"tdb-tags\">\n<li><span>SUBIECTE FIERBIN\u021aI<\/span><\/li>\n<li><a href=\"https:\/\/r3media.ro\/tag\/blocul-national-sindicalbns\/\">Blocul Na\u021bional Sindical(BNS)<\/a><\/li>\n<li><a href=\"https:\/\/r3media.ro\/tag\/constitutia-romaniei\/\">constitutia romaniei<\/a><\/li>\n<li><a href=\"https:\/\/r3media.ro\/tag\/nicusor-dan\/\">nicusor dan<\/a><\/li>\n<li><a href=\"https:\/\/r3media.ro\/tag\/referendum\/\">referendum<\/a><\/li>\n<\/ul>\n<\/div>\n<\/div>\n<div class=\"td_block_wrap td_block_9 tdi_20 td_with_ajax_pagination td-pb-border-top td_block_template_1 td-column-2 td_block_padding td_block_bot_line\" data-td-block-uid=\"tdi_20\">\n<div class=\"td-block-title-wrap\">\n<h4 class=\"block-title td-block-title\"><span class=\"td-pulldown-size\">CITE\u0218TE MAI MULT<\/span><\/h4>\n<\/div>\n<div id=\"tdi_20\" class=\"td_block_inner\">\n<div class=\"td-block-row\">\n<div class=\"td-block-span6\">\n<div class=\"td_module_8 td_module_wrap\">\n<div class=\"item-details\">\n<h3 class=\"entry-title td-module-title\"><a href=\"https:\/\/r3media.ro\/presedintele-serbiei-razboiul-din-ucraina\/\" rel=\"bookmark\" title=\"Pre\u0219edintele Serbiei nu crede c\u0103 r\u0103zboiul din Ucraina se termin\u0103 cur\u00e2nd: Cred c\u0103 ne afl\u0103m la \u00eenceputul unui r\u0103zboi mult, mult mai mare\">Pre\u0219edintele Serbiei nu crede c\u0103 r\u0103zboiul din Ucraina se termin\u0103 cur\u00e2nd: Cred c\u0103 ne&#8230;<\/a><\/h3>\n<div class=\"td-module-meta-info\"><a href=\"https:\/\/r3media.ro\/category\/actualitate\/\" class=\"td-post-category\">ACTUALITATE<\/a><span class=\"td-post-author-name\"><a href=\"https:\/\/r3media.ro\/author\/teodor_stan\/\">Teodor Stan<\/a><span>&#8211;<\/span><\/span><span class=\"td-post-date\"><time class=\"entry-date updated td-module-date\" datetime=\"2026-08-10T12:22:44+03:00\">10\/08\/2026<\/time><\/span><\/div>\n<\/div>\n<\/div>\n<\/div>\n<div class=\"td-block-span6\">\n<div class=\"td_module_8 td_module_wrap\">\n<div class=\"item-details\">\n<h3 class=\"entry-title td-module-title\"><a href=\"https:\/\/r3media.ro\/fara-apa-fara-curent-fara-viitor-cum-au-sacrificat-pro-europenii-romania-pe-altarul-ecologiei-ieftine\/\" rel=\"bookmark\" title=\"F\u0103r\u0103 ap\u0103, f\u0103r\u0103 curent, f\u0103r\u0103 viitor: cum au sacrificat pro-europenii Rom\u00e2nia pe altarul ecologiei ieftine\">F\u0103r\u0103 ap\u0103, f\u0103r\u0103 curent, f\u0103r\u0103 viitor: cum au sacrificat pro-europenii Rom\u00e2nia pe altarul ecologiei&#8230;<\/a><\/h3>\n<div class=\"td-module-meta-info\"><a href=\"https:\/\/r3media.ro\/category\/actualitate\/\" class=\"td-post-category\">ACTUALITATE<\/a><span class=\"td-post-author-name\"><a href=\"https:\/\/r3media.ro\/author\/paul_lazar\/\">Paul-Daniel Laz\u0103r<\/a><span>&#8211;<\/span><\/span><span class=\"td-post-date\"><time class=\"entry-date updated td-module-date\" datetime=\"2026-08-08T22:30:54+03:00\">08\/08\/2026<\/time><\/span><\/div>\n<\/div>\n<\/div>\n<\/div>\n<\/div>\n<div class=\"td-block-row\">\n<div class=\"td-block-span6\">\n<div class=\"td_module_8 td_module_wrap\">\n<div class=\"item-details\">\n<h3 class=\"entry-title td-module-title\"><a href=\"https:\/\/r3media.ro\/show-iluzie-si-realitate-de-la-the-truman-show-la-son-of-a-rich\/\" rel=\"bookmark\" title=\"Show, iluzie \u0219i realitate: de la The Truman Show la Son of a Rich\">Show, iluzie \u0219i realitate: de la The Truman Show la Son of a Rich<\/a><\/h3>\n<div class=\"td-module-meta-info\"><a href=\"https:\/\/r3media.ro\/category\/actualitate\/\" class=\"td-post-category\">ACTUALITATE<\/a><span class=\"td-post-author-name\"><a href=\"https:\/\/r3media.ro\/author\/costi_balasoiu\/\">Constantin B\u0103l\u0103\u0219oiu<\/a><span>&#8211;<\/span><\/span><span class=\"td-post-date\"><time class=\"entry-date updated td-module-date\" datetime=\"2026-08-08T15:30:25+03:00\">08\/08\/2026<\/time><\/span><\/div>\n<\/div>\n<\/div>\n<\/div>\n<div class=\"td-block-span6\">\n<div class=\"td_module_8 td_module_wrap\">\n<div class=\"item-details\">\n<h3 class=\"entry-title td-module-title\"><a href=\"https:\/\/r3media.ro\/fani-stapanul-inelelor-surpriza-sezonul-3-sauron\/\" rel=\"bookmark\" title=\"Fanii \u201eSt\u0103p\u00e2nul Inelelor\u201c ar putea avea o surpriz\u0103 \u00een sezonul 3 din serialul \u201eInelele Puterii\u201c. Sauron se va confrunta cu o creatur\u0103 de temut\">Fanii \u201eSt\u0103p\u00e2nul Inelelor\u201c ar putea avea o surpriz\u0103 \u00een sezonul 3 din serialul \u201eInelele&#8230;<\/a><\/h3>\n<div class=\"td-module-meta-info\"><a href=\"https:\/\/r3media.ro\/category\/actualitate\/\" class=\"td-post-category\">ACTUALITATE<\/a><span class=\"td-post-author-name\"><a href=\"https:\/\/r3media.ro\/author\/oana\/\">Oana Ivan<\/a><span>&#8211;<\/span><\/span><span class=\"td-post-date\"><time class=\"entry-date updated td-module-date\" datetime=\"2026-08-08T00:19:31+03:00\">08\/08\/2026<\/time><\/span><\/div>\n<\/div>\n<\/div>\n<\/div>\n<\/div>\n<div class=\"td-block-row\">\n<div class=\"td-block-span6\">\n<div class=\"td_module_8 td_module_wrap\">\n<div class=\"item-details\">\n<h3 class=\"entry-title td-module-title\"><a href=\"https:\/\/r3media.ro\/david-popovici-fair-play-sportivi-rusi-competitii\/\" rel=\"bookmark\" title=\"David Popovici, fair-play la revenirea sportivilor ru\u0219i \u00een competi\u021bii: Le urez succes, sper s\u0103 fiu mai bun dec\u00e2t ei\">David Popovici, fair-play la revenirea sportivilor ru\u0219i \u00een competi\u021bii: Le urez succes, sper s\u0103&#8230;<\/a><\/h3>\n<div class=\"td-module-meta-info\"><a href=\"https:\/\/r3media.ro\/category\/actualitate\/\" class=\"td-post-category\">ACTUALITATE<\/a><span class=\"td-post-author-name\"><a href=\"https:\/\/r3media.ro\/author\/redactia\/\">Redac\u021bia<\/a><span>&#8211;<\/span><\/span><span class=\"td-post-date\"><time class=\"entry-date updated td-module-date\" datetime=\"2026-08-07T15:07:51+03:00\">07\/08\/2026<\/time><\/span><\/div>\n<\/div>\n<\/div>\n<\/div>\n<div class=\"td-block-span6\">\n<div class=\"td_module_8 td_module_wrap\">\n<div class=\"item-details\">\n<h3 class=\"entry-title td-module-title\"><a href=\"https:\/\/r3media.ro\/kia-recheama-service-prima-generatie-masini-electrice-e-niro-risc-incendiu\/\" rel=\"bookmark\" title=\"Kia recheam\u0103 \u00een service prima genera\u021bie de ma\u0219ini electrice e-Niro din cauza riscului de incendiu\">Kia recheam\u0103 \u00een service prima genera\u021bie de ma\u0219ini electrice e-Niro din cauza riscului de&#8230;<\/a><\/h3>\n<div class=\"td-module-meta-info\"><a href=\"https:\/\/r3media.ro\/category\/actualitate\/\" class=\"td-post-category\">ACTUALITATE<\/a><span class=\"td-post-author-name\"><a href=\"https:\/\/r3media.ro\/author\/oana\/\">Oana Ivan<\/a><span>&#8211;<\/span><\/span><span class=\"td-post-date\"><time class=\"entry-date updated td-module-date\" datetime=\"2026-08-06T17:07:42+03:00\">06\/08\/2026<\/time><\/span><\/div>\n<\/div>\n<\/div>\n<\/div>\n<\/div>\n<div class=\"td-block-row\">\n<div class=\"td-block-span6\">\n<div class=\"td_module_8 td_module_wrap\">\n<div class=\"item-details\">\n<h3 class=\"entry-title td-module-title\"><a href=\"https:\/\/r3media.ro\/drona-gasita-mare-mamaia-zona-loft-video\/\" rel=\"bookmark\" title=\"VIDEO | O dron\u0103 a fost g\u0103sit\u0103 \u00een mare, \u00een Mamaia, \u00een zona Loft\">VIDEO | O dron\u0103 a fost g\u0103sit\u0103 \u00een mare, \u00een Mamaia, \u00een zona Loft<\/a><\/h3>\n<div class=\"td-module-meta-info\"><a href=\"https:\/\/r3media.ro\/category\/actualitate\/\" class=\"td-post-category\">ACTUALITATE<\/a><span class=\"td-post-author-name\"><a href=\"https:\/\/r3media.ro\/author\/oana\/\">Oana Ivan<\/a><span>&#8211;<\/span><\/span><span class=\"td-post-date\"><time class=\"entry-date updated td-module-date\" datetime=\"2026-08-05T21:48:11+03:00\">05\/08\/2026<\/time><\/span><\/div>\n<\/div>\n<\/div>\n<\/div>\n<div class=\"td-block-span6\">\n<div class=\"td_module_8 td_module_wrap\">\n<div class=\"item-details\">\n<h3 class=\"entry-title td-module-title\"><a href=\"https:\/\/r3media.ro\/cand-incepe-scoala-in-2026-structura-an-nou-scolar\/\" rel=\"bookmark\" title=\"C\u00e2nd \u00eencepe \u0219coala \u00een 2026: Structura noului an \u0219colar, vacan\u021bele \u0219i zilele libere\">C\u00e2nd \u00eencepe \u0219coala \u00een 2026: Structura noului an \u0219colar, vacan\u021bele \u0219i zilele libere<\/a><\/h3>\n<div class=\"td-module-meta-info\"><a href=\"https:\/\/r3media.ro\/category\/actualitate\/\" class=\"td-post-category\">ACTUALITATE<\/a><span class=\"td-post-author-name\"><a href=\"https:\/\/r3media.ro\/author\/oana\/\">Oana Ivan<\/a><span>&#8211;<\/span><\/span><span class=\"td-post-date\"><time class=\"entry-date updated td-module-date\" datetime=\"2026-08-03T22:23:20+03:00\">03\/08\/2026<\/time><\/span><\/div>\n<\/div>\n<\/div>\n<\/div>\n<\/div>\n<div class=\"td-block-row\">\n<div class=\"td-block-span6\">\n<div class=\"td_module_8 td_module_wrap\">\n<div class=\"item-details\">\n<h3 class=\"entry-title td-module-title\"><a href=\"https:\/\/r3media.ro\/tara-europa-norvegia-masini-electrice-inmatriculate-cota-ridicata\/\" rel=\"bookmark\" title=\"\u021aara din Europa unde aproape toate ma\u0219inile \u00eenmatriculate sune electrice. Cota a ajuns la 97,6% \u00een iulie\">\u021aara din Europa unde aproape toate ma\u0219inile \u00eenmatriculate sune electrice. Cota a ajuns la&#8230;<\/a><\/h3>\n<div class=\"td-module-meta-info\"><a href=\"https:\/\/r3media.ro\/category\/actualitate\/\" class=\"td-post-category\">ACTUALITATE<\/a><span class=\"td-post-author-name\"><a href=\"https:\/\/r3media.ro\/author\/oana\/\">Oana Ivan<\/a><span>&#8211;<\/span><\/span><span class=\"td-post-date\"><time class=\"entry-date updated td-module-date\" datetime=\"2026-08-03T17:01:21+03:00\">03\/08\/2026<\/time><\/span><\/div>\n<\/div>\n<\/div>\n<\/div>\n<div class=\"td-block-span6\">\n<div class=\"td_module_8 td_module_wrap\">\n<div class=\"item-details\">\n<h3 class=\"entry-title td-module-title\"><a href=\"https:\/\/r3media.ro\/puterea-mitologica-instalata-a-romaniei\/\" rel=\"bookmark\" title=\"Puterea mitologic\u0103 instalat\u0103 a Rom\u00e2niei\">Puterea mitologic\u0103 instalat\u0103 a Rom\u00e2niei<\/a><\/h3>\n<div class=\"td-module-meta-info\"><a href=\"https:\/\/r3media.ro\/category\/opinii\/\" class=\"td-post-category\">OPINII<\/a><span class=\"td-post-author-name\"><a href=\"https:\/\/r3media.ro\/author\/tru\/\">TRU (Traian Ungureanu)<\/a><span>&#8211;<\/span><\/span><span class=\"td-post-date\"><time class=\"entry-date updated td-module-date\" datetime=\"2026-08-02T22:08:04+03:00\">02\/08\/2026<\/time><\/span><\/div>\n<\/div>\n<\/div>\n<\/div>\n<\/div>\n<div class=\"td-block-row\">\n<div class=\"td-block-span6\">\n<div class=\"td_module_8 td_module_wrap\">\n<div class=\"item-details\">\n<h3 class=\"entry-title td-module-title\"><a href=\"https:\/\/r3media.ro\/hyundai-recheama-service-masini-electrice-inster-risc-incendiu\/\" rel=\"bookmark\" title=\"Hyundai recheam\u0103 \u00een service zeci de mii de ma\u0219ini electrice din cauza riscului de incendiu\">Hyundai recheam\u0103 \u00een service zeci de mii de ma\u0219ini electrice din cauza riscului de&#8230;<\/a><\/h3>\n<div class=\"td-module-meta-info\"><a href=\"https:\/\/r3media.ro\/category\/actualitate\/\" class=\"td-post-category\">ACTUALITATE<\/a><span class=\"td-post-author-name\"><a href=\"https:\/\/r3media.ro\/author\/oana\/\">Oana Ivan<\/a><span>&#8211;<\/span><\/span><span class=\"td-post-date\"><time class=\"entry-date updated td-module-date\" datetime=\"2026-08-02T08:34:05+03:00\">02\/08\/2026<\/time><\/span><\/div>\n<\/div>\n<\/div>\n<\/div>\n<div class=\"td-block-span6\">\n<div class=\"td_module_8 td_module_wrap\">\n<div class=\"item-details\">\n<h3 class=\"entry-title td-module-title\"><a href=\"https:\/\/r3media.ro\/dragostea-care-transcende-epoci-descult-in-parc-1967\/\" rel=\"bookmark\" title=\"Dragostea care transcende epoci \u2014 Descul\u021b \u00een parc (1967)\">Dragostea care transcende epoci \u2014 Descul\u021b \u00een parc (1967)<\/a><\/h3>\n<div class=\"td-module-meta-info\"><a href=\"https:\/\/r3media.ro\/category\/opinii\/\" class=\"td-post-category\">OPINII<\/a><span class=\"td-post-author-name\"><a href=\"https:\/\/r3media.ro\/author\/costi_balasoiu\/\">Constantin B\u0103l\u0103\u0219oiu<\/a><span>&#8211;<\/span><\/span><span class=\"td-post-date\"><time class=\"entry-date updated td-module-date\" datetime=\"2026-08-01T13:45:14+03:00\">01\/08\/2026<\/time><\/span><\/div>\n<\/div>\n<\/div>\n<\/div>\n<\/div>\n<\/div>\n<div class=\"td-load-more-wrap td-load-more-infinite-wrap\" id=\"infinite-lm-tdi_20\"><a href=\"https:\/\/r3media.ro\/blocul-national-sindical-bns-nicusor-dan-referendum-revizuirea-constitutiei\/\" class=\"td_ajax_load_more td_ajax_load_more_js\" aria-label=\"\u00cenc\u0103rca\u021bi mai multe\" id=\"next-page-tdi_20\" data-td_block_id=\"tdi_20\">\u00cenc\u0103rca\u021bi mai multe<\/a><\/div>\n<\/div>\n<div class=\"td_block_wrap tdb_single_comments tdi_21 tdb-comm-layout2 td-pb-border-top td_block_template_1\" data-td-block-uid=\"tdi_21\">\n<div class=\"tdb-block-inner td-fix-index\">\n<div class=\"comments\" id=\"comments\">\n<div id=\"respond\" class=\"comment-respond\">\n<h3 id=\"reply-title\" class=\"comment-reply-title\">AI CEVA DE SPUS? <small><a rel=\"nofollow\" id=\"cancel-comment-reply-link\" href=\"https:\/\/r3media.ro\/blocul-national-sindical-bns-nicusor-dan-referendum-revizuirea-constitutiei\/#respond\">Renun\u021ba\u021bi la r\u0103spuns<\/a><\/small><\/h3>\n<div class=\"comment-form-input-wrap td-form-comment\">\n<div class=\"td-warning-comment\">V\u0103 rug\u0103m s\u0103 introduce\u021bi comentariul dvs.!<\/div>\n<\/div>\n<div class=\"comment-form-input-wrap td-form-author\">\n<div class=\"td-warning-author\">Introduce\u021bi aici numele dvs.<\/div>\n<\/div>\n<div class=\"comment-form-input-wrap td-form-email\">\n<div class=\"td-warning-email-error\">A\u021bi introdus o adres\u0103 de e-mail incorect\u0103!<\/div>\n<div class=\"td-warning-email\">V\u0103 rug\u0103m s\u0103 introduce\u021bi adresa dvs. de e-mail aici<\/div>\n<\/div>\n<\/div>\n<\/div>\n<\/div>\n<\/div>\n<\/div>\n<\/div>\n<div class=\"vc_column tdi_23  wpb_column vc_column_container tdc-column td-pb-span4 td-is-sticky\">\n<div class=\"wpb_wrapper\" data-sticky-enabled-on=\"W3RydWUsdHJ1ZSx0cnVlLHRydWVd\" data-sticky-offset=\"20\" data-sticky-is-width-auto=\"W2ZhbHNlLGZhbHNlLGZhbHNlLGZhbHNlXQ==\">\n<div class=\"wpb_wrapper td_block_wrap vc_widget_sidebar tdi_25 \">\n<div class=\"td_block_wrap td_block_7 td_block_widget tdi_26 td-pb-border-top td_block_template_1 td-column-1 td_block_padding\" data-td-block-uid=\"tdi_26\">\n<div class=\"td-block-title-wrap\">\n<h4 class=\"block-title td-block-title\"><span class=\"td-pulldown-size\">Articole RELA\u021aIONATE<\/span><\/h4>\n<\/div>\n<div id=\"tdi_26\" class=\"td_block_inner\">\n<div class=\"td-block-span12\">\n<div class=\"td_module_6 td_module_wrap td-animation-stack\">\n<div class=\"td-module-thumb\"><a href=\"https:\/\/r3media.ro\/trotinetele-electrice-interzise-cernauti\/\" rel=\"bookmark\" class=\"td-image-wrap \" title=\"Trotinetele electrice au fost interzise la Cern\u0103u\u021bi\"><img loading=\"lazy\" decoding=\"async\" class=\"entry-thumb\" src=\"https:\/\/r3media.ro\/wp-content\/uploads\/2025\/09\/control-judiciar-trotinetist-100x70.png\" alt title=\"Trotinetele electrice au fost interzise la Cern\u0103u\u021bi\" width=\"100\" height=\"70\"><\/a><\/div>\n<div class=\"item-details\">\n<h3 class=\"entry-title td-module-title\"><a href=\"https:\/\/r3media.ro\/trotinetele-electrice-interzise-cernauti\/\" rel=\"bookmark\" title=\"Trotinetele electrice au fost interzise la Cern\u0103u\u021bi\">Trotinetele electrice au fost interzise la Cern\u0103u\u021bi<\/a><\/h3>\n<div class=\"td-module-meta-info\"><span class=\"td-post-date\"><time class=\"entry-date updated td-module-date\" datetime=\"2026-08-12T10:17:39+03:00\">12\/08\/2026<\/time><\/span><\/div>\n<\/div>\n<\/div>\n<\/div>\n<div class=\"td-block-span12\">\n<div class=\"td_module_6 td_module_wrap td-animation-stack\">\n<div class=\"td-module-thumb\"><a href=\"https:\/\/r3media.ro\/mirel-palada-aur-45-redistribuire-50\/\" rel=\"bookmark\" class=\"td-image-wrap \" title=\"Mirel Palada: AUR, \u00een mod constant, este la 45%. Cu redistribuire, ar ajunge la 50%\"><img loading=\"lazy\" decoding=\"async\" class=\"entry-thumb\" src=\"https:\/\/r3media.ro\/wp-content\/uploads\/2024\/08\/guvernul-aur-100x70.png\" alt title=\"Mirel Palada: AUR, \u00een mod constant, este la 45%. Cu redistribuire, ar ajunge la 50%\" width=\"100\" height=\"70\"><\/a><\/div>\n<div class=\"item-details\">\n<h3 class=\"entry-title td-module-title\"><a href=\"https:\/\/r3media.ro\/mirel-palada-aur-45-redistribuire-50\/\" rel=\"bookmark\" title=\"Mirel Palada: AUR, \u00een mod constant, este la 45%. Cu redistribuire, ar ajunge la 50%\">Mirel Palada: AUR, \u00een mod constant, este la 45%. Cu redistribuire,&#8230;<\/a><\/h3>\n<div class=\"td-module-meta-info\"><span class=\"td-post-date\"><time class=\"entry-date updated td-module-date\" datetime=\"2026-08-12T10:02:07+03:00\">12\/08\/2026<\/time><\/span><\/div>\n<\/div>\n<\/div>\n<\/div>\n<div class=\"td-block-span12\">\n<div class=\"td_module_6 td_module_wrap td-animation-stack\">\n<div class=\"td-module-thumb\"><a href=\"https:\/\/r3media.ro\/calendarul-zilei-12-august-sfintii-mucenici-fotie-si-anichit\/\" rel=\"bookmark\" class=\"td-image-wrap \" title=\"Calendarul zilei 12 august: Sfin\u021bii Mucenici Fotie \u0219i Anichit\"><img loading=\"lazy\" decoding=\"async\" class=\"entry-thumb\" src=\"https:\/\/r3media.ro\/wp-content\/uploads\/2024\/08\/120772_fotie-anichit-100x70.jpg\" alt title=\"Calendarul zilei 12 august: Sfin\u021bii Mucenici Fotie \u0219i Anichit\" width=\"100\" height=\"70\"><\/a><\/div>\n<div class=\"item-details\">\n<h3 class=\"entry-title td-module-title\"><a href=\"https:\/\/r3media.ro\/calendarul-zilei-12-august-sfintii-mucenici-fotie-si-anichit\/\" rel=\"bookmark\" title=\"Calendarul zilei 12 august: Sfin\u021bii Mucenici Fotie \u0219i Anichit\">Calendarul zilei 12 august: Sfin\u021bii Mucenici Fotie \u0219i Anichit<\/a><\/h3>\n<div class=\"td-module-meta-info\"><span class=\"td-post-date\"><time class=\"entry-date updated td-module-date\" datetime=\"2026-08-11T21:15:25+03:00\">11\/08\/2026<\/time><\/span><\/div>\n<\/div>\n<\/div>\n<\/div>\n<div class=\"td-block-span12\">\n<div class=\"td_module_6 td_module_wrap td-animation-stack\">\n<div class=\"td-module-thumb\"><a href=\"https:\/\/r3media.ro\/hartia-de-turnesol-a-caracterului-romanesc\/\" rel=\"bookmark\" class=\"td-image-wrap \" title=\"H\u00e2rtia de turnesol a caracterului rom\u00e2nesc\"><img loading=\"lazy\" decoding=\"async\" class=\"entry-thumb\" src=\"https:\/\/r3media.ro\/wp-content\/uploads\/2026\/08\/agerpres-100x70.jpg\" alt title=\"H\u00e2rtia de turnesol a caracterului rom\u00e2nesc\" width=\"100\" height=\"70\"><\/a><\/div>\n<div class=\"item-details\">\n<h3 class=\"entry-title td-module-title\"><a href=\"https:\/\/r3media.ro\/hartia-de-turnesol-a-caracterului-romanesc\/\" rel=\"bookmark\" title=\"H\u00e2rtia de turnesol a caracterului rom\u00e2nesc\">H\u00e2rtia de turnesol a caracterului rom\u00e2nesc<\/a><\/h3>\n<div class=\"td-module-meta-info\"><span class=\"td-post-date\"><time class=\"entry-date updated td-module-date\" datetime=\"2026-08-11T16:18:28+03:00\">11\/08\/2026<\/time><\/span><\/div>\n<\/div>\n<\/div>\n<\/div>\n<div class=\"td-block-span12\">\n<div class=\"td_module_6 td_module_wrap td-animation-stack\">\n<div class=\"td-module-thumb\"><a href=\"https:\/\/r3media.ro\/procedura-oprire-controlata-unitatea-2-reactor-nuclear-cernavoda-scufundare-barje-detonare-stanci\/\" rel=\"bookmark\" class=\"td-image-wrap \" title=\"Unitatea 2 de la Centrala Nuclear\u0103 Cernavod\u0103 a intrat \u00een procedura de oprire controlat\u0103. Scufundarea barjelor \u0219i detonarea st\u00e2ncilor de pe Dun\u0103re au avut efect zero\"><img loading=\"lazy\" decoding=\"async\" class=\"entry-thumb\" src=\"https:\/\/r3media.ro\/wp-content\/uploads\/2024\/09\/Unitatile-3-si-4-de-la-Centrala-Nucleara-de-la-Cernavoda-100x70.jpg\" alt title=\"Unitatea 2 de la Centrala Nuclear\u0103 Cernavod\u0103 a intrat \u00een procedura de oprire controlat\u0103. Scufundarea barjelor \u0219i detonarea st\u00e2ncilor de pe Dun\u0103re au avut efect zero\" width=\"100\" height=\"70\"><\/a><\/div>\n<div class=\"item-details\">\n<h3 class=\"entry-title td-module-title\"><a href=\"https:\/\/r3media.ro\/procedura-oprire-controlata-unitatea-2-reactor-nuclear-cernavoda-scufundare-barje-detonare-stanci\/\" rel=\"bookmark\" title=\"Unitatea 2 de la Centrala Nuclear\u0103 Cernavod\u0103 a intrat \u00een procedura de oprire controlat\u0103. Scufundarea barjelor \u0219i detonarea st\u00e2ncilor de pe Dun\u0103re au avut efect zero\">Unitatea 2 de la Centrala Nuclear\u0103 Cernavod\u0103 a intrat \u00een procedura&#8230;<\/a><\/h3>\n<div class=\"td-module-meta-info\"><span class=\"td-post-date\"><time class=\"entry-date updated td-module-date\" datetime=\"2026-08-11T14:55:45+03:00\">11\/08\/2026<\/time><\/span><\/div>\n<\/div>\n<\/div>\n<\/div>\n<div class=\"td-block-span12\">\n<div class=\"td_module_6 td_module_wrap td-animation-stack\">\n<div class=\"td-module-thumb\"><a href=\"https:\/\/r3media.ro\/ionut-cojocaru-romania-autoritarismului-stat-garnizoana-imprumuturi-reinarmare-dictatura-dezastru\/\" rel=\"bookmark\" class=\"td-image-wrap \" title=\"Istoricul Ionu\u021b Cojocaru spune c\u0103 Rom\u00e2nia s-a angajat pe drumul autoritarismului: \u201estat-garnizoan\u0103\u201d. \u00cemprumuturile pentru \u00eenarmare duc la dictatur\u0103 \u0219i \u00een final dezastru\"><img loading=\"lazy\" decoding=\"async\" class=\"entry-thumb\" src=\"https:\/\/r3media.ro\/wp-content\/uploads\/2025\/06\/Nicusor-Dan-Ilie-Bolojan-100x70.jpg\" alt title=\"Istoricul Ionu\u021b Cojocaru spune c\u0103 Rom\u00e2nia s-a angajat pe drumul autoritarismului: \u201estat-garnizoan\u0103\u201d. \u00cemprumuturile pentru \u00eenarmare duc la dictatur\u0103 \u0219i \u00een final dezastru\" width=\"100\" height=\"70\"><\/a><\/div>\n<div class=\"item-details\">\n<h3 class=\"entry-title td-module-title\"><a href=\"https:\/\/r3media.ro\/ionut-cojocaru-romania-autoritarismului-stat-garnizoana-imprumuturi-reinarmare-dictatura-dezastru\/\" rel=\"bookmark\" title=\"Istoricul Ionu\u021b Cojocaru spune c\u0103 Rom\u00e2nia s-a angajat pe drumul autoritarismului: \u201estat-garnizoan\u0103\u201d. \u00cemprumuturile pentru \u00eenarmare duc la dictatur\u0103 \u0219i \u00een final dezastru\">Istoricul Ionu\u021b Cojocaru spune c\u0103 Rom\u00e2nia s-a angajat pe drumul autoritarismului:&#8230;<\/a><\/h3>\n<div class=\"td-module-meta-info\"><span class=\"td-post-date\"><time class=\"entry-date updated td-module-date\" datetime=\"2026-08-11T14:20:44+03:00\">11\/08\/2026<\/time><\/span><\/div>\n<\/div>\n<\/div>\n<\/div>\n<div class=\"td-block-span12\">\n<div class=\"td_module_6 td_module_wrap td-animation-stack\">\n<div class=\"td-module-thumb\"><a href=\"https:\/\/r3media.ro\/vanzari-masini-electrice-explozie-danemarca\/\" rel=\"bookmark\" class=\"td-image-wrap \" title=\"V\u00e2nz\u0103rile de ma\u0219ini electrice au explodat \u00een Danemarca\"><img loading=\"lazy\" decoding=\"async\" class=\"entry-thumb\" src=\"https:\/\/r3media.ro\/wp-content\/uploads\/2026\/08\/vanzarile-de-masini-electrice-au-explodat-in-danemarca-100x70.jpg\" alt title=\"V\u00e2nz\u0103rile de ma\u0219ini electrice au explodat \u00een Danemarca\" width=\"100\" height=\"70\"><\/a><\/div>\n<div class=\"item-details\">\n<h3 class=\"entry-title td-module-title\"><a href=\"https:\/\/r3media.ro\/vanzari-masini-electrice-explozie-danemarca\/\" rel=\"bookmark\" title=\"V\u00e2nz\u0103rile de ma\u0219ini electrice au explodat \u00een Danemarca\">V\u00e2nz\u0103rile de ma\u0219ini electrice au explodat \u00een Danemarca<\/a><\/h3>\n<div class=\"td-module-meta-info\"><span class=\"td-post-date\"><time class=\"entry-date updated td-module-date\" datetime=\"2026-08-11T13:43:51+03:00\">11\/08\/2026<\/time><\/span><\/div>\n<\/div>\n<\/div>\n<\/div>\n<\/div>\n<\/div>\n<aside class=\"td_block_template_1 widget widget_recent_comments\">\n<h4 class=\"block-title\"><span>INTR\u0102 \u00ceN DISCU\u021aIE!<\/span><\/h4>\n<ul id=\"recentcomments\">\n<li class=\"recentcomments\"><span class=\"comment-author-link\">Dan C.<\/span> la <a href=\"https:\/\/r3media.ro\/trotinetele-electrice-interzise-cernauti\/#comment-40378\">Trotinetele electrice au fost interzise la Cern\u0103u\u021bi<\/a><\/li>\n<li class=\"recentcomments\"><span class=\"comment-author-link\">Nicu<\/span> la <a href=\"https:\/\/r3media.ro\/procedura-oprire-controlata-unitatea-2-reactor-nuclear-cernavoda-scufundare-barje-detonare-stanci\/#comment-40377\">Unitatea 2 de la Centrala Nuclear\u0103 Cernavod\u0103 a intrat \u00een procedura de oprire controlat\u0103. Scufundarea barjelor \u0219i detonarea st\u00e2ncilor de pe Dun\u0103re au avut efect zero<\/a><\/li>\n<li class=\"recentcomments\"><span class=\"comment-author-link\">Mihaela D\u00e2ru<\/span> la <a href=\"https:\/\/r3media.ro\/film-nou-stapanul-inelelor-corect-politic-regizor-andy-serkis-diversitate-tolkien-mitologie-nordica\/#comment-40376\">Noul film \u201eSt\u0103p\u00e2nul Inelelor\u201d nu va fi corect politic. Regizorul Andy Serkis: J.R.R. Tolkien a fost influen\u021bat de mitologia nordic\u0103. Nu vrem o distribu\u021bie de dragul de a bifa c\u0103su\u021be<\/a><\/li>\n<li class=\"recentcomments\"><span class=\"comment-author-link\">Dan<\/span> la <a href=\"https:\/\/r3media.ro\/procedura-oprire-controlata-unitatea-2-reactor-nuclear-cernavoda-scufundare-barje-detonare-stanci\/#comment-40375\">Unitatea 2 de la Centrala Nuclear\u0103 Cernavod\u0103 a intrat \u00een procedura de oprire controlat\u0103. Scufundarea barjelor \u0219i detonarea st\u00e2ncilor de pe Dun\u0103re au avut efect zero<\/a><\/li>\n<li class=\"recentcomments\"><span class=\"comment-author-link\">E.T.<\/span> la <a href=\"https:\/\/r3media.ro\/papi-si-conclavuri-traditie-si-anticlericalism-in-cinema-cei-doi-papi-si-conclavul\/#comment-40374\">Papi \u0219i conclavuri, tradi\u021bie \u0219i anticlericalism \u00een cinema: Cei doi papi \u0219i Conclavul<\/a><\/li>\n<li class=\"recentcomments\"><span class=\"comment-author-link\">Cet\u0103\u021bean<\/span> la <a href=\"https:\/\/r3media.ro\/romania-grupuri-carbune-turceni-craiova-securitate-energetica\/#comment-40373\">Rom\u00e2nia nu va \u00eenchide grupurile pe c\u0103rbune de la Turceni \u0219i Craiova la sf\u00e2r\u0219itul lunii, din cauza riscurilor la adresa securit\u0103\u021bii energetice<\/a><\/li>\n<li class=\"recentcomments\"><span class=\"comment-author-link\">Cet\u0103\u021bean<\/span> la <a href=\"https:\/\/r3media.ro\/dr-pavel-chirila-distinctie-episcopia-caransebesului\/#comment-40372\">Dr. Pavel Chiril\u0103 a fost distins cu cea mai \u00eenalt\u0103 distinc\u021bie pentru mireni a Episcopiei Caransebe\u0219ului<\/a><\/li>\n<\/ul>\n<\/aside>\n<aside class=\"td_block_template_1 widget widget_search\">\n<h4 class=\"block-title\"><span>CAUT\u0102 \u0218I VEI G\u0102SI<\/span><\/h4>\n<\/aside>\n<\/div>\n<\/div>\n<\/div>\n<\/div>\n<\/div>\n<\/div>\n<\/div>\n<p><span class=\"td-page-meta\"><\/span><span class=\"td-page-meta\"><span class=\"td-page-meta\"><\/span><\/span><span class=\"td-page-meta\"><\/span><\/article>\n<\/p>\n<div class=\"td_block_wrap tdb_single_content tdi_18 td-pb-border-top td_block_template_1 td-post-content tagdiv-type\" data-td-block-uid=\"tdi_18\">\n<div class=\"tdb-block-inner td-fix-index\">\n<p><strong><a href=\"https:\/\/r3media.ro\/tag\/blocul-national-sindicalbns\/\" target=\"_blank\" rel=\"noopener\">Blocul Na\u021bional Sindical (BNS)<\/a> solicit\u0103 Pre\u0219edintelui Rom\u00e2niei \u0219i Guvernului Rom\u00e2niei s\u0103 ini\u021bieze demersurile necesare pentru revizuirea Constitu\u021biei Rom\u00e2niei, astfel \u00eenc\u00e2t starea de alert\u0103 \u0219i modul de exercitare a guvern\u0103rii pe durata acesteia s\u0103 fie reglementate \u00een mod explicit la nivel constitu\u021bional.<\/strong><\/p>\n<p>La data de 31 iulie 2026, Guvernul a instituit stare de alert\u0103, prin HG nr. 15\/2026 pentru gestionarea efectelor generate de sc\u0103derea produc\u021biei de energie electric\u0103. La nivel na\u021bional, reamintim c\u0103 starea de alert\u0103 a fost instituit\u0103 \u0219i reglementat\u0103 pentru prima dat\u0103, \u00een anul 2020, \u00een timpul Guvernului Orban, \u00een perioada pandemiei, ca m\u0103sur\u0103 excep\u021bional\u0103 la o situa\u021bie excep\u021bional\u0103.<\/p>\n<p>\u00cen acest sens, a fost definit\u0103 \u00een Legea nr. 55\/2020 privind unele m\u0103suri pentru prevenirea \u0219i combaterea efectelor pandemiei de COVID-19 care a introdus o defini\u021bie ampl\u0103, \u00een art. 2: \u201eStarea de alert\u0103 reprezint\u0103 r\u0103spunsul la o situa\u021bie de urgen\u021b\u0103 de amploare \u0219i intensitate deosebite, determinat\u0103 de unul sau mai multe tipuri de risc, const\u00e2nd \u00eentr-un ansamblu de m\u0103suri cu caracter temporar, propor\u021bionale cu nivelul de gravitate manifestat sau prognozat al acesteia \u0219i necesare pentru prevenirea \u0219i \u00eenl\u0103turarea amenin\u021b\u0103rilor iminente la adresa vie\u021bii, s\u0103n\u0103t\u0103\u021bii persoanelor, mediului \u00eenconjur\u0103tor, valorilor materiale \u0219i culturale importante ori a propriet\u0103\u021bii\u201d.<\/p>\n<p>Starea de alert\u0103 na\u021bional\u0103 din 2020 a durat aproape doi ani \u0219i a fost prelungit\u0103 succesiv prin numeroase hot\u0103r\u00e2ri de Guvern, deoarece legea permite prelungiri repetate de c\u00e2te 30 de zile dac\u0103 analiza factorilor de risc indic\u0103 necesitatea men\u021binerii acesteia.<\/p>\n<h2><strong>Blocul Na\u021bional Sindical (BNS) atrage aten\u021bia asupra st\u0103rii de alert\u0103<\/strong><\/h2>\n<p>\u00a0<\/p>\n<p>BNS atrage, \u00eens\u0103, aten\u021bia c\u0103 starea de alert\u0103 nu este prev\u0103zut\u0103 \u00een Constitu\u021bia Rom\u00e2niei! Constitu\u021bia Rom\u00e2niei reglementeaz\u0103 explicit starea de asediu \u0219i starea de urgen\u021b\u0103, \u00eens\u0103 nu consacr\u0103 distinct institu\u021bia st\u0103rii de alert\u0103. Totu\u0219i \u00een baza Legii nr. 55\/2020 se pot restr\u00e2nge drepturi \u0219i libert\u0103\u021bi cu u\u0219urin\u021b\u0103 pentru cet\u0103\u021benii Rom\u00e2niei, pe baza unor riscuri \u0219i\/sau prognoze elaborate de speciali\u0219tii \u00een domeniu, a\u0219a cum reiese din textul legii care define\u0219te starea de alert\u0103.<\/p>\n<p>\u00cen opinia BNS, o asemenea situa\u021bie nu poate fi tratat\u0103 exclusiv ca o problem\u0103 tehnic\u0103 de legisla\u021bie, deoarece, spre deosebire de starea de urgen\u021b\u0103, instituirea st\u0103rii de alert\u0103 nu este supus\u0103 aprob\u0103rii prealabile a Parlamentului, limit\u00e2nd rolul acestuia pentru c\u0103 nu o poate \u00eencuviin\u021ba, ceea ce face cu at\u00e2t mai important exercitarea controlului parlamentar asupra Guvernului, \u00een special c\u00e2nd sunt adoptate m\u0103suri care afecteaz\u0103 exerci\u021biul unor drepturi \u0219i libert\u0103\u021bi fundamentale.<\/p>\n<h2><strong>Propunerile BNS pentru revizuirea Constitu\u021biei<\/strong><\/h2>\n<p>\u00a0<\/p>\n<p>De aceea, BNS solicit\u0103 revizuirea cadrului legal prin care se poate institui stare de alert\u0103. Aceasta s\u0103 fie introdus\u0103 expres \u00een Constitu\u021bia Rom\u00e2niei, al\u0103turi de celelalte m\u0103suri excep\u021bionale prev\u0103zute la art. 93 \u0219i elaborarea unor modific\u0103ri care s\u0103 stabileasc\u0103 la nivel constitu\u021bional:<\/p>\n<ul>\n<li>condi\u021biile \u00een care poate fi declarat\u0103 \u0219i men\u021binut\u0103 starea de alert\u0103;<\/li>\n<li>autoritatea competent\u0103 s\u0103 o instituie \u0219i s\u0103 o prelungeasc\u0103;<\/li>\n<li>durata \u0219i limitele acesteia;<\/li>\n<li>limitele competen\u021bei Guvernului;<br \/>\ncontrolul parlamentar asupra m\u0103surilor adoptate;<\/li>\n<li>limitele \u00een care pot fi restr\u00e2nse unele drepturi \u0219i libert\u0103\u021bi;<\/li>\n<li>protejarea drepturilor salaria\u021bilor \u0219i a dialogului social;<\/li>\n<li>obliga\u021bia autorit\u0103\u021bilor de a fundamenta \u0219i motiva m\u0103surile adoptate;<\/li>\n<li>mecanismele de \u00eencetare a st\u0103rii de alert\u0103 \u0219i de revenire la regimul normal de guvernare.<\/li>\n<\/ul>\n<p>\u00cen lipsa unei astfel de reglement\u0103ri, instituirea st\u0103rii de alert\u0103 risc\u0103 s\u0103 r\u0103m\u00e2n\u0103 un instrument aflat la discre\u021bia Guvernului, care, printr-o justificare excep\u021bional\u0103 s\u0103 dob\u00e2ndeasc\u0103 prerogative asupra drepturilor \u0219i libert\u0103\u021bilor cet\u0103\u021benilor acestei \u021b\u0103ri, cu garan\u021bii constitu\u021bionale restr\u00e2nse \u0219i cu un control democratic fragil de\u0219i o asemenea ingerin\u021b\u0103 \u00een via\u021ba societ\u0103\u021bii impune contrariul.<br class=\"yoast-text-mark\">&gt;Blocul Na\u021bional Sindical consider\u0103 c\u0103 o asemenea modificare nu trebuie f\u0103cut\u0103 \u00een spatele u\u0219ilor \u00eenchise \u0219i nici tratat\u0103 ca o simpl\u0103 interven\u021bie tehnic\u0103 asupra textului constitu\u021bional.&lt;\/p&gt;<\/p>\n<h2><strong>BNS: Pre\u0219edintele Rom\u00e2niei \u0219i Guvernul s\u0103 \u00ee\u0219i asume public revizuirea Constitu\u021biei<\/strong><\/h2>\n<p>\u00a0<\/p>\n<p>Cerem Pre\u0219edintelui Rom\u00e2niei \u0219i Guvernului s\u0103 \u00ee\u0219i asume public ini\u021bierea procesului de revizuire a Constitu\u021biei \u0219i organizarea unui referendum na\u021bional prin care cet\u0103\u021benii Rom\u00e2niei s\u0103 decid\u0103 asupra acestei modific\u0103ri. Constitu\u021bia stabile\u0219te c\u0103 revizuirea sa este definitiv\u0103 dup\u0103 aprobarea prin referendum, iar ini\u021biativa revizuirii poate apar\u021bine Pre\u0219edintelui Rom\u00e2niei, la propunerea Guvernului, parlamentarilor sau cet\u0103\u021benilor, \u00een condi\u021biile prev\u0103zute de Constitu\u021bie.&lt;\/p&gt;<\/p>\n<p>Pentru BNS, miza nu este acordarea unor puteri suplimentare Guvernului. Scopul este stabilirea unor reguli constitu\u021bionale clare privind limitele puterii executive \u00een situa\u021bii excep\u021bionale.<\/p>\n<p>Solicit\u0103m Pre\u0219edintelui Rom\u00e2niei \u0219i Guvernului s\u0103 \u00eenceap\u0103 de \u00eendat\u0103 consult\u0103rile cu partenerii sociali, societatea civil\u0103, mediul academic \u0219i speciali\u0219tii \u00een drept constitu\u021bional \u0219i s\u0103 pun\u0103 \u00een dezbatere public\u0103 un proiect de revizuire a Constitu\u021biei privind regimul st\u0103rii de alert\u0103.&lt;\/p&gt;<\/p>\n<p>BNS consider\u0103 c\u0103 Rom\u00e2nia trebuie s\u0103 poarte aceast\u0103 discu\u021bie \u00eenainte de urm\u0103toarea criz\u0103, nu dup\u0103 declan\u0219area ei!<\/p>\n<div class=\"crp_related     crp-masonry\">\n<h2>\u00ceN CONTEXT<\/h2>\n<ul>\n<li><a href=\"https:\/\/r3media.ro\/nicusor-dan-diploma-de-licenta-sustine-fostul-profesor-universitar-horea-mihai-badau-olimpic-mintit-profesori-franta-studii-romania-universitatea-din-bucuresti-a-confirma\/\" class=\"crp_link post-114599\"><span class=\"crp_title\">Nicu\u0219or Dan nu are diplom\u0103 de Licen\u021b\u0103, sus\u021bine fostul profesor universitar Horea Mihai\u2026<\/span><\/a><\/li>\n<li><a href=\"https:\/\/r3media.ro\/oamenii-buni-dezic-nicusor-dan-presedinte-dat-afara-ludovic-orban-dan-teodorescu-taxi-marian-godina-radu-hossu-radu-buzaianu-andrei-caramitru-oua-otet-seful-statului\/\" class=\"crp_link post-114196\"><span class=\"crp_title\">\u201eOamenii buni\u201c se dezic de Nicu\u0219or Dan dup\u0103 ce pre\u0219edintele l-a dat afar\u0103 pe Ludovic Orban.\u2026<\/span><\/a><\/li>\n<li><a href=\"https:\/\/r3media.ro\/nu-va-fi-usor-va-fi-nicusor-toata-floarea-cea-vestita-a-sarmalistilor-de-la-cotroceni-se-declara-trasa-pe-sfoara-de-nicusor-dan\/\" class=\"crp_link post-115823\"><span class=\"crp_title\">Nu va fi u\u0219or, va fi Nicu\u0219or | Toat\u0103 floarea cea vestit\u0103 a \u201esarmali\u0219tilor\u201c de la Cotroceni\u2026<\/span><\/a><\/li>\n<li><a href=\"https:\/\/r3media.ro\/frizer-obtinut-teza-de-doctorat-nicusor-dan-scanat-profesor-horea-badau-incepe-verificare-plagiat-foto\/\" class=\"crp_link post-114992\"><span class=\"crp_title\">FOTO | Un frizer a reu\u0219it s\u0103 ob\u021bin\u0103 teza de doctorat a lui Nicu\u0219or Dan, a scanat-o \u0219i i-a\u2026<\/span><\/a><\/li>\n<li><a href=\"https:\/\/r3media.ro\/paul-palencsar-vasile-banescu-dezice-nicusor-dan-fanatism-nicusorist-pute-aur\/\" class=\"crp_link post-112893\"><span class=\"crp_title\">Paul Palencsar \u0219i Vasile B\u0103nescu se dezic de Nicu\u0219or Dan: Fanatismul nicu\u0219orist pute la fel\u2026<\/span><\/a><\/li>\n<li><a href=\"https:\/\/r3media.ro\/nicusor-dan-presedintele-romaniei-buimac-petrecere-revelion-ora-3-perturbat-somn-video\/\" class=\"crp_link post-114679\"><span class=\"crp_title\">VIDEO | Nicu\u0219or Dan e \u00eenc\u0103 buimac dup\u0103 petrecerea de Revelion: Am stat p\u00e2n\u0103 la ora 3 \u0219i asta\u2026<\/span><\/a><\/li>\n<li><a href=\"https:\/\/r3media.ro\/nicusor-dan-minte-tara-discutii-fermieri-romania-sustine-acordul-ue-mercosur-ferme-mici-mijlocii-dificultate\/\" class=\"crp_link post-114511\"><span class=\"crp_title\">Nicu\u0219or Dan minte \u00een fa\u021ba \u00eentregii \u021b\u0103ri c\u0103 a discutat cu agricultorii \u0219i c\u0103 Rom\u00e2nia sus\u021bine\u2026<\/span><\/a><\/li>\n<li><a href=\"https:\/\/r3media.ro\/corina-bacanu-calarasu-kiss-tradare-nicusor-dan-iuda-rusine-suveranisti-dreptate\/\" class=\"crp_link post-112808\"><span class=\"crp_title\">Corina B\u0103canu C\u0103l\u0103ra\u0219u de la KISS FM \u00eel acuz\u0103 de tr\u0103dare pe Nicu\u0219or Dan: Cine mai e\u0219ti tu,\u2026<\/span><\/a><\/li>\n<\/ul>\n<\/div>\n<\/div>\n<\/div>\n<p>[analyse_source url=&#8221;https:\/\/r3media.ro\/blocul-national-sindical-bns-nicusor-dan-referendum-revizuirea-constitutiei\/&#8221;]<\/p>\n","protected":false},"excerpt":{"rendered":"<p>[analyse_image type=&#8221;featured&#8221; src=&#8221;https:\/\/r3media.ro\/wp-content\/uploads\/2025\/06\/nicusor-dan-e1781590730316.pnghttps:\/\/r3media.ro\/wp-content\/uploads\/2025\/06\/nicusor-dan-e1781590730316.png&#8221;] FEATUREDBlocul Na\u021bional Sindical (BNS) \u00eei solicit\u0103 lui Nicu\u0219or Dan s\u0103 ini\u021bieze referendum&#8230; FEATURED\u0218TIRI Blocul Na\u021bional Sindical (BNS) \u00eei solicit\u0103 lui Nicu\u0219or Dan s\u0103 ini\u021bieze referendum na\u021bional pentru revizuirea Constitu\u021biei Oana Ivan 12\/08\/2026 Sursa foto: Administra\u021bia Preziden\u021bial\u0103 Blocul Na\u021bional Sindical (BNS) solicit\u0103 Pre\u0219edintelui Rom\u00e2niei \u0219i Guvernului Rom\u00e2niei s\u0103 ini\u021bieze demersurile necesare pentru revizuirea [&hellip;]<\/p>\n","protected":false},"author":1,"featured_media":0,"comment_status":"open","ping_status":"","sticky":false,"template":"","format":"standard","meta":{"footnotes":""},"categories":[89],"tags":[226,93],"class_list":["post-2089552","post","type-post","status-publish","format-standard","hentry","category-romania","tag-crawlmanager","tag-r3media-ro"],"_links":{"self":[{"href":"https:\/\/analyse.optim.biz\/index.php?rest_route=\/wp\/v2\/posts\/2089552","targetHints":{"allow":["GET"]}}],"collection":[{"href":"https:\/\/analyse.optim.biz\/index.php?rest_route=\/wp\/v2\/posts"}],"about":[{"href":"https:\/\/analyse.optim.biz\/index.php?rest_route=\/wp\/v2\/types\/post"}],"author":[{"embeddable":true,"href":"https:\/\/analyse.optim.biz\/index.php?rest_route=\/wp\/v2\/users\/1"}],"replies":[{"embeddable":true,"href":"https:\/\/analyse.optim.biz\/index.php?rest_route=%2Fwp%2Fv2%2Fcomments&post=2089552"}],"version-history":[{"count":0,"href":"https:\/\/analyse.optim.biz\/index.php?rest_route=\/wp\/v2\/posts\/2089552\/revisions"}],"wp:attachment":[{"href":"https:\/\/analyse.optim.biz\/index.php?rest_route=%2Fwp%2Fv2%2Fmedia&parent=2089552"}],"wp:term":[{"taxonomy":"category","embeddable":true,"href":"https:\/\/analyse.optim.biz\/index.php?rest_route=%2Fwp%2Fv2%2Fcategories&post=2089552"},{"taxonomy":"post_tag","embeddable":true,"href":"https:\/\/analyse.optim.biz\/index.php?rest_route=%2Fwp%2Fv2%2Ftags&post=2089552"}],"curies":[{"name":"wp","href":"https:\/\/api.w.org\/{rel}","templated":true}]}}