{"id":2089551,"date":"2026-08-12T07:17:39","date_gmt":"2026-08-12T04:17:39","guid":{"rendered":"https:\/\/analyse.optim.biz\/?p=2089551"},"modified":"2026-08-12T07:17:39","modified_gmt":"2026-08-12T04:17:39","slug":"trotinetele-electrice-au-fost-interzise-la-cernauti","status":"publish","type":"post","link":"https:\/\/analyse.optim.biz\/?p=2089551","title":{"rendered":"Trotinetele electrice au fost interzise la Cern\u0103u\u021bi"},"content":{"rendered":"<p>[analyse_image type=&#8221;featured&#8221; src=&#8221;https:\/\/r3media.ro\/wp-content\/uploads\/2025\/09\/control-judiciar-trotinetist-e1756835479843.pnghttps:\/\/r3media.ro\/wp-content\/uploads\/2025\/09\/control-judiciar-trotinetist-e1756835479843.png&#8221;]<\/p>\n<article id=\"template-id-109\" class=\"post-109 tdb_templates type-tdb_templates status-publish post\">\n<div id=\"tdi_2\" class=\"tdc-zone\">\n<div class=\"tdc_zone tdi_3  wpb_row td-pb-row\">\n<div id=\"tdi_4\" class=\"tdc-row\">\n<div class=\"vc_row tdi_5  wpb_row td-pb-row\">\n<div class=\"vc_column tdi_7  wpb_column vc_column_container tdc-column td-pb-span8\">\n<div class=\"wpb_wrapper\">\n<div class=\"td_block_wrap tdb_breadcrumbs tdi_8 td-pb-border-top td_block_template_1 tdb-breadcrumbs \" data-td-block-uid=\"tdi_8\">\n<div class=\"tdb-block-inner td-fix-index\"><span><a title=\"Vede\u021bi toate articolele \u00een FEATURED\" class=\"tdb-entry-crumb\" href=\"https:\/\/r3media.ro\/category\/featured\/\">FEATURED<\/a><\/span><span class=\"tdb-bred-no-url-last\">Trotinetele electrice au fost interzise la Cern\u0103u\u021bi<\/span><\/div>\n<\/div>\n<div class=\"td_block_wrap tdb_single_categories tdi_9 td-pb-border-top td_block_template_1 \" data-td-block-uid=\"tdi_9\">\n<div class=\"tdb-category td-fix-index\"><a class=\"tdb-entry-category\" href=\"https:\/\/r3media.ro\/category\/featured\/\">FEATURED<\/a><a class=\"tdb-entry-category\" href=\"https:\/\/r3media.ro\/category\/stiri\/\">\u0218TIRI<\/a><\/div>\n<\/div>\n<div class=\"td_block_wrap tdb_title tdi_10 tdb-single-title td-pb-border-top td_block_template_1\" data-td-block-uid=\"tdi_10\">\n<div class=\"tdb-block-inner td-fix-index\">\n<h1 class=\"tdb-title-text\">Trotinetele electrice au fost interzise la Cern\u0103u\u021bi<\/h1>\n<\/div>\n<\/div>\n<div class=\"vc_row_inner tdi_12  vc_row vc_inner wpb_row td-pb-row\">\n<div class=\"vc_column_inner tdi_14  wpb_column vc_column_container tdc-inner-column td-pb-span12\">\n<div class=\"vc_column-inner\">\n<div class=\"wpb_wrapper\">\n<div class=\"td_block_wrap tdb_single_author tdi_15 td-pb-border-top td_block_template_1 tdb-post-meta\" data-td-block-uid=\"tdi_15\">\n<div class=\"tdb-block-inner td-fix-index\">\n<div class=\"tdb-author-name-wrap\"><a class=\"tdb-author-name\" href=\"https:\/\/r3media.ro\/author\/oana\/\">Oana Ivan<\/a><\/div>\n<\/div>\n<\/div>\n<div class=\"td_block_wrap tdb_single_date tdi_16 td-pb-border-top td_block_template_1 tdb-post-meta\" data-td-block-uid=\"tdi_16\">\n<div class=\"tdb-block-inner td-fix-index\"><time class=\"entry-date updated td-module-date\" datetime=\"2026-08-12T10:17:39+03:00\">12\/08\/2026<\/time><\/div>\n<\/div>\n<\/div>\n<\/div>\n<\/div>\n<\/div>\n<div class=\"td_block_wrap tdb_single_featured_image tdi_17 tdb-content-horiz-left td-pb-border-top td_block_template_1\" data-td-block-uid=\"tdi_17\">\n<div class=\"tdb-block-inner td-fix-index\">\n<figure><figcaption class=\"tdb-caption-text\">Surs\u0103 &#8211; Unsplash<\/figcaption><\/figure>\n<\/div>\n<\/div>\n<div class=\"td_block_wrap tdb_single_content tdi_18 td-pb-border-top td_block_template_1 td-post-content tagdiv-type\" data-td-block-uid=\"tdi_18\">\n<div class=\"tdb-block-inner td-fix-index\">\n<p><strong><a href=\"https:\/\/r3media.ro\/tag\/trotinete-electrice\/\" target=\"_blank\" rel=\"noopener\">Trotinetele electrice<\/a> au fost interzise la Cern\u0103u\u021bi \u00een urma unei decizii a Consiliului Municipal din 10 august. Deputata Oksana Zubji\u021bka a f\u0103cut anun\u021bul pe pagina sa de Facebook, potrivit <a href=\"https:\/\/bucpress.eu\/in-cernauti-au-fost-interzise-trotinetele-electrice\/\" target=\"_blank\" rel=\"noopener\">bucpress<\/a>.<\/strong><\/p>\n<p>Acum , operatorii de trotinete electrice au la dispozi\u021bia 14 zile calendaristice pentru a elibera spa\u021biile publice ale comunit\u0103\u021bii de trotinete electrice. Totodat\u0103, ei trebuie s\u0103 demonteze \u0219i sta\u021biile de \u00eenc\u0103rcare \u0219i alte echipamente.<\/p>\n<p>Ini\u021biatorii proiectului au fost deputa\u021bii Oksana Zubji\u0163ka, Oleksandr Pikulin \u0219i Oleksii Prosian\u00eei, \u00eempreun\u0103 cu colegii din frac\u021biunea \u201eSlujitorul Poporului\u201d, partidul lui Volodymyr Zelensky.<\/p>\n<p>Potrivit deputatei, chestiunea rezilierii memorandumurilor a fost discutat\u0103 timp de c\u00e2teva luni.<\/p>\n<p>\u201eAceast\u0103 decizie nu a fost una u\u0219oar\u0103. De zeci de ori, primarul, care la vremea respectiv\u0103 semnase de unul singur, f\u0103r\u0103 decizia corpului deputa\u021bilor, memorandumurile respective, a \u00eencercat, prin diverse mijloace, s\u0103 \u00eempiedice un vot complet al corpului deputa\u021bilor pentru rezilierea lor\u201d, a declarat aceasta.<\/p>\n<h2><strong>Trotinetele electrice au fost interzise la Cern\u0103u\u021bi. De ce s-a ajuns la aceast\u0103 decizie?<\/strong><\/h2>\n<p>\u00a0<\/p>\n<p>De\u0219i subiectul a fost am\u00e2nat \u0219i blocat \u00een repetate r\u00e2nduri, pe 10 august consiliul municipal a adoptat totu\u0219i decizia.<\/p>\n<p>\u201ePentru c\u0103 \u00een spatele acestei decizii nu stau ambi\u021bii politice. \u00cen spatele ei stau numeroase sesiz\u0103ri ale locuitorilor din Cern\u0103u\u021bi, siguran\u021ba pietonilor, a \u0219oferilor, a copiilor no\u0219tri \u0219i a persoanelor \u00een v\u00e2rst\u0103, ordinea pe trotuare \u0219i responsabilitatea pentru ceea ce se \u00eent\u00e2mpl\u0103 \u00een ora\u0219ul nostru\u201d, a subliniat deputata.<\/p>\n<p>Aceasta a atras aten\u021bia \u00een mod special asupra problemei utiliz\u0103rii trotinetelor electrice de c\u0103tre copii \u0219i adolescen\u021bi. Ace\u0219tia circul\u0103 pe carosabil, pe trecerile de pietoni, pe trotuare \u0219i \u00een locuri aglomerate.<\/p>\n<p>\u201eO \u00eengrijorare deosebit\u0103 a fost provocat\u0103 de utilizarea \u00een mas\u0103 a trotinetelor electrice de c\u0103tre copii \u0219i minori, care circul\u0103 pe carosabil, pe trecerile de pietoni, pe trotuare \u0219i \u00een locurile de aglomerare a oamenilor, cre\u00e2nd pericol at\u00e2t pentru ei \u00een\u0219i\u0219i, c\u00e2t \u0219i pentru ceilal\u021bi participan\u021bi la trafic\u201d, a precizat ea.<\/p>\n<p>Deputata a men\u021bionat, de asemenea, cazuri \u00een care aceea\u0219i trotinet\u0103 electric\u0103 este folosit\u0103 simultan de dou\u0103 sau chiar trei persoane. Astfel, cre\u0219te considerabil riscul pierderii controlului \u0219i al producerii accidentelor rutiere.<\/p>\n<p>Potrivit deputatei, decizia consiliului municipal este rezultatul numeroaselor sesiz\u0103ri ale locuitorilor din Cern\u0103u\u021bi.<\/p>\n<p>\u201eCern\u0103u\u021bi este un ora\u0219 pentru oameni, nu pentru haosul provocat de trotinetele electrice! Iar ast\u0103zi vocea locuitorilor din Cern\u0103u\u021bi a fost, \u00een sf\u00e2r\u0219it, auzit\u0103\u201d, a conchis ea.<\/p>\n<h2><strong>Trotinetele electrice creeaz\u0103 probleme \u0219i \u00een Republica Moldova<\/strong><\/h2>\n<p>\u00a0<\/p>\n<p>Trotinetele electrice <a href=\"https:\/\/r3media.ro\/trotinetele-electrice-ravagii-republica-moldova-accidente-conducatori-bauti\/\" target=\"_blank\" rel=\"noopener\"><strong>au devenit o problem\u0103<\/strong><\/a> \u0219i \u00een Republica Moldova. De la \u00eenceputul anului, aproape 1.700 de persoane au ajuns \u00een aten\u021bia Poli\u021biei. Dintre acestea, peste 300 de conduc\u0103tori de trotinete electrice au fost prin\u0219i \u00een stare de ebrietate, a ar\u0103tat de cur\u00e2nd TVR Moldova.<\/p>\n<p>Statisticile arat\u0103 \u0219i un num\u0103r \u00eengrijor\u0103tor de accidente. \u00cen primele \u0219apte luni au avut loc peste 70 de accidente rutiere cu implicarea conduc\u0103torilor de trotinete electrice. \u00cen urma acestora, dou\u0103 persoane \u0219i-au pierdut via\u021ba, iar 54 au fost traumatizate.<\/p>\n<p>Reprezentan\u0163ii Poli\u0163iei Na\u0163ionale au precizat c\u0103 trotinetele pot fi un pericol \u00een trafic. Statul nu are \u00eenc\u0103 un cadru legal clar privind folosirea lor. Oamenii legii \u00eendeamn\u0103 participan\u0163ii la trafic s\u0103 nu urce mai multe persoane pe o trotinet\u0103, s\u0103 adapteze viteza \u015fi s\u0103 fie echipa\u0163i corespunz\u0103tor.<\/p>\n<p>Recent, Grecia a decis s\u0103 ia <a href=\"https:\/\/r3media.ro\/grecia-interzice-trotinete-electrice-pentru-minori\/\" target=\"_blank\" rel=\"noopener\"><strong>m\u0103suri dure<\/strong><\/a>\u00a0\u00een ceea ce prive\u0219te utilizarea trotinetelor electrice de c\u0103tre minori. Din cauza num\u0103rului mare de accidente, utilizarea trotinetelor electrice este reglementat\u0103 prin reguli stricte care includ interzicerea acestora pentru persoanele sub 17 ani, limitarea vitezei maxime \u0219i amenzi mari pentru nerespectarea normelor.<\/p>\n<div class=\"crp_related     crp-masonry\">\n<h2>\u00ceN CONTEXT<\/h2>\n<ul>\n<li><a href=\"https:\/\/r3media.ro\/fara-tine-in-google-r3media-dispare-iata-ce-poti-face-in-10-secunde\/\" class=\"crp_link post-119031\"><span class=\"crp_title\">F\u0103r\u0103 tine \u00een Google, R3media dispare. Iat\u0103 ce po\u021bi face \u00een 10 secunde<\/span><\/a><\/li>\n<li><a href=\"https:\/\/r3media.ro\/ucraina-preot-roman-oleg-ostafiuc-regiunea-cernauti-ridicat-punct-de-control-mobilizat-fortat-trimis-centru-militar\/\" class=\"crp_link post-114947\"><span class=\"crp_title\">Ucraina | Preotul rom\u00e2n Oleg Ostafiuc din regiunea Cern\u0103u\u021bi a fost ridicat la un punct de\u2026<\/span><\/a><\/li>\n<li><a href=\"https:\/\/r3media.ro\/ucraineni-cernauti-foc-parinti-elevi-romani-studiat-romana-limba-straina-scoala-separatism-bucuresti-kiev-atac-identitar\/\" class=\"crp_link post-113186\"><span class=\"crp_title\">Ucrainenii din Cern\u0103u\u021bi au luat foc dup\u0103 ce p\u0103rin\u021bii elevilor rom\u00e2ni de la Liceul nr. 13 din\u2026<\/span><\/a><\/li>\n<\/ul>\n<\/div>\n<\/div>\n<\/div>\n<div class=\"td_block_wrap tdb_single_tags tdi_19 td-pb-border-top td_block_template_1\" data-td-block-uid=\"tdi_19\">\n<div class=\"tdb-block-inner td-fix-index\">\n<ul class=\"tdb-tags\">\n<li><span>SUBIECTE FIERBIN\u021aI<\/span><\/li>\n<li><a href=\"https:\/\/r3media.ro\/tag\/cernauti\/\">cernauti<\/a><\/li>\n<li><a href=\"https:\/\/r3media.ro\/tag\/trotinete-electrice\/\">trotinete electrice<\/a><\/li>\n<\/ul>\n<\/div>\n<\/div>\n<div class=\"td_block_wrap td_block_9 tdi_20 td_with_ajax_pagination td-pb-border-top td_block_template_1 td-column-2 td_block_padding td_block_bot_line\" data-td-block-uid=\"tdi_20\">\n<div class=\"td-block-title-wrap\">\n<h4 class=\"block-title td-block-title\"><span class=\"td-pulldown-size\">CITE\u0218TE MAI MULT<\/span><\/h4>\n<\/div>\n<div id=\"tdi_20\" class=\"td_block_inner\">\n<div class=\"td-block-row\">\n<div class=\"td-block-span6\">\n<div class=\"td_module_8 td_module_wrap\">\n<div class=\"item-details\">\n<h3 class=\"entry-title td-module-title\"><a href=\"https:\/\/r3media.ro\/presedintele-serbiei-razboiul-din-ucraina\/\" rel=\"bookmark\" title=\"Pre\u0219edintele Serbiei nu crede c\u0103 r\u0103zboiul din Ucraina se termin\u0103 cur\u00e2nd: Cred c\u0103 ne afl\u0103m la \u00eenceputul unui r\u0103zboi mult, mult mai mare\">Pre\u0219edintele Serbiei nu crede c\u0103 r\u0103zboiul din Ucraina se termin\u0103 cur\u00e2nd: Cred c\u0103 ne&#8230;<\/a><\/h3>\n<div class=\"td-module-meta-info\"><a href=\"https:\/\/r3media.ro\/category\/actualitate\/\" class=\"td-post-category\">ACTUALITATE<\/a><span class=\"td-post-author-name\"><a href=\"https:\/\/r3media.ro\/author\/teodor_stan\/\">Teodor Stan<\/a><span>&#8211;<\/span><\/span><span class=\"td-post-date\"><time class=\"entry-date updated td-module-date\" datetime=\"2026-08-10T12:22:44+03:00\">10\/08\/2026<\/time><\/span><\/div>\n<\/div>\n<\/div>\n<\/div>\n<div class=\"td-block-span6\">\n<div class=\"td_module_8 td_module_wrap\">\n<div class=\"item-details\">\n<h3 class=\"entry-title td-module-title\"><a href=\"https:\/\/r3media.ro\/fara-apa-fara-curent-fara-viitor-cum-au-sacrificat-pro-europenii-romania-pe-altarul-ecologiei-ieftine\/\" rel=\"bookmark\" title=\"F\u0103r\u0103 ap\u0103, f\u0103r\u0103 curent, f\u0103r\u0103 viitor: cum au sacrificat pro-europenii Rom\u00e2nia pe altarul ecologiei ieftine\">F\u0103r\u0103 ap\u0103, f\u0103r\u0103 curent, f\u0103r\u0103 viitor: cum au sacrificat pro-europenii Rom\u00e2nia pe altarul ecologiei&#8230;<\/a><\/h3>\n<div class=\"td-module-meta-info\"><a href=\"https:\/\/r3media.ro\/category\/actualitate\/\" class=\"td-post-category\">ACTUALITATE<\/a><span class=\"td-post-author-name\"><a href=\"https:\/\/r3media.ro\/author\/paul_lazar\/\">Paul-Daniel Laz\u0103r<\/a><span>&#8211;<\/span><\/span><span class=\"td-post-date\"><time class=\"entry-date updated td-module-date\" datetime=\"2026-08-08T22:30:54+03:00\">08\/08\/2026<\/time><\/span><\/div>\n<\/div>\n<\/div>\n<\/div>\n<\/div>\n<div class=\"td-block-row\">\n<div class=\"td-block-span6\">\n<div class=\"td_module_8 td_module_wrap\">\n<div class=\"item-details\">\n<h3 class=\"entry-title td-module-title\"><a href=\"https:\/\/r3media.ro\/show-iluzie-si-realitate-de-la-the-truman-show-la-son-of-a-rich\/\" rel=\"bookmark\" title=\"Show, iluzie \u0219i realitate: de la The Truman Show la Son of a Rich\">Show, iluzie \u0219i realitate: de la The Truman Show la Son of a Rich<\/a><\/h3>\n<div class=\"td-module-meta-info\"><a href=\"https:\/\/r3media.ro\/category\/actualitate\/\" class=\"td-post-category\">ACTUALITATE<\/a><span class=\"td-post-author-name\"><a href=\"https:\/\/r3media.ro\/author\/costi_balasoiu\/\">Constantin B\u0103l\u0103\u0219oiu<\/a><span>&#8211;<\/span><\/span><span class=\"td-post-date\"><time class=\"entry-date updated td-module-date\" datetime=\"2026-08-08T15:30:25+03:00\">08\/08\/2026<\/time><\/span><\/div>\n<\/div>\n<\/div>\n<\/div>\n<div class=\"td-block-span6\">\n<div class=\"td_module_8 td_module_wrap\">\n<div class=\"item-details\">\n<h3 class=\"entry-title td-module-title\"><a href=\"https:\/\/r3media.ro\/fani-stapanul-inelelor-surpriza-sezonul-3-sauron\/\" rel=\"bookmark\" title=\"Fanii \u201eSt\u0103p\u00e2nul Inelelor\u201c ar putea avea o surpriz\u0103 \u00een sezonul 3 din serialul \u201eInelele Puterii\u201c. Sauron se va confrunta cu o creatur\u0103 de temut\">Fanii \u201eSt\u0103p\u00e2nul Inelelor\u201c ar putea avea o surpriz\u0103 \u00een sezonul 3 din serialul \u201eInelele&#8230;<\/a><\/h3>\n<div class=\"td-module-meta-info\"><a href=\"https:\/\/r3media.ro\/category\/actualitate\/\" class=\"td-post-category\">ACTUALITATE<\/a><span class=\"td-post-author-name\"><a href=\"https:\/\/r3media.ro\/author\/oana\/\">Oana Ivan<\/a><span>&#8211;<\/span><\/span><span class=\"td-post-date\"><time class=\"entry-date updated td-module-date\" datetime=\"2026-08-08T00:19:31+03:00\">08\/08\/2026<\/time><\/span><\/div>\n<\/div>\n<\/div>\n<\/div>\n<\/div>\n<div class=\"td-block-row\">\n<div class=\"td-block-span6\">\n<div class=\"td_module_8 td_module_wrap\">\n<div class=\"item-details\">\n<h3 class=\"entry-title td-module-title\"><a href=\"https:\/\/r3media.ro\/david-popovici-fair-play-sportivi-rusi-competitii\/\" rel=\"bookmark\" title=\"David Popovici, fair-play la revenirea sportivilor ru\u0219i \u00een competi\u021bii: Le urez succes, sper s\u0103 fiu mai bun dec\u00e2t ei\">David Popovici, fair-play la revenirea sportivilor ru\u0219i \u00een competi\u021bii: Le urez succes, sper s\u0103&#8230;<\/a><\/h3>\n<div class=\"td-module-meta-info\"><a href=\"https:\/\/r3media.ro\/category\/actualitate\/\" class=\"td-post-category\">ACTUALITATE<\/a><span class=\"td-post-author-name\"><a href=\"https:\/\/r3media.ro\/author\/redactia\/\">Redac\u021bia<\/a><span>&#8211;<\/span><\/span><span class=\"td-post-date\"><time class=\"entry-date updated td-module-date\" datetime=\"2026-08-07T15:07:51+03:00\">07\/08\/2026<\/time><\/span><\/div>\n<\/div>\n<\/div>\n<\/div>\n<div class=\"td-block-span6\">\n<div class=\"td_module_8 td_module_wrap\">\n<div class=\"item-details\">\n<h3 class=\"entry-title td-module-title\"><a href=\"https:\/\/r3media.ro\/kia-recheama-service-prima-generatie-masini-electrice-e-niro-risc-incendiu\/\" rel=\"bookmark\" title=\"Kia recheam\u0103 \u00een service prima genera\u021bie de ma\u0219ini electrice e-Niro din cauza riscului de incendiu\">Kia recheam\u0103 \u00een service prima genera\u021bie de ma\u0219ini electrice e-Niro din cauza riscului de&#8230;<\/a><\/h3>\n<div class=\"td-module-meta-info\"><a href=\"https:\/\/r3media.ro\/category\/actualitate\/\" class=\"td-post-category\">ACTUALITATE<\/a><span class=\"td-post-author-name\"><a href=\"https:\/\/r3media.ro\/author\/oana\/\">Oana Ivan<\/a><span>&#8211;<\/span><\/span><span class=\"td-post-date\"><time class=\"entry-date updated td-module-date\" datetime=\"2026-08-06T17:07:42+03:00\">06\/08\/2026<\/time><\/span><\/div>\n<\/div>\n<\/div>\n<\/div>\n<\/div>\n<div class=\"td-block-row\">\n<div class=\"td-block-span6\">\n<div class=\"td_module_8 td_module_wrap\">\n<div class=\"item-details\">\n<h3 class=\"entry-title td-module-title\"><a href=\"https:\/\/r3media.ro\/drona-gasita-mare-mamaia-zona-loft-video\/\" rel=\"bookmark\" title=\"VIDEO | O dron\u0103 a fost g\u0103sit\u0103 \u00een mare, \u00een Mamaia, \u00een zona Loft\">VIDEO | O dron\u0103 a fost g\u0103sit\u0103 \u00een mare, \u00een Mamaia, \u00een zona Loft<\/a><\/h3>\n<div class=\"td-module-meta-info\"><a href=\"https:\/\/r3media.ro\/category\/actualitate\/\" class=\"td-post-category\">ACTUALITATE<\/a><span class=\"td-post-author-name\"><a href=\"https:\/\/r3media.ro\/author\/oana\/\">Oana Ivan<\/a><span>&#8211;<\/span><\/span><span class=\"td-post-date\"><time class=\"entry-date updated td-module-date\" datetime=\"2026-08-05T21:48:11+03:00\">05\/08\/2026<\/time><\/span><\/div>\n<\/div>\n<\/div>\n<\/div>\n<div class=\"td-block-span6\">\n<div class=\"td_module_8 td_module_wrap\">\n<div class=\"item-details\">\n<h3 class=\"entry-title td-module-title\"><a href=\"https:\/\/r3media.ro\/cand-incepe-scoala-in-2026-structura-an-nou-scolar\/\" rel=\"bookmark\" title=\"C\u00e2nd \u00eencepe \u0219coala \u00een 2026: Structura noului an \u0219colar, vacan\u021bele \u0219i zilele libere\">C\u00e2nd \u00eencepe \u0219coala \u00een 2026: Structura noului an \u0219colar, vacan\u021bele \u0219i zilele libere<\/a><\/h3>\n<div class=\"td-module-meta-info\"><a href=\"https:\/\/r3media.ro\/category\/actualitate\/\" class=\"td-post-category\">ACTUALITATE<\/a><span class=\"td-post-author-name\"><a href=\"https:\/\/r3media.ro\/author\/oana\/\">Oana Ivan<\/a><span>&#8211;<\/span><\/span><span class=\"td-post-date\"><time class=\"entry-date updated td-module-date\" datetime=\"2026-08-03T22:23:20+03:00\">03\/08\/2026<\/time><\/span><\/div>\n<\/div>\n<\/div>\n<\/div>\n<\/div>\n<div class=\"td-block-row\">\n<div class=\"td-block-span6\">\n<div class=\"td_module_8 td_module_wrap\">\n<div class=\"item-details\">\n<h3 class=\"entry-title td-module-title\"><a href=\"https:\/\/r3media.ro\/tara-europa-norvegia-masini-electrice-inmatriculate-cota-ridicata\/\" rel=\"bookmark\" title=\"\u021aara din Europa unde aproape toate ma\u0219inile \u00eenmatriculate sune electrice. Cota a ajuns la 97,6% \u00een iulie\">\u021aara din Europa unde aproape toate ma\u0219inile \u00eenmatriculate sune electrice. Cota a ajuns la&#8230;<\/a><\/h3>\n<div class=\"td-module-meta-info\"><a href=\"https:\/\/r3media.ro\/category\/actualitate\/\" class=\"td-post-category\">ACTUALITATE<\/a><span class=\"td-post-author-name\"><a href=\"https:\/\/r3media.ro\/author\/oana\/\">Oana Ivan<\/a><span>&#8211;<\/span><\/span><span class=\"td-post-date\"><time class=\"entry-date updated td-module-date\" datetime=\"2026-08-03T17:01:21+03:00\">03\/08\/2026<\/time><\/span><\/div>\n<\/div>\n<\/div>\n<\/div>\n<div class=\"td-block-span6\">\n<div class=\"td_module_8 td_module_wrap\">\n<div class=\"item-details\">\n<h3 class=\"entry-title td-module-title\"><a href=\"https:\/\/r3media.ro\/puterea-mitologica-instalata-a-romaniei\/\" rel=\"bookmark\" title=\"Puterea mitologic\u0103 instalat\u0103 a Rom\u00e2niei\">Puterea mitologic\u0103 instalat\u0103 a Rom\u00e2niei<\/a><\/h3>\n<div class=\"td-module-meta-info\"><a href=\"https:\/\/r3media.ro\/category\/opinii\/\" class=\"td-post-category\">OPINII<\/a><span class=\"td-post-author-name\"><a href=\"https:\/\/r3media.ro\/author\/tru\/\">TRU (Traian Ungureanu)<\/a><span>&#8211;<\/span><\/span><span class=\"td-post-date\"><time class=\"entry-date updated td-module-date\" datetime=\"2026-08-02T22:08:04+03:00\">02\/08\/2026<\/time><\/span><\/div>\n<\/div>\n<\/div>\n<\/div>\n<\/div>\n<div class=\"td-block-row\">\n<div class=\"td-block-span6\">\n<div class=\"td_module_8 td_module_wrap\">\n<div class=\"item-details\">\n<h3 class=\"entry-title td-module-title\"><a href=\"https:\/\/r3media.ro\/hyundai-recheama-service-masini-electrice-inster-risc-incendiu\/\" rel=\"bookmark\" title=\"Hyundai recheam\u0103 \u00een service zeci de mii de ma\u0219ini electrice din cauza riscului de incendiu\">Hyundai recheam\u0103 \u00een service zeci de mii de ma\u0219ini electrice din cauza riscului de&#8230;<\/a><\/h3>\n<div class=\"td-module-meta-info\"><a href=\"https:\/\/r3media.ro\/category\/actualitate\/\" class=\"td-post-category\">ACTUALITATE<\/a><span class=\"td-post-author-name\"><a href=\"https:\/\/r3media.ro\/author\/oana\/\">Oana Ivan<\/a><span>&#8211;<\/span><\/span><span class=\"td-post-date\"><time class=\"entry-date updated td-module-date\" datetime=\"2026-08-02T08:34:05+03:00\">02\/08\/2026<\/time><\/span><\/div>\n<\/div>\n<\/div>\n<\/div>\n<div class=\"td-block-span6\">\n<div class=\"td_module_8 td_module_wrap\">\n<div class=\"item-details\">\n<h3 class=\"entry-title td-module-title\"><a href=\"https:\/\/r3media.ro\/dragostea-care-transcende-epoci-descult-in-parc-1967\/\" rel=\"bookmark\" title=\"Dragostea care transcende epoci \u2014 Descul\u021b \u00een parc (1967)\">Dragostea care transcende epoci \u2014 Descul\u021b \u00een parc (1967)<\/a><\/h3>\n<div class=\"td-module-meta-info\"><a href=\"https:\/\/r3media.ro\/category\/opinii\/\" class=\"td-post-category\">OPINII<\/a><span class=\"td-post-author-name\"><a href=\"https:\/\/r3media.ro\/author\/costi_balasoiu\/\">Constantin B\u0103l\u0103\u0219oiu<\/a><span>&#8211;<\/span><\/span><span class=\"td-post-date\"><time class=\"entry-date updated td-module-date\" datetime=\"2026-08-01T13:45:14+03:00\">01\/08\/2026<\/time><\/span><\/div>\n<\/div>\n<\/div>\n<\/div>\n<\/div>\n<\/div>\n<div class=\"td-load-more-wrap td-load-more-infinite-wrap\" id=\"infinite-lm-tdi_20\"><a href=\"https:\/\/r3media.ro\/trotinetele-electrice-interzise-cernauti\/\" class=\"td_ajax_load_more td_ajax_load_more_js\" aria-label=\"\u00cenc\u0103rca\u021bi mai multe\" id=\"next-page-tdi_20\" data-td_block_id=\"tdi_20\">\u00cenc\u0103rca\u021bi mai multe<\/a><\/div>\n<\/div>\n<div class=\"td_block_wrap tdb_single_comments tdi_21 tdb-comm-layout2 td-pb-border-top td_block_template_1\" data-td-block-uid=\"tdi_21\">\n<div class=\"tdb-block-inner td-fix-index\">\n<div class=\"comments\" id=\"comments\">\n<div class=\"td-comments-title-wrap td_block_template_1\">\n<h4 class=\"td-comments-title block-title\"><span>1 COMENTARIU<\/span><\/h4>\n<\/div>\n<ol class=\"comment-list\">\n<li class=\"comment \" id=\"comment-40378\">\n<article>\n<footer><cite>Dan C.<\/cite><a class=\"comment-link\" href=\"https:\/\/r3media.ro\/trotinetele-electrice-interzise-cernauti\/#comment-40378\"><time><br \/>\n12\/08\/2026\t\t\t\t\t\t    La\t\t\t\t\t\t    11:43<\/time><\/a><\/footer>\n<div class=\"comment-content\">\n<p>Pe c\u00e2nd \u0219i la noi?<\/p>\n<\/div>\n<div class=\"comment-meta\" id=\"comment-40378\"><a rel=\"nofollow\" class=\"comment-reply-link\" href=\"https:\/\/r3media.ro\/trotinetele-electrice-interzise-cernauti\/#comment-40378\" data-commentid=\"40378\" data-postid=\"121190\" data-belowelement=\"comment-40378\" data-respondelement=\"respond\" data-replyto=\"R\u0103spunde-i lui Dan C.\" aria-label=\"R\u0103spunde-i lui Dan C.\">R\u0103spund<\/a><\/div>\n<\/article>\n<\/li>\n<\/ol>\n<div id=\"respond\" class=\"comment-respond\">\n<h3 id=\"reply-title\" class=\"comment-reply-title\">AI CEVA DE SPUS? <small><a rel=\"nofollow\" id=\"cancel-comment-reply-link\" href=\"https:\/\/r3media.ro\/trotinetele-electrice-interzise-cernauti\/#respond\">Renun\u021ba\u021bi la r\u0103spuns<\/a><\/small><\/h3>\n<div class=\"comment-form-input-wrap td-form-comment\">\n<div class=\"td-warning-comment\">V\u0103 rug\u0103m s\u0103 introduce\u021bi comentariul dvs.!<\/div>\n<\/div>\n<div class=\"comment-form-input-wrap td-form-author\">\n<div class=\"td-warning-author\">Introduce\u021bi aici numele dvs.<\/div>\n<\/div>\n<div class=\"comment-form-input-wrap td-form-email\">\n<div class=\"td-warning-email-error\">A\u021bi introdus o adres\u0103 de e-mail incorect\u0103!<\/div>\n<div class=\"td-warning-email\">V\u0103 rug\u0103m s\u0103 introduce\u021bi adresa dvs. de e-mail aici<\/div>\n<\/div>\n<\/div>\n<\/div>\n<\/div>\n<\/div>\n<\/div>\n<\/div>\n<div class=\"vc_column tdi_23  wpb_column vc_column_container tdc-column td-pb-span4 td-is-sticky\">\n<div class=\"wpb_wrapper\" data-sticky-enabled-on=\"W3RydWUsdHJ1ZSx0cnVlLHRydWVd\" data-sticky-offset=\"20\" data-sticky-is-width-auto=\"W2ZhbHNlLGZhbHNlLGZhbHNlLGZhbHNlXQ==\">\n<div class=\"wpb_wrapper td_block_wrap vc_widget_sidebar tdi_25 \">\n<div class=\"td_block_wrap td_block_7 td_block_widget tdi_26 td-pb-border-top td_block_template_1 td-column-1 td_block_padding\" data-td-block-uid=\"tdi_26\">\n<div class=\"td-block-title-wrap\">\n<h4 class=\"block-title td-block-title\"><span class=\"td-pulldown-size\">Articole RELA\u021aIONATE<\/span><\/h4>\n<\/div>\n<div id=\"tdi_26\" class=\"td_block_inner\">\n<div class=\"td-block-span12\">\n<div class=\"td_module_6 td_module_wrap td-animation-stack\">\n<div class=\"td-module-thumb\"><a href=\"https:\/\/r3media.ro\/blocul-national-sindical-bns-nicusor-dan-referendum-revizuirea-constitutiei\/\" rel=\"bookmark\" class=\"td-image-wrap \" title=\"Blocul Na\u021bional Sindical (BNS) \u00eei solicit\u0103 lui Nicu\u0219or Dan s\u0103 ini\u021bieze referendum na\u021bional pentru revizuirea Constitu\u021biei\"><img loading=\"lazy\" decoding=\"async\" class=\"entry-thumb\" src=\"https:\/\/r3media.ro\/wp-content\/uploads\/2025\/06\/nicusor-dan-e1781590710985-100x70.png\" alt title=\"Blocul Na\u021bional Sindical (BNS) \u00eei solicit\u0103 lui Nicu\u0219or Dan s\u0103 ini\u021bieze referendum na\u021bional pentru revizuirea Constitu\u021biei\" width=\"100\" height=\"70\"><\/a><\/div>\n<div class=\"item-details\">\n<h3 class=\"entry-title td-module-title\"><a href=\"https:\/\/r3media.ro\/blocul-national-sindical-bns-nicusor-dan-referendum-revizuirea-constitutiei\/\" rel=\"bookmark\" title=\"Blocul Na\u021bional Sindical (BNS) \u00eei solicit\u0103 lui Nicu\u0219or Dan s\u0103 ini\u021bieze referendum na\u021bional pentru revizuirea Constitu\u021biei\">Blocul Na\u021bional Sindical (BNS) \u00eei solicit\u0103 lui Nicu\u0219or Dan s\u0103 ini\u021bieze&#8230;<\/a><\/h3>\n<div class=\"td-module-meta-info\"><span class=\"td-post-date\"><time class=\"entry-date updated td-module-date\" datetime=\"2026-08-12T14:36:36+03:00\">12\/08\/2026<\/time><\/span><\/div>\n<\/div>\n<\/div>\n<\/div>\n<div class=\"td-block-span12\">\n<div class=\"td_module_6 td_module_wrap td-animation-stack\">\n<div class=\"td-module-thumb\"><a href=\"https:\/\/r3media.ro\/mirel-palada-aur-45-redistribuire-50\/\" rel=\"bookmark\" class=\"td-image-wrap \" title=\"Mirel Palada: AUR, \u00een mod constant, este la 45%. Cu redistribuire, ar ajunge la 50%\"><img loading=\"lazy\" decoding=\"async\" class=\"entry-thumb\" src=\"https:\/\/r3media.ro\/wp-content\/uploads\/2024\/08\/guvernul-aur-100x70.png\" alt title=\"Mirel Palada: AUR, \u00een mod constant, este la 45%. Cu redistribuire, ar ajunge la 50%\" width=\"100\" height=\"70\"><\/a><\/div>\n<div class=\"item-details\">\n<h3 class=\"entry-title td-module-title\"><a href=\"https:\/\/r3media.ro\/mirel-palada-aur-45-redistribuire-50\/\" rel=\"bookmark\" title=\"Mirel Palada: AUR, \u00een mod constant, este la 45%. Cu redistribuire, ar ajunge la 50%\">Mirel Palada: AUR, \u00een mod constant, este la 45%. Cu redistribuire,&#8230;<\/a><\/h3>\n<div class=\"td-module-meta-info\"><span class=\"td-post-date\"><time class=\"entry-date updated td-module-date\" datetime=\"2026-08-12T10:02:07+03:00\">12\/08\/2026<\/time><\/span><\/div>\n<\/div>\n<\/div>\n<\/div>\n<div class=\"td-block-span12\">\n<div class=\"td_module_6 td_module_wrap td-animation-stack\">\n<div class=\"td-module-thumb\"><a href=\"https:\/\/r3media.ro\/calendarul-zilei-12-august-sfintii-mucenici-fotie-si-anichit\/\" rel=\"bookmark\" class=\"td-image-wrap \" title=\"Calendarul zilei 12 august: Sfin\u021bii Mucenici Fotie \u0219i Anichit\"><img loading=\"lazy\" decoding=\"async\" class=\"entry-thumb\" src=\"https:\/\/r3media.ro\/wp-content\/uploads\/2024\/08\/120772_fotie-anichit-100x70.jpg\" alt title=\"Calendarul zilei 12 august: Sfin\u021bii Mucenici Fotie \u0219i Anichit\" width=\"100\" height=\"70\"><\/a><\/div>\n<div class=\"item-details\">\n<h3 class=\"entry-title td-module-title\"><a href=\"https:\/\/r3media.ro\/calendarul-zilei-12-august-sfintii-mucenici-fotie-si-anichit\/\" rel=\"bookmark\" title=\"Calendarul zilei 12 august: Sfin\u021bii Mucenici Fotie \u0219i Anichit\">Calendarul zilei 12 august: Sfin\u021bii Mucenici Fotie \u0219i Anichit<\/a><\/h3>\n<div class=\"td-module-meta-info\"><span class=\"td-post-date\"><time class=\"entry-date updated td-module-date\" datetime=\"2026-08-11T21:15:25+03:00\">11\/08\/2026<\/time><\/span><\/div>\n<\/div>\n<\/div>\n<\/div>\n<div class=\"td-block-span12\">\n<div class=\"td_module_6 td_module_wrap td-animation-stack\">\n<div class=\"td-module-thumb\"><a href=\"https:\/\/r3media.ro\/hartia-de-turnesol-a-caracterului-romanesc\/\" rel=\"bookmark\" class=\"td-image-wrap \" title=\"H\u00e2rtia de turnesol a caracterului rom\u00e2nesc\"><img loading=\"lazy\" decoding=\"async\" class=\"entry-thumb\" src=\"https:\/\/r3media.ro\/wp-content\/uploads\/2026\/08\/agerpres-100x70.jpg\" alt title=\"H\u00e2rtia de turnesol a caracterului rom\u00e2nesc\" width=\"100\" height=\"70\"><\/a><\/div>\n<div class=\"item-details\">\n<h3 class=\"entry-title td-module-title\"><a href=\"https:\/\/r3media.ro\/hartia-de-turnesol-a-caracterului-romanesc\/\" rel=\"bookmark\" title=\"H\u00e2rtia de turnesol a caracterului rom\u00e2nesc\">H\u00e2rtia de turnesol a caracterului rom\u00e2nesc<\/a><\/h3>\n<div class=\"td-module-meta-info\"><span class=\"td-post-date\"><time class=\"entry-date updated td-module-date\" datetime=\"2026-08-11T16:18:28+03:00\">11\/08\/2026<\/time><\/span><\/div>\n<\/div>\n<\/div>\n<\/div>\n<div class=\"td-block-span12\">\n<div class=\"td_module_6 td_module_wrap td-animation-stack\">\n<div class=\"td-module-thumb\"><a href=\"https:\/\/r3media.ro\/procedura-oprire-controlata-unitatea-2-reactor-nuclear-cernavoda-scufundare-barje-detonare-stanci\/\" rel=\"bookmark\" class=\"td-image-wrap \" title=\"Unitatea 2 de la Centrala Nuclear\u0103 Cernavod\u0103 a intrat \u00een procedura de oprire controlat\u0103. Scufundarea barjelor \u0219i detonarea st\u00e2ncilor de pe Dun\u0103re au avut efect zero\"><img loading=\"lazy\" decoding=\"async\" class=\"entry-thumb\" src=\"https:\/\/r3media.ro\/wp-content\/uploads\/2024\/09\/Unitatile-3-si-4-de-la-Centrala-Nucleara-de-la-Cernavoda-100x70.jpg\" alt title=\"Unitatea 2 de la Centrala Nuclear\u0103 Cernavod\u0103 a intrat \u00een procedura de oprire controlat\u0103. Scufundarea barjelor \u0219i detonarea st\u00e2ncilor de pe Dun\u0103re au avut efect zero\" width=\"100\" height=\"70\"><\/a><\/div>\n<div class=\"item-details\">\n<h3 class=\"entry-title td-module-title\"><a href=\"https:\/\/r3media.ro\/procedura-oprire-controlata-unitatea-2-reactor-nuclear-cernavoda-scufundare-barje-detonare-stanci\/\" rel=\"bookmark\" title=\"Unitatea 2 de la Centrala Nuclear\u0103 Cernavod\u0103 a intrat \u00een procedura de oprire controlat\u0103. Scufundarea barjelor \u0219i detonarea st\u00e2ncilor de pe Dun\u0103re au avut efect zero\">Unitatea 2 de la Centrala Nuclear\u0103 Cernavod\u0103 a intrat \u00een procedura&#8230;<\/a><\/h3>\n<div class=\"td-module-meta-info\"><span class=\"td-post-date\"><time class=\"entry-date updated td-module-date\" datetime=\"2026-08-11T14:55:45+03:00\">11\/08\/2026<\/time><\/span><\/div>\n<\/div>\n<\/div>\n<\/div>\n<div class=\"td-block-span12\">\n<div class=\"td_module_6 td_module_wrap td-animation-stack\">\n<div class=\"td-module-thumb\"><a href=\"https:\/\/r3media.ro\/ionut-cojocaru-romania-autoritarismului-stat-garnizoana-imprumuturi-reinarmare-dictatura-dezastru\/\" rel=\"bookmark\" class=\"td-image-wrap \" title=\"Istoricul Ionu\u021b Cojocaru spune c\u0103 Rom\u00e2nia s-a angajat pe drumul autoritarismului: \u201estat-garnizoan\u0103\u201d. \u00cemprumuturile pentru \u00eenarmare duc la dictatur\u0103 \u0219i \u00een final dezastru\"><img loading=\"lazy\" decoding=\"async\" class=\"entry-thumb\" src=\"https:\/\/r3media.ro\/wp-content\/uploads\/2025\/06\/Nicusor-Dan-Ilie-Bolojan-100x70.jpg\" alt title=\"Istoricul Ionu\u021b Cojocaru spune c\u0103 Rom\u00e2nia s-a angajat pe drumul autoritarismului: \u201estat-garnizoan\u0103\u201d. \u00cemprumuturile pentru \u00eenarmare duc la dictatur\u0103 \u0219i \u00een final dezastru\" width=\"100\" height=\"70\"><\/a><\/div>\n<div class=\"item-details\">\n<h3 class=\"entry-title td-module-title\"><a href=\"https:\/\/r3media.ro\/ionut-cojocaru-romania-autoritarismului-stat-garnizoana-imprumuturi-reinarmare-dictatura-dezastru\/\" rel=\"bookmark\" title=\"Istoricul Ionu\u021b Cojocaru spune c\u0103 Rom\u00e2nia s-a angajat pe drumul autoritarismului: \u201estat-garnizoan\u0103\u201d. \u00cemprumuturile pentru \u00eenarmare duc la dictatur\u0103 \u0219i \u00een final dezastru\">Istoricul Ionu\u021b Cojocaru spune c\u0103 Rom\u00e2nia s-a angajat pe drumul autoritarismului:&#8230;<\/a><\/h3>\n<div class=\"td-module-meta-info\"><span class=\"td-post-date\"><time class=\"entry-date updated td-module-date\" datetime=\"2026-08-11T14:20:44+03:00\">11\/08\/2026<\/time><\/span><\/div>\n<\/div>\n<\/div>\n<\/div>\n<div class=\"td-block-span12\">\n<div class=\"td_module_6 td_module_wrap td-animation-stack\">\n<div class=\"td-module-thumb\"><a href=\"https:\/\/r3media.ro\/vanzari-masini-electrice-explozie-danemarca\/\" rel=\"bookmark\" class=\"td-image-wrap \" title=\"V\u00e2nz\u0103rile de ma\u0219ini electrice au explodat \u00een Danemarca\"><img loading=\"lazy\" decoding=\"async\" class=\"entry-thumb\" src=\"https:\/\/r3media.ro\/wp-content\/uploads\/2026\/08\/vanzarile-de-masini-electrice-au-explodat-in-danemarca-100x70.jpg\" alt title=\"V\u00e2nz\u0103rile de ma\u0219ini electrice au explodat \u00een Danemarca\" width=\"100\" height=\"70\"><\/a><\/div>\n<div class=\"item-details\">\n<h3 class=\"entry-title td-module-title\"><a href=\"https:\/\/r3media.ro\/vanzari-masini-electrice-explozie-danemarca\/\" rel=\"bookmark\" title=\"V\u00e2nz\u0103rile de ma\u0219ini electrice au explodat \u00een Danemarca\">V\u00e2nz\u0103rile de ma\u0219ini electrice au explodat \u00een Danemarca<\/a><\/h3>\n<div class=\"td-module-meta-info\"><span class=\"td-post-date\"><time class=\"entry-date updated td-module-date\" datetime=\"2026-08-11T13:43:51+03:00\">11\/08\/2026<\/time><\/span><\/div>\n<\/div>\n<\/div>\n<\/div>\n<\/div>\n<\/div>\n<aside class=\"td_block_template_1 widget widget_recent_comments\">\n<h4 class=\"block-title\"><span>INTR\u0102 \u00ceN DISCU\u021aIE!<\/span><\/h4>\n<ul id=\"recentcomments\">\n<li class=\"recentcomments\"><span class=\"comment-author-link\">Dan C.<\/span> la <a href=\"https:\/\/r3media.ro\/trotinetele-electrice-interzise-cernauti\/#comment-40378\">Trotinetele electrice au fost interzise la Cern\u0103u\u021bi<\/a><\/li>\n<li class=\"recentcomments\"><span class=\"comment-author-link\">Nicu<\/span> la <a href=\"https:\/\/r3media.ro\/procedura-oprire-controlata-unitatea-2-reactor-nuclear-cernavoda-scufundare-barje-detonare-stanci\/#comment-40377\">Unitatea 2 de la Centrala Nuclear\u0103 Cernavod\u0103 a intrat \u00een procedura de oprire controlat\u0103. Scufundarea barjelor \u0219i detonarea st\u00e2ncilor de pe Dun\u0103re au avut efect zero<\/a><\/li>\n<li class=\"recentcomments\"><span class=\"comment-author-link\">Mihaela D\u00e2ru<\/span> la <a href=\"https:\/\/r3media.ro\/film-nou-stapanul-inelelor-corect-politic-regizor-andy-serkis-diversitate-tolkien-mitologie-nordica\/#comment-40376\">Noul film \u201eSt\u0103p\u00e2nul Inelelor\u201d nu va fi corect politic. Regizorul Andy Serkis: J.R.R. Tolkien a fost influen\u021bat de mitologia nordic\u0103. Nu vrem o distribu\u021bie de dragul de a bifa c\u0103su\u021be<\/a><\/li>\n<li class=\"recentcomments\"><span class=\"comment-author-link\">Dan<\/span> la <a href=\"https:\/\/r3media.ro\/procedura-oprire-controlata-unitatea-2-reactor-nuclear-cernavoda-scufundare-barje-detonare-stanci\/#comment-40375\">Unitatea 2 de la Centrala Nuclear\u0103 Cernavod\u0103 a intrat \u00een procedura de oprire controlat\u0103. Scufundarea barjelor \u0219i detonarea st\u00e2ncilor de pe Dun\u0103re au avut efect zero<\/a><\/li>\n<li class=\"recentcomments\"><span class=\"comment-author-link\">E.T.<\/span> la <a href=\"https:\/\/r3media.ro\/papi-si-conclavuri-traditie-si-anticlericalism-in-cinema-cei-doi-papi-si-conclavul\/#comment-40374\">Papi \u0219i conclavuri, tradi\u021bie \u0219i anticlericalism \u00een cinema: Cei doi papi \u0219i Conclavul<\/a><\/li>\n<li class=\"recentcomments\"><span class=\"comment-author-link\">Cet\u0103\u021bean<\/span> la <a href=\"https:\/\/r3media.ro\/romania-grupuri-carbune-turceni-craiova-securitate-energetica\/#comment-40373\">Rom\u00e2nia nu va \u00eenchide grupurile pe c\u0103rbune de la Turceni \u0219i Craiova la sf\u00e2r\u0219itul lunii, din cauza riscurilor la adresa securit\u0103\u021bii energetice<\/a><\/li>\n<li class=\"recentcomments\"><span class=\"comment-author-link\">Cet\u0103\u021bean<\/span> la <a href=\"https:\/\/r3media.ro\/dr-pavel-chirila-distinctie-episcopia-caransebesului\/#comment-40372\">Dr. Pavel Chiril\u0103 a fost distins cu cea mai \u00eenalt\u0103 distinc\u021bie pentru mireni a Episcopiei Caransebe\u0219ului<\/a><\/li>\n<\/ul>\n<\/aside>\n<aside class=\"td_block_template_1 widget widget_search\">\n<h4 class=\"block-title\"><span>CAUT\u0102 \u0218I VEI G\u0102SI<\/span><\/h4>\n<\/aside>\n<\/div>\n<\/div>\n<\/div>\n<\/div>\n<\/div>\n<\/div>\n<\/div>\n<p><span class=\"td-page-meta\"><\/span><span class=\"td-page-meta\"><span class=\"td-page-meta\"><\/span><\/span><span class=\"td-page-meta\"><\/span><\/article>\n<\/p>\n<div class=\"td_block_wrap tdb_single_content tdi_18 td-pb-border-top td_block_template_1 td-post-content tagdiv-type\" data-td-block-uid=\"tdi_18\">\n<div class=\"tdb-block-inner td-fix-index\">\n<p><strong><a href=\"https:\/\/r3media.ro\/tag\/trotinete-electrice\/\" target=\"_blank\" rel=\"noopener\">Trotinetele electrice<\/a> au fost interzise la Cern\u0103u\u021bi \u00een urma unei decizii a Consiliului Municipal din 10 august. Deputata Oksana Zubji\u021bka a f\u0103cut anun\u021bul pe pagina sa de Facebook, potrivit <a href=\"https:\/\/bucpress.eu\/in-cernauti-au-fost-interzise-trotinetele-electrice\/\" target=\"_blank\" rel=\"noopener\">bucpress<\/a>.<\/strong><\/p>\n<p>Acum , operatorii de trotinete electrice au la dispozi\u021bia 14 zile calendaristice pentru a elibera spa\u021biile publice ale comunit\u0103\u021bii de trotinete electrice. Totodat\u0103, ei trebuie s\u0103 demonteze \u0219i sta\u021biile de \u00eenc\u0103rcare \u0219i alte echipamente.<\/p>\n<p>Ini\u021biatorii proiectului au fost deputa\u021bii Oksana Zubji\u0163ka, Oleksandr Pikulin \u0219i Oleksii Prosian\u00eei, \u00eempreun\u0103 cu colegii din frac\u021biunea \u201eSlujitorul Poporului\u201d, partidul lui Volodymyr Zelensky.<\/p>\n<p>Potrivit deputatei, chestiunea rezilierii memorandumurilor a fost discutat\u0103 timp de c\u00e2teva luni.<\/p>\n<p>\u201eAceast\u0103 decizie nu a fost una u\u0219oar\u0103. De zeci de ori, primarul, care la vremea respectiv\u0103 semnase de unul singur, f\u0103r\u0103 decizia corpului deputa\u021bilor, memorandumurile respective, a \u00eencercat, prin diverse mijloace, s\u0103 \u00eempiedice un vot complet al corpului deputa\u021bilor pentru rezilierea lor\u201d, a declarat aceasta.<\/p>\n<h2><strong>Trotinetele electrice au fost interzise la Cern\u0103u\u021bi. De ce s-a ajuns la aceast\u0103 decizie?<\/strong><\/h2>\n<p>\u00a0<\/p>\n<p>De\u0219i subiectul a fost am\u00e2nat \u0219i blocat \u00een repetate r\u00e2nduri, pe 10 august consiliul municipal a adoptat totu\u0219i decizia.<\/p>\n<p>\u201ePentru c\u0103 \u00een spatele acestei decizii nu stau ambi\u021bii politice. \u00cen spatele ei stau numeroase sesiz\u0103ri ale locuitorilor din Cern\u0103u\u021bi, siguran\u021ba pietonilor, a \u0219oferilor, a copiilor no\u0219tri \u0219i a persoanelor \u00een v\u00e2rst\u0103, ordinea pe trotuare \u0219i responsabilitatea pentru ceea ce se \u00eent\u00e2mpl\u0103 \u00een ora\u0219ul nostru\u201d, a subliniat deputata.<\/p>\n<p>Aceasta a atras aten\u021bia \u00een mod special asupra problemei utiliz\u0103rii trotinetelor electrice de c\u0103tre copii \u0219i adolescen\u021bi. Ace\u0219tia circul\u0103 pe carosabil, pe trecerile de pietoni, pe trotuare \u0219i \u00een locuri aglomerate.<\/p>\n<p>\u201eO \u00eengrijorare deosebit\u0103 a fost provocat\u0103 de utilizarea \u00een mas\u0103 a trotinetelor electrice de c\u0103tre copii \u0219i minori, care circul\u0103 pe carosabil, pe trecerile de pietoni, pe trotuare \u0219i \u00een locurile de aglomerare a oamenilor, cre\u00e2nd pericol at\u00e2t pentru ei \u00een\u0219i\u0219i, c\u00e2t \u0219i pentru ceilal\u021bi participan\u021bi la trafic\u201d, a precizat ea.<\/p>\n<p>Deputata a men\u021bionat, de asemenea, cazuri \u00een care aceea\u0219i trotinet\u0103 electric\u0103 este folosit\u0103 simultan de dou\u0103 sau chiar trei persoane. Astfel, cre\u0219te considerabil riscul pierderii controlului \u0219i al producerii accidentelor rutiere.<\/p>\n<p>Potrivit deputatei, decizia consiliului municipal este rezultatul numeroaselor sesiz\u0103ri ale locuitorilor din Cern\u0103u\u021bi.<\/p>\n<p>\u201eCern\u0103u\u021bi este un ora\u0219 pentru oameni, nu pentru haosul provocat de trotinetele electrice! Iar ast\u0103zi vocea locuitorilor din Cern\u0103u\u021bi a fost, \u00een sf\u00e2r\u0219it, auzit\u0103\u201d, a conchis ea.<\/p>\n<h2><strong>Trotinetele electrice creeaz\u0103 probleme \u0219i \u00een Republica Moldova<\/strong><\/h2>\n<p>\u00a0<\/p>\n<p>Trotinetele electrice <a href=\"https:\/\/r3media.ro\/trotinetele-electrice-ravagii-republica-moldova-accidente-conducatori-bauti\/\" target=\"_blank\" rel=\"noopener\"><strong>au devenit o problem\u0103<\/strong><\/a> \u0219i \u00een Republica Moldova. De la \u00eenceputul anului, aproape 1.700 de persoane au ajuns \u00een aten\u021bia Poli\u021biei. Dintre acestea, peste 300 de conduc\u0103tori de trotinete electrice au fost prin\u0219i \u00een stare de ebrietate, a ar\u0103tat de cur\u00e2nd TVR Moldova.<\/p>\n<p>Statisticile arat\u0103 \u0219i un num\u0103r \u00eengrijor\u0103tor de accidente. \u00cen primele \u0219apte luni au avut loc peste 70 de accidente rutiere cu implicarea conduc\u0103torilor de trotinete electrice. \u00cen urma acestora, dou\u0103 persoane \u0219i-au pierdut via\u021ba, iar 54 au fost traumatizate.<\/p>\n<p>Reprezentan\u0163ii Poli\u0163iei Na\u0163ionale au precizat c\u0103 trotinetele pot fi un pericol \u00een trafic. Statul nu are \u00eenc\u0103 un cadru legal clar privind folosirea lor. Oamenii legii \u00eendeamn\u0103 participan\u0163ii la trafic s\u0103 nu urce mai multe persoane pe o trotinet\u0103, s\u0103 adapteze viteza \u015fi s\u0103 fie echipa\u0163i corespunz\u0103tor.<\/p>\n<p>Recent, Grecia a decis s\u0103 ia <a href=\"https:\/\/r3media.ro\/grecia-interzice-trotinete-electrice-pentru-minori\/\" target=\"_blank\" rel=\"noopener\"><strong>m\u0103suri dure<\/strong><\/a>\u00a0\u00een ceea ce prive\u0219te utilizarea trotinetelor electrice de c\u0103tre minori. Din cauza num\u0103rului mare de accidente, utilizarea trotinetelor electrice este reglementat\u0103 prin reguli stricte care includ interzicerea acestora pentru persoanele sub 17 ani, limitarea vitezei maxime \u0219i amenzi mari pentru nerespectarea normelor.<\/p>\n<div class=\"crp_related     crp-masonry\">\n<h2>\u00ceN CONTEXT<\/h2>\n<ul>\n<li><a href=\"https:\/\/r3media.ro\/fara-tine-in-google-r3media-dispare-iata-ce-poti-face-in-10-secunde\/\" class=\"crp_link post-119031\"><span class=\"crp_title\">F\u0103r\u0103 tine \u00een Google, R3media dispare. Iat\u0103 ce po\u021bi face \u00een 10 secunde<\/span><\/a><\/li>\n<li><a href=\"https:\/\/r3media.ro\/ucraina-preot-roman-oleg-ostafiuc-regiunea-cernauti-ridicat-punct-de-control-mobilizat-fortat-trimis-centru-militar\/\" class=\"crp_link post-114947\"><span class=\"crp_title\">Ucraina | Preotul rom\u00e2n Oleg Ostafiuc din regiunea Cern\u0103u\u021bi a fost ridicat la un punct de\u2026<\/span><\/a><\/li>\n<li><a href=\"https:\/\/r3media.ro\/ucraineni-cernauti-foc-parinti-elevi-romani-studiat-romana-limba-straina-scoala-separatism-bucuresti-kiev-atac-identitar\/\" class=\"crp_link post-113186\"><span class=\"crp_title\">Ucrainenii din Cern\u0103u\u021bi au luat foc dup\u0103 ce p\u0103rin\u021bii elevilor rom\u00e2ni de la Liceul nr. 13 din\u2026<\/span><\/a><\/li>\n<\/ul>\n<\/div>\n<\/div>\n<\/div>\n<p>[analyse_source url=&#8221;https:\/\/r3media.ro\/trotinetele-electrice-interzise-cernauti\/&#8221;]<\/p>\n","protected":false},"excerpt":{"rendered":"<p>[analyse_image type=&#8221;featured&#8221; src=&#8221;https:\/\/r3media.ro\/wp-content\/uploads\/2025\/09\/control-judiciar-trotinetist-e1756835479843.pnghttps:\/\/r3media.ro\/wp-content\/uploads\/2025\/09\/control-judiciar-trotinetist-e1756835479843.png&#8221;] FEATUREDTrotinetele electrice au fost interzise la Cern\u0103u\u021bi FEATURED\u0218TIRI Trotinetele electrice au fost interzise la Cern\u0103u\u021bi Oana Ivan 12\/08\/2026 Surs\u0103 &#8211; Unsplash Trotinetele electrice au fost interzise la Cern\u0103u\u021bi \u00een urma unei decizii a Consiliului Municipal din 10 august. Deputata Oksana Zubji\u021bka a f\u0103cut anun\u021bul pe pagina sa de Facebook, potrivit bucpress. Acum [&hellip;]<\/p>\n","protected":false},"author":1,"featured_media":0,"comment_status":"open","ping_status":"","sticky":false,"template":"","format":"standard","meta":{"footnotes":""},"categories":[89],"tags":[226,93],"class_list":["post-2089551","post","type-post","status-publish","format-standard","hentry","category-romania","tag-crawlmanager","tag-r3media-ro"],"_links":{"self":[{"href":"https:\/\/analyse.optim.biz\/index.php?rest_route=\/wp\/v2\/posts\/2089551","targetHints":{"allow":["GET"]}}],"collection":[{"href":"https:\/\/analyse.optim.biz\/index.php?rest_route=\/wp\/v2\/posts"}],"about":[{"href":"https:\/\/analyse.optim.biz\/index.php?rest_route=\/wp\/v2\/types\/post"}],"author":[{"embeddable":true,"href":"https:\/\/analyse.optim.biz\/index.php?rest_route=\/wp\/v2\/users\/1"}],"replies":[{"embeddable":true,"href":"https:\/\/analyse.optim.biz\/index.php?rest_route=%2Fwp%2Fv2%2Fcomments&post=2089551"}],"version-history":[{"count":0,"href":"https:\/\/analyse.optim.biz\/index.php?rest_route=\/wp\/v2\/posts\/2089551\/revisions"}],"wp:attachment":[{"href":"https:\/\/analyse.optim.biz\/index.php?rest_route=%2Fwp%2Fv2%2Fmedia&parent=2089551"}],"wp:term":[{"taxonomy":"category","embeddable":true,"href":"https:\/\/analyse.optim.biz\/index.php?rest_route=%2Fwp%2Fv2%2Fcategories&post=2089551"},{"taxonomy":"post_tag","embeddable":true,"href":"https:\/\/analyse.optim.biz\/index.php?rest_route=%2Fwp%2Fv2%2Ftags&post=2089551"}],"curies":[{"name":"wp","href":"https:\/\/api.w.org\/{rel}","templated":true}]}}