{"id":2089515,"date":"2026-08-11T16:45:00","date_gmt":"2026-08-11T13:45:00","guid":{"rendered":"https:\/\/analyse.optim.biz\/?p=2089515"},"modified":"2026-08-11T16:45:00","modified_gmt":"2026-08-11T13:45:00","slug":"al-treilea-pasaj-rutier-va-lega-orasul-de-zona-industriala","status":"publish","type":"post","link":"https:\/\/analyse.optim.biz\/?p=2089515","title":{"rendered":"Al treilea pasaj rutier. Va lega ora\u0219ul de Zona Industrial\u0103"},"content":{"rendered":"<p>[analyse_image type=&#8221;featured&#8221; src=&#8221;https:\/\/www.campusbuzau.ro\/wp-content\/uploads\/2026\/08\/POD.jpghttps:\/\/www.campusbuzau.ro\/wp-content\/uploads\/2026\/08\/POD.jpg&#8221;]<\/p>\n<div class=\"entry-content\">\n<p><strong><em>Un al treilea pod peste calea ferat\u0103 ar putea fi construit la Buz\u0103u. Pe colo vor putea trece cu ma\u0219inile, bicicletele \u0219i alte vehicule, dar \u0219i pe jos, peste 20 de mii de buzoieni care lucreaz\u0103 \u00een Zona Industrial\u0103. Podul ar urma s\u0103 fie construit din surse de finan\u021bare externe sau din fonduri proprii.<\/em><\/strong><\/p>\n<p>Ap\u0103rut\u0103 cam cu doi ani \u00een urm\u0103 ideea construirii unui pod rutier peste calea ferat\u0103 care s\u0103 lege ora\u0219ul de cele dou\u0103 cartiere din Zona Industrial\u0103 a continuat s\u0103 se dezvolte.<\/p>\n<p>Ca urmare, conform unui anun\u021b al Prim\u0103riei, buzoienii sunt invita\u021bi s\u0103 se implice \u00een etapa preg\u0103titoare de elaborare a Planului Urbanistic Zonal pentru \u201ePasaj Strada Aurel Vlaicu \u2013 Conectare Zona Industriilor cu Zona G\u0103rii\u201d.<\/p>\n<p>Deoarece speciali\u0219tii au ajuns la concluzia c\u0103 nu este posibil\u0103 construirea unui pasaj subteran pe sub calea ferat\u0103 a mai r\u0103mas varianta unuia suprateran, variant\u0103 care \u00eentrune\u0219te toate condi\u021biile necesare.<\/p>\n<p>Ca \u0219i localizare a viitorului obiectiv de investi\u021bii, podul va fi construit \u00een prelungirea str\u0103zii Aurel Vlaicu peste calea ferat\u0103, cu desc\u0103rcare \u00een bulevardul Republicii zona Pia\u021ba S\u0103rac\u0103.<\/p>\n<p>Buz\u0103ul urmeaz\u0103 ca \u00eentr-un viitor nu prea \u00eendep\u0103rtat s\u0103 se\u00a0 \u00eembog\u0103\u021beasc\u0103 cu o nou\u0103 lucrare de art\u0103, un pod rutier \u0219i pietonal care va asigura trecerea peste calea ferat\u0103 mai rapid\u0103 pentru mii de buzoieni care lucreaz\u0103 sau locuiesc \u00een cartierele din Zona Industrial\u0103.<\/p>\n<p>Pentru construirea pasajului peste calea ferat\u0103 ar trebui ca, \u00een viitor, Prim\u0103ria s\u0103 depisteze fondurile necesare din surse externe de finan\u021bare sau s\u0103 asigure suma stabilit\u0103 din bugetul propriu.<\/p>\n<figure class=\"wp-block-embed is-type-video is-provider-youtube wp-block-embed-youtube wp-embed-aspect-16-9 wp-has-aspect-ratio\">\n<div class=\"wp-block-embed__wrapper\">\n<iframe loading=\"lazy\" title=\"AL TREILEA PASAJ RUTIER CARE VA LEGA ORA\u015eUL DE ZONA INDUSTRIAL\u0102\" width=\"500\" height=\"281\" src=\"https:\/\/www.youtube.com\/embed\/J4fNprg9Bhc?feature=oembed\" frameborder allow=\"accelerometer; autoplay; clipboard-write; encrypted-media; gyroscope; picture-in-picture; web-share\" referrerpolicy=\"strict-origin-when-cross-origin\" allowfullscreen><\/iframe>\n<\/div>\n<\/figure>\n<\/div>\n<p>[analyse_source url=&#8221;https:\/\/www.campusbuzau.ro\/al-treilea-pasaj-rutier-va-lega-orasul-de-zona-industriala\/&#8221;]<\/p>\n","protected":false},"excerpt":{"rendered":"<p>[analyse_image type=&#8221;featured&#8221; src=&#8221;https:\/\/www.campusbuzau.ro\/wp-content\/uploads\/2026\/08\/POD.jpghttps:\/\/www.campusbuzau.ro\/wp-content\/uploads\/2026\/08\/POD.jpg&#8221;] Un al treilea pod peste calea ferat\u0103 ar putea fi construit la Buz\u0103u. Pe colo vor putea trece cu ma\u0219inile, bicicletele \u0219i alte vehicule, dar \u0219i pe jos, peste 20 de mii de buzoieni care lucreaz\u0103 \u00een Zona Industrial\u0103. Podul ar urma s\u0103 fie construit din surse de finan\u021bare externe sau din [&hellip;]<\/p>\n","protected":false},"author":1,"featured_media":0,"comment_status":"open","ping_status":"","sticky":false,"template":"","format":"standard","meta":{"footnotes":""},"categories":[2],"tags":[118,226],"class_list":["post-2089515","post","type-post","status-publish","format-standard","hentry","category-politics","tag-campusbuzau-ro","tag-crawlmanager"],"_links":{"self":[{"href":"https:\/\/analyse.optim.biz\/index.php?rest_route=\/wp\/v2\/posts\/2089515","targetHints":{"allow":["GET"]}}],"collection":[{"href":"https:\/\/analyse.optim.biz\/index.php?rest_route=\/wp\/v2\/posts"}],"about":[{"href":"https:\/\/analyse.optim.biz\/index.php?rest_route=\/wp\/v2\/types\/post"}],"author":[{"embeddable":true,"href":"https:\/\/analyse.optim.biz\/index.php?rest_route=\/wp\/v2\/users\/1"}],"replies":[{"embeddable":true,"href":"https:\/\/analyse.optim.biz\/index.php?rest_route=%2Fwp%2Fv2%2Fcomments&post=2089515"}],"version-history":[{"count":0,"href":"https:\/\/analyse.optim.biz\/index.php?rest_route=\/wp\/v2\/posts\/2089515\/revisions"}],"wp:attachment":[{"href":"https:\/\/analyse.optim.biz\/index.php?rest_route=%2Fwp%2Fv2%2Fmedia&parent=2089515"}],"wp:term":[{"taxonomy":"category","embeddable":true,"href":"https:\/\/analyse.optim.biz\/index.php?rest_route=%2Fwp%2Fv2%2Fcategories&post=2089515"},{"taxonomy":"post_tag","embeddable":true,"href":"https:\/\/analyse.optim.biz\/index.php?rest_route=%2Fwp%2Fv2%2Ftags&post=2089515"}],"curies":[{"name":"wp","href":"https:\/\/api.w.org\/{rel}","templated":true}]}}