{"id":208950,"date":"2014-03-25T12:45:44","date_gmt":"2014-03-25T09:45:44","guid":{"rendered":"https:\/\/analyse.optim.biz\/?p=208950"},"modified":"2014-03-25T12:45:44","modified_gmt":"2014-03-25T09:45:44","slug":"victor-ponta-m-am-suparat-pe-un-ministru-sub-semnatura-lui-pe-un-document-apareau-alte-noua-ale-subordonatilor","status":"publish","type":"post","link":"https:\/\/analyse.optim.biz\/?p=208950","title":{"rendered":"Victor Ponta: M-am sup\u0103rat pe un ministru. Sub semn\u0103tura lui, pe un document ap\u0103reau alte nou\u0103 ale subordona\u0163ilor"},"content":{"rendered":"<div class=\"entry data-app-meta data-app-meta-article\" data-embed-base-url-canonical=\"https:\/\/www.digi24.ro\/embed\/stiri\/actualitate\/politica\/victor-ponta-m-am-suparat-pe-un-ministru-sub-semnatura-lui-pe-un-document-apareau-alte-noua-ale-subordonatilor-219610\">\n<p data-index=\"1\">\u201eAm \u00eencercat s\u0103 scoatem partea de birocra\u0163ie, avem \u00eens\u0103 o problem\u0103 pe care cred c\u0103 o \u015fti\u0163i cu to\u0163ii \u015fi e legat\u0103 (&#8230;) de fuga de responabilitate. Deja \u00een ziua de ast\u0103zi s\u0103 mai g\u0103se\u015fti pe cineva care s\u0103 semneze un document public este o provocare uria\u015f\u0103. Am constatat \u015fi m-am \u015fi sup\u0103rat pe unul din membrii Cabinetului care avea \u00een spatele semm\u0103turii sale nou\u0103 semn\u0103turi! Nou\u0103 care au semnat \u00eenainte s\u0103 semneze el! \u015ei am \u00eentrebat atunci de ce mai e ministru. Problema este c\u0103 cei nou\u0103 probabil c\u0103 mai au \u00eenc\u0103 nou\u0103zeci care semneaz\u0103 ca cei nou\u0103 s\u0103 semneze, ca atunci c\u00e2nd vine \u015fi \u00eei ia pe undeva s\u0103 mearg\u0103 to\u0163i nou\u0103zeci\u201d, a declarat Ponta, la o conferin\u0163\u0103 pe tema fondurilor europene.<\/p>\n<p data-index=\"2\">Prezen\u0163i la dezbatere, primarul Craiovei, Lia Olgu\u0163a Vasilescu, \u015fi primarul ora\u015fului Voluntari, Florentin Pandele, i-au spus prim-ministrului Ponta c\u0103 primarii sunt considera\u0163i cei mai corup\u0163i, av\u00e2nd sute de dosare \u00een care sunt acuza\u0163i, \u015fi nu \u00ee\u015fi permit s\u0103 mai semneze f\u0103r\u0103 semn\u0103turile speciali\u015ftilor.<\/p>\n<p data-index=\"3\">\u201eNiciunul nu mai semneaz\u0103 f\u0103r\u0103 nou\u0103 semn\u0103turi \u00een spate! Trebuie s\u0103 fii acoperit\u201d, a spus primarul Craiovei.<\/p>\n<p data-index=\"4\">\u00centrebat la ce ministru se referea, premierul Ponta a evitat s\u0103 spun\u0103 numele acestuia.<\/p>\n<p data-index=\"5\">\u201eExist\u0103 o mare problem\u0103 legat\u0103 de frica care exist\u0103 \u00een toat\u0103 administra\u0163ia de a-\u015fi asuma cineva responsabilitatea pentru proiecte. Peste tot se fac bibliorafturi \u015fi tone de h\u00e2rtii \u015fi semneaz\u0103 mul\u0163i, foarte mul\u0163i oameni pentru c\u0103 nimeni nu mai vrea s\u0103-\u015fi asume responsbilitatea. Pe de o parte, e o parte bun\u0103 asta, faptul c\u0103 s-au redus cu foarte mult tentativele \u015fi cazurile de fraud\u0103, pe partea cealalt\u0103 e o problem\u0103 pentru c\u0103 \u00een mod sigur toate termenele se lungesc \u015fi exist\u0103 o fug\u0103 de r\u0103spundere cu care ne confrunt\u0103m \u00een tot ceea ce \u00eenseamn\u0103 administra\u0163ie public\u0103 central\u0103 \u015fi local\u0103\u201d, a spus Ponta.<\/p>\n<\/div>\n<p> Source URL: https:\/\/www.digi24.ro\/stiri\/actualitate\/politica\/victor-ponta-m-am-suparat-pe-un-ministru-sub-semnatura-lui-pe-un-document-apareau-alte-noua-ale-subordonatilor-219610<\/p>\n","protected":false},"excerpt":{"rendered":"<p>\u201eAm \u00eencercat s\u0103 scoatem partea de birocra\u0163ie, avem \u00eens\u0103 o problem\u0103 pe care cred c\u0103 o \u015fti\u0163i cu to\u0163ii \u015fi e legat\u0103 (&#8230;) de fuga de responabilitate. Deja \u00een ziua de ast\u0103zi s\u0103 mai g\u0103se\u015fti pe cineva care s\u0103 semneze un document public este o provocare uria\u015f\u0103. Am constatat \u015fi m-am \u015fi sup\u0103rat pe unul [&hellip;]<\/p>\n","protected":false},"author":1,"featured_media":208951,"comment_status":"open","ping_status":"","sticky":false,"template":"","format":"standard","meta":{"footnotes":""},"categories":[2],"tags":[11],"class_list":["post-208950","post","type-post","status-publish","format-standard","has-post-thumbnail","hentry","category-politics","tag-digi24"],"_links":{"self":[{"href":"https:\/\/analyse.optim.biz\/index.php?rest_route=\/wp\/v2\/posts\/208950","targetHints":{"allow":["GET"]}}],"collection":[{"href":"https:\/\/analyse.optim.biz\/index.php?rest_route=\/wp\/v2\/posts"}],"about":[{"href":"https:\/\/analyse.optim.biz\/index.php?rest_route=\/wp\/v2\/types\/post"}],"author":[{"embeddable":true,"href":"https:\/\/analyse.optim.biz\/index.php?rest_route=\/wp\/v2\/users\/1"}],"replies":[{"embeddable":true,"href":"https:\/\/analyse.optim.biz\/index.php?rest_route=%2Fwp%2Fv2%2Fcomments&post=208950"}],"version-history":[{"count":0,"href":"https:\/\/analyse.optim.biz\/index.php?rest_route=\/wp\/v2\/posts\/208950\/revisions"}],"wp:featuredmedia":[{"embeddable":true,"href":"https:\/\/analyse.optim.biz\/index.php?rest_route=\/wp\/v2\/media\/208951"}],"wp:attachment":[{"href":"https:\/\/analyse.optim.biz\/index.php?rest_route=%2Fwp%2Fv2%2Fmedia&parent=208950"}],"wp:term":[{"taxonomy":"category","embeddable":true,"href":"https:\/\/analyse.optim.biz\/index.php?rest_route=%2Fwp%2Fv2%2Fcategories&post=208950"},{"taxonomy":"post_tag","embeddable":true,"href":"https:\/\/analyse.optim.biz\/index.php?rest_route=%2Fwp%2Fv2%2Ftags&post=208950"}],"curies":[{"name":"wp","href":"https:\/\/api.w.org\/{rel}","templated":true}]}}