{"id":2089325,"date":"2026-08-12T10:07:34","date_gmt":"2026-08-12T07:07:34","guid":{"rendered":"https:\/\/analyse.optim.biz\/?p=2089325"},"modified":"2026-08-12T10:07:34","modified_gmt":"2026-08-12T07:07:34","slug":"fir-de-contact-rupt-probabil-de-un-utilaj-agricol-pe-magistrala-100-trenurile-intarziate-au-fost-preluate-de-locomotive-diesel","status":"publish","type":"post","link":"https:\/\/analyse.optim.biz\/?p=2089325","title":{"rendered":"Fir de contact rupt, probabil de un utilaj agricol, pe Magistrala 100. Trenurile \u00eent\u00e2rziate au fost preluate de locomotive diesel"},"content":{"rendered":"<p>[analyse_image type=&#8221;featured&#8221; src=&#8221;https:\/\/www.tion.ro\/wp-content\/uploads\/2026\/08\/+otf\/1200&#215;630\/OwYPt4mwz0LmxeFf+MIYJE5PVF9WRVJZX1NFQ0KIncOfV2bROAtKe9oufztpjid6+kCnbCLNN5WvrEgAV4wv9lM1WSmfjTbZ6d__AOA9HqNeHqt5yyoKTHUaxIh0=\/652906377336000710295203198315427154313262819607988n.jpg&#8221;]<\/p>\n<article id=\"post-2332923\" class>\n<div class=\"entry-content clearfix\">\n<div class=\"enewsArticleContent\">\n<p>\u00cen noaptea de mar\u021bi spre miercuri, Magistrala 100 a CFR a r\u0103mas f\u0103r\u0103 tensiune. La fa\u021ba locului, echipele de interven\u021bie au constatat c\u0103 un fir a fost rupt, cel mai probabil de un utilaj agricol. Circula\u021bia a fost blocat\u0103 complet \u00een zon\u0103, p\u00e2n\u0103 spre diminea\u021b\u0103.<\/p>\n<blockquote>\n<p>\u201e\u00cen aceasta diminea\u021b\u01ce, la ora 03.25, pe Magistrala 100, \u00een apropierea sta\u021biei Tapia, cap Y s-a constat lipsa tensiunii \u00een firul LC. \u00cen urma verific\u0103rilor efectuate \u00een teren de c\u0103tre echipele de specialitate, s-a constatat c\u0103 firul LC din dreptul st\u00e2lpului 57 este rupt. In aceast\u0103 zon\u0103 a sta\u021biei Tapia, exist\u0103 o trecere la nivel, cel mai probabil firul LC fiind ag\u0103\u021bat de c\u0103tre un utilaj agricol\u201d, precizeaz\u0103 reprezentan\u021bii CFR Infrastructur\u0103 Timi\u0219oara.<\/p>\n<\/blockquote>\n<p>P\u00e2n\u0103 la urm\u0103, \u00een jurul orei 9, circula\u021bia feroviar\u0103 a fost reluat\u0103 provizoriu pe Magistrala 100, prin utilizarea trac\u021biunii diesel, pentru a permite cel pu\u021bin tranzitarea trenurilor afectate de deranjamentul produs la firul de contact.<\/p>\n<div id=\"attachment_2332929\" class=\"wp-caption aligncenter\"><img decoding=\"async\" loading=\"lazy\" aria-describedby=\"caption-attachment-2332929\" class=\"size-full wp-image-2332929\" src=\"https:\/\/www.tion.ro\/wp-content\/uploads\/2026\/08\/652906277194080610295203364982078511039118987967191n.jpg\" alt width=\"1530\" height=\"2040\"><\/p>\n<p id=\"caption-attachment-2332929\" class=\"wp-caption-text\">foto: CFR Infrastructur\u0103 Timi\u0219oara<\/p>\n<\/div>\n<p>Dup\u0103 ce trenurile \u00eent\u00e2rziate au trecut de zona afectat\u0103, echipele de specialitate au reluat lucr\u0103rile pentru remedierea situa\u021biei.<\/p>\n<div class=\"fbShareLikeTwitterAndEmailContainer\">\n<div class=\"wrapper\">\n<div class=\"email\">\n<div id=\"mailto-pop\" class=\"pop-form pop-form-mailto\">\n<div class=\"pop-form-header\">\n<h4>Trimite articolul<\/h4>\n<p><a class=\"pop-form-close\">X<\/a><\/div>\n<\/div>\n<\/div>\n<\/div>\n<\/div>\n<div class=\"tagsContainer\">\n<div class=\"tagsLabel\">Taguri:<\/div>\n<div class=\"tags\">\n<div class=\"tag\"><a href=\"https:\/\/www.tion.ro\/cimke\/cfr-infrastructura-timisoara\" rel=\"tag\"><span class=\"link\">CFR Infrastructur\u0103 TImi\u0219oara<\/span><span class=\"separator\">,<\/span><\/a><\/div>\n<div class=\"tag\"><a href=\"https:\/\/www.tion.ro\/cimke\/fir-de-contact\" rel=\"tag\"><span class=\"link\">fir de contact<\/span><span class=\"separator\">,<\/span><\/a><\/div>\n<div class=\"tag\"><a href=\"https:\/\/www.tion.ro\/cimke\/magistrala-100\" rel=\"tag\"><span class=\"link\">Magistrala 100<\/span><span class=\"separator\">,<\/span><\/a><\/div>\n<div class=\"tag\"><a href=\"https:\/\/www.tion.ro\/cimke\/tapia\" rel=\"tag\"><span class=\"link\">tapia<\/span><\/a><\/div>\n<\/div>\n<\/div>\n<div class=\"comments\">\n<div class=\"top\">\n<div class=\"commentsNumber\"><span class=\"number\">0<\/span><span class=\"text\">Comentarii<\/span><\/div>\n<\/div>\n<div class=\"center\">\n<div id=\"respond\" class=\"comment-respond\">\n<h3 id=\"reply-title\" class=\"comment-reply-title\"><small><a rel=\"nofollow\" id=\"cancel-comment-reply-link\" href=\"https:\/\/www.tion.ro\/stirile-judetului-timis\/fir-de-contact-rupt-probabil-de-un-utilaj-agricol-pe-magistrala-100-trenurile-intarziate-au-fost-preluate-de-locomotive-diesel-2332923\/#respond\">Cancel reply<\/a><\/small><\/h3>\n<p class=\"comment-notes\"><span id=\"email-notes\">Your email address will not be published.<\/span><span class=\"required-field-message\">Required fields are marked <span class=\"required\">*<\/span><\/span><\/p>\n<p class=\"commentFormComment\"><span id=\"commentFormCount\"><br \/>\n                            inca<br \/>\n                            <span id=\"countCommentText\">1000<\/span><br \/>\n                            caractere ramase<br \/>\n                        <\/span><\/p>\n<\/div>\n<\/div>\n<div class=\"bottom\">\n<p class=\"forumDisclaimerHuRo\">\n            Citi\u021bi principiile noastre de moderare <a href=\"https:\/\/www.tion.ro\/reguli-postare-comentarii\/\" target=\"_blank\">aici<\/a>!\n        <\/p>\n<\/div>\n<\/div>\n<\/div>\n<\/div>\n<\/article>\n<div class=\"entry-content clearfix\">\n<div class=\"enewsArticleContent\">\n<p>\u00cen noaptea de mar\u021bi spre miercuri, Magistrala 100 a CFR a r\u0103mas f\u0103r\u0103 tensiune. La fa\u021ba locului, echipele de interven\u021bie au constatat c\u0103 un fir a fost rupt, cel mai probabil de un utilaj agricol. Circula\u021bia a fost blocat\u0103 complet \u00een zon\u0103, p\u00e2n\u0103 spre diminea\u021b\u0103.<\/p>\n<blockquote>\n<p>\u201e\u00cen aceasta diminea\u021b\u01ce, la ora 03.25, pe Magistrala 100, \u00een apropierea sta\u021biei Tapia, cap Y s-a constat lipsa tensiunii \u00een firul LC. \u00cen urma verific\u0103rilor efectuate \u00een teren de c\u0103tre echipele de specialitate, s-a constatat c\u0103 firul LC din dreptul st\u00e2lpului 57 este rupt. In aceast\u0103 zon\u0103 a sta\u021biei Tapia, exist\u0103 o trecere la nivel, cel mai probabil firul LC fiind ag\u0103\u021bat de c\u0103tre un utilaj agricol\u201d, precizeaz\u0103 reprezentan\u021bii CFR Infrastructur\u0103 Timi\u0219oara.<\/p>\n<\/blockquote>\n<p>P\u00e2n\u0103 la urm\u0103, \u00een jurul orei 9, circula\u021bia feroviar\u0103 a fost reluat\u0103 provizoriu pe Magistrala 100, prin utilizarea trac\u021biunii diesel, pentru a permite cel pu\u021bin tranzitarea trenurilor afectate de deranjamentul produs la firul de contact.<\/p>\n<div id=\"attachment_2332929\" class=\"wp-caption aligncenter\"><img decoding=\"async\" loading=\"lazy\" aria-describedby=\"caption-attachment-2332929\" class=\"size-full wp-image-2332929\" src=\"https:\/\/www.tion.ro\/wp-content\/uploads\/2026\/08\/652906277194080610295203364982078511039118987967191n.jpg\" alt width=\"1530\" height=\"2040\"><\/p>\n<p id=\"caption-attachment-2332929\" class=\"wp-caption-text\">foto: CFR Infrastructur\u0103 Timi\u0219oara<\/p>\n<\/div>\n<p>Dup\u0103 ce trenurile \u00eent\u00e2rziate au trecut de zona afectat\u0103, echipele de specialitate au reluat lucr\u0103rile pentru remedierea situa\u021biei.<\/p>\n<div class=\"fbShareLikeTwitterAndEmailContainer\">\n<div class=\"wrapper\">\n<div class=\"email\">\n<div id=\"mailto-pop\" class=\"pop-form pop-form-mailto\">\n<div class=\"pop-form-header\">\n<h4>Trimite articolul<\/h4>\n<p><a class=\"pop-form-close\">X<\/a><\/div>\n<\/div>\n<\/div>\n<\/div>\n<\/div>\n<div class=\"tagsContainer\">\n<div class=\"tagsLabel\">Taguri:<\/div>\n<div class=\"tags\">\n<div class=\"tag\"><a href=\"https:\/\/www.tion.ro\/cimke\/cfr-infrastructura-timisoara\" rel=\"tag\"><span class=\"link\">CFR Infrastructur\u0103 TImi\u0219oara<\/span><span class=\"separator\">,<\/span><\/a><\/div>\n<div class=\"tag\"><a href=\"https:\/\/www.tion.ro\/cimke\/fir-de-contact\" rel=\"tag\"><span class=\"link\">fir de contact<\/span><span class=\"separator\">,<\/span><\/a><\/div>\n<div class=\"tag\"><a href=\"https:\/\/www.tion.ro\/cimke\/magistrala-100\" rel=\"tag\"><span class=\"link\">Magistrala 100<\/span><span class=\"separator\">,<\/span><\/a><\/div>\n<div class=\"tag\"><a href=\"https:\/\/www.tion.ro\/cimke\/tapia\" rel=\"tag\"><span class=\"link\">tapia<\/span><\/a><\/div>\n<\/div>\n<\/div>\n<div class=\"comments\">\n<div class=\"top\">\n<div class=\"commentsNumber\"><span class=\"number\">0<\/span><span class=\"text\">Comentarii<\/span><\/div>\n<\/div>\n<div class=\"center\">\n<div id=\"respond\" class=\"comment-respond\">\n<h3 id=\"reply-title\" class=\"comment-reply-title\"><small><a rel=\"nofollow\" id=\"cancel-comment-reply-link\" href=\"https:\/\/www.tion.ro\/stirile-judetului-timis\/fir-de-contact-rupt-probabil-de-un-utilaj-agricol-pe-magistrala-100-trenurile-intarziate-au-fost-preluate-de-locomotive-diesel-2332923\/#respond\">Cancel reply<\/a><\/small><\/h3>\n<p class=\"comment-notes\"><span id=\"email-notes\">Your email address will not be published.<\/span><span class=\"required-field-message\">Required fields are marked <span class=\"required\">*<\/span><\/span><\/p>\n<p class=\"commentFormComment\"><span id=\"commentFormCount\"><br \/>\n                            inca<br \/>\n                            <span id=\"countCommentText\">1000<\/span><br \/>\n                            caractere ramase<br \/>\n                        <\/span><\/p>\n<\/div>\n<\/div>\n<div class=\"bottom\">\n<p class=\"forumDisclaimerHuRo\">\n            Citi\u021bi principiile noastre de moderare <a href=\"https:\/\/www.tion.ro\/reguli-postare-comentarii\/\" target=\"_blank\">aici<\/a>!\n        <\/p>\n<\/div>\n<\/div>\n<\/div>\n<\/div>\n<p>[analyse_source url=&#8221;https:\/\/www.tion.ro\/stirile-judetului-timis\/fir-de-contact-rupt-probabil-de-un-utilaj-agricol-pe-magistrala-100-trenurile-intarziate-au-fost-preluate-de-locomotive-diesel-2332923\/&#8221;]<\/p>\n","protected":false},"excerpt":{"rendered":"<p>[analyse_image type=&#8221;featured&#8221; src=&#8221;https:\/\/www.tion.ro\/wp-content\/uploads\/2026\/08\/+otf\/1200&#215;630\/OwYPt4mwz0LmxeFf+MIYJE5PVF9WRVJZX1NFQ0KIncOfV2bROAtKe9oufztpjid6+kCnbCLNN5WvrEgAV4wv9lM1WSmfjTbZ6d__AOA9HqNeHqt5yyoKTHUaxIh0=\/652906377336000710295203198315427154313262819607988n.jpg&#8221;] \u00cen noaptea de mar\u021bi spre miercuri, Magistrala 100 a CFR a r\u0103mas f\u0103r\u0103 tensiune. La fa\u021ba locului, echipele de interven\u021bie au constatat c\u0103 un fir a fost rupt, cel mai probabil de un utilaj agricol. Circula\u021bia a fost blocat\u0103 complet \u00een zon\u0103, p\u00e2n\u0103 spre diminea\u021b\u0103. \u201e\u00cen aceasta diminea\u021b\u01ce, la ora 03.25, pe [&hellip;]<\/p>\n","protected":false},"author":1,"featured_media":0,"comment_status":"open","ping_status":"","sticky":false,"template":"","format":"standard","meta":{"footnotes":""},"categories":[89],"tags":[226,191],"class_list":["post-2089325","post","type-post","status-publish","format-standard","hentry","category-romania","tag-crawlmanager","tag-tion-ro"],"_links":{"self":[{"href":"https:\/\/analyse.optim.biz\/index.php?rest_route=\/wp\/v2\/posts\/2089325","targetHints":{"allow":["GET"]}}],"collection":[{"href":"https:\/\/analyse.optim.biz\/index.php?rest_route=\/wp\/v2\/posts"}],"about":[{"href":"https:\/\/analyse.optim.biz\/index.php?rest_route=\/wp\/v2\/types\/post"}],"author":[{"embeddable":true,"href":"https:\/\/analyse.optim.biz\/index.php?rest_route=\/wp\/v2\/users\/1"}],"replies":[{"embeddable":true,"href":"https:\/\/analyse.optim.biz\/index.php?rest_route=%2Fwp%2Fv2%2Fcomments&post=2089325"}],"version-history":[{"count":0,"href":"https:\/\/analyse.optim.biz\/index.php?rest_route=\/wp\/v2\/posts\/2089325\/revisions"}],"wp:attachment":[{"href":"https:\/\/analyse.optim.biz\/index.php?rest_route=%2Fwp%2Fv2%2Fmedia&parent=2089325"}],"wp:term":[{"taxonomy":"category","embeddable":true,"href":"https:\/\/analyse.optim.biz\/index.php?rest_route=%2Fwp%2Fv2%2Fcategories&post=2089325"},{"taxonomy":"post_tag","embeddable":true,"href":"https:\/\/analyse.optim.biz\/index.php?rest_route=%2Fwp%2Fv2%2Ftags&post=2089325"}],"curies":[{"name":"wp","href":"https:\/\/api.w.org\/{rel}","templated":true}]}}