{"id":2089318,"date":"2026-08-12T09:05:48","date_gmt":"2026-08-12T06:05:48","guid":{"rendered":"https:\/\/analyse.optim.biz\/?p=2089318"},"modified":"2026-08-12T09:05:48","modified_gmt":"2026-08-12T06:05:48","slug":"controale-ale-itm-timis-pe-fondul-caniculei-amenzi-si-activitatea-unei-fabrici-de-confectii-sistata","status":"publish","type":"post","link":"https:\/\/analyse.optim.biz\/?p=2089318","title":{"rendered":"Controale ale ITM Timi\u0219, pe fondul caniculei: amenzi \u0219i activitatea unei fabrici de confec\u021bii, sistat\u0103"},"content":{"rendered":"<p>[analyse_image type=&#8221;featured&#8221; src=&#8221;https:\/\/www.tion.ro\/wp-content\/uploads\/2026\/05\/+otf\/1200&#215;630\/IkY4LR+54lINyh28DJBb4k5PVF9WRVJZX1NFQ3ubdjnijwxTTTmZkEkmu20Qj3+gyLPXQw58TJYwUJyArFYvFxcFc1tWWQo3OR40O00BZDf1XLMgQ9iN7pE1lrw=\/8508414WhatsAppImage20260511at170317.jpeg&#8221;]<\/p>\n<article id=\"post-2332788\" class>\n<div class=\"entry-content clearfix\">\n<div class=\"enewsArticleContent\">\n<p>\u00cen urma verific\u0103rilor au fost aplicate 20 de avertismente \u0219i dou\u0103 amenzi, \u00een valoare total\u0103 de 20.000 de lei.<\/p>\n<p>Una dintre situa\u021biile constatate de inspectorii de munc\u0103 a fost suficient de grav\u0103 \u00eenc\u00e2t s\u0103 duc\u0103 la sistarea activit\u0103\u021bii unei fabrici de confec\u021bii, unde au fost identificate condi\u021bii de lucru neconforme.<\/p>\n<blockquote>\n<p>\u201eDe\u0219i au fost avertiza\u021bi, angajatorii amenda\u021bi nu au asigurat condi\u021biile optime pentru ca salaria\u021bii s\u0103-\u0219i poat\u0103 desf\u0103\u0219ura activitatea \u00een bune condi\u021bii\u201d, a declarat, pentru Tion, Ileana Mogo\u0219anu, inspector-\u0219ef al ITM Timi\u0219.<\/p>\n<\/blockquote>\n<h3><strong>Ce obliga\u021bii au angajatorii c\u00e2nd temperaturile dep\u0103\u0219esc 37 de grade<\/strong><\/h3>\n<p>Potrivit ITM Timi\u0219, atunci c\u00e2nd temperaturile exterioare dep\u0103\u0219esc 37 de grade Celsius sau, \u00een condi\u021bii de umiditate ridicat\u0103, angajatorii trebuie s\u0103 respecte prevederile Ordonan\u021bei de Urgen\u021b\u0103 nr. 99\/2000. Actul normativ stabile\u0219te m\u0103surile ce pot fi aplicate \u00een perioadele cu temperaturi extreme pentru protec\u021bia persoanelor \u00eencadrate \u00een munc\u0103.<\/p>\n<p>Printre m\u0103surile obligatorii se num\u0103r\u0103 reducerea intensit\u0103\u021bii \u0219i ritmului activit\u0103\u021bilor fizice, asigurarea unei ventil\u0103ri corespunz\u0103toare a spa\u021biilor de lucru \u0219i alternarea perioadelor de activitate cu pauze \u00een spa\u021bii umbrite \u0219i r\u0103coroase.<\/p>\n<p>De asemenea, fiecare salariat trebuie s\u0103 primeasc\u0103, pe schimb, \u00eentre 2 \u0219i 4 litri de ap\u0103 mineral\u0103. Angajatorii trebuie s\u0103 asigure \u0219i echipamentul individual de protec\u021bie, iar acolo unde situa\u021bia o impune, \u0219i du\u0219uri.<\/p>\n<p>\u00cen cazul \u00een care m\u0103surile de protec\u021bie nu pot fi aplicate \u00een condi\u021biile prev\u0103zute de lege, angajatorii trebuie s\u0103 stabileasc\u0103, \u00eempreun\u0103 cu reprezentan\u021bii salaria\u021bilor, solu\u021bii alternative.<\/p>\n<p>Acestea pot include reducerea duratei zilei de lucru, e\u0219alonarea programului de lucru sau chiar \u00eentreruperea colectiv\u0103 a activit\u0103\u021bii.<\/p>\n<p>ITM Timi\u0219 atrage aten\u021bia c\u0103 <strong>m\u0103surile nu sunt op\u021bionale<\/strong>, iar angajatorii au responsabilitatea de a crea condi\u021bii de munc\u0103 sigure pentru angaja\u021bi \u00een perioadele cu temperaturi extreme.<\/p>\n<p>Cele 94 de controale derulate de la \u00eenceputul lunii iulie au avut, \u00een cea mai mare parte, rol preventiv, \u00eens\u0103 verific\u0103rile au scos la iveal\u0103 \u0219i situa\u021bii \u00een care angajatorii nu au respectat obliga\u021biile privind protec\u021bia salaria\u021bilor.<\/p>\n<div class=\"fbShareLikeTwitterAndEmailContainer\">\n<div class=\"wrapper\">\n<div class=\"email\">\n<div id=\"mailto-pop\" class=\"pop-form pop-form-mailto\">\n<div class=\"pop-form-header\">\n<h4>Trimite articolul<\/h4>\n<p><a class=\"pop-form-close\">X<\/a><\/div>\n<\/div>\n<\/div>\n<\/div>\n<\/div>\n<div class=\"tagsContainer\">\n<div class=\"tagsLabel\">Taguri:<\/div>\n<div class=\"tags\">\n<div class=\"tag\"><a href=\"https:\/\/www.tion.ro\/cimke\/amenzi\" rel=\"tag\"><span class=\"link\">amenzi<\/span><span class=\"separator\">,<\/span><\/a><\/div>\n<div class=\"tag\"><a href=\"https:\/\/www.tion.ro\/cimke\/itm\" rel=\"tag\"><span class=\"link\">ITM<\/span><span class=\"separator\">,<\/span><\/a><\/div>\n<div class=\"tag\"><a href=\"https:\/\/www.tion.ro\/cimke\/timis\" rel=\"tag\"><span class=\"link\">timis<\/span><\/a><\/div>\n<\/div>\n<\/div>\n<div class=\"comments\">\n<div class=\"top\">\n<div class=\"commentsNumber\"><span class=\"number\">1<\/span><span class=\"text\">Comentarii<\/span><\/div>\n<\/div>\n<div class=\"center\">\n<div id=\"respond\" class=\"comment-respond\">\n<h3 id=\"reply-title\" class=\"comment-reply-title\"><small><a rel=\"nofollow\" id=\"cancel-comment-reply-link\" href=\"https:\/\/www.tion.ro\/stirile-judetului-timis\/controale-ale-itm-timis-pe-fondul-caniculei-amenzi-si-activitatea-unei-fabrici-de-confectii-sistata-2332788\/#respond\">Cancel reply<\/a><\/small><\/h3>\n<p class=\"comment-notes\"><span id=\"email-notes\">Your email address will not be published.<\/span><span class=\"required-field-message\">Required fields are marked <span class=\"required\">*<\/span><\/span><\/p>\n<p class=\"commentFormComment\"><span id=\"commentFormCount\"><br \/>\n                            inca<br \/>\n                            <span id=\"countCommentText\">1000<\/span><br \/>\n                            caractere ramase<br \/>\n                        <\/span><\/p>\n<\/div>\n<\/div>\n<div class=\"bottom\">\n<p class=\"forumDisclaimerHuRo\">\n            Citi\u021bi principiile noastre de moderare <a href=\"https:\/\/www.tion.ro\/reguli-postare-comentarii\/\" target=\"_blank\">aici<\/a>!\n        <\/p>\n<\/div>\n<\/div>\n<div id=\"forum\">\n<li class=\"comment even thread-even depth-1\" id=\"comment-1013916\">\n<div id=\"div-comment-1013916\" class=\"comment-body\">\n<div class=\"comment-author vcard\"><img decoding=\"async\" alt src=\"https:\/\/secure.gravatar.com\/avatar\/48f1caf8c86c05eb4798e9da1e6b4c5f?s=32&amp;d=mm&amp;r=g\" class=\"avatar avatar-32 photo\" height=\"32\" width=\"32\" loading=\"lazy\"><cite class=\"fn\">dap<\/cite><span class=\"says\">says:<\/span><\/div>\n<div class=\"comment-meta commentmetadata\"><a href=\"https:\/\/www.tion.ro\/stirile-judetului-timis\/controale-ale-itm-timis-pe-fondul-caniculei-amenzi-si-activitatea-unei-fabrici-de-confectii-sistata-2332788\/#comment-1013916\">August 12, 2026 at 12:14 pm<\/a><\/div>\n<p>dap, \u201ccui nu-i convine, sa plece, mai sunt 100 la poarta ce abia asteapta sa fie angajati, ce se amesteca statul cel ticalos in relatia angajat-angajator? \u201d<br \/>\nTraiasca capitalismul multilateral dezvoltat!<\/p>\n<p>Slava!<\/p>\n<div class=\"reply\"><a rel=\"nofollow\" class=\"comment-reply-link\" href=\"https:\/\/www.tion.ro\/stirile-judetului-timis\/controale-ale-itm-timis-pe-fondul-caniculei-amenzi-si-activitatea-unei-fabrici-de-confectii-sistata-2332788\/#comment-1013916\" data-commentid=\"1013916\" data-postid=\"2332788\" data-belowelement=\"div-comment-1013916\" data-respondelement=\"respond\" data-replyto=\"Reply to dap\" aria-label=\"Reply to dap\">Reply<\/a><\/div>\n<\/div>\n<\/li>\n<\/div>\n<\/div>\n<\/div>\n<\/article>\n<div class=\"entry-content clearfix\">\n<div class=\"enewsArticleContent\">\n<p>\u00cen urma verific\u0103rilor au fost aplicate 20 de avertismente \u0219i dou\u0103 amenzi, \u00een valoare total\u0103 de 20.000 de lei.<\/p>\n<p>Una dintre situa\u021biile constatate de inspectorii de munc\u0103 a fost suficient de grav\u0103 \u00eenc\u00e2t s\u0103 duc\u0103 la sistarea activit\u0103\u021bii unei fabrici de confec\u021bii, unde au fost identificate condi\u021bii de lucru neconforme.<\/p>\n<blockquote>\n<p>\u201eDe\u0219i au fost avertiza\u021bi, angajatorii amenda\u021bi nu au asigurat condi\u021biile optime pentru ca salaria\u021bii s\u0103-\u0219i poat\u0103 desf\u0103\u0219ura activitatea \u00een bune condi\u021bii\u201d, a declarat, pentru Tion, Ileana Mogo\u0219anu, inspector-\u0219ef al ITM Timi\u0219.<\/p>\n<\/blockquote>\n<h3><strong>Ce obliga\u021bii au angajatorii c\u00e2nd temperaturile dep\u0103\u0219esc 37 de grade<\/strong><\/h3>\n<p>Potrivit ITM Timi\u0219, atunci c\u00e2nd temperaturile exterioare dep\u0103\u0219esc 37 de grade Celsius sau, \u00een condi\u021bii de umiditate ridicat\u0103, angajatorii trebuie s\u0103 respecte prevederile Ordonan\u021bei de Urgen\u021b\u0103 nr. 99\/2000. Actul normativ stabile\u0219te m\u0103surile ce pot fi aplicate \u00een perioadele cu temperaturi extreme pentru protec\u021bia persoanelor \u00eencadrate \u00een munc\u0103.<\/p>\n<p>Printre m\u0103surile obligatorii se num\u0103r\u0103 reducerea intensit\u0103\u021bii \u0219i ritmului activit\u0103\u021bilor fizice, asigurarea unei ventil\u0103ri corespunz\u0103toare a spa\u021biilor de lucru \u0219i alternarea perioadelor de activitate cu pauze \u00een spa\u021bii umbrite \u0219i r\u0103coroase.<\/p>\n<p>De asemenea, fiecare salariat trebuie s\u0103 primeasc\u0103, pe schimb, \u00eentre 2 \u0219i 4 litri de ap\u0103 mineral\u0103. Angajatorii trebuie s\u0103 asigure \u0219i echipamentul individual de protec\u021bie, iar acolo unde situa\u021bia o impune, \u0219i du\u0219uri.<\/p>\n<p>\u00cen cazul \u00een care m\u0103surile de protec\u021bie nu pot fi aplicate \u00een condi\u021biile prev\u0103zute de lege, angajatorii trebuie s\u0103 stabileasc\u0103, \u00eempreun\u0103 cu reprezentan\u021bii salaria\u021bilor, solu\u021bii alternative.<\/p>\n<p>Acestea pot include reducerea duratei zilei de lucru, e\u0219alonarea programului de lucru sau chiar \u00eentreruperea colectiv\u0103 a activit\u0103\u021bii.<\/p>\n<p>ITM Timi\u0219 atrage aten\u021bia c\u0103 <strong>m\u0103surile nu sunt op\u021bionale<\/strong>, iar angajatorii au responsabilitatea de a crea condi\u021bii de munc\u0103 sigure pentru angaja\u021bi \u00een perioadele cu temperaturi extreme.<\/p>\n<p>Cele 94 de controale derulate de la \u00eenceputul lunii iulie au avut, \u00een cea mai mare parte, rol preventiv, \u00eens\u0103 verific\u0103rile au scos la iveal\u0103 \u0219i situa\u021bii \u00een care angajatorii nu au respectat obliga\u021biile privind protec\u021bia salaria\u021bilor.<\/p>\n<div class=\"fbShareLikeTwitterAndEmailContainer\">\n<div class=\"wrapper\">\n<div class=\"email\">\n<div id=\"mailto-pop\" class=\"pop-form pop-form-mailto\">\n<div class=\"pop-form-header\">\n<h4>Trimite articolul<\/h4>\n<p><a class=\"pop-form-close\">X<\/a><\/div>\n<\/div>\n<\/div>\n<\/div>\n<\/div>\n<div class=\"tagsContainer\">\n<div class=\"tagsLabel\">Taguri:<\/div>\n<div class=\"tags\">\n<div class=\"tag\"><a href=\"https:\/\/www.tion.ro\/cimke\/amenzi\" rel=\"tag\"><span class=\"link\">amenzi<\/span><span class=\"separator\">,<\/span><\/a><\/div>\n<div class=\"tag\"><a href=\"https:\/\/www.tion.ro\/cimke\/itm\" rel=\"tag\"><span class=\"link\">ITM<\/span><span class=\"separator\">,<\/span><\/a><\/div>\n<div class=\"tag\"><a href=\"https:\/\/www.tion.ro\/cimke\/timis\" rel=\"tag\"><span class=\"link\">timis<\/span><\/a><\/div>\n<\/div>\n<\/div>\n<div class=\"comments\">\n<div class=\"top\">\n<div class=\"commentsNumber\"><span class=\"number\">1<\/span><span class=\"text\">Comentarii<\/span><\/div>\n<\/div>\n<div class=\"center\">\n<div id=\"respond\" class=\"comment-respond\">\n<h3 id=\"reply-title\" class=\"comment-reply-title\"><small><a rel=\"nofollow\" id=\"cancel-comment-reply-link\" href=\"https:\/\/www.tion.ro\/stirile-judetului-timis\/controale-ale-itm-timis-pe-fondul-caniculei-amenzi-si-activitatea-unei-fabrici-de-confectii-sistata-2332788\/#respond\">Cancel reply<\/a><\/small><\/h3>\n<p class=\"comment-notes\"><span id=\"email-notes\">Your email address will not be published.<\/span><span class=\"required-field-message\">Required fields are marked <span class=\"required\">*<\/span><\/span><\/p>\n<p class=\"commentFormComment\"><span id=\"commentFormCount\"><br \/>\n                            inca<br \/>\n                            <span id=\"countCommentText\">1000<\/span><br \/>\n                            caractere ramase<br \/>\n                        <\/span><\/p>\n<\/div>\n<\/div>\n<div class=\"bottom\">\n<p class=\"forumDisclaimerHuRo\">\n            Citi\u021bi principiile noastre de moderare <a href=\"https:\/\/www.tion.ro\/reguli-postare-comentarii\/\" target=\"_blank\">aici<\/a>!\n        <\/p>\n<\/div>\n<\/div>\n<div id=\"forum\">\n<li class=\"comment even thread-even depth-1\" id=\"comment-1013916\">\n<div id=\"div-comment-1013916\" class=\"comment-body\">\n<div class=\"comment-author vcard\"><img decoding=\"async\" alt src=\"https:\/\/secure.gravatar.com\/avatar\/48f1caf8c86c05eb4798e9da1e6b4c5f?s=32&amp;d=mm&amp;r=g\" class=\"avatar avatar-32 photo\" height=\"32\" width=\"32\" loading=\"lazy\"><cite class=\"fn\">dap<\/cite><span class=\"says\">says:<\/span><\/div>\n<div class=\"comment-meta commentmetadata\"><a href=\"https:\/\/www.tion.ro\/stirile-judetului-timis\/controale-ale-itm-timis-pe-fondul-caniculei-amenzi-si-activitatea-unei-fabrici-de-confectii-sistata-2332788\/#comment-1013916\">August 12, 2026 at 12:14 pm<\/a><\/div>\n<p>dap, \u201ccui nu-i convine, sa plece, mai sunt 100 la poarta ce abia asteapta sa fie angajati, ce se amesteca statul cel ticalos in relatia angajat-angajator? \u201d<br \/>\nTraiasca capitalismul multilateral dezvoltat!<\/p>\n<p>Slava!<\/p>\n<div class=\"reply\"><a rel=\"nofollow\" class=\"comment-reply-link\" href=\"https:\/\/www.tion.ro\/stirile-judetului-timis\/controale-ale-itm-timis-pe-fondul-caniculei-amenzi-si-activitatea-unei-fabrici-de-confectii-sistata-2332788\/#comment-1013916\" data-commentid=\"1013916\" data-postid=\"2332788\" data-belowelement=\"div-comment-1013916\" data-respondelement=\"respond\" data-replyto=\"Reply to dap\" aria-label=\"Reply to dap\">Reply<\/a><\/div>\n<\/div>\n<\/li>\n<\/div>\n<\/div>\n<\/div>\n<p>[analyse_source url=&#8221;https:\/\/www.tion.ro\/stirile-judetului-timis\/controale-ale-itm-timis-pe-fondul-caniculei-amenzi-si-activitatea-unei-fabrici-de-confectii-sistata-2332788\/&#8221;]<\/p>\n","protected":false},"excerpt":{"rendered":"<p>[analyse_image type=&#8221;featured&#8221; src=&#8221;https:\/\/www.tion.ro\/wp-content\/uploads\/2026\/05\/+otf\/1200&#215;630\/IkY4LR+54lINyh28DJBb4k5PVF9WRVJZX1NFQ3ubdjnijwxTTTmZkEkmu20Qj3+gyLPXQw58TJYwUJyArFYvFxcFc1tWWQo3OR40O00BZDf1XLMgQ9iN7pE1lrw=\/8508414WhatsAppImage20260511at170317.jpeg&#8221;] \u00cen urma verific\u0103rilor au fost aplicate 20 de avertismente \u0219i dou\u0103 amenzi, \u00een valoare total\u0103 de 20.000 de lei. Una dintre situa\u021biile constatate de inspectorii de munc\u0103 a fost suficient de grav\u0103 \u00eenc\u00e2t s\u0103 duc\u0103 la sistarea activit\u0103\u021bii unei fabrici de confec\u021bii, unde au fost identificate condi\u021bii de lucru neconforme. \u201eDe\u0219i au [&hellip;]<\/p>\n","protected":false},"author":1,"featured_media":0,"comment_status":"open","ping_status":"","sticky":false,"template":"","format":"standard","meta":{"footnotes":""},"categories":[89],"tags":[226,191],"class_list":["post-2089318","post","type-post","status-publish","format-standard","hentry","category-romania","tag-crawlmanager","tag-tion-ro"],"_links":{"self":[{"href":"https:\/\/analyse.optim.biz\/index.php?rest_route=\/wp\/v2\/posts\/2089318","targetHints":{"allow":["GET"]}}],"collection":[{"href":"https:\/\/analyse.optim.biz\/index.php?rest_route=\/wp\/v2\/posts"}],"about":[{"href":"https:\/\/analyse.optim.biz\/index.php?rest_route=\/wp\/v2\/types\/post"}],"author":[{"embeddable":true,"href":"https:\/\/analyse.optim.biz\/index.php?rest_route=\/wp\/v2\/users\/1"}],"replies":[{"embeddable":true,"href":"https:\/\/analyse.optim.biz\/index.php?rest_route=%2Fwp%2Fv2%2Fcomments&post=2089318"}],"version-history":[{"count":0,"href":"https:\/\/analyse.optim.biz\/index.php?rest_route=\/wp\/v2\/posts\/2089318\/revisions"}],"wp:attachment":[{"href":"https:\/\/analyse.optim.biz\/index.php?rest_route=%2Fwp%2Fv2%2Fmedia&parent=2089318"}],"wp:term":[{"taxonomy":"category","embeddable":true,"href":"https:\/\/analyse.optim.biz\/index.php?rest_route=%2Fwp%2Fv2%2Fcategories&post=2089318"},{"taxonomy":"post_tag","embeddable":true,"href":"https:\/\/analyse.optim.biz\/index.php?rest_route=%2Fwp%2Fv2%2Ftags&post=2089318"}],"curies":[{"name":"wp","href":"https:\/\/api.w.org\/{rel}","templated":true}]}}