{"id":2089317,"date":"2026-08-12T09:03:14","date_gmt":"2026-08-12T06:03:14","guid":{"rendered":"https:\/\/analyse.optim.biz\/?p=2089317"},"modified":"2026-08-12T09:03:14","modified_gmt":"2026-08-12T06:03:14","slug":"video-o-mama-si-fiul-ei-arestati-dupa-conflictul-cu-zeci-de-persoane-implicate-in-centrul-timisoarei","status":"publish","type":"post","link":"https:\/\/analyse.optim.biz\/?p=2089317","title":{"rendered":"VIDEO. O mam\u0103 \u0219i fiul ei, aresta\u021bi dup\u0103 conflictul cu zeci de persoane implicate \u00een centrul Timi\u0219oarei"},"content":{"rendered":"<p>[analyse_image type=&#8221;featured&#8221; src=&#8221;https:\/\/www.tion.ro\/wp-content\/uploads\/2026\/08\/+otf\/1200&#215;630\/R45k5xSSyWboyEMu67SCkk5PVF9WRVJZX1NFQ07HH9qX234dWdvbdKd8ggl9gBoQp3DR87lqv5TXtQH3yYDBpFcR58aStVIzlcTUMf+HAsoIJbh28igX__rFhVdk=\/6525258collage.png&#8221;]<\/p>\n<article id=\"post-2332791\" class>\n<div class=\"entry-content clearfix\">\n<div class=\"enewsArticleContent\">\n<p class=\"PDq2pG_selectionAnchorContainer\" data-start=\"299\" data-end=\"591\">Poli\u021bi\u0219tii au intervenit pentru a opri conflictul, iar 9 persoane au fost imobilizate \u0219i conduse la Sec\u021bia 1 Poli\u021bie Urban\u0103 Timi\u0219oara. Ulterior, \u00een fa\u021ba sec\u021biei s-au adunat alte persoane, motiv pentru care au fost mobilizate echipaje suplimentare de poli\u021bie, Ac\u021biuni Speciale \u0219i jandarmi.<\/p>\n<p data-start=\"593\" data-end=\"783\">\u00cen urma cercet\u0103rilor, dou\u0103 persoane au fost re\u021binute pentru 24 de ore, iar pentru tulburarea ordinii \u0219i lini\u0219tii publice au fost aplicate 9 amenzi, \u00een valoare total\u0103 de 9.000 de lei. Persoanele re\u021binute sunt o mam\u0103 de 35 de ani \u0219i fiul ei de 17 ani.<\/p>\n<iframe loading=\"lazy\" src=\"https:\/\/www.facebook.com\/plugins\/video.php?height=476&amp;href=https%3A%2F%2Fwww.facebook.com%2Freel%2F1208595341431785%2F&amp;show_text=false&amp;width=265&amp;t=0\" width=\"265\" height=\"476\" frameborder scrolling=\"no\" allowfullscreen=\"allowfullscreen\"><\/iframe>\n<p data-start=\"785\" data-end=\"921\" data-is-last-node data-is-only-node><strong>Pe aceea\u0219i tem\u0103:<\/strong><\/p>\n<blockquote class=\"wp-embedded-content\" data-secret=\"mUxDqrUY1d\">\n<p><a href=\"https:\/\/www.tion.ro\/eveniment\/video-bataie-cu-zeci-de-persoane-in-piata-victoriei-din-timisoara-politistii-locali-au-intervenit-2332533\/\">VIDEO. B\u0103taie cu zeci de persoane \u00een Pia\u021ba Victoriei din Timi\u0219oara. Poli\u021bi\u0219tii locali au intervenit<\/a><\/p>\n<\/blockquote>\n\n<div class=\"fbShareLikeTwitterAndEmailContainer\">\n<div class=\"wrapper\">\n<div class=\"email\">\n<div id=\"mailto-pop\" class=\"pop-form pop-form-mailto\">\n<div class=\"pop-form-header\">\n<h4>Trimite articolul<\/h4>\n<p><a class=\"pop-form-close\">X<\/a><\/div>\n<\/div>\n<\/div>\n<\/div>\n<\/div>\n<div class=\"comments\">\n<div class=\"top\">\n<div class=\"commentsNumber\"><span class=\"number\">1<\/span><span class=\"text\">Comentarii<\/span><\/div>\n<\/div>\n<div class=\"center\">\n<div id=\"respond\" class=\"comment-respond\">\n<h3 id=\"reply-title\" class=\"comment-reply-title\"><small><a rel=\"nofollow\" id=\"cancel-comment-reply-link\" href=\"https:\/\/www.tion.ro\/eveniment\/video-o-mama-si-fiul-ei-arestati-dupa-conflictul-cu-zeci-de-persoane-implicate-in-centrul-timisoarei-2332791\/#respond\">Cancel reply<\/a><\/small><\/h3>\n<p class=\"comment-notes\"><span id=\"email-notes\">Your email address will not be published.<\/span><span class=\"required-field-message\">Required fields are marked <span class=\"required\">*<\/span><\/span><\/p>\n<p class=\"commentFormComment\"><span id=\"commentFormCount\"><br \/>\n                            inca<br \/>\n                            <span id=\"countCommentText\">1000<\/span><br \/>\n                            caractere ramase<br \/>\n                        <\/span><\/p>\n<\/div>\n<\/div>\n<div class=\"bottom\">\n<p class=\"forumDisclaimerHuRo\">\n            Citi\u021bi principiile noastre de moderare <a href=\"https:\/\/www.tion.ro\/reguli-postare-comentarii\/\" target=\"_blank\">aici<\/a>!\n        <\/p>\n<\/div>\n<\/div>\n<div id=\"forum\">\n<li class=\"comment even thread-even depth-1\" id=\"comment-1013973\">\n<div id=\"div-comment-1013973\" class=\"comment-body\">\n<div class=\"comment-author vcard\"><img decoding=\"async\" alt src=\"https:\/\/secure.gravatar.com\/avatar\/383f909d4003158305b2930f9ca794ac?s=32&amp;d=mm&amp;r=g\" class=\"avatar avatar-32 photo\" height=\"32\" width=\"32\" loading=\"lazy\"><cite class=\"fn\">Rumburak<\/cite><span class=\"says\">says:<\/span><\/div>\n<div class=\"comment-meta commentmetadata\"><a href=\"https:\/\/www.tion.ro\/eveniment\/video-o-mama-si-fiul-ei-arestati-dupa-conflictul-cu-zeci-de-persoane-implicate-in-centrul-timisoarei-2332791\/#comment-1013973\">August 12, 2026 at 1:04 pm<\/a><\/div>\n<p>Nem\u021bii \u0219i francezii sunt arest\u0103rii in Romania?<\/p>\n<div class=\"reply\"><a rel=\"nofollow\" class=\"comment-reply-link\" href=\"https:\/\/www.tion.ro\/eveniment\/video-o-mama-si-fiul-ei-arestati-dupa-conflictul-cu-zeci-de-persoane-implicate-in-centrul-timisoarei-2332791\/#comment-1013973\" data-commentid=\"1013973\" data-postid=\"2332791\" data-belowelement=\"div-comment-1013973\" data-respondelement=\"respond\" data-replyto=\"Reply to Rumburak\" aria-label=\"Reply to Rumburak\">Reply<\/a><\/div>\n<\/div>\n<\/li>\n<\/div>\n<\/div>\n<\/div>\n<\/article>\n<div class=\"entry-content clearfix\">\n<div class=\"enewsArticleContent\">\n<p class=\"PDq2pG_selectionAnchorContainer\" data-start=\"299\" data-end=\"591\">Poli\u021bi\u0219tii au intervenit pentru a opri conflictul, iar 9 persoane au fost imobilizate \u0219i conduse la Sec\u021bia 1 Poli\u021bie Urban\u0103 Timi\u0219oara. Ulterior, \u00een fa\u021ba sec\u021biei s-au adunat alte persoane, motiv pentru care au fost mobilizate echipaje suplimentare de poli\u021bie, Ac\u021biuni Speciale \u0219i jandarmi.<\/p>\n<p data-start=\"593\" data-end=\"783\">\u00cen urma cercet\u0103rilor, dou\u0103 persoane au fost re\u021binute pentru 24 de ore, iar pentru tulburarea ordinii \u0219i lini\u0219tii publice au fost aplicate 9 amenzi, \u00een valoare total\u0103 de 9.000 de lei. Persoanele re\u021binute sunt o mam\u0103 de 35 de ani \u0219i fiul ei de 17 ani.<\/p>\n<iframe loading=\"lazy\" src=\"https:\/\/www.facebook.com\/plugins\/video.php?height=476&amp;href=https%3A%2F%2Fwww.facebook.com%2Freel%2F1208595341431785%2F&amp;show_text=false&amp;width=265&amp;t=0\" width=\"265\" height=\"476\" frameborder scrolling=\"no\" allowfullscreen=\"allowfullscreen\"><\/iframe>\n<p data-start=\"785\" data-end=\"921\" data-is-last-node data-is-only-node><strong>Pe aceea\u0219i tem\u0103:<\/strong><\/p>\n<blockquote class=\"wp-embedded-content\" data-secret=\"mUxDqrUY1d\">\n<p><a href=\"https:\/\/www.tion.ro\/eveniment\/video-bataie-cu-zeci-de-persoane-in-piata-victoriei-din-timisoara-politistii-locali-au-intervenit-2332533\/\">VIDEO. B\u0103taie cu zeci de persoane \u00een Pia\u021ba Victoriei din Timi\u0219oara. Poli\u021bi\u0219tii locali au intervenit<\/a><\/p>\n<\/blockquote>\n\n<div class=\"fbShareLikeTwitterAndEmailContainer\">\n<div class=\"wrapper\">\n<div class=\"email\">\n<div id=\"mailto-pop\" class=\"pop-form pop-form-mailto\">\n<div class=\"pop-form-header\">\n<h4>Trimite articolul<\/h4>\n<p><a class=\"pop-form-close\">X<\/a><\/div>\n<\/div>\n<\/div>\n<\/div>\n<\/div>\n<div class=\"comments\">\n<div class=\"top\">\n<div class=\"commentsNumber\"><span class=\"number\">1<\/span><span class=\"text\">Comentarii<\/span><\/div>\n<\/div>\n<div class=\"center\">\n<div id=\"respond\" class=\"comment-respond\">\n<h3 id=\"reply-title\" class=\"comment-reply-title\"><small><a rel=\"nofollow\" id=\"cancel-comment-reply-link\" href=\"https:\/\/www.tion.ro\/eveniment\/video-o-mama-si-fiul-ei-arestati-dupa-conflictul-cu-zeci-de-persoane-implicate-in-centrul-timisoarei-2332791\/#respond\">Cancel reply<\/a><\/small><\/h3>\n<p class=\"comment-notes\"><span id=\"email-notes\">Your email address will not be published.<\/span><span class=\"required-field-message\">Required fields are marked <span class=\"required\">*<\/span><\/span><\/p>\n<p class=\"commentFormComment\"><span id=\"commentFormCount\"><br \/>\n                            inca<br \/>\n                            <span id=\"countCommentText\">1000<\/span><br \/>\n                            caractere ramase<br \/>\n                        <\/span><\/p>\n<\/div>\n<\/div>\n<div class=\"bottom\">\n<p class=\"forumDisclaimerHuRo\">\n            Citi\u021bi principiile noastre de moderare <a href=\"https:\/\/www.tion.ro\/reguli-postare-comentarii\/\" target=\"_blank\">aici<\/a>!\n        <\/p>\n<\/div>\n<\/div>\n<div id=\"forum\">\n<li class=\"comment even thread-even depth-1\" id=\"comment-1013973\">\n<div id=\"div-comment-1013973\" class=\"comment-body\">\n<div class=\"comment-author vcard\"><img decoding=\"async\" alt src=\"https:\/\/secure.gravatar.com\/avatar\/383f909d4003158305b2930f9ca794ac?s=32&amp;d=mm&amp;r=g\" class=\"avatar avatar-32 photo\" height=\"32\" width=\"32\" loading=\"lazy\"><cite class=\"fn\">Rumburak<\/cite><span class=\"says\">says:<\/span><\/div>\n<div class=\"comment-meta commentmetadata\"><a href=\"https:\/\/www.tion.ro\/eveniment\/video-o-mama-si-fiul-ei-arestati-dupa-conflictul-cu-zeci-de-persoane-implicate-in-centrul-timisoarei-2332791\/#comment-1013973\">August 12, 2026 at 1:04 pm<\/a><\/div>\n<p>Nem\u021bii \u0219i francezii sunt arest\u0103rii in Romania?<\/p>\n<div class=\"reply\"><a rel=\"nofollow\" class=\"comment-reply-link\" href=\"https:\/\/www.tion.ro\/eveniment\/video-o-mama-si-fiul-ei-arestati-dupa-conflictul-cu-zeci-de-persoane-implicate-in-centrul-timisoarei-2332791\/#comment-1013973\" data-commentid=\"1013973\" data-postid=\"2332791\" data-belowelement=\"div-comment-1013973\" data-respondelement=\"respond\" data-replyto=\"Reply to Rumburak\" aria-label=\"Reply to Rumburak\">Reply<\/a><\/div>\n<\/div>\n<\/li>\n<\/div>\n<\/div>\n<\/div>\n<p>[analyse_source url=&#8221;https:\/\/www.tion.ro\/eveniment\/video-o-mama-si-fiul-ei-arestati-dupa-conflictul-cu-zeci-de-persoane-implicate-in-centrul-timisoarei-2332791\/&#8221;]<\/p>\n","protected":false},"excerpt":{"rendered":"<p>[analyse_image type=&#8221;featured&#8221; src=&#8221;https:\/\/www.tion.ro\/wp-content\/uploads\/2026\/08\/+otf\/1200&#215;630\/R45k5xSSyWboyEMu67SCkk5PVF9WRVJZX1NFQ07HH9qX234dWdvbdKd8ggl9gBoQp3DR87lqv5TXtQH3yYDBpFcR58aStVIzlcTUMf+HAsoIJbh28igX__rFhVdk=\/6525258collage.png&#8221;] Poli\u021bi\u0219tii au intervenit pentru a opri conflictul, iar 9 persoane au fost imobilizate \u0219i conduse la Sec\u021bia 1 Poli\u021bie Urban\u0103 Timi\u0219oara. Ulterior, \u00een fa\u021ba sec\u021biei s-au adunat alte persoane, motiv pentru care au fost mobilizate echipaje suplimentare de poli\u021bie, Ac\u021biuni Speciale \u0219i jandarmi. \u00cen urma cercet\u0103rilor, dou\u0103 persoane au fost re\u021binute pentru [&hellip;]<\/p>\n","protected":false},"author":1,"featured_media":0,"comment_status":"open","ping_status":"","sticky":false,"template":"","format":"standard","meta":{"footnotes":""},"categories":[89],"tags":[226,191],"class_list":["post-2089317","post","type-post","status-publish","format-standard","hentry","category-romania","tag-crawlmanager","tag-tion-ro"],"_links":{"self":[{"href":"https:\/\/analyse.optim.biz\/index.php?rest_route=\/wp\/v2\/posts\/2089317","targetHints":{"allow":["GET"]}}],"collection":[{"href":"https:\/\/analyse.optim.biz\/index.php?rest_route=\/wp\/v2\/posts"}],"about":[{"href":"https:\/\/analyse.optim.biz\/index.php?rest_route=\/wp\/v2\/types\/post"}],"author":[{"embeddable":true,"href":"https:\/\/analyse.optim.biz\/index.php?rest_route=\/wp\/v2\/users\/1"}],"replies":[{"embeddable":true,"href":"https:\/\/analyse.optim.biz\/index.php?rest_route=%2Fwp%2Fv2%2Fcomments&post=2089317"}],"version-history":[{"count":0,"href":"https:\/\/analyse.optim.biz\/index.php?rest_route=\/wp\/v2\/posts\/2089317\/revisions"}],"wp:attachment":[{"href":"https:\/\/analyse.optim.biz\/index.php?rest_route=%2Fwp%2Fv2%2Fmedia&parent=2089317"}],"wp:term":[{"taxonomy":"category","embeddable":true,"href":"https:\/\/analyse.optim.biz\/index.php?rest_route=%2Fwp%2Fv2%2Fcategories&post=2089317"},{"taxonomy":"post_tag","embeddable":true,"href":"https:\/\/analyse.optim.biz\/index.php?rest_route=%2Fwp%2Fv2%2Ftags&post=2089317"}],"curies":[{"name":"wp","href":"https:\/\/api.w.org\/{rel}","templated":true}]}}