{"id":2089272,"date":"2026-08-11T16:43:00","date_gmt":"2026-08-11T13:43:00","guid":{"rendered":"https:\/\/analyse.optim.biz\/?p=2089272"},"modified":"2026-08-11T16:43:00","modified_gmt":"2026-08-11T13:43:00","slug":"sedinta-extraordinara-cu-vesti-bune-cj-buzau-fonduri-pentru-repararea-drumurilor-afectate-de-alunecari","status":"publish","type":"post","link":"https:\/\/analyse.optim.biz\/?p=2089272","title":{"rendered":"\u0218edin\u021b\u0103 extraordinar\u0103 cu ve\u0219ti bune. CJ Buz\u0103u, fonduri pentru repararea drumurilor afectate de alunec\u0103ri"},"content":{"rendered":"<p>[analyse_image type=&#8221;featured&#8221; src=&#8221;https:\/\/www.campusbuzau.ro\/wp-content\/uploads\/2026\/04\/drum-surpat-trans-cisalu-2.jpghttps:\/\/www.campusbuzau.ro\/wp-content\/uploads\/2026\/04\/drum-surpat-trans-cisalu-2.jpg&#8221;]<\/p>\n<div class=\"entry-content\">\n<p><strong><em><mark class=\"has-inline-color has-maincolor-color\">Ale\u0219ii jude\u021beni buzoieni au fost convoca\u021bi ast\u0103zi \u00een \u0219edin\u021b\u0103 extraordinar\u0103. Pe ordinea de zi au fost incluse trei puncte. Cel mai important proiect de hot\u0103r\u00e2re a fost cel prin care consilierii jude\u021beni \u0219i-au dat acordul, prin vot, pentru utilizarea unor sume din excedentul anual al bugetului propriu al jude\u021bului Buz\u0103u, rezultat la \u00eencheierea exerci\u021biului bugetar 2025, pentru lucr\u0103ri de refacere a unor drumuri afectate de alunec\u0103rile de teren produse \u00een prim\u0103var\u0103.<\/mark><\/em><\/strong><\/p>\n<p>Mai precis, aproape zece milioane de lei vor fi utiliza\u021bi pentru consolidarea unor por\u021biuni din DJ 10C, pe raza comunei Cisl\u0103u, \u0219i din DJ 220, \u00een zona localit\u0103\u021bii S\u0103rule\u0219ti.<\/p>\n<p>La finalul \u0219edin\u021bei de ast\u0103zi, pre\u0219edintele CJ Buz\u0103u, Marcel Ciolacu, \u0219i vicepre\u0219edintele Adrian Petre au \u021binut s\u0103 explice situa\u021bia \u00een detaliu. <\/p>\n<figure class=\"wp-block-image size-full is-resized\"><img loading=\"lazy\" decoding=\"async\" width=\"900\" height=\"506\" src=\"https:\/\/www.campusbuzau.ro\/wp-content\/uploads\/2026\/08\/trio-cj-buzau.jpg\" alt class=\"wp-image-156257\"><\/figure>\n<p>Drumul jude\u021bean care leag\u0103 centrul comunei Cisl\u0103u de restul jude\u021bului, prin satul Buda Cr\u0103ciune\u0219ti, a fost inaugurat \u00een 2021. O por\u021biune de 11 kilometri din \u0219osea a fost reabilitat\u0103 complet, cu 17 milioane de lei, bani aloca\u021bi de CJ Buz\u0103u. Numai c\u0103, dup\u0103 ploile din prim\u0103var\u0103, o alunecare de teren a rupt o bucat\u0103 de drum pe o lungime de aproape 100 de metri, iar traficul \u00een acest punct a fost blocat pe ambele sensuri.<\/p>\n<figure class=\"wp-block-image size-full is-resized\"><img loading=\"lazy\" decoding=\"async\" width=\"890\" height=\"489\" src=\"https:\/\/www.campusbuzau.ro\/wp-content\/uploads\/2026\/08\/drum-surpat-cislau.jpg\" alt class=\"wp-image-156258\"><\/figure>\n<p>\u0218oseaua ie\u0219ise din garan\u021bie chiar \u00eenainte de producerea surp\u0103rii. Situa\u021bia i-a ridicat semne de \u00eentrebare \u0219i pre\u0219edintelui CJ Buz\u0103u, Marcel Ciolacu, cel care a cerut efectuarea a trei expertize pentru a stabili dac\u0103 responsabilitatea \u00eei revine sau nu constructorului.<\/p>\n<p>Prin cea de-a V-a rectificare bugetar\u0103 din acest an, vor fi reparate, c\u00e2t de cur\u00e2nd, alte dou\u0103 drumuri afectate de alunec\u0103ri de teren, \u00een comunele Breaza \u0219i Br\u0103e\u0219ti.<\/p>\n<figure class=\"wp-block-embed is-type-video is-provider-youtube wp-block-embed-youtube wp-embed-aspect-16-9 wp-has-aspect-ratio\">\n<div class=\"wp-block-embed__wrapper\">\n<iframe loading=\"lazy\" title=\"FONDURI PENTRU REPARAREA DRUMURILOR AFECTATE DE ALUNEC\u0102RI\" width=\"500\" height=\"281\" src=\"https:\/\/www.youtube.com\/embed\/Pvb3AyLzxq0?feature=oembed\" frameborder allow=\"accelerometer; autoplay; clipboard-write; encrypted-media; gyroscope; picture-in-picture; web-share\" referrerpolicy=\"strict-origin-when-cross-origin\" allowfullscreen><\/iframe>\n<\/div>\n<\/figure>\n<\/div>\n<p>[analyse_source url=&#8221;https:\/\/www.campusbuzau.ro\/sedinta-extraordinara-cu-vesti-bune-cj-buzau-fonduri-pentru-repararea-drumurilor-afectate-de-alunecari\/&#8221;]<\/p>\n","protected":false},"excerpt":{"rendered":"<p>[analyse_image type=&#8221;featured&#8221; src=&#8221;https:\/\/www.campusbuzau.ro\/wp-content\/uploads\/2026\/04\/drum-surpat-trans-cisalu-2.jpghttps:\/\/www.campusbuzau.ro\/wp-content\/uploads\/2026\/04\/drum-surpat-trans-cisalu-2.jpg&#8221;] Ale\u0219ii jude\u021beni buzoieni au fost convoca\u021bi ast\u0103zi \u00een \u0219edin\u021b\u0103 extraordinar\u0103. Pe ordinea de zi au fost incluse trei puncte. Cel mai important proiect de hot\u0103r\u00e2re a fost cel prin care consilierii jude\u021beni \u0219i-au dat acordul, prin vot, pentru utilizarea unor sume din excedentul anual al bugetului propriu al jude\u021bului Buz\u0103u, rezultat la [&hellip;]<\/p>\n","protected":false},"author":1,"featured_media":0,"comment_status":"open","ping_status":"","sticky":false,"template":"","format":"standard","meta":{"footnotes":""},"categories":[2],"tags":[118,226],"class_list":["post-2089272","post","type-post","status-publish","format-standard","hentry","category-politics","tag-campusbuzau-ro","tag-crawlmanager"],"_links":{"self":[{"href":"https:\/\/analyse.optim.biz\/index.php?rest_route=\/wp\/v2\/posts\/2089272","targetHints":{"allow":["GET"]}}],"collection":[{"href":"https:\/\/analyse.optim.biz\/index.php?rest_route=\/wp\/v2\/posts"}],"about":[{"href":"https:\/\/analyse.optim.biz\/index.php?rest_route=\/wp\/v2\/types\/post"}],"author":[{"embeddable":true,"href":"https:\/\/analyse.optim.biz\/index.php?rest_route=\/wp\/v2\/users\/1"}],"replies":[{"embeddable":true,"href":"https:\/\/analyse.optim.biz\/index.php?rest_route=%2Fwp%2Fv2%2Fcomments&post=2089272"}],"version-history":[{"count":0,"href":"https:\/\/analyse.optim.biz\/index.php?rest_route=\/wp\/v2\/posts\/2089272\/revisions"}],"wp:attachment":[{"href":"https:\/\/analyse.optim.biz\/index.php?rest_route=%2Fwp%2Fv2%2Fmedia&parent=2089272"}],"wp:term":[{"taxonomy":"category","embeddable":true,"href":"https:\/\/analyse.optim.biz\/index.php?rest_route=%2Fwp%2Fv2%2Fcategories&post=2089272"},{"taxonomy":"post_tag","embeddable":true,"href":"https:\/\/analyse.optim.biz\/index.php?rest_route=%2Fwp%2Fv2%2Ftags&post=2089272"}],"curies":[{"name":"wp","href":"https:\/\/api.w.org\/{rel}","templated":true}]}}