{"id":2089269,"date":"2026-08-11T16:42:00","date_gmt":"2026-08-11T13:42:00","guid":{"rendered":"https:\/\/analyse.optim.biz\/?p=2089269"},"modified":"2026-08-11T16:42:00","modified_gmt":"2026-08-11T13:42:00","slug":"epilog-la-cupa-cartierelor-editia-a-18-a-ar-putea-fi-ultima","status":"publish","type":"post","link":"https:\/\/analyse.optim.biz\/?p=2089269","title":{"rendered":"Epilog la Cupa Cartierelor. Edi\u021bia a 18-a ar putea fi ultima"},"content":{"rendered":"<p>[analyse_image type=&#8221;featured&#8221; src=&#8221;https:\/\/www.campusbuzau.ro\/wp-content\/uploads\/2026\/08\/WhatsApp-Image-2026-08-10-at-23.03.45.jpeghttps:\/\/www.campusbuzau.ro\/wp-content\/uploads\/2026\/08\/WhatsApp-Image-2026-08-10-at-23.03.45.jpeg&#8221;]<\/p>\n<div class=\"entry-content\">\n<p>Cupa Cartierelor Buz\u0103u a ajuns la edi\u021bia cu num\u0103rul 18. Duminic\u0103 sear\u0103, edi\u021bia din 2026 \u0219i-a desemnat campioanele. La U20, Amicii au c\u00e2\u0219tigat finala mare, dup\u0103 6-1 cu S\u0103geata, \u00een timp ce Glorio\u0219ii au terminat pe locul al treilea, dup\u0103 victoria cu 4-3 \u00een finala mic\u0103 \u00eempotriva celor de la Kapa.<\/p>\n<p>La Open, trofeul a ajuns la Mannschaft, \u00eentr-o final\u0103 spectaculoas\u0103 \u0219i extrem de echilibrat\u0103. Mannschaft \u0219i Amicii au \u00eencheiat cele 40 de minute la egalitate, 4-4, iar c\u00e2\u0219tig\u0103toarea s-a decis la loviturile de departajare, unde Mannschaft s-a impus cu 9-8.<\/p>\n<p>Organizatorii au desemnat \u0219i cei mai buni juc\u0103tori ai turneului. La categoria U20, distinc\u021bia i-a revenit lui Andrei Rotaru, \u00een timp ce la Open, Andrei Goicea, \u201eKagul\u0103<strong>\u201d<\/strong>, a fost desemnat juc\u0103torul turneului. \u00cen form\u0103 de zile mari la ultimul act, acesta a reu\u0219it un gol de la mijlocul terenului din postur\u0103 de portar, marc\u00e2nd \u0219i golul decisiv, de la punctul cu var.<\/p>\n<p>Din p\u0103cate, la finalul edi\u021biei din acest an, Vasile Bi\u021ba a anun\u021bat c\u0103 se retrage. Decizia vine \u0219i pe fondul lipsei de sprijin din partea autorit\u0103\u021bilor, iar acest lucru pune \u00een pericol continuarea competi\u021biei.<\/p>\n<p>Cupa Cartierelor a \u00eenceput \u00een 2009 \u0219i, cu excep\u021bia perioadei pandemiei, a fost organizat\u0103 \u00een fiecare an. Au trecut astfel 18 edi\u021bii \u00een care terenurile de fotbal amator din Buz\u0103u au adunat juc\u0103tori de toate v\u00e2rstele, mul\u021bi dintre ei ajung\u00e2nd ulterior s\u0103 evolueze la niveluri superioare.<\/p>\n<p>De altfel, este greu de g\u0103sit fotbalist buzoian important din ultimele dou\u0103 decenii care s\u0103 nu fi trecut, la un moment dat, pe la Cupa Cartierelor. Pentru mul\u021bi dintre cei care au crescut \u00een fotbalul local, competi\u021bia a fost unul dintre primele locuri \u00een care au avut ocazia s\u0103 joace \u00een fa\u021ba unui public.<\/p>\n<p>Iar dac\u0103 edi\u021bia din 2026 va r\u0103m\u00e2ne ultima, fotbalul buzoian va pierde nu doar un turneu, ci o tradi\u021bie construit\u0103 \u00een aproape dou\u0103 decenii.<\/p>\n<figure class=\"wp-block-embed is-type-video is-provider-youtube wp-block-embed-youtube wp-embed-aspect-16-9 wp-has-aspect-ratio\">\n<div class=\"wp-block-embed__wrapper\">\n<iframe loading=\"lazy\" title=\"EPILOG LA CUPA CARTIERELOR, EDITIA 18 \u015eI O VESTE TRIST\u0102, VASILE BI\u0162A SE RETRAGE\" width=\"500\" height=\"281\" src=\"https:\/\/www.youtube.com\/embed\/TmXbUFQam4g?feature=oembed\" frameborder allow=\"accelerometer; autoplay; clipboard-write; encrypted-media; gyroscope; picture-in-picture; web-share\" referrerpolicy=\"strict-origin-when-cross-origin\" allowfullscreen><\/iframe>\n<\/div>\n<\/figure>\n<\/div>\n<p>[analyse_source url=&#8221;https:\/\/www.campusbuzau.ro\/epilog-la-cupa-cartierelor-editia-a-18-a-ar-putea-fi-ultima\/&#8221;]<\/p>\n","protected":false},"excerpt":{"rendered":"<p>[analyse_image type=&#8221;featured&#8221; src=&#8221;https:\/\/www.campusbuzau.ro\/wp-content\/uploads\/2026\/08\/WhatsApp-Image-2026-08-10-at-23.03.45.jpeghttps:\/\/www.campusbuzau.ro\/wp-content\/uploads\/2026\/08\/WhatsApp-Image-2026-08-10-at-23.03.45.jpeg&#8221;] Cupa Cartierelor Buz\u0103u a ajuns la edi\u021bia cu num\u0103rul 18. Duminic\u0103 sear\u0103, edi\u021bia din 2026 \u0219i-a desemnat campioanele. La U20, Amicii au c\u00e2\u0219tigat finala mare, dup\u0103 6-1 cu S\u0103geata, \u00een timp ce Glorio\u0219ii au terminat pe locul al treilea, dup\u0103 victoria cu 4-3 \u00een finala mic\u0103 \u00eempotriva celor de la Kapa. La [&hellip;]<\/p>\n","protected":false},"author":1,"featured_media":0,"comment_status":"open","ping_status":"","sticky":false,"template":"","format":"standard","meta":{"footnotes":""},"categories":[2],"tags":[118,226],"class_list":["post-2089269","post","type-post","status-publish","format-standard","hentry","category-politics","tag-campusbuzau-ro","tag-crawlmanager"],"_links":{"self":[{"href":"https:\/\/analyse.optim.biz\/index.php?rest_route=\/wp\/v2\/posts\/2089269","targetHints":{"allow":["GET"]}}],"collection":[{"href":"https:\/\/analyse.optim.biz\/index.php?rest_route=\/wp\/v2\/posts"}],"about":[{"href":"https:\/\/analyse.optim.biz\/index.php?rest_route=\/wp\/v2\/types\/post"}],"author":[{"embeddable":true,"href":"https:\/\/analyse.optim.biz\/index.php?rest_route=\/wp\/v2\/users\/1"}],"replies":[{"embeddable":true,"href":"https:\/\/analyse.optim.biz\/index.php?rest_route=%2Fwp%2Fv2%2Fcomments&post=2089269"}],"version-history":[{"count":0,"href":"https:\/\/analyse.optim.biz\/index.php?rest_route=\/wp\/v2\/posts\/2089269\/revisions"}],"wp:attachment":[{"href":"https:\/\/analyse.optim.biz\/index.php?rest_route=%2Fwp%2Fv2%2Fmedia&parent=2089269"}],"wp:term":[{"taxonomy":"category","embeddable":true,"href":"https:\/\/analyse.optim.biz\/index.php?rest_route=%2Fwp%2Fv2%2Fcategories&post=2089269"},{"taxonomy":"post_tag","embeddable":true,"href":"https:\/\/analyse.optim.biz\/index.php?rest_route=%2Fwp%2Fv2%2Ftags&post=2089269"}],"curies":[{"name":"wp","href":"https:\/\/api.w.org\/{rel}","templated":true}]}}