{"id":2089265,"date":"2026-08-11T14:00:00","date_gmt":"2026-08-11T11:00:00","guid":{"rendered":"https:\/\/analyse.optim.biz\/?p=2089265"},"modified":"2026-08-11T14:00:00","modified_gmt":"2026-08-11T11:00:00","slug":"seceta-si-consumul-ridicat-lasa-valea-slanicului-fara-apa-compania-de-apa-introduce-program-de-furnizare","status":"publish","type":"post","link":"https:\/\/analyse.optim.biz\/?p=2089265","title":{"rendered":"Seceta \u0219i consumul ridicat las\u0103 Valea Sl\u0103nicului f\u0103r\u0103 ap\u0103. Compania de Ap\u0103 introduce program de furnizare"},"content":{"rendered":"<p>[analyse_image type=&#8221;featured&#8221; src=&#8221;https:\/\/www.campusbuzau.ro\/wp-content\/uploads\/2026\/08\/info-Comania-de-apa-program-apa-pe-Valea-Slanicului.jpghttps:\/\/www.campusbuzau.ro\/wp-content\/uploads\/2026\/08\/info-Comania-de-apa-program-apa-pe-Valea-Slanicului.jpg&#8221;]<\/p>\n<div class=\"entry-content\">\n<p>\u00cen contextul temperaturilor foarte ridicate \u0219i al consumului mare de ap\u0103 din aceast\u0103 perioad\u0103, facem toate eforturile necesare pentru a men\u021bine \u00een aceast\u0103 s\u0103pt\u0103m\u00e2n\u0103 furnizarea apei f\u0103r\u0103 sincope pentru utilizatorii de pe Valea Sl\u0103nicului.<\/p>\n<p>Deoarece ne str\u0103duim s\u0103 nu instituim din aceast\u0103 s\u0103pt\u0103m\u00e2n\u0103 program de furnizare pentru localit\u0103\u021bile de pe Valea Sl\u0103nicului, vor exista perioade scurte de timp, 1-2 ore, \u00een care utlizatorii care locuiesc \u00een zone \u00eenalte sau \u00een zonele unde se afl\u0103 capetele de re\u021bea nu vor avea ap\u0103. \u00cen toate aceste situa\u021bii, utilizatorii vor fi anun\u021ba\u021bi din timp, prin sms, astfel \u00eenc\u00e2t s\u0103 \u00ee\u0219i asigure necesarul de ap\u0103 pentru intervalul respectiv.<\/p>\n<p>Sistarea furniz\u0103rii pentru perioade scurte de timp este necesar\u0103 pentru acumularea apei \u00een rezervoare \u0219i pentru evitarea implement\u0103rii programului de furnizare \u00een aceast\u0103 s\u0103pt\u0103m\u00e2n\u0103. Aceste opriri vor fi programate \u00een func\u021bie de consum \u0219i de necesitate, de aceea respectarea recomand\u0103rilor noastre pentru utilizarea responsabil\u0103 a apei este esen\u021bial\u0103.<\/p>\n<p>Chiar dac\u0103, din punct de vedere tehnic, deschiderea \u0219i oprirea vanelor \u0219i pompelor \u00een mod repetat pun presiune pe re\u021bea \u0219i cauzeaz\u0103 incidente (sp\u0103rturi), Compania de Ap\u0103 Buz\u0103u implementeaz\u0103 toate solu\u021biile posibile pentru a diminua disconfortul utilizatorilor de pe Valea Sl\u0103nicului \u0219i \u00een contextul \u00een care \u00een acest weekend avem o important\u0103 s\u0103rb\u0103toare religioas\u0103.<\/p>\n<p>Cu toate c\u0103 apelul anterior nu a avut impactul dorit, Compania de Ap\u0103 Buz\u0103u le reaminte\u0219te utilizatorilor de pe Valea Sl\u0103nicului c\u0103 apa furnizat\u0103 prin sistemul public este destinat\u0103 prioritar consumului, igienei personale \u0219i activit\u0103\u021bilor menajere esen\u021biale.<\/p>\n<p>Relu\u0103m recomand\u0103rile pentru utilizatori:<\/p>\n<ul class=\"wp-block-list\">\n<li>S\u0103 evite utilizarea apei pentru udarea gr\u0103dinilor, peluzelor \u0219i spa\u021biilor verzi<\/li>\n<li>S\u0103 nu foloseasc\u0103 apa pentru umplerea piscinelor \u0219i a bazinelor<\/li>\n<li>S\u0103 evite sp\u0103larea autovehiculelor, cur\u021bilor \u0219i aleilor cu ap\u0103 din re\u021beaua public\u0103<\/li>\n<li>S\u0103 verifice instala\u021biile interioare pentru a identifica rapid pierderile \u0219i pentru a le remedia<\/li>\n<li>Sa utilizeze apa cu modera\u021bie \u0219i s\u0103 evite risipa<\/li>\n<\/ul>\n<p>Contextul climatic din aceast\u0103 perioad\u0103 nu este deloc favorabil, ne confrunt\u0103m cu temperaturi ridicate, secet\u0103, iar R\u00e2ul Sl\u0103nic aproape a secat. \u00cen acela\u0219i timp, chiar dac\u0103 presiunea pus\u0103 pe Compania de Ap\u0103 cre\u0219te, capacitatea de furnizare este limitat\u0103.<\/p>\n<p>Astfel, programul va fi instituit pe Valea Sl\u0103nicului \u00eencep\u00e2nd de luni, 17 august, atunci c\u00e2nd se va opri furnizarea apei \u00een localit\u0103\u021bile deservite de rezervoarele Jieni (Podul Muncii \u2013 par\u021bial, Dogari, Gura Dimienii) \u0219i Arb\u0103na\u0219i (M\u0103rg\u0103ri\u021bi, Beceni, Valea P\u0103rului, C\u0103rpini\u0219tea, Izvoru Dulce, Fulga) \u0219i va fi reluat\u0103 de vineri, 21 august, de la ora 08.00 p\u00e2n\u0103 duminic\u0103, 23 august, la ora 20.00.<\/p>\n<p>\u00cen localit\u0103\u021bile deservite de rezervoarele S\u00e2rbe\u0219ti (S\u00e2rbe\u0219ti, Bodine\u0219ti, Vintil\u0103 Vod\u0103-par\u021bial), Podul Muncii (Nicule\u0219ti, Podul Muncii-par\u021bial, Petr\u0103che\u0219ti) \u0219i S\u0103rule\u0219ti (S\u0103rule\u0219ti, Goicelu, C\u0103r\u0103tn\u0103ul de Jos, Valea St\u00e2nei, Vintil\u0103 Vod\u0103-par\u021bial), furnizarea apei va fi \u00eentrerupt\u0103 de miercuri, 19 august, la ora 20.00, p\u00e2n\u0103 luni, 24 august, ora 08.00.<\/p>\n<p>Men\u021bion\u0103m c\u0103 pe Valea Sl\u0103nicului sunt localit\u0103\u021bi ale c\u0103ror rezervoare au capacitatea de stocare necesar\u0103, astfel \u00eenc\u00e2t \u00een aceste zone nu vor fi sincope \u00een furnizarea apei.<\/p>\n<p>Compania de Ap\u0103 Buz\u0103u face toate eforturile posibile, umane \u0219i tehnice, astfel \u00eenc\u00e2t programul de furnizare s\u0103 fie men\u021binut pentru utilizatorii de pe Valea Sl\u0103nicului pentru un interval foarte scurt de timp. Revenim cu informa\u021bii detaliate despre programul de furnizare pentru fiecare localitate.<\/p>\n<p><strong><mark class=\"has-inline-color has-maincolor-color\">[comunicat Compania de Ap\u0103 Buz\u0103u]<\/mark><\/strong><\/p>\n<\/div>\n<p>[analyse_source url=&#8221;https:\/\/www.campusbuzau.ro\/seceta-si-consumul-ridicat-lasa-valea-slanicului-fara-apa-compania-de-apa-introduce-program-de-furnizare\/&#8221;]<\/p>\n","protected":false},"excerpt":{"rendered":"<p>[analyse_image type=&#8221;featured&#8221; src=&#8221;https:\/\/www.campusbuzau.ro\/wp-content\/uploads\/2026\/08\/info-Comania-de-apa-program-apa-pe-Valea-Slanicului.jpghttps:\/\/www.campusbuzau.ro\/wp-content\/uploads\/2026\/08\/info-Comania-de-apa-program-apa-pe-Valea-Slanicului.jpg&#8221;] \u00cen contextul temperaturilor foarte ridicate \u0219i al consumului mare de ap\u0103 din aceast\u0103 perioad\u0103, facem toate eforturile necesare pentru a men\u021bine \u00een aceast\u0103 s\u0103pt\u0103m\u00e2n\u0103 furnizarea apei f\u0103r\u0103 sincope pentru utilizatorii de pe Valea Sl\u0103nicului. Deoarece ne str\u0103duim s\u0103 nu instituim din aceast\u0103 s\u0103pt\u0103m\u00e2n\u0103 program de furnizare pentru localit\u0103\u021bile de pe Valea Sl\u0103nicului, [&hellip;]<\/p>\n","protected":false},"author":1,"featured_media":0,"comment_status":"open","ping_status":"","sticky":false,"template":"","format":"standard","meta":{"footnotes":""},"categories":[2],"tags":[118,226],"class_list":["post-2089265","post","type-post","status-publish","format-standard","hentry","category-politics","tag-campusbuzau-ro","tag-crawlmanager"],"_links":{"self":[{"href":"https:\/\/analyse.optim.biz\/index.php?rest_route=\/wp\/v2\/posts\/2089265","targetHints":{"allow":["GET"]}}],"collection":[{"href":"https:\/\/analyse.optim.biz\/index.php?rest_route=\/wp\/v2\/posts"}],"about":[{"href":"https:\/\/analyse.optim.biz\/index.php?rest_route=\/wp\/v2\/types\/post"}],"author":[{"embeddable":true,"href":"https:\/\/analyse.optim.biz\/index.php?rest_route=\/wp\/v2\/users\/1"}],"replies":[{"embeddable":true,"href":"https:\/\/analyse.optim.biz\/index.php?rest_route=%2Fwp%2Fv2%2Fcomments&post=2089265"}],"version-history":[{"count":0,"href":"https:\/\/analyse.optim.biz\/index.php?rest_route=\/wp\/v2\/posts\/2089265\/revisions"}],"wp:attachment":[{"href":"https:\/\/analyse.optim.biz\/index.php?rest_route=%2Fwp%2Fv2%2Fmedia&parent=2089265"}],"wp:term":[{"taxonomy":"category","embeddable":true,"href":"https:\/\/analyse.optim.biz\/index.php?rest_route=%2Fwp%2Fv2%2Fcategories&post=2089265"},{"taxonomy":"post_tag","embeddable":true,"href":"https:\/\/analyse.optim.biz\/index.php?rest_route=%2Fwp%2Fv2%2Ftags&post=2089265"}],"curies":[{"name":"wp","href":"https:\/\/api.w.org\/{rel}","templated":true}]}}