{"id":2089256,"date":"2026-08-11T12:04:00","date_gmt":"2026-08-11T09:04:00","guid":{"rendered":"https:\/\/analyse.optim.biz\/?p=2089256"},"modified":"2026-08-11T12:04:00","modified_gmt":"2026-08-11T09:04:00","slug":"noapte-sub-stele-la-naeni-perseidele-pot-fi-admirate-departe-de-luminile-orasului","status":"publish","type":"post","link":"https:\/\/analyse.optim.biz\/?p=2089256","title":{"rendered":"Noapte sub stele la N\u0103eni. Perseidele pot fi admirate departe de luminile ora\u0219ului"},"content":{"rendered":"<p>[analyse_image type=&#8221;featured&#8221; src=&#8221;https:\/\/www.campusbuzau.ro\/wp-content\/uploads\/2026\/08\/PERSEIDE.jpghttps:\/\/www.campusbuzau.ro\/wp-content\/uploads\/2026\/08\/PERSEIDE.jpg&#8221;]<\/p>\n<div class=\"entry-content\">\n<p><strong><em><mark class=\"has-inline-color has-maincolor-color\">Organiza\u021bia de Management al Destina\u021biei Jude\u021bul Buz\u0103u, \u00een parteneriat cu Consiliul Jude\u021bean Buz\u0103u, organizeaz\u0103, \u00een noaptea de 12 spre 13 august 2026, o experien\u021b\u0103 dedicat\u0103 unuia dintre cele mai spectaculoase fenomene astronomice ale verii: ploaia de meteori Perseide.<\/mark><\/em><\/strong><\/p>\n<p>Evenimentul va avea loc \u00een zona Bisericii dintr-o Piatr\u0103, din N\u0103eni, \u00eentr-un cadru natural, departe de aglomera\u021bia urban\u0103 \u0219i de poluarea luminoas\u0103, condi\u021bii favorabile pentru observarea cerului nocturn.<\/p>\n<p>Ini\u021biativa are at\u00e2t un scop de promovare turistic\u0103, c\u00e2t \u0219i unul educa\u021bional. Pe parcursul serii, participan\u021bii vor fi \u00eenso\u021bi\u021bi de ghizi locali \u0219i vor putea folosi telescoape pentru a observa cerul \u0219i pentru a afla mai multe despre fenomenele astronomice \u0219i despre ploaia de meteori Perseide. <\/p>\n<p>Organizatorii \u00eei sf\u0103tuiesc pe cei care doresc s\u0103 participe s\u0103 se preg\u0103teasc\u0103 pentru c\u00e2teva ore petrecute \u00een aer liber, pe timpul nop\u021bii. Sunt recomandate p\u0103turi sau scaune pliante, \u00eembr\u0103c\u0103minte c\u0103lduroas\u0103 \u0219i lanterne.<\/p>\n<p>Evenimentul propune, astfel, o experien\u021b\u0103 \u00een care astronomia, natura \u0219i turismul se \u00eent\u00e2lnesc sub cerul de var\u0103 al Buz\u0103ului. <\/p>\n<p>Pentru a facilita participarea, OMD Jude\u021bul Buz\u0103u va pune la dispozi\u021bie dou\u0103 autocare cu transport dus-\u00eentors din municipiul Buz\u0103u. \u00censcrierile se fac prin e-mail, la adresa omdjudetulbuzau@gmail.com, p\u00e2n\u0103 la ocuparea locurilor disponibile. Autocarele vor avea urm\u0103torul program:<br \/>\u2022 Plecare din Municipiul Buz\u0103u: ora 20:00, \u00een fa\u021ba Consiliului Jude\u021bean Buz\u0103u<br \/>\u2022 \u00centoarcere \u00een Municipiul Buz\u0103u: \u00een jurul orei 01:00.<\/p>\n<\/div>\n<p>[analyse_source url=&#8221;https:\/\/www.campusbuzau.ro\/noapte-sub-stele-la-naeni-perseidele-pot-fi-admirate-departe-de-luminile-orasului\/&#8221;]<\/p>\n","protected":false},"excerpt":{"rendered":"<p>[analyse_image type=&#8221;featured&#8221; src=&#8221;https:\/\/www.campusbuzau.ro\/wp-content\/uploads\/2026\/08\/PERSEIDE.jpghttps:\/\/www.campusbuzau.ro\/wp-content\/uploads\/2026\/08\/PERSEIDE.jpg&#8221;] Organiza\u021bia de Management al Destina\u021biei Jude\u021bul Buz\u0103u, \u00een parteneriat cu Consiliul Jude\u021bean Buz\u0103u, organizeaz\u0103, \u00een noaptea de 12 spre 13 august 2026, o experien\u021b\u0103 dedicat\u0103 unuia dintre cele mai spectaculoase fenomene astronomice ale verii: ploaia de meteori Perseide. Evenimentul va avea loc \u00een zona Bisericii dintr-o Piatr\u0103, din N\u0103eni, \u00eentr-un cadru natural, [&hellip;]<\/p>\n","protected":false},"author":1,"featured_media":0,"comment_status":"open","ping_status":"","sticky":false,"template":"","format":"standard","meta":{"footnotes":""},"categories":[2],"tags":[118,226],"class_list":["post-2089256","post","type-post","status-publish","format-standard","hentry","category-politics","tag-campusbuzau-ro","tag-crawlmanager"],"_links":{"self":[{"href":"https:\/\/analyse.optim.biz\/index.php?rest_route=\/wp\/v2\/posts\/2089256","targetHints":{"allow":["GET"]}}],"collection":[{"href":"https:\/\/analyse.optim.biz\/index.php?rest_route=\/wp\/v2\/posts"}],"about":[{"href":"https:\/\/analyse.optim.biz\/index.php?rest_route=\/wp\/v2\/types\/post"}],"author":[{"embeddable":true,"href":"https:\/\/analyse.optim.biz\/index.php?rest_route=\/wp\/v2\/users\/1"}],"replies":[{"embeddable":true,"href":"https:\/\/analyse.optim.biz\/index.php?rest_route=%2Fwp%2Fv2%2Fcomments&post=2089256"}],"version-history":[{"count":0,"href":"https:\/\/analyse.optim.biz\/index.php?rest_route=\/wp\/v2\/posts\/2089256\/revisions"}],"wp:attachment":[{"href":"https:\/\/analyse.optim.biz\/index.php?rest_route=%2Fwp%2Fv2%2Fmedia&parent=2089256"}],"wp:term":[{"taxonomy":"category","embeddable":true,"href":"https:\/\/analyse.optim.biz\/index.php?rest_route=%2Fwp%2Fv2%2Fcategories&post=2089256"},{"taxonomy":"post_tag","embeddable":true,"href":"https:\/\/analyse.optim.biz\/index.php?rest_route=%2Fwp%2Fv2%2Ftags&post=2089256"}],"curies":[{"name":"wp","href":"https:\/\/api.w.org\/{rel}","templated":true}]}}