{"id":2089251,"date":"2026-08-10T16:35:00","date_gmt":"2026-08-10T13:35:00","guid":{"rendered":"https:\/\/analyse.optim.biz\/?p=2089251"},"modified":"2026-08-10T16:35:00","modified_gmt":"2026-08-10T13:35:00","slug":"investitii-la-investitii-lucrarile-ratate-vor-fi-refacute","status":"publish","type":"post","link":"https:\/\/analyse.optim.biz\/?p=2089251","title":{"rendered":"Investi\u021bii la investi\u021bii. Lucr\u0103rile ratate vor fi ref\u0103cute"},"content":{"rendered":"<p>[analyse_image type=&#8221;featured&#8221; src=&#8221;https:\/\/www.campusbuzau.ro\/wp-content\/uploads\/2026\/08\/vlcsnap-2026-08-10-11h48m44s327.jpghttps:\/\/www.campusbuzau.ro\/wp-content\/uploads\/2026\/08\/vlcsnap-2026-08-10-11h48m44s327.jpg&#8221;]<\/p>\n<div class=\"entry-content\">\n<p><strong><em><mark class=\"has-inline-color has-maincolor-color\">Unele lucr\u0103ri contractate de Prim\u0103rie cu firme care au c\u00e2\u0219tigat licita\u021biile pentru anumite proiecte au fost f\u0103cute de m\u00e2ntuial\u0103. Edilii sunt obliga\u021bi s\u0103 le refac\u0103 pe banii din garan\u021bia depus\u0103 de Constructorul ini\u021bial pentru ca buzoienii s\u0103 nu aib\u0103 de suferit. Desigur c\u0103 se mai ivesc \u0219i situa\u021bii neprev\u0103zute \u0219i care trebuie rezolvate cu fonduri locale.<\/mark><\/em><\/strong><\/p>\n<p>Primarul Buz\u0103ului recunoa\u0219te c\u0103 unii constructori mai fac \u0219i treab\u0103 de m\u00e2ntuial\u0103 \u0219i nu duc la cap\u0103t toate lucr\u0103rile a\u0219a cum ar trebui \u0219i, dup\u0103 o perioad\u0103 de timp, Municipalitatea se vede obligat\u0103 s\u0103 angajeze o alt\u0103 firm\u0103 care s\u0103 finalizeze corect proiectul nereu\u0219it.<\/p>\n<p>Este \u0219i cazul Pie\u021bei Dacia unde acum se lucreaz\u0103 la repararea pavajului de pe Platou \u0219i pe Aleea Trandafirilor, pe banii din garan\u021bia depus\u0103 de firma ini\u021bial\u0103.<\/p>\n<p>O situa\u021bie \u0219i mai complicat\u0103 au edilii cu Colegiul Na\u021bional \u201eMihai Eminescu\u201d care, dup\u0103 ce a fost reabilitat conform unui proiect de finan\u021bare, reabilitare care a durat mai mult timp dec\u00e2t era prev\u0103zut, se pare c\u0103 are acelea\u0219i probleme pe care le avea \u0219i \u00eenainte de finalizarea lucr\u0103rilor.<\/p>\n<p>Este vorba \u00een principal despre acoperi\u0219ul cl\u0103dirii din strada Independen\u021bei din care se desprind \u021bigle din c\u00e2nd \u00een c\u00e2nd \u0219i cad pe trotuarul de l\u00e2ng\u0103 liceu sau \u00een curte, pun\u00e2nd \u00een pericol elevii, cadrele didac\u021bice \u0219i trec\u0103torii buzoieni.<\/p>\n<figure class=\"wp-block-embed is-type-video is-provider-youtube wp-block-embed-youtube wp-embed-aspect-16-9 wp-has-aspect-ratio\">\n<div class=\"wp-block-embed__wrapper\">\n<iframe loading=\"lazy\" title=\"INVESTI\u0162II LA INVESTI\u0162II. LUCR\u0102RILE RATATE VOR FI REF\u0102CUTE\" width=\"500\" height=\"281\" src=\"https:\/\/www.youtube.com\/embed\/KIDn7fla_Uk?feature=oembed\" frameborder allow=\"accelerometer; autoplay; clipboard-write; encrypted-media; gyroscope; picture-in-picture; web-share\" referrerpolicy=\"strict-origin-when-cross-origin\" allowfullscreen><\/iframe>\n<\/div>\n<\/figure>\n<\/div>\n<p>[analyse_source url=&#8221;https:\/\/www.campusbuzau.ro\/investitii-la-investitii-lucrarile-ratate-vor-fi-refacute\/&#8221;]<\/p>\n","protected":false},"excerpt":{"rendered":"<p>[analyse_image type=&#8221;featured&#8221; src=&#8221;https:\/\/www.campusbuzau.ro\/wp-content\/uploads\/2026\/08\/vlcsnap-2026-08-10-11h48m44s327.jpghttps:\/\/www.campusbuzau.ro\/wp-content\/uploads\/2026\/08\/vlcsnap-2026-08-10-11h48m44s327.jpg&#8221;] Unele lucr\u0103ri contractate de Prim\u0103rie cu firme care au c\u00e2\u0219tigat licita\u021biile pentru anumite proiecte au fost f\u0103cute de m\u00e2ntuial\u0103. Edilii sunt obliga\u021bi s\u0103 le refac\u0103 pe banii din garan\u021bia depus\u0103 de Constructorul ini\u021bial pentru ca buzoienii s\u0103 nu aib\u0103 de suferit. Desigur c\u0103 se mai ivesc \u0219i situa\u021bii neprev\u0103zute \u0219i care trebuie [&hellip;]<\/p>\n","protected":false},"author":1,"featured_media":0,"comment_status":"open","ping_status":"","sticky":false,"template":"","format":"standard","meta":{"footnotes":""},"categories":[2],"tags":[118,226],"class_list":["post-2089251","post","type-post","status-publish","format-standard","hentry","category-politics","tag-campusbuzau-ro","tag-crawlmanager"],"_links":{"self":[{"href":"https:\/\/analyse.optim.biz\/index.php?rest_route=\/wp\/v2\/posts\/2089251","targetHints":{"allow":["GET"]}}],"collection":[{"href":"https:\/\/analyse.optim.biz\/index.php?rest_route=\/wp\/v2\/posts"}],"about":[{"href":"https:\/\/analyse.optim.biz\/index.php?rest_route=\/wp\/v2\/types\/post"}],"author":[{"embeddable":true,"href":"https:\/\/analyse.optim.biz\/index.php?rest_route=\/wp\/v2\/users\/1"}],"replies":[{"embeddable":true,"href":"https:\/\/analyse.optim.biz\/index.php?rest_route=%2Fwp%2Fv2%2Fcomments&post=2089251"}],"version-history":[{"count":0,"href":"https:\/\/analyse.optim.biz\/index.php?rest_route=\/wp\/v2\/posts\/2089251\/revisions"}],"wp:attachment":[{"href":"https:\/\/analyse.optim.biz\/index.php?rest_route=%2Fwp%2Fv2%2Fmedia&parent=2089251"}],"wp:term":[{"taxonomy":"category","embeddable":true,"href":"https:\/\/analyse.optim.biz\/index.php?rest_route=%2Fwp%2Fv2%2Fcategories&post=2089251"},{"taxonomy":"post_tag","embeddable":true,"href":"https:\/\/analyse.optim.biz\/index.php?rest_route=%2Fwp%2Fv2%2Ftags&post=2089251"}],"curies":[{"name":"wp","href":"https:\/\/api.w.org\/{rel}","templated":true}]}}