{"id":2089076,"date":"2026-08-12T07:05:29","date_gmt":"2026-08-12T04:05:29","guid":{"rendered":"https:\/\/analyse.optim.biz\/?p=2089076"},"modified":"2026-08-12T07:05:29","modified_gmt":"2026-08-12T04:05:29","slug":"cateva-secunde-pot-fi-suficiente-pentru-a-afecta-vederea-avertismentul-medicilor-inaintea-eclipsei","status":"publish","type":"post","link":"https:\/\/analyse.optim.biz\/?p=2089076","title":{"rendered":"C\u00e2teva secunde pot fi suficiente pentru a afecta vederea. Avertismentul medicilor \u00eenaintea eclipsei"},"content":{"rendered":"<p>[analyse_image type=&#8221;featured&#8221; src=&#8221;https:\/\/www.tion.ro\/wp-content\/uploads\/2026\/08\/+otf\/1200&#215;630\/r1XYfd0NsaoEIvRKPrq0Wk5PVF9WRVJZX1NFQ4ptMMdoMPNIeJpLmlxL4BOXAcLvvzE3VuSZXonMn6V+8A2NkGp91W0o32fRxS1EvitANYozsZwn2Dukeo+6Oa4=\/6518223pexelswal172619215661863938507887-scaled.jpg&#8221;]<\/p>\n<article id=\"post-2332530\" class>\n<div class=\"entry-content clearfix\">\n<div class=\"enewsArticleContent\">\n<p>Potrivit medicilor de la Spitalul CFR Timi\u0219oara, privirea direct\u0103 c\u0103tre Soare poate duce la apari\u021bia retinopatiei solare, o leziune care afecteaz\u0103 retina, \u00een special macula, \u0219i anume zona responsabil\u0103 de vederea central\u0103, citit, recunoa\u0219terea fe\u021belor \u0219i distingerea detaliilor fine.<\/p>\n<h3><strong>Leziunile pot ap\u0103rea f\u0103r\u0103 s\u0103 fie sim\u021bite \u00een momentul expunerii<\/strong><\/h3>\n<p>Medicii explic\u0103 faptul c\u0103 unul dintre principalele pericole este lipsa durerii \u00een momentul \u00een care ochiul este expus. Retina nu are receptori pentru durere, astfel c\u0103 o persoan\u0103 poate avea impresia c\u0103 nu i s-a \u00eent\u00e2mplat nimic, de\u0219i \u021besutul ocular a fost afectat.<\/p>\n<blockquote>\n<p>\u201e10 secunde \u00een care ne uit\u0103m la eclips\u0103 cu ochiul liber ne pot afecta vederea. Privirea direct\u0103 c\u0103tre soare poate produce leziuni la nivelul retinei. \u00cen momentul expunerii, nu sim\u021bim durere \u0219i putem avea impresia c\u0103 nu s-a \u00eent\u00e2mplat nimic.<\/p>\n<p>(\u2026) Soarele nu trebuie privit direct \u00een timpul eclipsei, nici m\u0103car pentru c\u00e2teva secunde \u0219i nici prin ochelari de soare obi\u0219nui\u021bi. Pentru observarea direct\u0103 a fenomenului trebuie utiliza\u021bi doar ochelari special concepu\u021bi pentru eclipse, care respect\u0103 standardul interna\u021bional ISO 12312-2.<br \/>\nOchelarii de soare obi\u0219nui\u021bi, indiferent c\u00e2t de \u00eenchi\u0219i la culoare sunt, nu ofer\u0103 protec\u021bia necesar\u0103 pentru observarea direct\u0103 a soarelui\u201d, explic\u0103 dr. Ileana Bosun, medic primar oftalmolog \u00een cadrul spitalului.<\/p>\n<\/blockquote>\n<p>Primele modific\u0103ri pot fi observate dup\u0103 c\u00e2teva ore. Printre simptome se num\u0103r\u0103 apari\u021bia unei pete \u00eentunecate \u00een centrul c\u00e2mpului vizual, care nu dispare prin clipire, vedere neclar\u0103 sau deformarea literelor. \u00cen unele cazuri, cititul poate deveni dificil chiar \u0219i cu ochelarii obi\u0219nui\u021bi.<\/p>\n<p>De asemenea, pot ap\u0103rea modific\u0103ri \u00een perceperea culorilor, contururi mai pu\u021bin clare ale obiectelor \u0219i o sensibilitate crescut\u0103 la lumin\u0103. Unele persoane pot avea fotofobie sau dureri de cap.<\/p>\n<h3><strong>Vederea se poate recupera, dar nu \u00eentotdeauna complet<\/strong><\/h3>\n<p>\u00cen cazul \u00een care apar astfel de simptome dup\u0103 observarea eclipsei, medicii recomand\u0103 un consult oftalmologic. Printre investiga\u021biile care pot fi indicate se afl\u0103 tomografia \u00een coeren\u021b\u0103 optic\u0103 (OCT), prin care pot fi identificate modific\u0103rile produse la nivelul retinei.<\/p>\n<p>Evolu\u021bia difer\u0103 de la un pacient la altul. \u00cen unele situa\u021bii, vederea se poate \u00eembun\u0103t\u0103\u021bi \u00een s\u0103pt\u0103m\u00e2nile sau lunile urm\u0103toare, \u00eens\u0103 anumite modific\u0103ri pot r\u0103m\u00e2ne permanente. Celulele fotoreceptoare afectate nu pot fi ref\u0103cute pur \u0219i simplu prin tratament medicamentos.<\/p>\n<p>De aceea, medicii transmit c\u0103 cea mai important\u0103 m\u0103sur\u0103 este preven\u021bia.<\/p>\n<h3><strong>Ochelarii de soare obi\u0219nui\u021bi nu protejeaz\u0103 ochii<\/strong><\/h3>\n<p>Soarele nu trebuie privit direct \u00een timpul eclipsei, nici m\u0103car pentru c\u00e2teva secunde \u0219i nici prin ochelari de soare obi\u0219nui\u021bi. Pentru observarea direct\u0103 a fenomenului trebuie folosi\u021bi doar ochelari special concepu\u021bi pentru eclipse, care respect\u0103 standardul interna\u021bional ISO 12312-2.<\/p>\n<p>Ochelarii de soare obi\u0219nui\u021bi, indiferent c\u00e2t de \u00eenchi\u0219i la culoare sunt, nu ofer\u0103 protec\u021bia necesar\u0103 pentru privirea direct\u0103 a Soarelui.<\/p>\n<h3><strong>Eclipsa poate fi observat\u0103 ast\u0103zi \u0219i din Timi\u0219oara<\/strong><\/h3>\n<p><strong><a href=\"https:\/\/www.tion.ro\/romania\/eclipsa-partiala-de-soare-pe-12-august-fenomenul-va-putea-fi-observat-si-din-timisoara-2329833\/\" target=\"_blank\" rel=\"noopener\">Eclipsa par\u021bial\u0103 de Soare are loc ast\u0103zi<\/a><\/strong>, 12 august. \u00cen Timi\u0219oara, fenomenul \u00eencepe la ora 20:24, ajunge la maxim \u00een jurul orei 20:45, iar Soarele apune la 20:48. \u00cen momentul maxim, aproximativ 28,5% din discul solar va fi acoperit de Lun\u0103.<\/p>\n<p>Fenomenul va putea fi observat \u0219i din alte localit\u0103\u021bi din vestul \u021b\u0103rii. La Arad, maximul este estimat la 20:46, cu o acoperire de aproximativ 31,1% a discului solar, iar la Oradea, la 20:45, c\u00e2nd acoperirea va ajunge la aproximativ 33,2%.<\/p>\n<p>Cea mai mare acoperire din Rom\u00e2nia este estimat\u0103 \u00een zona Carei, unde Luna va acoperi aproximativ 34,2% din discul Soarelui.<\/p>\n<p>Eclipsa se produce spre finalul zilei, astfel c\u0103 Soarele va apune \u00een timpul fenomenului \u00een toate zonele din Rom\u00e2nia din care acesta poate fi observat.<\/p>\n<div class=\"fbShareLikeTwitterAndEmailContainer\">\n<div class=\"wrapper\">\n<div class=\"email\">\n<div id=\"mailto-pop\" class=\"pop-form pop-form-mailto\">\n<div class=\"pop-form-header\">\n<h4>Trimite articolul<\/h4>\n<p><a class=\"pop-form-close\">X<\/a><\/div>\n<\/div>\n<\/div>\n<\/div>\n<\/div>\n<div class=\"comments\">\n<div class=\"top\">\n<div class=\"commentsNumber\"><span class=\"number\">0<\/span><span class=\"text\">Comentarii<\/span><\/div>\n<\/div>\n<div class=\"center\">\n<div id=\"respond\" class=\"comment-respond\">\n<h3 id=\"reply-title\" class=\"comment-reply-title\"><small><a rel=\"nofollow\" id=\"cancel-comment-reply-link\" href=\"https:\/\/www.tion.ro\/sanatate\/cateva-secunde-pot-fi-suficiente-pentru-a-afecta-vederea-avertismentul-medicilor-inaintea-eclipsei-2332530\/#respond\">Cancel reply<\/a><\/small><\/h3>\n<p class=\"comment-notes\"><span id=\"email-notes\">Your email address will not be published.<\/span><span class=\"required-field-message\">Required fields are marked <span class=\"required\">*<\/span><\/span><\/p>\n<p class=\"commentFormComment\"><span id=\"commentFormCount\"><br \/>\n                            inca<br \/>\n                            <span id=\"countCommentText\">1000<\/span><br \/>\n                            caractere ramase<br \/>\n                        <\/span><\/p>\n<\/div>\n<\/div>\n<div class=\"bottom\">\n<p class=\"forumDisclaimerHuRo\">\n            Citi\u021bi principiile noastre de moderare <a href=\"https:\/\/www.tion.ro\/reguli-postare-comentarii\/\" target=\"_blank\">aici<\/a>!\n        <\/p>\n<\/div>\n<\/div>\n<\/div>\n<\/div>\n<\/article>\n<div class=\"entry-content clearfix\">\n<div class=\"enewsArticleContent\">\n<p>Potrivit medicilor de la Spitalul CFR Timi\u0219oara, privirea direct\u0103 c\u0103tre Soare poate duce la apari\u021bia retinopatiei solare, o leziune care afecteaz\u0103 retina, \u00een special macula, \u0219i anume zona responsabil\u0103 de vederea central\u0103, citit, recunoa\u0219terea fe\u021belor \u0219i distingerea detaliilor fine.<\/p>\n<h3><strong>Leziunile pot ap\u0103rea f\u0103r\u0103 s\u0103 fie sim\u021bite \u00een momentul expunerii<\/strong><\/h3>\n<p>Medicii explic\u0103 faptul c\u0103 unul dintre principalele pericole este lipsa durerii \u00een momentul \u00een care ochiul este expus. Retina nu are receptori pentru durere, astfel c\u0103 o persoan\u0103 poate avea impresia c\u0103 nu i s-a \u00eent\u00e2mplat nimic, de\u0219i \u021besutul ocular a fost afectat.<\/p>\n<blockquote>\n<p>\u201e10 secunde \u00een care ne uit\u0103m la eclips\u0103 cu ochiul liber ne pot afecta vederea. Privirea direct\u0103 c\u0103tre soare poate produce leziuni la nivelul retinei. \u00cen momentul expunerii, nu sim\u021bim durere \u0219i putem avea impresia c\u0103 nu s-a \u00eent\u00e2mplat nimic.<\/p>\n<p>(\u2026) Soarele nu trebuie privit direct \u00een timpul eclipsei, nici m\u0103car pentru c\u00e2teva secunde \u0219i nici prin ochelari de soare obi\u0219nui\u021bi. Pentru observarea direct\u0103 a fenomenului trebuie utiliza\u021bi doar ochelari special concepu\u021bi pentru eclipse, care respect\u0103 standardul interna\u021bional ISO 12312-2.<br \/>\nOchelarii de soare obi\u0219nui\u021bi, indiferent c\u00e2t de \u00eenchi\u0219i la culoare sunt, nu ofer\u0103 protec\u021bia necesar\u0103 pentru observarea direct\u0103 a soarelui\u201d, explic\u0103 dr. Ileana Bosun, medic primar oftalmolog \u00een cadrul spitalului.<\/p>\n<\/blockquote>\n<p>Primele modific\u0103ri pot fi observate dup\u0103 c\u00e2teva ore. Printre simptome se num\u0103r\u0103 apari\u021bia unei pete \u00eentunecate \u00een centrul c\u00e2mpului vizual, care nu dispare prin clipire, vedere neclar\u0103 sau deformarea literelor. \u00cen unele cazuri, cititul poate deveni dificil chiar \u0219i cu ochelarii obi\u0219nui\u021bi.<\/p>\n<p>De asemenea, pot ap\u0103rea modific\u0103ri \u00een perceperea culorilor, contururi mai pu\u021bin clare ale obiectelor \u0219i o sensibilitate crescut\u0103 la lumin\u0103. Unele persoane pot avea fotofobie sau dureri de cap.<\/p>\n<h3><strong>Vederea se poate recupera, dar nu \u00eentotdeauna complet<\/strong><\/h3>\n<p>\u00cen cazul \u00een care apar astfel de simptome dup\u0103 observarea eclipsei, medicii recomand\u0103 un consult oftalmologic. Printre investiga\u021biile care pot fi indicate se afl\u0103 tomografia \u00een coeren\u021b\u0103 optic\u0103 (OCT), prin care pot fi identificate modific\u0103rile produse la nivelul retinei.<\/p>\n<p>Evolu\u021bia difer\u0103 de la un pacient la altul. \u00cen unele situa\u021bii, vederea se poate \u00eembun\u0103t\u0103\u021bi \u00een s\u0103pt\u0103m\u00e2nile sau lunile urm\u0103toare, \u00eens\u0103 anumite modific\u0103ri pot r\u0103m\u00e2ne permanente. Celulele fotoreceptoare afectate nu pot fi ref\u0103cute pur \u0219i simplu prin tratament medicamentos.<\/p>\n<p>De aceea, medicii transmit c\u0103 cea mai important\u0103 m\u0103sur\u0103 este preven\u021bia.<\/p>\n<h3><strong>Ochelarii de soare obi\u0219nui\u021bi nu protejeaz\u0103 ochii<\/strong><\/h3>\n<p>Soarele nu trebuie privit direct \u00een timpul eclipsei, nici m\u0103car pentru c\u00e2teva secunde \u0219i nici prin ochelari de soare obi\u0219nui\u021bi. Pentru observarea direct\u0103 a fenomenului trebuie folosi\u021bi doar ochelari special concepu\u021bi pentru eclipse, care respect\u0103 standardul interna\u021bional ISO 12312-2.<\/p>\n<p>Ochelarii de soare obi\u0219nui\u021bi, indiferent c\u00e2t de \u00eenchi\u0219i la culoare sunt, nu ofer\u0103 protec\u021bia necesar\u0103 pentru privirea direct\u0103 a Soarelui.<\/p>\n<h3><strong>Eclipsa poate fi observat\u0103 ast\u0103zi \u0219i din Timi\u0219oara<\/strong><\/h3>\n<p><strong><a href=\"https:\/\/www.tion.ro\/romania\/eclipsa-partiala-de-soare-pe-12-august-fenomenul-va-putea-fi-observat-si-din-timisoara-2329833\/\" target=\"_blank\" rel=\"noopener\">Eclipsa par\u021bial\u0103 de Soare are loc ast\u0103zi<\/a><\/strong>, 12 august. \u00cen Timi\u0219oara, fenomenul \u00eencepe la ora 20:24, ajunge la maxim \u00een jurul orei 20:45, iar Soarele apune la 20:48. \u00cen momentul maxim, aproximativ 28,5% din discul solar va fi acoperit de Lun\u0103.<\/p>\n<p>Fenomenul va putea fi observat \u0219i din alte localit\u0103\u021bi din vestul \u021b\u0103rii. La Arad, maximul este estimat la 20:46, cu o acoperire de aproximativ 31,1% a discului solar, iar la Oradea, la 20:45, c\u00e2nd acoperirea va ajunge la aproximativ 33,2%.<\/p>\n<p>Cea mai mare acoperire din Rom\u00e2nia este estimat\u0103 \u00een zona Carei, unde Luna va acoperi aproximativ 34,2% din discul Soarelui.<\/p>\n<p>Eclipsa se produce spre finalul zilei, astfel c\u0103 Soarele va apune \u00een timpul fenomenului \u00een toate zonele din Rom\u00e2nia din care acesta poate fi observat.<\/p>\n<div class=\"fbShareLikeTwitterAndEmailContainer\">\n<div class=\"wrapper\">\n<div class=\"email\">\n<div id=\"mailto-pop\" class=\"pop-form pop-form-mailto\">\n<div class=\"pop-form-header\">\n<h4>Trimite articolul<\/h4>\n<p><a class=\"pop-form-close\">X<\/a><\/div>\n<\/div>\n<\/div>\n<\/div>\n<\/div>\n<div class=\"comments\">\n<div class=\"top\">\n<div class=\"commentsNumber\"><span class=\"number\">0<\/span><span class=\"text\">Comentarii<\/span><\/div>\n<\/div>\n<div class=\"center\">\n<div id=\"respond\" class=\"comment-respond\">\n<h3 id=\"reply-title\" class=\"comment-reply-title\"><small><a rel=\"nofollow\" id=\"cancel-comment-reply-link\" href=\"https:\/\/www.tion.ro\/sanatate\/cateva-secunde-pot-fi-suficiente-pentru-a-afecta-vederea-avertismentul-medicilor-inaintea-eclipsei-2332530\/#respond\">Cancel reply<\/a><\/small><\/h3>\n<p class=\"comment-notes\"><span id=\"email-notes\">Your email address will not be published.<\/span><span class=\"required-field-message\">Required fields are marked <span class=\"required\">*<\/span><\/span><\/p>\n<p class=\"commentFormComment\"><span id=\"commentFormCount\"><br \/>\n                            inca<br \/>\n                            <span id=\"countCommentText\">1000<\/span><br \/>\n                            caractere ramase<br \/>\n                        <\/span><\/p>\n<\/div>\n<\/div>\n<div class=\"bottom\">\n<p class=\"forumDisclaimerHuRo\">\n            Citi\u021bi principiile noastre de moderare <a href=\"https:\/\/www.tion.ro\/reguli-postare-comentarii\/\" target=\"_blank\">aici<\/a>!\n        <\/p>\n<\/div>\n<\/div>\n<\/div>\n<\/div>\n<p>[analyse_source url=&#8221;https:\/\/www.tion.ro\/sanatate\/cateva-secunde-pot-fi-suficiente-pentru-a-afecta-vederea-avertismentul-medicilor-inaintea-eclipsei-2332530\/&#8221;]<\/p>\n","protected":false},"excerpt":{"rendered":"<p>[analyse_image type=&#8221;featured&#8221; src=&#8221;https:\/\/www.tion.ro\/wp-content\/uploads\/2026\/08\/+otf\/1200&#215;630\/r1XYfd0NsaoEIvRKPrq0Wk5PVF9WRVJZX1NFQ4ptMMdoMPNIeJpLmlxL4BOXAcLvvzE3VuSZXonMn6V+8A2NkGp91W0o32fRxS1EvitANYozsZwn2Dukeo+6Oa4=\/6518223pexelswal172619215661863938507887-scaled.jpg&#8221;] Potrivit medicilor de la Spitalul CFR Timi\u0219oara, privirea direct\u0103 c\u0103tre Soare poate duce la apari\u021bia retinopatiei solare, o leziune care afecteaz\u0103 retina, \u00een special macula, \u0219i anume zona responsabil\u0103 de vederea central\u0103, citit, recunoa\u0219terea fe\u021belor \u0219i distingerea detaliilor fine. Leziunile pot ap\u0103rea f\u0103r\u0103 s\u0103 fie sim\u021bite \u00een momentul expunerii Medicii explic\u0103 faptul [&hellip;]<\/p>\n","protected":false},"author":1,"featured_media":0,"comment_status":"open","ping_status":"","sticky":false,"template":"","format":"standard","meta":{"footnotes":""},"categories":[89],"tags":[226,191],"class_list":["post-2089076","post","type-post","status-publish","format-standard","hentry","category-romania","tag-crawlmanager","tag-tion-ro"],"_links":{"self":[{"href":"https:\/\/analyse.optim.biz\/index.php?rest_route=\/wp\/v2\/posts\/2089076","targetHints":{"allow":["GET"]}}],"collection":[{"href":"https:\/\/analyse.optim.biz\/index.php?rest_route=\/wp\/v2\/posts"}],"about":[{"href":"https:\/\/analyse.optim.biz\/index.php?rest_route=\/wp\/v2\/types\/post"}],"author":[{"embeddable":true,"href":"https:\/\/analyse.optim.biz\/index.php?rest_route=\/wp\/v2\/users\/1"}],"replies":[{"embeddable":true,"href":"https:\/\/analyse.optim.biz\/index.php?rest_route=%2Fwp%2Fv2%2Fcomments&post=2089076"}],"version-history":[{"count":0,"href":"https:\/\/analyse.optim.biz\/index.php?rest_route=\/wp\/v2\/posts\/2089076\/revisions"}],"wp:attachment":[{"href":"https:\/\/analyse.optim.biz\/index.php?rest_route=%2Fwp%2Fv2%2Fmedia&parent=2089076"}],"wp:term":[{"taxonomy":"category","embeddable":true,"href":"https:\/\/analyse.optim.biz\/index.php?rest_route=%2Fwp%2Fv2%2Fcategories&post=2089076"},{"taxonomy":"post_tag","embeddable":true,"href":"https:\/\/analyse.optim.biz\/index.php?rest_route=%2Fwp%2Fv2%2Ftags&post=2089076"}],"curies":[{"name":"wp","href":"https:\/\/api.w.org\/{rel}","templated":true}]}}