{"id":2089070,"date":"2026-08-12T06:15:09","date_gmt":"2026-08-12T03:15:09","guid":{"rendered":"https:\/\/analyse.optim.biz\/?p=2089070"},"modified":"2026-08-12T06:15:09","modified_gmt":"2026-08-12T03:15:09","slug":"timisoara-industriala-intre-gloria-trecutului-si-provocarile-prezentului-tur-ghidat-prin-iosefin","status":"publish","type":"post","link":"https:\/\/analyse.optim.biz\/?p=2089070","title":{"rendered":"Timi\u0219oara industrial\u0103, \u00eentre gloria trecutului \u0219i provoc\u0103rile prezentului. Tur ghidat prin Iosefin"},"content":{"rendered":"<p>[analyse_image type=&#8221;featured&#8221; src=&#8221;https:\/\/www.tion.ro\/wp-content\/uploads\/2026\/01\/+otf\/1200&#215;630\/CLvde249N8IlIDfAfeD7b05PVF9WRVJZX1NFQ92t8wRJhL9DAfiK0qxT8fMKf7ZDUCAaIisZSm9vhoSmuhZWYT__c2iMJdae6cJzVd0ydGSI1iWvcU__GDajTEcdg=\/8982572WhatsAppImage20260121at095855.jpeg&#8221;]<\/p>\n<article id=\"post-2332497\" class>\n<div class=\"entry-content clearfix\">\n<div class=\"enewsArticleContent\">\n<p>Turul va fi ghidat de <strong>Dani Igna<\/strong> \u0219i va propune o incursiune \u00een istoria industriei timi\u0219orene, de la \u00eenceputurile sale p\u00e2n\u0103 la transform\u0103rile de dup\u0103 1989.<\/p>\n<p>Evenimentul, intitulat <strong>\u201eIndustria Timi\u0219oarei \u2013 Cartierul Iosefin. Trecut, prezent, viitor\u201d<\/strong>, \u00ee\u0219i propune s\u0103 dep\u0103\u0219easc\u0103 imaginea conven\u021bional\u0103 a trecutului industrial \u0219i s\u0103 aduc\u0103 \u00een prim-plan pove\u0219ti, mituri, paradoxuri, reu\u0219ite \u0219i e\u0219ecuri care au contribuit la dezvoltarea ora\u0219ului.<\/p>\n<p>De la industria u\u0219oar\u0103, ale c\u0103rei produse ajungeau s\u0103 fie purtate de personalit\u0103\u021bi din ora\u0219e precum New York, Paris sau Milano, p\u00e2n\u0103 la industria transporturilor \u0219i cea chimic\u0103, Timi\u0219oara a avut un rol important \u00een economia rom\u00e2neasc\u0103 \u0219i a \u00eenregistrat performan\u021be cu ecou interna\u021bional.<\/p>\n<p>Participan\u021bii vor descoperi pove\u0219ti despre branduri cunoscute, premiere tehnologice, dar \u0219i despre realit\u0103\u021bile economice ale perioadei comuniste. Planurile cincinale \u0219i statisticile oficiale vor fi puse fa\u021b\u0103 \u00een fa\u021b\u0103 cu datele \u0219i realit\u0103\u021bile istorice, \u00eentr-o \u00eencercare de a compara <strong>\u201eEpoca de Aur\u201d cu situa\u021bia actual\u0103<\/strong> \u0219i de a contura o perspectiv\u0103 c\u00e2t mai lucid\u0103 asupra viitorului ora\u0219ului, \u00een special pentru genera\u021biile tinere.<\/p>\n<p>O \u00eentrebare va \u00eenso\u021bi \u00eentregul traseu: <strong>au devenit ruinele industriei comuniste funda\u021bia unei noi \u00eencerc\u0103ri capitaliste dup\u0103 1989?<\/strong><\/p>\n<p>Un punct important al traseului \u00eel reprezint\u0103 <strong>vizita ghidat\u0103 \u00een Turnul de ap\u0103<\/strong>, unul dintre reperele patrimoniului industrial timi\u0219orean.<\/p>\n<p>Turul este programat pentru <strong>s\u00e2mb\u0103t\u0103, 15 august, de la ora 9:00<\/strong>, iar participarea este <strong>gratuit\u0103<\/strong>. Num\u0103rul de locuri este limitat la <strong>30 de persoane<\/strong>, iar \u00eenscrierea se face \u00een prealabil prin completarea <strong><a href=\"https:\/\/docs.google.com\/forms\/d\/e\/1FAIpQLSd8XVCAU8WRQVHiHKDrry32yBcDvI8xm1k-ITgbf0Uu-4c5cw\/viewform\" target=\"_blank\" rel=\"noopener\">formularului<\/a><\/strong> pus la dispozi\u021bia organizatorilor.<\/p>\n<p>Campania <strong>\u201eDescoper\u0103-\u021bi ora\u0219ul!\u201d<\/strong> va continua pe parcursul \u00eentregului an 2026 \u0219i este sus\u021binut\u0103 de PPC Energie, \u00een demersul de a-i reconecta pe timi\u0219oreni cu istoria, patrimoniul \u0219i cultura ora\u0219ului.<\/p>\n<p>Pentru cei care vor s\u0103 priveasc\u0103 Timi\u0219oara dincolo de cl\u0103dirile \u0219i str\u0103zile pe care le cunosc ast\u0103zi, turul din Iosefin poate fi o ocazie de a descoperi cum fabricile, oamenii \u0219i pove\u0219tile unei alte epoci au contribuit la identitatea ora\u0219ului de azi.<\/p>\n<p>\u00a0<\/p>\n<div class=\"fbShareLikeTwitterAndEmailContainer\">\n<div class=\"wrapper\">\n<div class=\"email\">\n<div id=\"mailto-pop\" class=\"pop-form pop-form-mailto\">\n<div class=\"pop-form-header\">\n<h4>Trimite articolul<\/h4>\n<p><a class=\"pop-form-close\">X<\/a><\/div>\n<\/div>\n<\/div>\n<\/div>\n<\/div>\n<div class=\"comments\">\n<div class=\"top\">\n<div class=\"commentsNumber\"><span class=\"number\">0<\/span><span class=\"text\">Comentarii<\/span><\/div>\n<\/div>\n<div class=\"center\">\n<div id=\"respond\" class=\"comment-respond\">\n<h3 id=\"reply-title\" class=\"comment-reply-title\"><small><a rel=\"nofollow\" id=\"cancel-comment-reply-link\" href=\"https:\/\/www.tion.ro\/turism\/timisoara-industriala-intre-gloria-trecutului-si-provocarile-prezentului-tur-ghidat-prin-iosefin-2332497\/#respond\">Cancel reply<\/a><\/small><\/h3>\n<p class=\"comment-notes\"><span id=\"email-notes\">Your email address will not be published.<\/span><span class=\"required-field-message\">Required fields are marked <span class=\"required\">*<\/span><\/span><\/p>\n<p class=\"commentFormComment\"><span id=\"commentFormCount\"><br \/>\n                            inca<br \/>\n                            <span id=\"countCommentText\">1000<\/span><br \/>\n                            caractere ramase<br \/>\n                        <\/span><\/p>\n<\/div>\n<\/div>\n<div class=\"bottom\">\n<p class=\"forumDisclaimerHuRo\">\n            Citi\u021bi principiile noastre de moderare <a href=\"https:\/\/www.tion.ro\/reguli-postare-comentarii\/\" target=\"_blank\">aici<\/a>!\n        <\/p>\n<\/div>\n<\/div>\n<\/div>\n<\/div>\n<\/article>\n<div class=\"entry-content clearfix\">\n<div class=\"enewsArticleContent\">\n<p>Turul va fi ghidat de <strong>Dani Igna<\/strong> \u0219i va propune o incursiune \u00een istoria industriei timi\u0219orene, de la \u00eenceputurile sale p\u00e2n\u0103 la transform\u0103rile de dup\u0103 1989.<\/p>\n<p>Evenimentul, intitulat <strong>\u201eIndustria Timi\u0219oarei \u2013 Cartierul Iosefin. Trecut, prezent, viitor\u201d<\/strong>, \u00ee\u0219i propune s\u0103 dep\u0103\u0219easc\u0103 imaginea conven\u021bional\u0103 a trecutului industrial \u0219i s\u0103 aduc\u0103 \u00een prim-plan pove\u0219ti, mituri, paradoxuri, reu\u0219ite \u0219i e\u0219ecuri care au contribuit la dezvoltarea ora\u0219ului.<\/p>\n<p>De la industria u\u0219oar\u0103, ale c\u0103rei produse ajungeau s\u0103 fie purtate de personalit\u0103\u021bi din ora\u0219e precum New York, Paris sau Milano, p\u00e2n\u0103 la industria transporturilor \u0219i cea chimic\u0103, Timi\u0219oara a avut un rol important \u00een economia rom\u00e2neasc\u0103 \u0219i a \u00eenregistrat performan\u021be cu ecou interna\u021bional.<\/p>\n<p>Participan\u021bii vor descoperi pove\u0219ti despre branduri cunoscute, premiere tehnologice, dar \u0219i despre realit\u0103\u021bile economice ale perioadei comuniste. Planurile cincinale \u0219i statisticile oficiale vor fi puse fa\u021b\u0103 \u00een fa\u021b\u0103 cu datele \u0219i realit\u0103\u021bile istorice, \u00eentr-o \u00eencercare de a compara <strong>\u201eEpoca de Aur\u201d cu situa\u021bia actual\u0103<\/strong> \u0219i de a contura o perspectiv\u0103 c\u00e2t mai lucid\u0103 asupra viitorului ora\u0219ului, \u00een special pentru genera\u021biile tinere.<\/p>\n<p>O \u00eentrebare va \u00eenso\u021bi \u00eentregul traseu: <strong>au devenit ruinele industriei comuniste funda\u021bia unei noi \u00eencerc\u0103ri capitaliste dup\u0103 1989?<\/strong><\/p>\n<p>Un punct important al traseului \u00eel reprezint\u0103 <strong>vizita ghidat\u0103 \u00een Turnul de ap\u0103<\/strong>, unul dintre reperele patrimoniului industrial timi\u0219orean.<\/p>\n<p>Turul este programat pentru <strong>s\u00e2mb\u0103t\u0103, 15 august, de la ora 9:00<\/strong>, iar participarea este <strong>gratuit\u0103<\/strong>. Num\u0103rul de locuri este limitat la <strong>30 de persoane<\/strong>, iar \u00eenscrierea se face \u00een prealabil prin completarea <strong><a href=\"https:\/\/docs.google.com\/forms\/d\/e\/1FAIpQLSd8XVCAU8WRQVHiHKDrry32yBcDvI8xm1k-ITgbf0Uu-4c5cw\/viewform\" target=\"_blank\" rel=\"noopener\">formularului<\/a><\/strong> pus la dispozi\u021bia organizatorilor.<\/p>\n<p>Campania <strong>\u201eDescoper\u0103-\u021bi ora\u0219ul!\u201d<\/strong> va continua pe parcursul \u00eentregului an 2026 \u0219i este sus\u021binut\u0103 de PPC Energie, \u00een demersul de a-i reconecta pe timi\u0219oreni cu istoria, patrimoniul \u0219i cultura ora\u0219ului.<\/p>\n<p>Pentru cei care vor s\u0103 priveasc\u0103 Timi\u0219oara dincolo de cl\u0103dirile \u0219i str\u0103zile pe care le cunosc ast\u0103zi, turul din Iosefin poate fi o ocazie de a descoperi cum fabricile, oamenii \u0219i pove\u0219tile unei alte epoci au contribuit la identitatea ora\u0219ului de azi.<\/p>\n<p>\u00a0<\/p>\n<div class=\"fbShareLikeTwitterAndEmailContainer\">\n<div class=\"wrapper\">\n<div class=\"email\">\n<div id=\"mailto-pop\" class=\"pop-form pop-form-mailto\">\n<div class=\"pop-form-header\">\n<h4>Trimite articolul<\/h4>\n<p><a class=\"pop-form-close\">X<\/a><\/div>\n<\/div>\n<\/div>\n<\/div>\n<\/div>\n<div class=\"comments\">\n<div class=\"top\">\n<div class=\"commentsNumber\"><span class=\"number\">0<\/span><span class=\"text\">Comentarii<\/span><\/div>\n<\/div>\n<div class=\"center\">\n<div id=\"respond\" class=\"comment-respond\">\n<h3 id=\"reply-title\" class=\"comment-reply-title\"><small><a rel=\"nofollow\" id=\"cancel-comment-reply-link\" href=\"https:\/\/www.tion.ro\/turism\/timisoara-industriala-intre-gloria-trecutului-si-provocarile-prezentului-tur-ghidat-prin-iosefin-2332497\/#respond\">Cancel reply<\/a><\/small><\/h3>\n<p class=\"comment-notes\"><span id=\"email-notes\">Your email address will not be published.<\/span><span class=\"required-field-message\">Required fields are marked <span class=\"required\">*<\/span><\/span><\/p>\n<p class=\"commentFormComment\"><span id=\"commentFormCount\"><br \/>\n                            inca<br \/>\n                            <span id=\"countCommentText\">1000<\/span><br \/>\n                            caractere ramase<br \/>\n                        <\/span><\/p>\n<\/div>\n<\/div>\n<div class=\"bottom\">\n<p class=\"forumDisclaimerHuRo\">\n            Citi\u021bi principiile noastre de moderare <a href=\"https:\/\/www.tion.ro\/reguli-postare-comentarii\/\" target=\"_blank\">aici<\/a>!\n        <\/p>\n<\/div>\n<\/div>\n<\/div>\n<\/div>\n<p>[analyse_source url=&#8221;https:\/\/www.tion.ro\/turism\/timisoara-industriala-intre-gloria-trecutului-si-provocarile-prezentului-tur-ghidat-prin-iosefin-2332497\/&#8221;]<\/p>\n","protected":false},"excerpt":{"rendered":"<p>[analyse_image type=&#8221;featured&#8221; src=&#8221;https:\/\/www.tion.ro\/wp-content\/uploads\/2026\/01\/+otf\/1200&#215;630\/CLvde249N8IlIDfAfeD7b05PVF9WRVJZX1NFQ92t8wRJhL9DAfiK0qxT8fMKf7ZDUCAaIisZSm9vhoSmuhZWYT__c2iMJdae6cJzVd0ydGSI1iWvcU__GDajTEcdg=\/8982572WhatsAppImage20260121at095855.jpeg&#8221;] Turul va fi ghidat de Dani Igna \u0219i va propune o incursiune \u00een istoria industriei timi\u0219orene, de la \u00eenceputurile sale p\u00e2n\u0103 la transform\u0103rile de dup\u0103 1989. Evenimentul, intitulat \u201eIndustria Timi\u0219oarei \u2013 Cartierul Iosefin. Trecut, prezent, viitor\u201d, \u00ee\u0219i propune s\u0103 dep\u0103\u0219easc\u0103 imaginea conven\u021bional\u0103 a trecutului industrial \u0219i s\u0103 aduc\u0103 \u00een prim-plan pove\u0219ti, mituri, [&hellip;]<\/p>\n","protected":false},"author":1,"featured_media":0,"comment_status":"open","ping_status":"","sticky":false,"template":"","format":"standard","meta":{"footnotes":""},"categories":[89],"tags":[226,191],"class_list":["post-2089070","post","type-post","status-publish","format-standard","hentry","category-romania","tag-crawlmanager","tag-tion-ro"],"_links":{"self":[{"href":"https:\/\/analyse.optim.biz\/index.php?rest_route=\/wp\/v2\/posts\/2089070","targetHints":{"allow":["GET"]}}],"collection":[{"href":"https:\/\/analyse.optim.biz\/index.php?rest_route=\/wp\/v2\/posts"}],"about":[{"href":"https:\/\/analyse.optim.biz\/index.php?rest_route=\/wp\/v2\/types\/post"}],"author":[{"embeddable":true,"href":"https:\/\/analyse.optim.biz\/index.php?rest_route=\/wp\/v2\/users\/1"}],"replies":[{"embeddable":true,"href":"https:\/\/analyse.optim.biz\/index.php?rest_route=%2Fwp%2Fv2%2Fcomments&post=2089070"}],"version-history":[{"count":0,"href":"https:\/\/analyse.optim.biz\/index.php?rest_route=\/wp\/v2\/posts\/2089070\/revisions"}],"wp:attachment":[{"href":"https:\/\/analyse.optim.biz\/index.php?rest_route=%2Fwp%2Fv2%2Fmedia&parent=2089070"}],"wp:term":[{"taxonomy":"category","embeddable":true,"href":"https:\/\/analyse.optim.biz\/index.php?rest_route=%2Fwp%2Fv2%2Fcategories&post=2089070"},{"taxonomy":"post_tag","embeddable":true,"href":"https:\/\/analyse.optim.biz\/index.php?rest_route=%2Fwp%2Fv2%2Ftags&post=2089070"}],"curies":[{"name":"wp","href":"https:\/\/api.w.org\/{rel}","templated":true}]}}