{"id":2089065,"date":"2026-08-12T07:11:22","date_gmt":"2026-08-12T04:11:22","guid":{"rendered":"https:\/\/analyse.optim.biz\/?p=2089065"},"modified":"2026-08-12T07:11:22","modified_gmt":"2026-08-12T04:11:22","slug":"video-bataie-cu-zeci-de-persoane-in-piata-victoriei-din-timisoara-politistii-locali-au-intervenit","status":"publish","type":"post","link":"https:\/\/analyse.optim.biz\/?p=2089065","title":{"rendered":"VIDEO. B\u0103taie cu zeci de persoane \u00een Pia\u021ba Victoriei din Timi\u0219oara. Poli\u021bi\u0219tii locali au intervenit"},"content":{"rendered":"<p>[analyse_image type=&#8221;featured&#8221; src=&#8221;https:\/\/www.tion.ro\/wp-content\/uploads\/2026\/08\/+otf\/1200&#215;630\/d29Z8ZG8+R4G9tBUkrrtBE5PVF9WRVJZX1NFQxZl8S5w952QNecjvQhSg__GzCRmvADe5hXmfMC6yFcHSDH2UymvDIzWoOe0TJfuQ2EIEi0okAnugZhTnPJhOPds=\/6518592Capturadeecran20260812100827.png&#8221;]<\/p>\n<article id=\"post-2332533\" class>\n<div class=\"entry-content clearfix\">\n<div class=\"enewsArticleContent\">\n<p class=\"isSelectedEnd\">Scandal asear\u0103 \u00een centrul Timi\u0219oarei, \u00een Pia\u021ba Victoriei. Mai multe persoane s-au luat la b\u0103taie, iar conflictul a atras aten\u021bia celor afla\u021bi \u00een zon\u0103, prin urlete \u0219i \u021bipete.<\/p>\n<p class=\"isSelectedEnd\">Pentru ca lucrurile s\u0103 nu degenereze, la fa\u021ba locului au intervenit poli\u021bi\u0219tii locali, care au \u00eencercat s\u0103 calmeze spiritele \u0219i s\u0103 pun\u0103 cap\u0103t conflictului, dar \u0219i s\u0103 se asigure c\u0103 timi\u0219orenii ie\u0219i\u021bi la plimbare sunt proteja\u021bi.<\/p>\n<iframe loading=\"lazy\" src=\"https:\/\/www.facebook.com\/plugins\/video.php?height=476&amp;href=https%3A%2F%2Fwww.facebook.com%2Freel%2F1027468350156584%2F&amp;show_text=false&amp;width=357&amp;t=0\" width=\"357\" height=\"476\" frameborder scrolling=\"no\" allowfullscreen=\"allowfullscreen\"><\/iframe>\n<p class=\"isSelectedEnd\">Deocamdat\u0103 nu sunt cunoscute toate detaliile despre incident \u0219i nici dac\u0103 au existat persoane r\u0103nite. Informa\u021biile despre cei implica\u021bi nu au fost confirmate oficial, dar din video se pare c\u0103 ar fi de etnie rom\u0103 \u0219i ar fi fost o ceart\u0103 \u00eentre copii.<\/p>\n<p>Mai multe persoane au fost \u00eenc\u0103tu\u0219ate de c\u0103tre echipele de la Local\u0103 \u0219i conduse la Poli\u021bie.<\/p>\n<p>Urmeaz\u0103 ca autorit\u0103\u021bile s\u0103 stabileasc\u0103 exact ce s-a \u00eent\u00e2mplat \u0219i ce m\u0103suri se vor lua.<\/p>\n<p><img decoding=\"async\" loading=\"lazy\" class=\"aligncenter size-large wp-image-2332551\" src=\"https:\/\/www.tion.ro\/wp-content\/uploads\/2026\/08\/651859277358953210595566332146093955356312794573320n.jpg\" alt width=\"768\" height=\"1024\"><\/p>\n<p>\u00a0<\/p>\n<div class=\"fbShareLikeTwitterAndEmailContainer\">\n<div class=\"wrapper\">\n<div class=\"email\">\n<div id=\"mailto-pop\" class=\"pop-form pop-form-mailto\">\n<div class=\"pop-form-header\">\n<h4>Trimite articolul<\/h4>\n<p><a class=\"pop-form-close\">X<\/a><\/div>\n<\/div>\n<\/div>\n<\/div>\n<\/div>\n<div class=\"tagsContainer\">\n<div class=\"tagsLabel\">Taguri:<\/div>\n<div class=\"tags\">\n<div class=\"tag\"><a href=\"https:\/\/www.tion.ro\/cimke\/bataie-centru\" rel=\"tag\"><span class=\"link\">bataie centru<\/span><\/a><\/div>\n<\/div>\n<\/div>\n<div class=\"comments\">\n<div class=\"top\">\n<div class=\"commentsNumber\"><span class=\"number\">0<\/span><span class=\"text\">Comentarii<\/span><\/div>\n<\/div>\n<div class=\"center\">\n<div id=\"respond\" class=\"comment-respond\">\n<h3 id=\"reply-title\" class=\"comment-reply-title\"><small><a rel=\"nofollow\" id=\"cancel-comment-reply-link\" href=\"https:\/\/www.tion.ro\/eveniment\/video-bataie-cu-zeci-de-persoane-in-piata-victoriei-din-timisoara-politistii-locali-au-intervenit-2332533\/#respond\">Cancel reply<\/a><\/small><\/h3>\n<p class=\"comment-notes\"><span id=\"email-notes\">Your email address will not be published.<\/span><span class=\"required-field-message\">Required fields are marked <span class=\"required\">*<\/span><\/span><\/p>\n<p class=\"commentFormComment\"><span id=\"commentFormCount\"><br \/>\n                            inca<br \/>\n                            <span id=\"countCommentText\">1000<\/span><br \/>\n                            caractere ramase<br \/>\n                        <\/span><\/p>\n<\/div>\n<\/div>\n<div class=\"bottom\">\n<p class=\"forumDisclaimerHuRo\">\n            Citi\u021bi principiile noastre de moderare <a href=\"https:\/\/www.tion.ro\/reguli-postare-comentarii\/\" target=\"_blank\">aici<\/a>!\n        <\/p>\n<\/div>\n<\/div>\n<\/div>\n<\/div>\n<\/article>\n<div class=\"entry-content clearfix\">\n<div class=\"enewsArticleContent\">\n<p class=\"isSelectedEnd\">Scandal asear\u0103 \u00een centrul Timi\u0219oarei, \u00een Pia\u021ba Victoriei. Mai multe persoane s-au luat la b\u0103taie, iar conflictul a atras aten\u021bia celor afla\u021bi \u00een zon\u0103, prin urlete \u0219i \u021bipete.<\/p>\n<p class=\"isSelectedEnd\">Pentru ca lucrurile s\u0103 nu degenereze, la fa\u021ba locului au intervenit poli\u021bi\u0219tii locali, care au \u00eencercat s\u0103 calmeze spiritele \u0219i s\u0103 pun\u0103 cap\u0103t conflictului, dar \u0219i s\u0103 se asigure c\u0103 timi\u0219orenii ie\u0219i\u021bi la plimbare sunt proteja\u021bi.<\/p>\n<iframe loading=\"lazy\" src=\"https:\/\/www.facebook.com\/plugins\/video.php?height=476&amp;href=https%3A%2F%2Fwww.facebook.com%2Freel%2F1027468350156584%2F&amp;show_text=false&amp;width=357&amp;t=0\" width=\"357\" height=\"476\" frameborder scrolling=\"no\" allowfullscreen=\"allowfullscreen\"><\/iframe>\n<p class=\"isSelectedEnd\">Deocamdat\u0103 nu sunt cunoscute toate detaliile despre incident \u0219i nici dac\u0103 au existat persoane r\u0103nite. Informa\u021biile despre cei implica\u021bi nu au fost confirmate oficial, dar din video se pare c\u0103 ar fi de etnie rom\u0103 \u0219i ar fi fost o ceart\u0103 \u00eentre copii.<\/p>\n<p>Mai multe persoane au fost \u00eenc\u0103tu\u0219ate de c\u0103tre echipele de la Local\u0103 \u0219i conduse la Poli\u021bie.<\/p>\n<p>Urmeaz\u0103 ca autorit\u0103\u021bile s\u0103 stabileasc\u0103 exact ce s-a \u00eent\u00e2mplat \u0219i ce m\u0103suri se vor lua.<\/p>\n<p><img decoding=\"async\" loading=\"lazy\" class=\"aligncenter size-large wp-image-2332551\" src=\"https:\/\/www.tion.ro\/wp-content\/uploads\/2026\/08\/651859277358953210595566332146093955356312794573320n.jpg\" alt width=\"768\" height=\"1024\"><\/p>\n<p>\u00a0<\/p>\n<div class=\"fbShareLikeTwitterAndEmailContainer\">\n<div class=\"wrapper\">\n<div class=\"email\">\n<div id=\"mailto-pop\" class=\"pop-form pop-form-mailto\">\n<div class=\"pop-form-header\">\n<h4>Trimite articolul<\/h4>\n<p><a class=\"pop-form-close\">X<\/a><\/div>\n<\/div>\n<\/div>\n<\/div>\n<\/div>\n<div class=\"tagsContainer\">\n<div class=\"tagsLabel\">Taguri:<\/div>\n<div class=\"tags\">\n<div class=\"tag\"><a href=\"https:\/\/www.tion.ro\/cimke\/bataie-centru\" rel=\"tag\"><span class=\"link\">bataie centru<\/span><\/a><\/div>\n<\/div>\n<\/div>\n<div class=\"comments\">\n<div class=\"top\">\n<div class=\"commentsNumber\"><span class=\"number\">0<\/span><span class=\"text\">Comentarii<\/span><\/div>\n<\/div>\n<div class=\"center\">\n<div id=\"respond\" class=\"comment-respond\">\n<h3 id=\"reply-title\" class=\"comment-reply-title\"><small><a rel=\"nofollow\" id=\"cancel-comment-reply-link\" href=\"https:\/\/www.tion.ro\/eveniment\/video-bataie-cu-zeci-de-persoane-in-piata-victoriei-din-timisoara-politistii-locali-au-intervenit-2332533\/#respond\">Cancel reply<\/a><\/small><\/h3>\n<p class=\"comment-notes\"><span id=\"email-notes\">Your email address will not be published.<\/span><span class=\"required-field-message\">Required fields are marked <span class=\"required\">*<\/span><\/span><\/p>\n<p class=\"commentFormComment\"><span id=\"commentFormCount\"><br \/>\n                            inca<br \/>\n                            <span id=\"countCommentText\">1000<\/span><br \/>\n                            caractere ramase<br \/>\n                        <\/span><\/p>\n<\/div>\n<\/div>\n<div class=\"bottom\">\n<p class=\"forumDisclaimerHuRo\">\n            Citi\u021bi principiile noastre de moderare <a href=\"https:\/\/www.tion.ro\/reguli-postare-comentarii\/\" target=\"_blank\">aici<\/a>!\n        <\/p>\n<\/div>\n<\/div>\n<\/div>\n<\/div>\n<p>[analyse_source url=&#8221;https:\/\/www.tion.ro\/eveniment\/video-bataie-cu-zeci-de-persoane-in-piata-victoriei-din-timisoara-politistii-locali-au-intervenit-2332533\/&#8221;]<\/p>\n","protected":false},"excerpt":{"rendered":"<p>[analyse_image type=&#8221;featured&#8221; src=&#8221;https:\/\/www.tion.ro\/wp-content\/uploads\/2026\/08\/+otf\/1200&#215;630\/d29Z8ZG8+R4G9tBUkrrtBE5PVF9WRVJZX1NFQxZl8S5w952QNecjvQhSg__GzCRmvADe5hXmfMC6yFcHSDH2UymvDIzWoOe0TJfuQ2EIEi0okAnugZhTnPJhOPds=\/6518592Capturadeecran20260812100827.png&#8221;] Scandal asear\u0103 \u00een centrul Timi\u0219oarei, \u00een Pia\u021ba Victoriei. Mai multe persoane s-au luat la b\u0103taie, iar conflictul a atras aten\u021bia celor afla\u021bi \u00een zon\u0103, prin urlete \u0219i \u021bipete. Pentru ca lucrurile s\u0103 nu degenereze, la fa\u021ba locului au intervenit poli\u021bi\u0219tii locali, care au \u00eencercat s\u0103 calmeze spiritele \u0219i s\u0103 pun\u0103 cap\u0103t conflictului, [&hellip;]<\/p>\n","protected":false},"author":1,"featured_media":0,"comment_status":"open","ping_status":"","sticky":false,"template":"","format":"standard","meta":{"footnotes":""},"categories":[89],"tags":[226,191],"class_list":["post-2089065","post","type-post","status-publish","format-standard","hentry","category-romania","tag-crawlmanager","tag-tion-ro"],"_links":{"self":[{"href":"https:\/\/analyse.optim.biz\/index.php?rest_route=\/wp\/v2\/posts\/2089065","targetHints":{"allow":["GET"]}}],"collection":[{"href":"https:\/\/analyse.optim.biz\/index.php?rest_route=\/wp\/v2\/posts"}],"about":[{"href":"https:\/\/analyse.optim.biz\/index.php?rest_route=\/wp\/v2\/types\/post"}],"author":[{"embeddable":true,"href":"https:\/\/analyse.optim.biz\/index.php?rest_route=\/wp\/v2\/users\/1"}],"replies":[{"embeddable":true,"href":"https:\/\/analyse.optim.biz\/index.php?rest_route=%2Fwp%2Fv2%2Fcomments&post=2089065"}],"version-history":[{"count":0,"href":"https:\/\/analyse.optim.biz\/index.php?rest_route=\/wp\/v2\/posts\/2089065\/revisions"}],"wp:attachment":[{"href":"https:\/\/analyse.optim.biz\/index.php?rest_route=%2Fwp%2Fv2%2Fmedia&parent=2089065"}],"wp:term":[{"taxonomy":"category","embeddable":true,"href":"https:\/\/analyse.optim.biz\/index.php?rest_route=%2Fwp%2Fv2%2Fcategories&post=2089065"},{"taxonomy":"post_tag","embeddable":true,"href":"https:\/\/analyse.optim.biz\/index.php?rest_route=%2Fwp%2Fv2%2Ftags&post=2089065"}],"curies":[{"name":"wp","href":"https:\/\/api.w.org\/{rel}","templated":true}]}}