{"id":2088965,"date":"2026-07-31T00:00:00","date_gmt":"2026-07-30T21:00:00","guid":{"rendered":"https:\/\/analyse.optim.biz\/?p=2088965"},"modified":"2026-07-31T00:00:00","modified_gmt":"2026-07-30T21:00:00","slug":"video-peste-80-000-de-pensionari-in-evidentele-cjp-vrancea-cum-arata-bilantul-primelor-sase-luni-din-2026","status":"publish","type":"post","link":"https:\/\/analyse.optim.biz\/?p=2088965","title":{"rendered":"VIDEO | Peste 80.000 de pensionari \u00een eviden\u021bele CJP Vrancea! Cum arat\u0103 bilan\u021bul primelor \u0219ase luni din 2026"},"content":{"rendered":"<p>[analyse_image type=&#8221;featured&#8221; src=&#8221;https:\/\/zdvi.cname.ro\/_\/peste-80.000-de-pensionari-in-evidentele-cjp-vrancea-cum-arata-bilantul-primelor-sase-luni-din-2026\/mediaPool\/u7Op6TJ.jpg&#8221;]<\/p>\n<div class=\"main-content detaliu-articol\"><a class=\"titlu-cat-list\" href=\"https:\/\/ziaruldevrancea.ro\/special\/social\">Social<\/a><\/p>\n<h1>VIDEO | Peste 80.000 de pensionari \u00een eviden\u021bele CJP Vrancea! Cum arat\u0103 bilan\u021bul primelor \u0219ase luni din 2026<\/h1>\n<div class=\"date-articol clearfix\">\n<div class=\"distribuie-articol dropdown\">\n    Distribuie: \u00a0<br \/>\n    <em>|<\/em><\/div>\n<div class=\"autor-articol\"><a href=\"https:\/\/ziaruldevrancea.ro\/autor\/paul-petrache\/\"><img decoding=\"async\" class=\"img-circle\" src=\"https:\/\/zdvi.cname.ro\/50_50\/articleAuthor\/paul-petrache\/articleAuthor\/uNItZQs.PNG\" alt><\/a><\/p>\n<h5><a href=\"https:\/\/ziaruldevrancea.ro\/autor\/paul-petrache\/\">Paul Petrache<\/a><\/h5>\n<div class=\"grup-spatiere\"><span class=\"cu-spatiere\">31 iul 2026<\/span><span class=\"cu-spatiere\">1011 vizualiz\u0103ri<\/span><\/div>\n<\/div>\n<\/div>\n<div class=\"poza-mare\"><a href class=\"openGallery\"><img decoding=\"async\" class=\"img-responsive\" src=\"https:\/\/zdvi.cname.ro\/850_530\/peste-80.000-de-pensionari-in-evidentele-cjp-vrancea-cum-arata-bilantul-primelor-sase-luni-din-2026\/article\/mediaPool\/u7Op6TJ.jpg\" alt><\/a><\/div>\n<p><strong>Peste 6.700 de decizii emise \u0219i peste 80.000 de beneficiari \u00een primul semestru al anului 2026.<\/strong><\/p>\n<p><strong>Activitatea Casei Jude\u021bene de Pensii Vrancea \u00een perioada ianuarie\u2013iunie 2026 a fost prezentat\u0103 \u00een \u0219edin\u021ba Colegiului Prefectural din 30 iulie. Raportul eviden\u021biaz\u0103 volumul mare de cereri solu\u021bionate, evolu\u021bia num\u0103rului de pensionari, plata ajutoarelor de deces \u0219i principalele activit\u0103\u021bi desf\u0103\u0219urate de institu\u021bie.<\/strong><\/p>\n<hr>\n<p><strong>Raportul Casei Jude\u021bene de Pensii Vrancea: peste 6.700 de decizii emise \u0219i peste 80.000 de beneficiari \u00een primul semestru al anului 2026<\/strong><\/p>\n<p><strong>VIDEO:<\/strong><strong><a href=\"https:\/\/www.youtube.com\/@atlastvvrancea\" target=\"_blank\">vrancea atlastv<\/a><\/strong><\/p>\n<div class=\"video-embed\"><iframe loading=\"lazy\" frameborder height=\"560\" scrolling=\"no\" src=\"https:\/\/www.youtube.com\/embed\/lnSOqqcngZk?si=iaBjeJ-LEtGVnkM-\" width=\"100%\"><\/iframe><\/div>\n<p>\u00a0<\/p>\n<p>Activitatea Casei Jude\u021bene de Pensii (CJP) Vrancea \u00een perioada <strong>1 ianuarie \u2013 30 iunie 2026<\/strong> a fost analizat\u0103 \u00een cadrul \u0219edin\u021bei <strong>Colegiului Prefectural Vrancea<\/strong>, desf\u0103\u0219urat\u0103 joi, 30 iulie 2026. Raportul prezentat de institu\u021bie arat\u0103 c\u0103 primul semestru al anului a fost caracterizat de un volum ridicat de activitate, at\u00e2t \u00een ceea ce prive\u0219te stabilirea \u0219i plata drepturilor de pensie, c\u00e2t \u0219i administrarea presta\u021biilor sociale \u0219i gestionarea bugetelor aferente.<\/p>\n<p>Potrivit documentului, principala preocupare a Casei Jude\u021bene de Pensii Vrancea a fost \u00eendeplinirea obiectivelor institu\u021biei prin administrarea eficient\u0103 a sistemului public de pensii, respectarea termenelor legale \u0219i men\u021binerea colabor\u0103rii cu celelalte institu\u021bii publice \u0219i autorit\u0103\u021bi.<\/p>\n<p><strong>Aproape 5.600 de cereri analizate \u0219i peste 6.700 de decizii emise<\/strong><\/p>\n<p>\u00cen primele \u0219ase luni ale anului au fost \u00eenregistrate <strong>5.570 de cereri<\/strong> privind \u00eenscrieri noi la pensie \u0219i modific\u0103ri ale drepturilor existente, dintre care <strong>4.790 au fost solu\u021bionate<\/strong>, ceea ce reprezint\u0103 un grad de realizare de <strong>86%<\/strong>. Diferen\u021ba este reprezentat\u0103 de dosarele aflate \u00eenc\u0103 \u00een termenul legal de solu\u021bionare.<\/p>\n<p>Pe categorii, au fost depuse:<\/p>\n<ul>\n<li><strong>977<\/strong> cereri pentru pensie la limit\u0103 de v\u00e2rst\u0103;<\/li>\n<li><strong>176<\/strong> cereri pentru pensie anticipat\u0103;<\/li>\n<li><strong>290<\/strong> cereri pentru pensie de invaliditate;<\/li>\n<li><strong>356<\/strong> cereri pentru pensie de urma\u0219;<\/li>\n<li><strong>128<\/strong> cereri de transfer din alte case teritoriale de pensii.<\/li>\n<\/ul>\n<p>La acestea s-au ad\u0103ugat <strong>3.622 de cereri<\/strong> privind recalcul\u0103ri, revizuiri, suspend\u0103ri sau alte modific\u0103ri ale drepturilor de pensie.<\/p>\n<p>Raportul precizeaz\u0103 c\u0103, \u00eempreun\u0103 cu dosarele r\u0103mase din anul precedent \u0219i solu\u021bionate \u00een 2026, Serviciul Stabiliri Presta\u021bii \u0219i Pensii Interna\u021bionale a emis <strong>6.755 de decizii<\/strong> \u00een prima jum\u0103tate a anului.<\/p>\n<p><strong>Sute de dosare privind pensii interna\u021bionale<\/strong><\/p>\n<p>Un capitol distinct al raportului vizeaz\u0103 activitatea privind pensiile interna\u021bionale. \u00cen perioada analizat\u0103 au fost \u00eenregistrate <strong>728 de lucr\u0103ri<\/strong>, dintre care <strong>650 au fost solu\u021bionate<\/strong>, cele mai multe solicit\u0103ri viz\u00e2nd persoane care au lucrat \u00een <strong>Italia, Spania \u0219i Germania<\/strong>, dar \u0219i \u00een Austria, Fran\u021ba, Belgia, Marea Britanie, Israel sau Republica Moldova.<\/p>\n<p>Institu\u021bia men\u021bioneaz\u0103 c\u0103 principalele dificult\u0103\u021bi \u00eent\u00e2lnite sunt lipsa unor documente privind stagiile de cotizare realizate \u00eenainte de anul 2001, \u00eent\u00e2rzierile \u00een schimbul de documente cu alte state \u0219i lipsa unor acte necesare complet\u0103rii dosarelor.<\/p>\n<p><strong>Peste 1.800 de ajutoare de deces pl\u0103tite<\/strong><\/p>\n<p>\u00cen primul semestru al anului 2026, Casa Jude\u021bean\u0103 de Pensii Vrancea a achitat prin casierie <strong>1.808 ajutoare \u0219i alte drepturi<\/strong>, dintre care <strong>1.693 au reprezentat ajutoare de deces<\/strong>, valoarea total\u0103 a sumelor pl\u0103tite dep\u0103\u0219ind <strong>15,1 milioane de lei<\/strong>.<\/p>\n<p>\u00cen acela\u0219i interval au fost comunicate mii de opera\u021biuni privind \u00eenscrieri noi la pensie, recalcul\u0103ri, modific\u0103ri ale drepturilor, transferuri \u0219i \u00eencet\u0103ri de plat\u0103, activitatea fiind desf\u0103\u0219urat\u0103 at\u00e2t prin sistemul po\u0219tal, c\u00e2t \u0219i prin institu\u021biile bancare.<\/p>\n<p><strong>Peste 80.000 de pensionari \u00een eviden\u021bele CJP Vrancea<\/strong><\/p>\n<p>Datele statistice prezentate \u00een raport arat\u0103 c\u0103, la jum\u0103tatea anului 2026, \u00een eviden\u021bele Casei Jude\u021bene de Pensii Vrancea figurau <strong>80.179 de pensionari<\/strong>, fa\u021b\u0103 de <strong>80.988<\/strong> \u00een anul 2025 \u0219i <strong>83.383<\/strong> \u00een 2022.<\/p>\n<p>Raportul eviden\u021biaz\u0103 o diminuare constant\u0103 a num\u0103rului pensionarilor proveni\u021bi din fostele cooperative agricole de produc\u021bie (CAP), precum \u0219i o sc\u0103dere a num\u0103rului beneficiarilor veterani de r\u0103zboi, pe fondul evolu\u021biei demografice. \u00cen schimb, num\u0103rul beneficiarilor unor drepturi acordate prin legi speciale r\u0103m\u00e2ne semnificativ.<\/p>\n<p><strong>Pensia medie \u0219i sprijinul acordat pensionarilor<\/strong><\/p>\n<p>Conform raportului, \u00een 2026 pensia medie \u00een sistemul de stat din jude\u021bul Vrancea este de <strong>2.275 de lei<\/strong>, iar \u00een cazul fo\u0219tilor agricultori de <strong>1.220 de lei<\/strong>. Totodat\u0103, institu\u021bia arat\u0103 c\u0103 persoanele cu venituri reduse continu\u0103 s\u0103 beneficieze de indemniza\u021bia social\u0103, potrivit legisla\u021biei \u00een vigoare.<\/p>\n<p>Raportul mai consemneaz\u0103 c\u0103, \u00een luna mai 2026, \u00een baza OUG nr. 23\/2026, <strong>2.666 de pensionari din Vrancea<\/strong> au primit ajutoare financiare \u00een valoare total\u0103 de <strong>1.190.900 de lei<\/strong>.<\/p>\n<p><strong>Peste un miliard de lei administra\u021bi prin bugetul asigur\u0103rilor sociale<\/strong><\/p>\n<p>\u00cen ceea ce prive\u0219te activitatea economic\u0103, raportul arat\u0103 c\u0103, \u00een primul semestru al anului, pentru bugetul asigur\u0103rilor sociale au fost repartizate credite de peste <strong>1,014 miliarde de lei<\/strong>, din care aproape <strong>988 de milioane de lei<\/strong> au fost destinate pl\u0103\u021bii pensiilor. Alte fonduri au fost utilizate pentru ajutoare de deces, cheltuieli de personal, servicii \u0219i taxe po\u0219tale.<\/p>\n<p>Raportul concluzioneaz\u0103 c\u0103 activitatea Casei Jude\u021bene de Pensii Vrancea s-a desf\u0103\u0219urat \u00een limitele bugetelor aprobate \u0219i cu respectarea termenelor \u0219i procedurilor prev\u0103zute de legisla\u021bia \u00een vigoare.<\/p>\n<p><strong>Paul Petrache<\/strong><\/p>\n<hr>\n<div class=\"bloc-widget widget-rosu\">\n<p>\u00cen lipsa unui acord scris din partea Ziarului de Vrancea, pute\u0163i prelua maxim 500 de caractere din acest articol dac\u0103 preciza\u0163i sursa \u015fi insera\u0163i vizibil link-ul articolului:\u00a0<span>#insertcurrentlinkhere<\/span><\/p>\n<\/div>\n<div class=\"extra-articol listing-anunturi\">\n<h6>Anun\u021buri <span class=\"text-primary\">ZdV<\/span> Premium<\/h6>\n<div class=\"row\">\n<div class=\"col-lg-4 col-md-6 bloc-egal\"><a class=\"card-anunt\" href=\"https:\/\/ziaruldevrancea.ro\/anunturi\/auto\/utilaje-camioane\/vand-combina-agricola\"><strong class=\"titlu\">Utilaje-Camioane<\/strong><span class=\"text-anunt\">V\u00e2nd combin\u0103 agricol\u0103 Claas Dominator 85&#8230;<\/span><span class=\"data-anunt\">11.08.2026  <\/span><\/a><\/div>\n<div class=\"col-lg-4 col-md-6 bloc-egal\"><a class=\"card-anunt\" href=\"https:\/\/ziaruldevrancea.ro\/anunturi\/altele\/aniversari\/un-secol-de-viata-pentru-emanoil-gaspar-fost-sef-de-post-in-comuna-bordesti-la-multi-ani-tata\"><strong class=\"titlu\">Anivers\u0103ri<\/strong><span class=\"text-anunt\">Aniversare deosebit\u0103 \u00een Vrancea | Emanoil&#8230;<\/span><span class=\"data-anunt\">12.08.2026  <\/span><\/a><\/div>\n<div class=\"col-lg-4 col-md-6 bloc-egal\"><a class=\"card-anunt\" href=\"https:\/\/ziaruldevrancea.ro\/anunturi\/angajari\/oferte-angajari\/diverse-anunt-72834\"><strong class=\"titlu\">Oferte<\/strong><span class=\"text-anunt\">Caut persoan\u0103 \u00eengrijire persoan\u0103&#8230;<\/span><span class=\"data-anunt\">12.08.2026 , Vrancea , Foc\u0219ani<\/span><\/a><\/div>\n<\/div>\n<\/div>\n<div class=\"extra-articol alte-articole\">\n<div class=\"row\">\n<div class=\"col-lg-6 bloc-egal\">\n<div class=\"card articol-listing\">\n<h6>\u00cen categoria <a href=\"https:\/\/ziaruldevrancea.ro\/special\/social\">Social<\/a><\/h6>\n<div class=\"grup-articol-listing\">\n<div class=\"cont-pils\"><a href=\"https:\/\/ziaruldevrancea.ro\/special\/social\/apel-umanitar-in-vrancea-crucea-rosie-intra-in-campania-pentru-anais-fetita-de-9-ani-din-nereju.-cum-poate-fi-ajutata\"><img decoding=\"async\" src=\"https:\/\/zdvi.cname.ro\/180_135\/special\/social\/apel-umanitar-in-vrancea-crucea-rosie-intra-in-campania-pentru-anais-fetita-de-9-ani-din-nereju.-cum-poate-fi-ajutata\/mediaPool\/uChpiIU.jpg\" class=\"img-responsive img-180\" alt><\/a><\/div>\n<h2><a class=\"link-titlu\" href=\"https:\/\/ziaruldevrancea.ro\/special\/social\/apel-umanitar-in-vrancea-crucea-rosie-intra-in-campania-pentru-anais-fetita-de-9-ani-din-nereju.-cum-poate-fi-ajutata\">Apel umanitar \u00een Vrancea | Crucea Ro\u0219ie intr\u0103 \u00een campania pentru Anais, feti\u021ba de 9 ani din Nereju. Cum poate fi ajutat\u0103<\/a><\/h2>\n<div class=\"date-post\"><a href=\"https:\/\/ziaruldevrancea.ro\/autor\/anca-vasiliu\">Anca Vasiliu<\/a>, 10 aug 2026  <\/div>\n<\/div>\n<div class=\"grup-articol-listing\">\n<div class=\"cont-pils\"><a href=\"https:\/\/ziaruldevrancea.ro\/special\/social\/apel-umanitar-in-vrancea-pentru-anais-o-fetita-de-9-ani-din-nereju.-familia-cere-sprijin-pentru-investigatii-tratament-si-operatie\"><img decoding=\"async\" src=\"https:\/\/zdvi.cname.ro\/180_135\/special\/social\/apel-umanitar-in-vrancea-pentru-anais-o-fetita-de-9-ani-din-nereju.-familia-cere-sprijin-pentru-investigatii-tratament-si-operatie\/mediaPool\/uUZRs51.jpg\" class=\"img-responsive img-180\" alt><\/a><\/div>\n<h2><a class=\"link-titlu\" href=\"https:\/\/ziaruldevrancea.ro\/special\/social\/apel-umanitar-in-vrancea-pentru-anais-o-fetita-de-9-ani-din-nereju.-familia-cere-sprijin-pentru-investigatii-tratament-si-operatie\">Apel umanitar \u00een Vrancea pentru Anais, o feti\u021b\u0103 de 9 ani din Nereju. Familia cere sprijin pentru investiga\u021bii, tratament \u0219i opera\u021bie<\/a><\/h2>\n<div class=\"date-post\"><a href=\"https:\/\/ziaruldevrancea.ro\/autor\/anca-vasiliu\">Anca Vasiliu<\/a>,  9 aug 2026  <\/div>\n<\/div>\n<div class=\"grup-articol-listing\">\n<div class=\"cont-pils\"><a href=\"https:\/\/ziaruldevrancea.ro\/special\/social\/vrancenii-pot-beneficia-de-servicii-medicale-fara-cardul-de-sanatate-in-august-2026.-anunt-important-al-cas-vrancea\"><img decoding=\"async\" src=\"https:\/\/zdvi.cname.ro\/180_135\/special\/social\/vrancenii-pot-beneficia-de-servicii-medicale-fara-cardul-de-sanatate-in-august-2026.-anunt-important-al-cas-vrancea\/mediaPool\/ugXMKKy.jpg\" class=\"img-responsive img-180\" alt><\/a><\/div>\n<h2><a class=\"link-titlu\" href=\"https:\/\/ziaruldevrancea.ro\/special\/social\/vrancenii-pot-beneficia-de-servicii-medicale-fara-cardul-de-sanatate-in-august-2026.-anunt-important-al-cas-vrancea\">Vr\u00e2ncenii pot beneficia de servicii medicale f\u0103r\u0103 cardul de s\u0103n\u0103tate \u00een august 2026. Anun\u021b important al CAS Vrancea<\/a><\/h2>\n<div class=\"date-post\"><a href=\"https:\/\/ziaruldevrancea.ro\/autor\/anca-vasiliu\">Anca Vasiliu<\/a>,  8 aug 2026  <\/div>\n<\/div>\n<\/div>\n<\/div>\n<div class=\"col-lg-6 bloc-egal\">\n<div class=\"card articol-listing\">\n<h6>De acela\u0219i <a href=\"https:\/\/ziaruldevrancea.ro\/autor\/paul-petrache\/\">autor<\/a><\/h6>\n<div class=\"grup-articol-listing\">\n<div class=\"cont-pils\"><a href=\"https:\/\/ziaruldevrancea.ro\/actualitatea\/stiri-locale\/cutremur-de-magnitudine-45-in-zona-seismica-vrancea-buzau-marti-seara.-seismul-s-a-produs-la-140-km-adancime\"><img decoding=\"async\" src=\"https:\/\/zdvi.cname.ro\/180_135\/actualitatea\/stiri-locale\/cutremur-de-magnitudine-45-in-zona-seismica-vrancea-buzau-marti-seara.-seismul-s-a-produs-la-140-km-adancime\/mediaPool\/uy65ofo.jpg\" class=\"img-responsive img-180\" alt><\/a><\/div>\n<h2><a class=\"link-titlu\" href=\"https:\/\/ziaruldevrancea.ro\/actualitatea\/stiri-locale\/cutremur-de-magnitudine-45-in-zona-seismica-vrancea-buzau-marti-seara.-seismul-s-a-produs-la-140-km-adancime\">Cutremur de magnitudine 4,5 \u00een zona seismic\u0103 Vrancea-Buz\u0103u, mar\u021bi sear\u0103. Seismul s-a produs la 140 km ad\u00e2ncime<\/a><\/h2>\n<div class=\"date-post\"><a href=\"https:\/\/ziaruldevrancea.ro\/autor\/paul-petrache\">Paul Petrache<\/a>, 11 aug 2026  <\/div>\n<\/div>\n<div class=\"grup-articol-listing\">\n<div class=\"cont-pils\"><a href=\"https:\/\/ziaruldevrancea.ro\/actualitatea\/stiri-locale\/-accident-rutier-la-jiliste--slobozia-ciorasti-in-vrancea-o-masina-s-a-rasturnat-in-afara-soselei\"><img decoding=\"async\" src=\"https:\/\/zdvi.cname.ro\/180_135\/actualitatea\/stiri-locale\/-accident-rutier-la-jiliste--slobozia-ciorasti-in-vrancea-o-masina-s-a-rasturnat-in-afara-soselei\/mediaPool\/ujlK5uA.jpg\" class=\"img-responsive img-180\" alt><\/a><\/div>\n<h2><a class=\"link-titlu\" href=\"https:\/\/ziaruldevrancea.ro\/actualitatea\/stiri-locale\/-accident-rutier-la-jiliste--slobozia-ciorasti-in-vrancea-o-masina-s-a-rasturnat-in-afara-soselei\">(Update) \u00a0Accident rutier la Jili\u0219te- Slobozia Cior\u0103\u0219ti, \u00een Vrancea: o ma\u0219in\u0103 s-a r\u0103sturnat \u00een afara \u0219oselei<\/a><\/h2>\n<div class=\"date-post\"><a href=\"https:\/\/ziaruldevrancea.ro\/autor\/paul-petrache\">Paul Petrache<\/a>, 11 aug 2026  <\/div>\n<\/div>\n<div class=\"grup-articol-listing\">\n<div class=\"cont-pils\"><a href=\"https:\/\/ziaruldevrancea.ro\/actualitatea\/stiri-locale\/amenzi-pentru-viteza-in-vrancea-285-de-sanctiuni-si-9-permise-retinute.-sofer-de-19-ani-prins-cu-126-kmh-in-focsani\"><img decoding=\"async\" src=\"https:\/\/zdvi.cname.ro\/180_135\/actualitatea\/stiri-locale\/amenzi-pentru-viteza-in-vrancea-285-de-sanctiuni-si-9-permise-retinute.-sofer-de-19-ani-prins-cu-126-kmh-in-focsani\/mediaPool\/uSSkEtO.jpg\" class=\"img-responsive img-180\" alt><\/a><\/div>\n<h2><a class=\"link-titlu\" href=\"https:\/\/ziaruldevrancea.ro\/actualitatea\/stiri-locale\/amenzi-pentru-viteza-in-vrancea-285-de-sanctiuni-si-9-permise-retinute.-sofer-de-19-ani-prins-cu-126-kmh-in-focsani\">Amenzi pentru vitez\u0103 \u00een Vrancea: 285 de sanc\u021biuni \u0219i 9 permise re\u021binute. \u0218ofer de 19 ani, prins cu 126 km\/h \u00een Foc\u0219ani<\/a><\/h2>\n<div class=\"date-post\"><a href=\"https:\/\/ziaruldevrancea.ro\/autor\/paul-petrache\">Paul Petrache<\/a>, 10 aug 2026  <\/div>\n<\/div>\n<\/div>\n<\/div>\n<\/div>\n<\/div>\n<div class=\"extra-articol listing-anunturi\">\n<h6>Anun\u021buri <span class=\"text-primary\">ZdV<\/span> Premium<\/h6>\n<div class=\"row\">\n<div class=\"col-lg-4 col-md-6 bloc-egal\"><a class=\"card-anunt\" href=\"https:\/\/ziaruldevrancea.ro\/anunturi\/inchirieri\/locuinte-oferte\/primesc-in-gazda-elevi-anunt-72832\"><strong class=\"titlu\">Locuin\u021be oferte<\/strong><span class=\"text-anunt\">Primesc \u00een gazd\u0103 elevi la cas\u0103-vil\u0103,&#8230;<\/span><span class=\"data-anunt\">07.08.2026  <\/span><\/a><\/div>\n<div class=\"col-lg-4 col-md-6 bloc-egal\"><a class=\"card-anunt\" href=\"https:\/\/ziaruldevrancea.ro\/anunturi\/altele\/matrimoniale\/Imi-caut-sufletul-pereche-anunt-72833\"><strong class=\"titlu\">Matrimoniale<\/strong><span class=\"text-anunt\">Domn serios caut doamn\u0103 serioas\u0103, v\u00e2rsta&#8230;<\/span><span class=\"data-anunt\">07.08.2026  <\/span><\/a><\/div>\n<div class=\"col-lg-4 col-md-6 bloc-egal\"><a class=\"card-anunt\" href=\"https:\/\/ziaruldevrancea.ro\/anunturi\/angajari\/oferte-angajari\/angajare-anunt-72830\"><strong class=\"titlu\">Oferte<\/strong><span class=\"text-anunt\">ECOSISTEM SRL cu sediul in localitatea Jorasti,&#8230;<\/span><span class=\"data-anunt\">05.08.2026  <\/span><\/a><\/div>\n<\/div>\n<\/div>\n<div class=\"bloc-widget widget-albastru\">\n    Ziarul de Vrancea \u00a0nu este responsabil juridic pentru con\u0163inutul textelor din comentariile de mai jos. Responsabilitatea pentru mesajele dumneavoastra v\u0103 revine \u00een exclusivitate.\n<\/div>\n<div class=\"comentarii-articol\" id=\"comentarii\">\n<h3>Comentarii: <span class=\"text-primary\">0<\/span><\/h3>\n<p><a href=\"https:\/\/ziaruldevrancea.ro\/special\/social\/peste-80.000-de-pensionari-in-evidentele-cjp-vrancea-cum-arata-bilantul-primelor-sase-luni-din-2026\" class=\"btn btn-success btn-adauga-com\" data-toggle=\"modal\" data-parent=\"0\" data-target=\"#commentModal\">Adaug\u0103 comentariu<\/a><\/p>\n<div class=\"loadMask comments-mask\"><img decoding=\"async\" src=\"https:\/\/zdvs.cname.ro\/images\/loader_40.gif\"><\/div>\n<div class=\"comenteaza-jos\">Trebuie s\u0103 fii <a href=\"https:\/\/ziaruldevrancea.ro\/account\">autentificat<\/a> pentru a putea <a href=\"https:\/\/ziaruldevrancea.ro\/special\/social\/peste-80.000-de-pensionari-in-evidentele-cjp-vrancea-cum-arata-bilantul-primelor-sase-luni-din-2026\" class data-toggle=\"modal\" data-parent=\"0\" data-target=\"#commentModal\">posta un comentariu<\/a>.<\/div>\n<\/div>\n<div class=\"modal fade\" id=\"commentModal\" role=\"dialog\" aria-labelledby=\"commentModalLabel\">\n<div class=\"modal-dialog modal-lg\" role=\"document\">\n<div class=\"modal-content\">\n<div class=\"modal-header\">\n<h3 class=\"modal-title\" id=\"commentModalLabel\">Comenteaz\u0103<\/h3>\n<\/div>\n<div class=\"modal-body\">\n<div class=\"tabel tabel-full\">\n<div class=\"celula\">\n              Trebuie s\u0103 fii <a href=\"https:\/\/ziaruldevrancea.ro\/account\">autentificat<\/a> pentru a putea posta un comentariu.\n            <\/div>\n<\/div>\n<\/div>\n<div class=\"modal-footer\">\n<div id=\"commentPending\" class=\"formPending pull-left\"><img decoding=\"async\" src=\"https:\/\/zdvs.cname.ro\/images\/loader_40.gif\"> In curs de procesare&#8230;<\/div>\n<p><a href=\"https:\/\/ziaruldevrancea.ro\/special\/social\/peste-80.000-de-pensionari-in-evidentele-cjp-vrancea-cum-arata-bilantul-primelor-sase-luni-din-2026\" class=\"btn btn-default\" data-dismiss=\"modal\">Anuleaz\u0103<\/a><\/div>\n<\/div>\n<\/div>\n<\/div>\n<div class=\"modal fade\" id=\"commentReportModal\" role=\"dialog\" aria-labelledby=\"commentReportModalLabel\">\n<div class=\"modal-dialog modal-lg\" role=\"document\">\n<div class=\"modal-content\">\n<div class=\"modal-header\">\n<h3 class=\"modal-title\" id=\"commentReportModalLabel\">Raporteaza comentariu<\/h3>\n<\/div>\n<div class=\"modal-body\">\n<div class=\"tabel tabel-full\">\n<div class=\"celula\">\n              Trebuie s\u0103 fii <a href=\"https:\/\/ziaruldevrancea.ro\/account\">autentificat<\/a> pentru a putea raporta un comentariu.\n            <\/div>\n<\/div>\n<\/div>\n<div class=\"modal-footer\">\n<div id=\"commentReportPending\" class=\"formPending pull-left\"><img decoding=\"async\" src=\"https:\/\/zdvs.cname.ro\/images\/loader_40.gif\"> In curs de procesare&#8230;<\/div>\n<p><a href=\"https:\/\/ziaruldevrancea.ro\/special\/social\/peste-80.000-de-pensionari-in-evidentele-cjp-vrancea-cum-arata-bilantul-primelor-sase-luni-din-2026\" class=\"btn btn-default\" data-dismiss=\"modal\">Anuleaz\u0103<\/a><\/div>\n<\/div>\n<\/div>\n<\/div>\n<div class=\"modal fade\" id=\"commentLikeModal\" role=\"dialog\" aria-labelledby=\"commentLikeModalLabel\">\n<div class=\"modal-dialog modal-lg\" role=\"document\">\n<div class=\"modal-content\">\n<div class=\"modal-header\">\n<h3 class=\"modal-title\" id=\"commentReportModalLabel\">Apreciaza comentariu<\/h3>\n<\/div>\n<div class=\"modal-body\">\n<div class=\"tabel tabel-full\">\n<div class=\"celula\">\n            Trebuie s\u0103 fii <a href=\"https:\/\/ziaruldevrancea.ro\/account\">autentificat<\/a> pentru a putea aprecia un comentariu.\n          <\/div>\n<\/div>\n<\/div>\n<div class=\"modal-footer\"><a href=\"https:\/\/ziaruldevrancea.ro\/special\/social\/peste-80.000-de-pensionari-in-evidentele-cjp-vrancea-cum-arata-bilantul-primelor-sase-luni-din-2026\" class=\"btn btn-default\" data-dismiss=\"modal\">Anuleaz\u0103<\/a><\/div>\n<\/div>\n<\/div>\n<\/div>\n<div class=\"bloc-widget widget-rosu\"><span><small>Ziarul de Vrancea doreste ca acest site sa fie un spatiu al discutiilor civilizate, al comentariilor de bun simt. Din acest motiv, cei care posteaza comentarii la articole trebuie sa respecte urmatoarele reguli:<br \/>\n1. Sa se refere doar la articolul la care posteaza comentarii.<br \/>\n2. Sa foloseasca un limbaj civilizat, fara injurii, calomnii, comentarii antisemite, xenofobe sau rasiste.<br \/>\n3. Sunt interzise atacurile la adresa autorilor, daca acestea nu au legatura cu textul.<br \/>\n4. Username-ul sa nu fie nume de personalitati ale vietii publice sau parodieri ale acestora.<br \/>\nAutorul unui articol poate fi criticat pentru eventuale greseli, incoerenta, lipsa de documentare etc.<br \/>\nNerespectarea regulilor mentionate mai sus va duce la stergerea comentariilor, fara avertisment si fara explicatii.<br \/>\nAbaterile repetate vor avea drept consecinta interdictia accesului la aceasta facilitate a site-ului.<\/small><\/span><\/div>\n<\/div>\n<p>[analyse_source url=&#8221;https:\/\/ziaruldevrancea.ro\/special\/social\/peste-80.000-de-pensionari-in-evidentele-cjp-vrancea-cum-arata-bilantul-primelor-sase-luni-din-2026&#8243;]<\/p>\n","protected":false},"excerpt":{"rendered":"<p>[analyse_image type=&#8221;featured&#8221; src=&#8221;https:\/\/zdvi.cname.ro\/_\/peste-80.000-de-pensionari-in-evidentele-cjp-vrancea-cum-arata-bilantul-primelor-sase-luni-din-2026\/mediaPool\/u7Op6TJ.jpg&#8221;] Social VIDEO | Peste 80.000 de pensionari \u00een eviden\u021bele CJP Vrancea! Cum arat\u0103 bilan\u021bul primelor \u0219ase luni din 2026 Distribuie: \u00a0 | Paul Petrache 31 iul 20261011 vizualiz\u0103ri Peste 6.700 de decizii emise \u0219i peste 80.000 de beneficiari \u00een primul semestru al anului 2026. Activitatea Casei Jude\u021bene de Pensii Vrancea \u00een perioada [&hellip;]<\/p>\n","protected":false},"author":1,"featured_media":0,"comment_status":"open","ping_status":"","sticky":false,"template":"","format":"standard","meta":{"footnotes":""},"categories":[89],"tags":[226,208],"class_list":["post-2088965","post","type-post","status-publish","format-standard","hentry","category-romania","tag-crawlmanager","tag-ziaruldevrancea-ro"],"_links":{"self":[{"href":"https:\/\/analyse.optim.biz\/index.php?rest_route=\/wp\/v2\/posts\/2088965","targetHints":{"allow":["GET"]}}],"collection":[{"href":"https:\/\/analyse.optim.biz\/index.php?rest_route=\/wp\/v2\/posts"}],"about":[{"href":"https:\/\/analyse.optim.biz\/index.php?rest_route=\/wp\/v2\/types\/post"}],"author":[{"embeddable":true,"href":"https:\/\/analyse.optim.biz\/index.php?rest_route=\/wp\/v2\/users\/1"}],"replies":[{"embeddable":true,"href":"https:\/\/analyse.optim.biz\/index.php?rest_route=%2Fwp%2Fv2%2Fcomments&post=2088965"}],"version-history":[{"count":0,"href":"https:\/\/analyse.optim.biz\/index.php?rest_route=\/wp\/v2\/posts\/2088965\/revisions"}],"wp:attachment":[{"href":"https:\/\/analyse.optim.biz\/index.php?rest_route=%2Fwp%2Fv2%2Fmedia&parent=2088965"}],"wp:term":[{"taxonomy":"category","embeddable":true,"href":"https:\/\/analyse.optim.biz\/index.php?rest_route=%2Fwp%2Fv2%2Fcategories&post=2088965"},{"taxonomy":"post_tag","embeddable":true,"href":"https:\/\/analyse.optim.biz\/index.php?rest_route=%2Fwp%2Fv2%2Ftags&post=2088965"}],"curies":[{"name":"wp","href":"https:\/\/api.w.org\/{rel}","templated":true}]}}