{"id":2088963,"date":"2026-08-01T00:00:00","date_gmt":"2026-07-31T21:00:00","guid":{"rendered":"https:\/\/analyse.optim.biz\/?p=2088963"},"modified":"2026-08-01T00:00:00","modified_gmt":"2026-07-31T21:00:00","slug":"misiune-contracronometru-la-focsani-un-barbat-de-70-de-ani-readus-la-viata-de-echipajul-saj-vrancea-dupa-un-stop-cardio-respirator","status":"publish","type":"post","link":"https:\/\/analyse.optim.biz\/?p=2088963","title":{"rendered":"Misiune contracronometru la Foc\u0219ani: un b\u0103rbat de 70 de ani, readus la via\u021b\u0103 de echipajul SAJ Vrancea dup\u0103 un stop cardio-respirator"},"content":{"rendered":"<p>[analyse_image type=&#8221;featured&#8221; src=&#8221;https:\/\/zdvi.cname.ro\/_\/misiune-contracronometru-la-focsani-un-barbat-de-70-de-ani-readus-la-viata-de-echipajul-saj-vrancea-dupa-un-stop-cardio-respirator\/mediaPool\/u6A9Isn.jpg&#8221;]<\/p>\n<div class=\"main-content detaliu-articol\"><a class=\"titlu-cat-list\" href=\"https:\/\/ziaruldevrancea.ro\/special\/social\">Social<\/a><\/p>\n<h1>Misiune contracronometru la Foc\u0219ani: un b\u0103rbat de 70 de ani, readus la via\u021b\u0103 de echipajul SAJ Vrancea dup\u0103 un stop cardio-respirator<\/h1>\n<div class=\"date-articol clearfix\">\n<div class=\"distribuie-articol dropdown\">\n    Distribuie: \u00a0<br \/>\n    <em>|<\/em><\/div>\n<div class=\"autor-articol\"><a href=\"https:\/\/ziaruldevrancea.ro\/autor\/paul-petrache\/\"><img decoding=\"async\" class=\"img-circle\" src=\"https:\/\/zdvi.cname.ro\/50_50\/articleAuthor\/paul-petrache\/articleAuthor\/uNItZQs.PNG\" alt><\/a><\/p>\n<h5><a href=\"https:\/\/ziaruldevrancea.ro\/autor\/paul-petrache\/\">Paul Petrache<\/a><\/h5>\n<div class=\"grup-spatiere\"><span class=\"cu-spatiere\"> 1 aug 2026<\/span><span class=\"cu-spatiere\">1037 vizualiz\u0103ri<\/span><\/div>\n<\/div>\n<\/div>\n<div class=\"poza-mare\">\n<div class=\"poza-mare galerie-detaliu\">\n<div id=\"carousel-poza-mare\" class=\"carousel slide carusel-poza\" data-ride=\"carousel\" data-interval=\"0\">\n<div class=\"carousel-inner\" role=\"listbox\">\n<div class=\"item imagine-carusel active\"><a href class=\"openGallery\"><img decoding=\"async\" class=\"img-responsive\" src=\"https:\/\/zdvi.cname.ro\/850_530\/misiune-contracronometru-la-focsani-un-barbat-de-70-de-ani-readus-la-viata-de-echipajul-saj-vrancea-dupa-un-stop-cardio-respirator\/article\/mediaPool\/u6A9Isn.jpg\" alt><\/a><\/div>\n<div class=\"item imagine-carusel \"><a href class=\"openGallery\"><img decoding=\"async\" class=\"img-responsive\" src=\"https:\/\/zdvi.cname.ro\/850_530\/misiune-contracronometru-la-focsani-un-barbat-de-70-de-ani-readus-la-viata-de-echipajul-saj-vrancea-dupa-un-stop-cardio-respirator\/article\/mediaPool\/ufLUGaA.jpeg\" alt><\/a><\/div>\n<div class=\"item imagine-carusel \"><a href class=\"openGallery\"><img decoding=\"async\" class=\"img-responsive\" src=\"https:\/\/zdvi.cname.ro\/850_530\/misiune-contracronometru-la-focsani-un-barbat-de-70-de-ani-readus-la-viata-de-echipajul-saj-vrancea-dupa-un-stop-cardio-respirator\/article\/mediaPool\/ulcF8Dv.jpeg\" alt><\/a><\/div>\n<div class=\"item imagine-carusel \"><a href class=\"openGallery\"><img decoding=\"async\" class=\"img-responsive\" src=\"https:\/\/zdvi.cname.ro\/850_530\/misiune-contracronometru-la-focsani-un-barbat-de-70-de-ani-readus-la-viata-de-echipajul-saj-vrancea-dupa-un-stop-cardio-respirator\/article\/mediaPool\/upDjH7q.jpeg\" alt><\/a><\/div>\n<\/div>\n<\/div>\n<div id=\"carousel-poze-mici\" class=\"carousel slide carusel-mici\" data-ride=\"carousel\" data-interval=\"0\">\n<div class=\"carousel-inner\" role=\"listbox\">\n<div class=\"item active\">\n<ul class=\"navigare-carusel-imagini\">\n<li data-target=\"#carousel-poza-mare\" data-slide-to=\"0\"><img decoding=\"async\" class=\"img-responsive\" src=\"https:\/\/zdvi.cname.ro\/_90\/misiune-contracronometru-la-focsani-un-barbat-de-70-de-ani-readus-la-viata-de-echipajul-saj-vrancea-dupa-un-stop-cardio-respirator\/article\/mediaPool\/u6A9Isn.jpg\" alt><\/li>\n<li data-target=\"#carousel-poza-mare\" data-slide-to=\"1\"><img decoding=\"async\" class=\"img-responsive\" src=\"https:\/\/zdvi.cname.ro\/_90\/misiune-contracronometru-la-focsani-un-barbat-de-70-de-ani-readus-la-viata-de-echipajul-saj-vrancea-dupa-un-stop-cardio-respirator\/article\/mediaPool\/ufLUGaA.jpeg\" alt><\/li>\n<li data-target=\"#carousel-poza-mare\" data-slide-to=\"2\"><img decoding=\"async\" class=\"img-responsive\" src=\"https:\/\/zdvi.cname.ro\/_90\/misiune-contracronometru-la-focsani-un-barbat-de-70-de-ani-readus-la-viata-de-echipajul-saj-vrancea-dupa-un-stop-cardio-respirator\/article\/mediaPool\/ulcF8Dv.jpeg\" alt><\/li>\n<li data-target=\"#carousel-poza-mare\" data-slide-to=\"3\"><img decoding=\"async\" class=\"img-responsive\" src=\"https:\/\/zdvi.cname.ro\/_90\/misiune-contracronometru-la-focsani-un-barbat-de-70-de-ani-readus-la-viata-de-echipajul-saj-vrancea-dupa-un-stop-cardio-respirator\/article\/mediaPool\/upDjH7q.jpeg\" alt><\/li>\n<\/ul>\n<\/div>\n<\/div>\n<\/div>\n<\/div>\n<\/div>\n<p><strong>Interven\u021bie de urgen\u021b\u0103 \u00een municipiul Foc\u0219ani: un echipaj al Serviciului de Ambulan\u021b\u0103 Jude\u021bean Vrancea a reu\u0219it resuscitarea unui pacient aflat \u00een stop cardio-respirator \u0219i transportarea acestuia \u00een stare stabilizat\u0103 la ATI.<\/strong><\/p>\n<p><strong>Misiune contracronometru la Foc\u0219ani: un b\u0103rbat de 70 de ani, readus la via\u021b\u0103 de echipajul SAJ Vrancea dup\u0103 un stop cardio-respirator<\/strong><\/p>\n<p>O interven\u021bie medical\u0103 desf\u0103\u0219urat\u0103 \u00een diminea\u021ba zilei de vineri, <strong>31 iulie 2026<\/strong>, \u00een municipiul <strong>Foc\u0219ani<\/strong>, s-a \u00eencheiat cu salvarea vie\u021bii unui b\u0103rbat \u00een v\u00e2rst\u0103 de aproximativ 70 de ani, dup\u0103 ce echipajul <strong>Serviciului de Ambulan\u021b\u0103 Jude\u021bean (SAJ) Vrancea<\/strong> a reu\u0219it reluarea activit\u0103\u021bii cardiace \u00een urma unor manevre complexe de resuscitare.<\/p>\n<p>Potrivit unei inform\u0103ri de pres\u0103 transmise vineri, la ora <strong>16:20<\/strong>, de purt\u0103torul de cuv\u00e2nt al SAJ Vrancea, apelul la num\u0103rul unic de urgen\u021b\u0103 <strong>112<\/strong> a fost primit \u00een jurul orei <strong>07:45<\/strong>. Familia a solicitat ajutor dup\u0103 ce l-a g\u0103sit pe b\u0103rbat incon\u0219tient, c\u0103zut \u00een curtea locuin\u021bei sale din municipiul Foc\u0219ani.<\/p>\n<p>La caz a fost trimis de urgen\u021b\u0103 un echipaj medical cu medic din cadrul <strong>Sta\u021biei Centrale Foc\u0219ani<\/strong>, coordonat de <strong>dr. Be\u021bi\u0219or Vitalie<\/strong>.<\/p>\n<p><strong>Stop cardio-respirator provocat de un infarct miocardic acut<\/strong><\/p>\n<p>Ajun\u0219i la locul interven\u021biei, salvatorii au constatat c\u0103 pacientul se afla \u00een <strong>stop cardio-respirator<\/strong>, survenit \u00een urma unui <strong>infarct miocardic acut<\/strong>.<\/p>\n<p>Echipajul medical a \u00eenceput imediat protocolul de <strong>resuscitare cardiopulmonar\u0103 avansat\u0103<\/strong>, efectu\u00e2nd toate manevrele necesare pentru reluarea func\u021biilor vitale.<\/p>\n<p>Conform SAJ Vrancea, eforturile echipei au avut rezultat, iar inima pacientului a fost repornit\u0103, organismul r\u0103spunz\u00e2nd favorabil la tratamentul \u0219i procedurile aplicate la fa\u021ba locului.<\/p>\n<p><strong>Transport la UPU \u0219i internare \u00een ATI<\/strong><\/p>\n<p>Dup\u0103 stabilizarea pacientului, acesta a fost monitorizat permanent pe durata transportului c\u0103tre <strong>Unitatea de Primiri Urgen\u021be Foc\u0219ani<\/strong>, fiind ulterior internat \u00een <strong>Sec\u021bia de Anestezie \u0219i Terapie Intensiv\u0103 (ATI)<\/strong> a <strong>Spitalului Jude\u021bean de Urgen\u021b\u0103 \u201eSf. Pantelimon\u201d Foc\u0219ani<\/strong>, unde a r\u0103mas sub supraveghere medical\u0103.<\/p>\n<p><strong>Echipajul care a intervenit<\/strong><\/p>\n<p>Din echipa care a participat la interven\u021bia de salvare au f\u0103cut parte:<\/p>\n<ul>\n<li><strong>dr. Be\u021bi\u0219or Vitalie<\/strong> \u2013 medic;<\/li>\n<li><strong>Soroiu Lucica<\/strong> \u2013 asistent medical;<\/li>\n<li><strong>Ranete Costel<\/strong> \u2013 ambulan\u021bier.<\/li>\n<\/ul>\n<p>Reprezentan\u021bii Serviciului de Ambulan\u021b\u0103 Jude\u021bean Vrancea au eviden\u021biat profesionalismul \u0219i promptitudinea echipajului, subliniind c\u0103 interven\u021biile rapide \u00een cazurile de stop cardio-respirator cresc semnificativ \u0219ansele de supravie\u021buire ale pacien\u021bilor.<\/p>\n<p>Astfel de misiuni ilustreaz\u0103 importan\u021ba timpului de reac\u021bie \u0219i a aplic\u0103rii imediate a manevrelor de resuscitare \u00een urgen\u021bele medicale majore, fiecare minut fiind esen\u021bial pentru salvarea unei vie\u021bi.<\/p>\n<p><strong>Paul Petrache<\/strong><\/p>\n<p><strong>Citi\u021bi \u0219i con\u021binutul integral al inform\u0103rii de pres\u0103 f\u0103cut\u0103 public vineri 31 iulie 2026, ora 16:20 de purt\u0103torul de cuv\u00e2nt al Serviciului de Ambulan\u021b\u0103 Jude\u021bean (SAJ) Vrancea \u00een leg\u0103tur\u0103 cu aceast\u0103 \u0219tire<\/strong><\/p>\n<p><strong>Informare de pres\u0103, vineri 31 iulie 2026, ora 16:20,\u00a0Serviciul\u00a0de Ambulan\u021b\u0103 Jude\u021bean (SAJ) Vrancea:Misiune salvatoare contra cronometru \u00een Foc\u0219ani. Un b\u0103rbat aflat \u00een stop cardio-respirator a fost readus la via\u021b\u0103.\u00a0<\/strong><\/p>\n<div>\u00a0O nou\u0103 zi de misiune la Serviciul de Ambulan\u021b\u0103 Jude\u021bean Vrancea a \u00eenceput cu o interven\u021bie dramatic\u0103, \u00een care profesionalismul \u0219i rapiditatea au f\u0103cut diferen\u021ba \u00eentre via\u021b\u0103 \u0219i moarte.\u00a0Ast\u0103zi, \u00een jurul orei 07:45, dispeceratul Serviciului de Ambulan\u021b\u0103 Jude\u021bean Vrancea a fost alertat prin num\u0103rul unic de urgen\u021b\u0103 112 cu privire la o situa\u021bie critic\u0103 pe o strad\u0103 din municipiul Foc\u0219ani.\u00a0\u00a0Un b\u0103rbat \u00een v\u00e2rst\u0103 de aproximativ 70 de ani a fost g\u0103sit de c\u0103tre familie \u00een stare de incon\u0219tien\u021b\u0103, c\u0103zut \u00een curtea locuin\u021bei.La caz a fost direc\u021bionat imediat un echipaj medical de urgen\u021b\u0103 cu medic de la Sta\u021bia Central\u0103 Foc\u0219ani, coordonat de dr. Be\u021bi\u0219or Vitalie.\u00a0Ajun\u0219i rapid la fa\u021ba locului, salvatorii au constatat c\u0103 pacientul se afla \u00een stop cardio-respirator, survenit \u00een urma unui infarct miocardic acut.\u00a0\u00a0F\u0103r\u0103 nicio secund\u0103 de ezitare, echipa a declan\u0219at protocolul de resuscitare cardiopulmonar\u0103 avansat\u0103.\u00a0\u00cen urma manevrelor intense \u0219i a tehnicilor medicale aplicate, inima b\u0103rbatului a fost repornit\u0103, organismul acestuia r\u0103spunz\u00e2nd pozitiv la eforturile medicilor.Dup\u0103 stabilizarea func\u021biilor vitale la locul interven\u021biei, pacientul a fost monitorizat continuu \u0219i transportat \u00een siguran\u021b\u0103 la Unitatea de Primiri Urgen\u021be\u00a0 Foc\u0219ani, fiind ulterior internat pe sec\u021bia ATI a Spitalului Jude\u021bean de Urgen\u021b\u0103 \u201eSf. Pantelimon\u201d.Felicit\u0103ri membrilor echipajului: dr. Be\u021bi\u0219or Vitalie, asistent medical Soroiu Lucica \u0219i ambulan\u021bier Ranete Costel, care au \u00eenvins \u0219i de aceast\u0103 dat\u0103 moartea, au reu\u0219it s\u0103 salveze o via\u021b\u0103 \u0219i s\u0103 redea speran\u021ba unei familii.Felicitari pentru aceast\u0103 reu\u0219it\u0103 \u0219i la c\u00e2t mai multe vie\u021bi salvate !<\/div>\n<hr>\n<div class=\"bloc-widget widget-rosu\">\n<p>\u00cen lipsa unui acord scris din partea Ziarului de Vrancea, pute\u0163i prelua maxim 500 de caractere din acest articol dac\u0103 preciza\u0163i sursa \u015fi insera\u0163i vizibil link-ul articolului:\u00a0<span>#insertcurrentlinkhere<\/span><\/p>\n<\/div>\n<div class=\"extra-articol listing-anunturi\">\n<h6>Anun\u021buri <span class=\"text-primary\">ZdV<\/span> Premium<\/h6>\n<div class=\"row\">\n<div class=\"col-lg-4 col-md-6 bloc-egal\"><a class=\"card-anunt\" href=\"https:\/\/ziaruldevrancea.ro\/anunturi\/auto\/utilaje-camioane\/vand-combina-agricola\"><strong class=\"titlu\">Utilaje-Camioane<\/strong><span class=\"text-anunt\">V\u00e2nd combin\u0103 agricol\u0103 Claas Dominator 85&#8230;<\/span><span class=\"data-anunt\">11.08.2026  <\/span><\/a><\/div>\n<div class=\"col-lg-4 col-md-6 bloc-egal\"><a class=\"card-anunt\" href=\"https:\/\/ziaruldevrancea.ro\/anunturi\/altele\/aniversari\/un-secol-de-viata-pentru-emanoil-gaspar-fost-sef-de-post-in-comuna-bordesti-la-multi-ani-tata\"><strong class=\"titlu\">Anivers\u0103ri<\/strong><span class=\"text-anunt\">Aniversare deosebit\u0103 \u00een Vrancea | Emanoil&#8230;<\/span><span class=\"data-anunt\">12.08.2026  <\/span><\/a><\/div>\n<div class=\"col-lg-4 col-md-6 bloc-egal\"><a class=\"card-anunt\" href=\"https:\/\/ziaruldevrancea.ro\/anunturi\/angajari\/oferte-angajari\/diverse-anunt-72834\"><strong class=\"titlu\">Oferte<\/strong><span class=\"text-anunt\">Caut persoan\u0103 \u00eengrijire persoan\u0103&#8230;<\/span><span class=\"data-anunt\">12.08.2026 , Vrancea , Foc\u0219ani<\/span><\/a><\/div>\n<\/div>\n<\/div>\n<div class=\"extra-articol alte-articole\">\n<div class=\"row\">\n<div class=\"col-lg-6 bloc-egal\">\n<div class=\"card articol-listing\">\n<h6>\u00cen categoria <a href=\"https:\/\/ziaruldevrancea.ro\/special\/social\">Social<\/a><\/h6>\n<div class=\"grup-articol-listing\">\n<div class=\"cont-pils\"><a href=\"https:\/\/ziaruldevrancea.ro\/special\/social\/apel-umanitar-in-vrancea-crucea-rosie-intra-in-campania-pentru-anais-fetita-de-9-ani-din-nereju.-cum-poate-fi-ajutata\"><img decoding=\"async\" src=\"https:\/\/zdvi.cname.ro\/180_135\/special\/social\/apel-umanitar-in-vrancea-crucea-rosie-intra-in-campania-pentru-anais-fetita-de-9-ani-din-nereju.-cum-poate-fi-ajutata\/mediaPool\/uChpiIU.jpg\" class=\"img-responsive img-180\" alt><\/a><\/div>\n<h2><a class=\"link-titlu\" href=\"https:\/\/ziaruldevrancea.ro\/special\/social\/apel-umanitar-in-vrancea-crucea-rosie-intra-in-campania-pentru-anais-fetita-de-9-ani-din-nereju.-cum-poate-fi-ajutata\">Apel umanitar \u00een Vrancea | Crucea Ro\u0219ie intr\u0103 \u00een campania pentru Anais, feti\u021ba de 9 ani din Nereju. Cum poate fi ajutat\u0103<\/a><\/h2>\n<div class=\"date-post\"><a href=\"https:\/\/ziaruldevrancea.ro\/autor\/anca-vasiliu\">Anca Vasiliu<\/a>, 10 aug 2026  <\/div>\n<\/div>\n<div class=\"grup-articol-listing\">\n<div class=\"cont-pils\"><a href=\"https:\/\/ziaruldevrancea.ro\/special\/social\/apel-umanitar-in-vrancea-pentru-anais-o-fetita-de-9-ani-din-nereju.-familia-cere-sprijin-pentru-investigatii-tratament-si-operatie\"><img decoding=\"async\" src=\"https:\/\/zdvi.cname.ro\/180_135\/special\/social\/apel-umanitar-in-vrancea-pentru-anais-o-fetita-de-9-ani-din-nereju.-familia-cere-sprijin-pentru-investigatii-tratament-si-operatie\/mediaPool\/uUZRs51.jpg\" class=\"img-responsive img-180\" alt><\/a><\/div>\n<h2><a class=\"link-titlu\" href=\"https:\/\/ziaruldevrancea.ro\/special\/social\/apel-umanitar-in-vrancea-pentru-anais-o-fetita-de-9-ani-din-nereju.-familia-cere-sprijin-pentru-investigatii-tratament-si-operatie\">Apel umanitar \u00een Vrancea pentru Anais, o feti\u021b\u0103 de 9 ani din Nereju. Familia cere sprijin pentru investiga\u021bii, tratament \u0219i opera\u021bie<\/a><\/h2>\n<div class=\"date-post\"><a href=\"https:\/\/ziaruldevrancea.ro\/autor\/anca-vasiliu\">Anca Vasiliu<\/a>,  9 aug 2026  <\/div>\n<\/div>\n<div class=\"grup-articol-listing\">\n<div class=\"cont-pils\"><a href=\"https:\/\/ziaruldevrancea.ro\/special\/social\/vrancenii-pot-beneficia-de-servicii-medicale-fara-cardul-de-sanatate-in-august-2026.-anunt-important-al-cas-vrancea\"><img decoding=\"async\" src=\"https:\/\/zdvi.cname.ro\/180_135\/special\/social\/vrancenii-pot-beneficia-de-servicii-medicale-fara-cardul-de-sanatate-in-august-2026.-anunt-important-al-cas-vrancea\/mediaPool\/ugXMKKy.jpg\" class=\"img-responsive img-180\" alt><\/a><\/div>\n<h2><a class=\"link-titlu\" href=\"https:\/\/ziaruldevrancea.ro\/special\/social\/vrancenii-pot-beneficia-de-servicii-medicale-fara-cardul-de-sanatate-in-august-2026.-anunt-important-al-cas-vrancea\">Vr\u00e2ncenii pot beneficia de servicii medicale f\u0103r\u0103 cardul de s\u0103n\u0103tate \u00een august 2026. Anun\u021b important al CAS Vrancea<\/a><\/h2>\n<div class=\"date-post\"><a href=\"https:\/\/ziaruldevrancea.ro\/autor\/anca-vasiliu\">Anca Vasiliu<\/a>,  8 aug 2026  <\/div>\n<\/div>\n<\/div>\n<\/div>\n<div class=\"col-lg-6 bloc-egal\">\n<div class=\"card articol-listing\">\n<h6>De acela\u0219i <a href=\"https:\/\/ziaruldevrancea.ro\/autor\/paul-petrache\/\">autor<\/a><\/h6>\n<div class=\"grup-articol-listing\">\n<div class=\"cont-pils\"><a href=\"https:\/\/ziaruldevrancea.ro\/actualitatea\/stiri-locale\/cutremur-de-magnitudine-45-in-zona-seismica-vrancea-buzau-marti-seara.-seismul-s-a-produs-la-140-km-adancime\"><img decoding=\"async\" src=\"https:\/\/zdvi.cname.ro\/180_135\/actualitatea\/stiri-locale\/cutremur-de-magnitudine-45-in-zona-seismica-vrancea-buzau-marti-seara.-seismul-s-a-produs-la-140-km-adancime\/mediaPool\/uy65ofo.jpg\" class=\"img-responsive img-180\" alt><\/a><\/div>\n<h2><a class=\"link-titlu\" href=\"https:\/\/ziaruldevrancea.ro\/actualitatea\/stiri-locale\/cutremur-de-magnitudine-45-in-zona-seismica-vrancea-buzau-marti-seara.-seismul-s-a-produs-la-140-km-adancime\">Cutremur de magnitudine 4,5 \u00een zona seismic\u0103 Vrancea-Buz\u0103u, mar\u021bi sear\u0103. Seismul s-a produs la 140 km ad\u00e2ncime<\/a><\/h2>\n<div class=\"date-post\"><a href=\"https:\/\/ziaruldevrancea.ro\/autor\/paul-petrache\">Paul Petrache<\/a>, 11 aug 2026  <\/div>\n<\/div>\n<div class=\"grup-articol-listing\">\n<div class=\"cont-pils\"><a href=\"https:\/\/ziaruldevrancea.ro\/actualitatea\/stiri-locale\/-accident-rutier-la-jiliste--slobozia-ciorasti-in-vrancea-o-masina-s-a-rasturnat-in-afara-soselei\"><img decoding=\"async\" src=\"https:\/\/zdvi.cname.ro\/180_135\/actualitatea\/stiri-locale\/-accident-rutier-la-jiliste--slobozia-ciorasti-in-vrancea-o-masina-s-a-rasturnat-in-afara-soselei\/mediaPool\/ujlK5uA.jpg\" class=\"img-responsive img-180\" alt><\/a><\/div>\n<h2><a class=\"link-titlu\" href=\"https:\/\/ziaruldevrancea.ro\/actualitatea\/stiri-locale\/-accident-rutier-la-jiliste--slobozia-ciorasti-in-vrancea-o-masina-s-a-rasturnat-in-afara-soselei\">(Update) \u00a0Accident rutier la Jili\u0219te- Slobozia Cior\u0103\u0219ti, \u00een Vrancea: o ma\u0219in\u0103 s-a r\u0103sturnat \u00een afara \u0219oselei<\/a><\/h2>\n<div class=\"date-post\"><a href=\"https:\/\/ziaruldevrancea.ro\/autor\/paul-petrache\">Paul Petrache<\/a>, 11 aug 2026  <\/div>\n<\/div>\n<div class=\"grup-articol-listing\">\n<div class=\"cont-pils\"><a href=\"https:\/\/ziaruldevrancea.ro\/actualitatea\/stiri-locale\/amenzi-pentru-viteza-in-vrancea-285-de-sanctiuni-si-9-permise-retinute.-sofer-de-19-ani-prins-cu-126-kmh-in-focsani\"><img decoding=\"async\" src=\"https:\/\/zdvi.cname.ro\/180_135\/actualitatea\/stiri-locale\/amenzi-pentru-viteza-in-vrancea-285-de-sanctiuni-si-9-permise-retinute.-sofer-de-19-ani-prins-cu-126-kmh-in-focsani\/mediaPool\/uSSkEtO.jpg\" class=\"img-responsive img-180\" alt><\/a><\/div>\n<h2><a class=\"link-titlu\" href=\"https:\/\/ziaruldevrancea.ro\/actualitatea\/stiri-locale\/amenzi-pentru-viteza-in-vrancea-285-de-sanctiuni-si-9-permise-retinute.-sofer-de-19-ani-prins-cu-126-kmh-in-focsani\">Amenzi pentru vitez\u0103 \u00een Vrancea: 285 de sanc\u021biuni \u0219i 9 permise re\u021binute. \u0218ofer de 19 ani, prins cu 126 km\/h \u00een Foc\u0219ani<\/a><\/h2>\n<div class=\"date-post\"><a href=\"https:\/\/ziaruldevrancea.ro\/autor\/paul-petrache\">Paul Petrache<\/a>, 10 aug 2026  <\/div>\n<\/div>\n<\/div>\n<\/div>\n<\/div>\n<\/div>\n<div class=\"extra-articol listing-anunturi\">\n<h6>Anun\u021buri <span class=\"text-primary\">ZdV<\/span> Premium<\/h6>\n<div class=\"row\">\n<div class=\"col-lg-4 col-md-6 bloc-egal\"><a class=\"card-anunt\" href=\"https:\/\/ziaruldevrancea.ro\/anunturi\/inchirieri\/locuinte-oferte\/primesc-in-gazda-elevi-anunt-72832\"><strong class=\"titlu\">Locuin\u021be oferte<\/strong><span class=\"text-anunt\">Primesc \u00een gazd\u0103 elevi la cas\u0103-vil\u0103,&#8230;<\/span><span class=\"data-anunt\">07.08.2026  <\/span><\/a><\/div>\n<div class=\"col-lg-4 col-md-6 bloc-egal\"><a class=\"card-anunt\" href=\"https:\/\/ziaruldevrancea.ro\/anunturi\/altele\/matrimoniale\/Imi-caut-sufletul-pereche-anunt-72833\"><strong class=\"titlu\">Matrimoniale<\/strong><span class=\"text-anunt\">Domn serios caut doamn\u0103 serioas\u0103, v\u00e2rsta&#8230;<\/span><span class=\"data-anunt\">07.08.2026  <\/span><\/a><\/div>\n<div class=\"col-lg-4 col-md-6 bloc-egal\"><a class=\"card-anunt\" href=\"https:\/\/ziaruldevrancea.ro\/anunturi\/angajari\/oferte-angajari\/angajare-anunt-72830\"><strong class=\"titlu\">Oferte<\/strong><span class=\"text-anunt\">ECOSISTEM SRL cu sediul in localitatea Jorasti,&#8230;<\/span><span class=\"data-anunt\">05.08.2026  <\/span><\/a><\/div>\n<\/div>\n<\/div>\n<div class=\"bloc-widget widget-albastru\">\n    Ziarul de Vrancea \u00a0nu este responsabil juridic pentru con\u0163inutul textelor din comentariile de mai jos. Responsabilitatea pentru mesajele dumneavoastra v\u0103 revine \u00een exclusivitate.\n<\/div>\n<div class=\"comentarii-articol\" id=\"comentarii\">\n<h3>Comentarii: <span class=\"text-primary\">0<\/span><\/h3>\n<p><a href=\"https:\/\/ziaruldevrancea.ro\/special\/social\/misiune-contracronometru-la-focsani-un-barbat-de-70-de-ani-readus-la-viata-de-echipajul-saj-vrancea-dupa-un-stop-cardio-respirator\" class=\"btn btn-success btn-adauga-com\" data-toggle=\"modal\" data-parent=\"0\" data-target=\"#commentModal\">Adaug\u0103 comentariu<\/a><\/p>\n<div class=\"loadMask comments-mask\"><img decoding=\"async\" src=\"https:\/\/zdvs.cname.ro\/images\/loader_40.gif\"><\/div>\n<div class=\"comenteaza-jos\">Trebuie s\u0103 fii <a href=\"https:\/\/ziaruldevrancea.ro\/account\">autentificat<\/a> pentru a putea <a href=\"https:\/\/ziaruldevrancea.ro\/special\/social\/misiune-contracronometru-la-focsani-un-barbat-de-70-de-ani-readus-la-viata-de-echipajul-saj-vrancea-dupa-un-stop-cardio-respirator\" class data-toggle=\"modal\" data-parent=\"0\" data-target=\"#commentModal\">posta un comentariu<\/a>.<\/div>\n<\/div>\n<div class=\"modal fade\" id=\"commentModal\" role=\"dialog\" aria-labelledby=\"commentModalLabel\">\n<div class=\"modal-dialog modal-lg\" role=\"document\">\n<div class=\"modal-content\">\n<div class=\"modal-header\">\n<h3 class=\"modal-title\" id=\"commentModalLabel\">Comenteaz\u0103<\/h3>\n<\/div>\n<div class=\"modal-body\">\n<div class=\"tabel tabel-full\">\n<div class=\"celula\">\n              Trebuie s\u0103 fii <a href=\"https:\/\/ziaruldevrancea.ro\/account\">autentificat<\/a> pentru a putea posta un comentariu.\n            <\/div>\n<\/div>\n<\/div>\n<div class=\"modal-footer\">\n<div id=\"commentPending\" class=\"formPending pull-left\"><img decoding=\"async\" src=\"https:\/\/zdvs.cname.ro\/images\/loader_40.gif\"> In curs de procesare&#8230;<\/div>\n<p><a href=\"https:\/\/ziaruldevrancea.ro\/special\/social\/misiune-contracronometru-la-focsani-un-barbat-de-70-de-ani-readus-la-viata-de-echipajul-saj-vrancea-dupa-un-stop-cardio-respirator\" class=\"btn btn-default\" data-dismiss=\"modal\">Anuleaz\u0103<\/a><\/div>\n<\/div>\n<\/div>\n<\/div>\n<div class=\"modal fade\" id=\"commentReportModal\" role=\"dialog\" aria-labelledby=\"commentReportModalLabel\">\n<div class=\"modal-dialog modal-lg\" role=\"document\">\n<div class=\"modal-content\">\n<div class=\"modal-header\">\n<h3 class=\"modal-title\" id=\"commentReportModalLabel\">Raporteaza comentariu<\/h3>\n<\/div>\n<div class=\"modal-body\">\n<div class=\"tabel tabel-full\">\n<div class=\"celula\">\n              Trebuie s\u0103 fii <a href=\"https:\/\/ziaruldevrancea.ro\/account\">autentificat<\/a> pentru a putea raporta un comentariu.\n            <\/div>\n<\/div>\n<\/div>\n<div class=\"modal-footer\">\n<div id=\"commentReportPending\" class=\"formPending pull-left\"><img decoding=\"async\" src=\"https:\/\/zdvs.cname.ro\/images\/loader_40.gif\"> In curs de procesare&#8230;<\/div>\n<p><a href=\"https:\/\/ziaruldevrancea.ro\/special\/social\/misiune-contracronometru-la-focsani-un-barbat-de-70-de-ani-readus-la-viata-de-echipajul-saj-vrancea-dupa-un-stop-cardio-respirator\" class=\"btn btn-default\" data-dismiss=\"modal\">Anuleaz\u0103<\/a><\/div>\n<\/div>\n<\/div>\n<\/div>\n<div class=\"modal fade\" id=\"commentLikeModal\" role=\"dialog\" aria-labelledby=\"commentLikeModalLabel\">\n<div class=\"modal-dialog modal-lg\" role=\"document\">\n<div class=\"modal-content\">\n<div class=\"modal-header\">\n<h3 class=\"modal-title\" id=\"commentReportModalLabel\">Apreciaza comentariu<\/h3>\n<\/div>\n<div class=\"modal-body\">\n<div class=\"tabel tabel-full\">\n<div class=\"celula\">\n            Trebuie s\u0103 fii <a href=\"https:\/\/ziaruldevrancea.ro\/account\">autentificat<\/a> pentru a putea aprecia un comentariu.\n          <\/div>\n<\/div>\n<\/div>\n<div class=\"modal-footer\"><a href=\"https:\/\/ziaruldevrancea.ro\/special\/social\/misiune-contracronometru-la-focsani-un-barbat-de-70-de-ani-readus-la-viata-de-echipajul-saj-vrancea-dupa-un-stop-cardio-respirator\" class=\"btn btn-default\" data-dismiss=\"modal\">Anuleaz\u0103<\/a><\/div>\n<\/div>\n<\/div>\n<\/div>\n<div class=\"bloc-widget widget-rosu\"><span><small>Ziarul de Vrancea doreste ca acest site sa fie un spatiu al discutiilor civilizate, al comentariilor de bun simt. Din acest motiv, cei care posteaza comentarii la articole trebuie sa respecte urmatoarele reguli:<br \/>\n1. Sa se refere doar la articolul la care posteaza comentarii.<br \/>\n2. Sa foloseasca un limbaj civilizat, fara injurii, calomnii, comentarii antisemite, xenofobe sau rasiste.<br \/>\n3. Sunt interzise atacurile la adresa autorilor, daca acestea nu au legatura cu textul.<br \/>\n4. Username-ul sa nu fie nume de personalitati ale vietii publice sau parodieri ale acestora.<br \/>\nAutorul unui articol poate fi criticat pentru eventuale greseli, incoerenta, lipsa de documentare etc.<br \/>\nNerespectarea regulilor mentionate mai sus va duce la stergerea comentariilor, fara avertisment si fara explicatii.<br \/>\nAbaterile repetate vor avea drept consecinta interdictia accesului la aceasta facilitate a site-ului.<\/small><\/span><\/div>\n<\/div>\n<p>[analyse_source url=&#8221;https:\/\/ziaruldevrancea.ro\/special\/social\/misiune-contracronometru-la-focsani-un-barbat-de-70-de-ani-readus-la-viata-de-echipajul-saj-vrancea-dupa-un-stop-cardio-respirator&#8221;]<\/p>\n","protected":false},"excerpt":{"rendered":"<p>[analyse_image type=&#8221;featured&#8221; src=&#8221;https:\/\/zdvi.cname.ro\/_\/misiune-contracronometru-la-focsani-un-barbat-de-70-de-ani-readus-la-viata-de-echipajul-saj-vrancea-dupa-un-stop-cardio-respirator\/mediaPool\/u6A9Isn.jpg&#8221;] Social Misiune contracronometru la Foc\u0219ani: un b\u0103rbat de 70 de ani, readus la via\u021b\u0103 de echipajul SAJ Vrancea dup\u0103 un stop cardio-respirator Distribuie: \u00a0 | Paul Petrache 1 aug 20261037 vizualiz\u0103ri Interven\u021bie de urgen\u021b\u0103 \u00een municipiul Foc\u0219ani: un echipaj al Serviciului de Ambulan\u021b\u0103 Jude\u021bean Vrancea a reu\u0219it resuscitarea unui pacient aflat \u00een [&hellip;]<\/p>\n","protected":false},"author":1,"featured_media":0,"comment_status":"open","ping_status":"","sticky":false,"template":"","format":"standard","meta":{"footnotes":""},"categories":[89],"tags":[226,208],"class_list":["post-2088963","post","type-post","status-publish","format-standard","hentry","category-romania","tag-crawlmanager","tag-ziaruldevrancea-ro"],"_links":{"self":[{"href":"https:\/\/analyse.optim.biz\/index.php?rest_route=\/wp\/v2\/posts\/2088963","targetHints":{"allow":["GET"]}}],"collection":[{"href":"https:\/\/analyse.optim.biz\/index.php?rest_route=\/wp\/v2\/posts"}],"about":[{"href":"https:\/\/analyse.optim.biz\/index.php?rest_route=\/wp\/v2\/types\/post"}],"author":[{"embeddable":true,"href":"https:\/\/analyse.optim.biz\/index.php?rest_route=\/wp\/v2\/users\/1"}],"replies":[{"embeddable":true,"href":"https:\/\/analyse.optim.biz\/index.php?rest_route=%2Fwp%2Fv2%2Fcomments&post=2088963"}],"version-history":[{"count":0,"href":"https:\/\/analyse.optim.biz\/index.php?rest_route=\/wp\/v2\/posts\/2088963\/revisions"}],"wp:attachment":[{"href":"https:\/\/analyse.optim.biz\/index.php?rest_route=%2Fwp%2Fv2%2Fmedia&parent=2088963"}],"wp:term":[{"taxonomy":"category","embeddable":true,"href":"https:\/\/analyse.optim.biz\/index.php?rest_route=%2Fwp%2Fv2%2Fcategories&post=2088963"},{"taxonomy":"post_tag","embeddable":true,"href":"https:\/\/analyse.optim.biz\/index.php?rest_route=%2Fwp%2Fv2%2Ftags&post=2088963"}],"curies":[{"name":"wp","href":"https:\/\/api.w.org\/{rel}","templated":true}]}}