{"id":2088946,"date":"2026-08-11T10:30:13","date_gmt":"2026-08-11T07:30:13","guid":{"rendered":"https:\/\/analyse.optim.biz\/?p=2088946"},"modified":"2026-08-11T10:30:13","modified_gmt":"2026-08-11T07:30:13","slug":"uvt-deschide-sesiunea-de-admitere-din-toamna-candidatii-pot-aplica-pentru-locurile-ramase-la-licenta-si-masterat","status":"publish","type":"post","link":"https:\/\/analyse.optim.biz\/?p=2088946","title":{"rendered":"UVT deschide sesiunea de admitere din toamn\u0103. Candida\u021bii pot aplica pentru locurile r\u0103mase la licen\u021b\u0103 \u0219i masterat"},"content":{"rendered":"<p>[analyse_image type=&#8221;featured&#8221; src=&#8221;http:\/\/www.banatulmeu.ro\/wp-content\/uploads\/2022\/08\/thumbnail-2-2-e1660301846164.jpg&#8221;]<\/p>\n<div class=\"post-content-bd\">\n<p>Universitatea de Vest din Timi\u0219oara (UVT) deschide cea de-a doua sesiune de admitere din 2026. Candida\u021bii vor putea aplica pentru locurile r\u0103mase disponibile la programele de studii universitare de licen\u021b\u0103 \u0219i masterat, dup\u0103 \u00eencheierea sesiunii de var\u0103.<\/p>\n<p>\u00cen prima sesiune de admitere, peste 6.100 de candida\u021bi s-au \u00eenscris la programele de licen\u021b\u0103 ale UVT, iar peste 2.200 au optat pentru programele de masterat. Universitatea continu\u0103 acum procesul de admitere pentru locurile r\u0103mase disponibile \u00een urma primei etape.<\/p>\n<p>Lista actualizat\u0103 a locurilor disponibile pentru sesiunea de toamn\u0103 poate fi consultat\u0103 pe <a href=\"https:\/\/admitere.uvt.ro\/procesul-de-admitere\/locuri-disponibile\/\">platforma de admitere a UVT<\/a>.<\/p>\n<p><strong>\u00censcrierile se desf\u0103\u0219oar\u0103 online<\/strong><\/p>\n<p>Procesul de aplicare este similar celui din sesiunea din iulie. \u00censcrierea se realizeaz\u0103 online, prin platforma digital\u0103 de admitere UVT, unde candida\u021bii trebuie s\u0103 \u00ee\u0219i creeze un cont, s\u0103 completeze dosarul, s\u0103 \u00eencarce documentele necesare \u0219i s\u0103 finalizeze \u00eenscrierea.<\/p>\n<p>Calendarul admiterii este stabilit individual de fiecare facultate, \u00een func\u021bie de programele de studii \u0219i de probele aferente. Astfel, candida\u021bii sunt sf\u0103tui\u021bi s\u0103 verifice calendarul facult\u0103\u021bii \u0219i al programului pentru care doresc s\u0103 aplice.<\/p>\n<p>Procesul de admitere presupune sus\u021binerea unor probe, acestea urm\u00e2nd s\u0103 fie organizate \u0219i \u00een sesiunea din toamn\u0103, potrivit calendarului \u0219i regulamentului fiec\u0103rei facult\u0103\u021bi.<\/p>\n<p><strong>Documentele vor fi certificate la sediile UVT<\/strong><\/p>\n<p>O diferen\u021b\u0103 fa\u021b\u0103 de sesiunea de var\u0103 este c\u0103, \u00een septembrie, centrele regionale de admitere nu vor mai func\u021biona. Candida\u021bii vor trebui s\u0103 \u00ee\u0219i prezinte documentele pentru scanare \u0219i certificarea conformit\u0103\u021bii cu originalul la sediile UVT din Timi\u0219oara, <a href=\"https:\/\/admitere.uvt.ro\/wp-content\/uploads\/2026\/03\/Orar-scanare-sedii-UVT-2026.pdf\">conform programului stabilit de universitate<\/a>.<\/p>\n<p>Sesiunea de toamn\u0103 se adreseaz\u0103 at\u00e2t celor care nu au participat la admiterea din luna iulie, c\u00e2t \u0219i candida\u021bilor care doresc s\u0103 \u00ee\u0219i reconfigureze op\u021biunile educa\u021bionale dup\u0103 rezultatele primei sesiuni.<\/p>\n<p>UVT precizeaz\u0103 c\u0103 oferta educa\u021bional\u0103 cuprinde o gam\u0103 larg\u0103 de domenii \u0219i programe universitare, concepute pentru a oferi preg\u0103tire academic\u0103 \u0219i competen\u021be adaptate evolu\u021biilor din societate \u0219i de pe pia\u021ba muncii.<\/p>\n<p><a href=\"https:\/\/admitere.uvt.ro\/\">Locurile disponibile<\/a>, calendarele specifice fiec\u0103rei facult\u0103\u021bi \u0219i informa\u021biile privind procesul de \u00eenscriere pot fi consultate pe site-ul de admitere al universit\u0103\u021bii.<\/p>\n<p>Rectorul Universit\u0103\u021bii de Vest din Timi\u0219oara, Marilen Gabriel Pirtea, \u00eei \u00eencurajeaz\u0103 pe candida\u021bi s\u0103 consulte locurile disponibile \u0219i s\u0103 aleag\u0103 programul de studii \u00een func\u021bie de domeniul \u00een care doresc s\u0103 se dezvolte.<\/p>\n<p>\u201e<em>Sesiunea de admitere din toamn\u0103 este o nou\u0103 oportunitate pentru tinerii care \u00ee\u0219i aleg acum traseul universitar. \u00cei \u00eencuraj\u0103m s\u0103 consulte locurile r\u0103mase disponibile \u0219i, mai ales, s\u0103 \u00ee\u0219i aleag\u0103 programul de studii pornind de la domeniul \u00een care \u00ee\u0219i doresc s\u0103 se dezvolte. UVT ofer\u0103 programe universitare adaptate la transform\u0103rile profesionale, tehnologice \u0219i sociale pe care le travers\u0103m \u0219i, mai ales, propune o experien\u021b\u0103 academic\u0103 menit\u0103 s\u0103 le ofere studen\u021bilor instrumentele necesare pentru a-\u0219i construi propriul parcurs profesional. Admiterea r\u0103m\u00e2ne deschis\u0103, iar pentru mul\u021bi candida\u021bi decizia important\u0103 privind viitorul lor universitar poate fi luat\u0103 chiar \u00een aceast\u0103 perioad\u0103<\/em>\u201d, a transmis rectorul UVT, Marilen Pirtea.<\/p>\n<\/div>\n<p>[analyse_source url=&#8221;https:\/\/www.banatulmeu.ro\/uvt-deschide-sesiunea-de-admitere-din-toamna-candidatii-pot-aplica-pentru-locurile-ramase-la-licenta-si-masterat\/&#8221;]<\/p>\n","protected":false},"excerpt":{"rendered":"<p>[analyse_image type=&#8221;featured&#8221; src=&#8221;http:\/\/www.banatulmeu.ro\/wp-content\/uploads\/2022\/08\/thumbnail-2-2-e1660301846164.jpg&#8221;] Universitatea de Vest din Timi\u0219oara (UVT) deschide cea de-a doua sesiune de admitere din 2026. Candida\u021bii vor putea aplica pentru locurile r\u0103mase disponibile la programele de studii universitare de licen\u021b\u0103 \u0219i masterat, dup\u0103 \u00eencheierea sesiunii de var\u0103. \u00cen prima sesiune de admitere, peste 6.100 de candida\u021bi s-au \u00eenscris la programele de licen\u021b\u0103 [&hellip;]<\/p>\n","protected":false},"author":1,"featured_media":0,"comment_status":"open","ping_status":"","sticky":false,"template":"","format":"standard","meta":{"footnotes":""},"categories":[89],"tags":[204,226],"class_list":["post-2088946","post","type-post","status-publish","format-standard","hentry","category-romania","tag-banatulmeu-ro","tag-crawlmanager"],"_links":{"self":[{"href":"https:\/\/analyse.optim.biz\/index.php?rest_route=\/wp\/v2\/posts\/2088946","targetHints":{"allow":["GET"]}}],"collection":[{"href":"https:\/\/analyse.optim.biz\/index.php?rest_route=\/wp\/v2\/posts"}],"about":[{"href":"https:\/\/analyse.optim.biz\/index.php?rest_route=\/wp\/v2\/types\/post"}],"author":[{"embeddable":true,"href":"https:\/\/analyse.optim.biz\/index.php?rest_route=\/wp\/v2\/users\/1"}],"replies":[{"embeddable":true,"href":"https:\/\/analyse.optim.biz\/index.php?rest_route=%2Fwp%2Fv2%2Fcomments&post=2088946"}],"version-history":[{"count":0,"href":"https:\/\/analyse.optim.biz\/index.php?rest_route=\/wp\/v2\/posts\/2088946\/revisions"}],"wp:attachment":[{"href":"https:\/\/analyse.optim.biz\/index.php?rest_route=%2Fwp%2Fv2%2Fmedia&parent=2088946"}],"wp:term":[{"taxonomy":"category","embeddable":true,"href":"https:\/\/analyse.optim.biz\/index.php?rest_route=%2Fwp%2Fv2%2Fcategories&post=2088946"},{"taxonomy":"post_tag","embeddable":true,"href":"https:\/\/analyse.optim.biz\/index.php?rest_route=%2Fwp%2Fv2%2Ftags&post=2088946"}],"curies":[{"name":"wp","href":"https:\/\/api.w.org\/{rel}","templated":true}]}}