{"id":2088945,"date":"2026-08-11T09:19:03","date_gmt":"2026-08-11T06:19:03","guid":{"rendered":"https:\/\/analyse.optim.biz\/?p=2088945"},"modified":"2026-08-11T09:19:03","modified_gmt":"2026-08-11T06:19:03","slug":"prima-editie-noaptea-companiilor-ajunge-la-timisoara-uvt-partener-educational-al-evenimentului","status":"publish","type":"post","link":"https:\/\/analyse.optim.biz\/?p=2088945","title":{"rendered":"Prima edi\u021bie \u201eNoaptea Companiilor\u201d ajunge la Timi\u0219oara. UVT, partener educa\u021bional al evenimentului"},"content":{"rendered":"<p>[analyse_image type=&#8221;featured&#8221; src=&#8221;http:\/\/www.banatulmeu.ro\/wp-content\/uploads\/2026\/04\/piata-unirii.jpg&#8221;]<\/p>\n<div class=\"post-content-bd\">\n<p>Universitatea de Vest din Timi\u0219oara (UVT) va fi partener educa\u021bional al primei edi\u021bii \u201eNoaptea Companiilor\u201d organizate la Timi\u0219oara. Evenimentul, conceput ca un t\u00e2rg de cariere \u00eentr-un format interactiv, va avea loc \u00een 5 noiembrie, \u00eentre orele 16:00 \u0219i 23:00.<\/p>\n<p>\u201eNoaptea Companiilor\u201d este un proiect de networking profesional care a avut deja edi\u021bii \u00een Cluj-Napoca, Ia\u0219i, Sibiu, T\u00e2rgu Mure\u0219, Bra\u0219ov \u0219i Bucure\u0219ti. Proiectul este organizat de OTB Creative \u0219i se adreseaz\u0103 studen\u021bilor, tinerilor profesioni\u0219ti \u0219i tuturor celor interesa\u021bi de oportunit\u0103\u021bi de carier\u0103. Gazda edi\u021biei de la Timi\u0219oara va fi Bob R\u0103dulescu.<\/p>\n<p>Conceptul evenimentului presupune ca firmele participante s\u0103 \u00ee\u0219i transforme propriile sedii \u00een spa\u021bii deschise pentru networking \u0219i recrutare. Astfel, pe parcursul unei singure seri, vizitatorii vor putea descoperi direct mediul de lucru al companiilor \u0219i vor avea posibilitatea s\u0103 interac\u021bioneze cu angaja\u021bii, speciali\u0219tii \u0219i poten\u021bialii angajatori.<\/p>\n<p>Fiecare companie participant\u0103 \u00ee\u0219i va putea preg\u0103ti propriul program, care poate cuprinde tururi ale birourilor sau facilit\u0103\u021bilor de produc\u021bie, demonstra\u021bii tehnice, \u00eent\u00e2lniri cu speciali\u0219ti \u0219i lideri de echip\u0103, precum \u0219i activit\u0103\u021bi interactive.<\/p>\n<p>Pentru a facilita accesul publicului la c\u00e2t mai multe dintre companiile \u00eenscrise, organizatorii vor pune la dispozi\u021bie un sistem de transport gratuit \u00eentre loca\u021biile participante.<\/p>\n<p>Potrivit organizatorilor, edi\u021biile desf\u0103\u0219urate \u00een 2025 la Sibiu \u0219i Cluj au reunit zeci de companii \u0219i peste 4.500 de vizitatori, fiind \u00eenregistrat un interes ridicat din partea tinerilor \u0219i a profesioni\u0219tilor afla\u021bi la \u00eenceput de carier\u0103.<\/p>\n<p>Rectorul Universit\u0103\u021bii de Vest din Timi\u0219oara, Marilen Gabriel Pirtea, subliniaz\u0103 importan\u021ba leg\u0103turilor dintre mediul universitar \u0219i angajatori \u0219i oportunit\u0103\u021bile pe care un astfel de eveniment le poate oferi studen\u021bilor.<\/p>\n<p>\u201e<em>La Universitatea de Vest din Timi\u0219oara sus\u021binem stabilitatea leg\u0103turilor dintre studen\u021bi, absolven\u021bi \u0219i partenerii din economie. \u00cen comunitatea noastr\u0103, preocuparea pentru preg\u0103tirea anticipativ\u0103 a studen\u021bilor la cerin\u021bele viitorului lor profesional este prioritar\u0103, \u00eentr-un mod adaptat la specificul angajatorilor. Proiectul \u201eNoaptea companiilor\u201d la Timi\u0219oara propune oportunit\u0103\u021bi de \u00eent\u00e2lnire \u00eentre studen\u021bi \u0219i marile companii timi\u0219orene, ocazii \u00een care to\u021bi participan\u021bii sunt informa\u021bi direct despre cum \u00ee\u0219i pot \u00eencepe o carier\u0103 \u0219i pot afla cum s-au lansat \u0219i consacrat traseele profesionale de succes din organiza\u021biile acestor companii<\/em>\u201d, a declarat rectorul UVT, Marilen Pirtea.<\/p>\n<p>Companiile interesate s\u0103 participe la prima edi\u021bie \u201eNoaptea Companiilor\u201d de la Timi\u0219oara pot contacta echipa de organizare la adresa <a href=\"mailto:timisoara@noapteacompaniilor.ro\">timisoara@noapteacompaniilor.ro<\/a>, pentru informa\u021bii privind participarea \u0219i modalitatea de \u00eenscriere.<\/p>\n<p>Prin \u00eenscrierea \u00een platforma evenimentului, sediile companiilor participante vor fi promovate ca destina\u021bii profesionale \u00een cadrul proiectului de tip \u201eOpen Doors\u201d organizat la Timi\u0219oara.<\/p>\n<\/div>\n<p>[analyse_source url=&#8221;https:\/\/www.banatulmeu.ro\/prima-editie-noaptea-companiilor-ajunge-la-timisoara-uvt-partener-educational-al-evenimentului\/&#8221;]<\/p>\n","protected":false},"excerpt":{"rendered":"<p>[analyse_image type=&#8221;featured&#8221; src=&#8221;http:\/\/www.banatulmeu.ro\/wp-content\/uploads\/2026\/04\/piata-unirii.jpg&#8221;] Universitatea de Vest din Timi\u0219oara (UVT) va fi partener educa\u021bional al primei edi\u021bii \u201eNoaptea Companiilor\u201d organizate la Timi\u0219oara. Evenimentul, conceput ca un t\u00e2rg de cariere \u00eentr-un format interactiv, va avea loc \u00een 5 noiembrie, \u00eentre orele 16:00 \u0219i 23:00. \u201eNoaptea Companiilor\u201d este un proiect de networking profesional care a avut deja edi\u021bii [&hellip;]<\/p>\n","protected":false},"author":1,"featured_media":0,"comment_status":"open","ping_status":"","sticky":false,"template":"","format":"standard","meta":{"footnotes":""},"categories":[89],"tags":[204,226],"class_list":["post-2088945","post","type-post","status-publish","format-standard","hentry","category-romania","tag-banatulmeu-ro","tag-crawlmanager"],"_links":{"self":[{"href":"https:\/\/analyse.optim.biz\/index.php?rest_route=\/wp\/v2\/posts\/2088945","targetHints":{"allow":["GET"]}}],"collection":[{"href":"https:\/\/analyse.optim.biz\/index.php?rest_route=\/wp\/v2\/posts"}],"about":[{"href":"https:\/\/analyse.optim.biz\/index.php?rest_route=\/wp\/v2\/types\/post"}],"author":[{"embeddable":true,"href":"https:\/\/analyse.optim.biz\/index.php?rest_route=\/wp\/v2\/users\/1"}],"replies":[{"embeddable":true,"href":"https:\/\/analyse.optim.biz\/index.php?rest_route=%2Fwp%2Fv2%2Fcomments&post=2088945"}],"version-history":[{"count":0,"href":"https:\/\/analyse.optim.biz\/index.php?rest_route=\/wp\/v2\/posts\/2088945\/revisions"}],"wp:attachment":[{"href":"https:\/\/analyse.optim.biz\/index.php?rest_route=%2Fwp%2Fv2%2Fmedia&parent=2088945"}],"wp:term":[{"taxonomy":"category","embeddable":true,"href":"https:\/\/analyse.optim.biz\/index.php?rest_route=%2Fwp%2Fv2%2Fcategories&post=2088945"},{"taxonomy":"post_tag","embeddable":true,"href":"https:\/\/analyse.optim.biz\/index.php?rest_route=%2Fwp%2Fv2%2Ftags&post=2088945"}],"curies":[{"name":"wp","href":"https:\/\/api.w.org\/{rel}","templated":true}]}}