{"id":2088939,"date":"2026-08-11T13:15:20","date_gmt":"2026-08-11T10:15:20","guid":{"rendered":"https:\/\/analyse.optim.biz\/?p=2088939"},"modified":"2026-08-11T13:15:20","modified_gmt":"2026-08-11T10:15:20","slug":"aquatim-opreste-apa-in-patru-localitati-din-timis-programul-lucrarilor","status":"publish","type":"post","link":"https:\/\/analyse.optim.biz\/?p=2088939","title":{"rendered":"Aquatim opre\u0219te apa \u00een patru localit\u0103\u021bi din Timi\u0219. Programul lucr\u0103rilor"},"content":{"rendered":"<p>[analyse_image type=&#8221;featured&#8221; src=&#8221;https:\/\/orasul-timisoara.ro\/wp-content\/uploads\/2026\/07\/femeie-bea-apa-6.jpg&#8221;]<\/p>\n<article id=\"post-40205\" class=\"td-post-template-7 post-40205 post type-post status-publish format-standard has-post-thumbnail category-featured category-investitii-in-timisoara category-stiri-timisoara tag-apa-timis tag-aquatim tag-carpinis tag-gad tag-ghilad tag-gospodaria-de-apa tag-intrerupere-apa-2 tag-lucrari-aquatim-2 tag-petroasa-mare tag-retea-de-distributie-2 tag-scada-regional tag-statia-de-tratare tag-timis-2 td-container-wrap\">\n<div class=\"td-full-screen-header-image-wrap\">\n<div class=\"td-container td-post-header\">\n<div class=\"td-crumb-container\">\n<div class=\"entry-crumbs\"><span><a title=\"Vede\u021bi toate articolele \u00een Investitii in Timisoara\" class=\"entry-crumb\" href=\"https:\/\/orasul-timisoara.ro\/local-category\/investitii-in-timisoara\/\">Investitii in Timisoara<\/a><\/span><span class=\"td-bred-no-url-last\">Aquatim opre\u0219te apa \u00een patru localit\u0103\u021bi din Timi\u0219. Programul lucr\u0103rilor<\/span><\/div>\n<\/div>\n<div class=\"td-post-header-holder\">\n<div class=\"td-parallax-header\">\n<header class=\"td-post-title\">\n<ul class=\"td-category\">\n<li class=\"entry-category\"><a href=\"https:\/\/orasul-timisoara.ro\/local-category\/investitii-in-timisoara\/\">Investitii in Timisoara<\/a><\/li>\n<li class=\"entry-category\"><a href=\"https:\/\/orasul-timisoara.ro\/local-category\/stiri-timisoara\/\">\u0218tiri Locale<\/a><\/li>\n<\/ul>\n<h1 class=\"entry-title\">Aquatim opre\u0219te apa \u00een patru localit\u0103\u021bi din Timi\u0219. Programul lucr\u0103rilor<\/h1>\n<div class=\"td-module-meta-info\">\n<div class=\"td-post-author-name\">\n<div class=\"td-author-by\">De c\u0103tre<\/div>\n<p><a href=\"https:\/\/orasul-timisoara.ro\/author\/timisoara\/\">redactia<\/a><\/p>\n<div class=\"td-author-line\"> &#8211; <\/div>\n<\/div>\n<p><span class=\"td-post-date\"><time class=\"entry-date updated td-module-date\" datetime=\"2026-08-11T16:15:20+03:00\">11\/08\/2026<\/time><\/span><\/div>\n<\/header>\n<\/div>\n<\/div>\n<\/div>\n<div id=\"td-full-screen-header-image\" class=\"td-image-gradient-style7\"><img decoding=\"async\" class=\"td-backstretch\" src=\"https:\/\/orasul-timisoara.ro\/wp-content\/uploads\/2026\/07\/femeie-bea-apa-6.jpg\"><\/div>\n<\/div>\n<div class=\"td-container\">\n<div class=\"td-pb-row\">\n<div class=\"td-pb-span8 td-main-content\" role=\"main\">\n<div class=\"td-ss-main-content\">\n<div class=\"td-post-sharing-top\">\n<div class=\"td-post-sharing-classic\"><iframe title=\"topFacebookLike\" frameborder src=\"https:\/\/www.facebook.com\/plugins\/like.php?href=https:\/\/orasul-timisoara.ro\/local-40205\/&amp;layout=button_count&amp;show_faces=false&amp;width=105&amp;action=like&amp;colorscheme=light&amp;height=21\"><\/iframe><\/div>\n<div id=\"td_social_sharing_article_top\" class=\"td-post-sharing td-ps-bg td-ps-notext td-post-sharing-style1 \">\n<div class=\"td-post-sharing-visible\"><a class=\"td-social-sharing-button td-social-sharing-button-js td-social-network td-social-facebook\" href=\"https:\/\/www.facebook.com\/sharer.php?u=https%3A%2F%2Forasul-timisoara.ro%2Flocal-40205%2F\" title=\"Facebook\"><\/p>\n<div class=\"td-social-but-text\">Facebook<\/div>\n<p><\/a><a class=\"td-social-sharing-button td-social-sharing-button-js td-social-network td-social-twitter\" href=\"https:\/\/twitter.com\/intent\/tweet?text=Aquatim+opre%C8%99te+apa+%C3%AEn+patru+localit%C4%83%C8%9Bi+din+Timi%C8%99.+Programul+lucr%C4%83rilor&amp;url=https%3A%2F%2Forasul-timisoara.ro%2Flocal-40205%2F&amp;via=orasultm\" title=\"Twitter\"><\/p>\n<div class=\"td-social-but-text\">Twitter<\/div>\n<p><\/a><a class=\"td-social-sharing-button td-social-sharing-button-js td-social-network td-social-whatsapp\" href=\"https:\/\/api.whatsapp.com\/send?text=Aquatim+opre%C8%99te+apa+%C3%AEn+patru+localit%C4%83%C8%9Bi+din+Timi%C8%99.+Programul+lucr%C4%83rilor%20%0A%0A%20https:\/\/orasul-timisoara.ro\/local-40205\/\" title=\"WhatsApp\"><\/p>\n<div class=\"td-social-but-text\">WhatsApp<\/div>\n<p><\/a><a class=\"td-social-sharing-button td-social-sharing-button-js td-social-network td-social-linkedin\" href=\"https:\/\/www.linkedin.com\/shareArticle?mini=true&amp;url=https:\/\/orasul-timisoara.ro\/local-40205\/&amp;title=Aquatim+opre%C8%99te+apa+%C3%AEn+patru+localit%C4%83%C8%9Bi+din+Timi%C8%99.+Programul+lucr%C4%83rilor\" title=\"Linkedin\"><\/p>\n<div class=\"td-social-but-text\">Linkedin<\/div>\n<p><\/a><a class=\"td-social-sharing-button td-social-sharing-button-js td-social-network td-social-reddit\" href=\"https:\/\/reddit.com\/submit?url=https:\/\/orasul-timisoara.ro\/local-40205\/&amp;title=Aquatim+opre%C8%99te+apa+%C3%AEn+patru+localit%C4%83%C8%9Bi+din+Timi%C8%99.+Programul+lucr%C4%83rilor\" title=\"ReddIt\"><\/p>\n<div class=\"td-social-but-text\">ReddIt<\/div>\n<p><\/a><a class=\"td-social-sharing-button td-social-sharing-button-js td-social-network td-social-mail\" href=\"mailto:?subject=Aquatim%20opre%C8%99te%20apa%20%C3%AEn%20patru%20localit%C4%83%C8%9Bi%20din%20Timi%C8%99.%20Programul%20lucr%C4%83rilor&amp;body=https:\/\/orasul-timisoara.ro\/local-40205\/\" title=\"Email\"><\/p>\n<div class=\"td-social-but-text\">Email<\/div>\n<p><\/a><a class=\"td-social-sharing-button td-social-sharing-button-js td-social-network td-social-print\" href=\"https:\/\/orasul-timisoara.ro\/local-40205\/\" title=\"Imprimare\"><\/p>\n<div class=\"td-social-but-text\">Imprimare<\/div>\n<p><\/a><\/div>\n<\/div>\n<\/div>\n<div class=\"td-post-content tagdiv-type\">\n<p class=\"wp-block-paragraph\">Aquatim anun\u021b\u0103 \u00eentreruperi programate ale furniz\u0103rii apei \u00een patru localit\u0103\u021bi din jude\u021bul Timi\u0219, \u00een zilele de miercuri, 12 august, \u0219i joi, 13 august 2026. Opririle sunt necesare pentru lucr\u0103ri de sp\u0103lare \u0219i mentenan\u021b\u0103 a re\u021belelor, precum \u0219i pentru integrarea unei sta\u021bii de tratare \u00een sistemul SCADA Regional.<\/p>\n<p class=\"wp-block-paragraph\">\u00cen Ghilad \u0219i Gad, alimentarea cu ap\u0103 va fi oprit\u0103 miercuri pentru lucr\u0103ri de sp\u0103lare a re\u021belei de distribu\u021bie, \u00een timp ce \u00een Petroasa Mare interven\u021bia vizeaz\u0103 mentenan\u021ba la Gospod\u0103ria de Ap\u0103. Joi, consumatorii din C\u0103rpini\u0219 vor r\u0103m\u00e2ne temporar f\u0103r\u0103 ap\u0103 pentru lucr\u0103rile de integrare a Sta\u021biei de Tratare \u00een sistemul SCADA Regional.<\/p>\n<h2 class=\"wp-block-heading\">Apa va fi oprit\u0103 miercuri \u00een Ghilad \u0219i Gad<\/h2>\n<p class=\"wp-block-paragraph\">Miercuri, 12 august, Aquatim va \u00eentrerupe furnizarea apei \u00een localit\u0103\u021bile Ghilad \u0219i Gad, \u00eentre orele 7:30 \u0219i 15:30.<\/p>\n<p class=\"wp-block-paragraph\">Interven\u021bia este necesar\u0103 pentru efectuarea unor lucr\u0103ri de sp\u0103lare a re\u021belei de distribu\u021bie. Opera\u021biunea are rolul de a permite efectuarea lucr\u0103rilor de \u00eentre\u021binere asupra infrastructurii de alimentare cu ap\u0103.<\/p>\n<p class=\"wp-block-paragraph\">Consumatorii din cele dou\u0103 localit\u0103\u021bi sunt sf\u0103tui\u021bi s\u0103 \u00ee\u0219i asigure din timp cantitatea de ap\u0103 necesar\u0103 pentru intervalul \u00een care furnizarea va fi oprit\u0103.<\/p>\n<h2 class=\"wp-block-heading\">Petroasa Mare r\u0103m\u00e2ne f\u0103r\u0103 ap\u0103 pentru lucr\u0103ri de mentenan\u021b\u0103<\/h2>\n<p class=\"wp-block-paragraph\">Tot miercuri, 12 august, este programat\u0103 o interven\u021bie \u00een Petroasa Mare.<\/p>\n<p class=\"wp-block-paragraph\">\u00centre orele 8:00 \u0219i 16:00, furnizarea apei va fi \u00eentrerupt\u0103 pentru efectuarea unor lucr\u0103ri de mentenan\u021b\u0103 la Gospod\u0103ria de Ap\u0103 din localitate.<\/p>\n<p class=\"wp-block-paragraph\">Aquatim recomand\u0103 consumatorilor s\u0103 \u021bin\u0103 cont de intervalul anun\u021bat \u0219i s\u0103 \u00ee\u0219i preg\u0103teasc\u0103 o rezerv\u0103 de ap\u0103 pentru perioada \u00een care alimentarea din re\u021beaua public\u0103 va fi oprit\u0103.<\/p>\n<h2 class=\"wp-block-heading\">C\u0103rpini\u0219, f\u0103r\u0103 ap\u0103 joi<\/h2>\n<p class=\"wp-block-paragraph\">Joi, 13 august, \u00eentre orele 9:00 \u0219i 14:00, furnizarea apei va fi \u00eentrerupt\u0103 \u00een C\u0103rpini\u0219.<\/p>\n<p class=\"wp-block-paragraph\">De aceast\u0103 dat\u0103, interven\u021bia este necesar\u0103 pentru integrarea Sta\u021biei de Tratare \u00een sistemul SCADA Regional. Lucr\u0103rile fac parte din opera\u021biunile de modernizare \u0219i integrare a infrastructurii de alimentare cu ap\u0103 \u00een sistemul de monitorizare \u0219i control.<\/p>\n<p class=\"wp-block-paragraph\">\u00centreruperea este programat\u0103 pentru un interval de cinci ore, iar alimentarea va fi reluat\u0103 dup\u0103 finalizarea lucr\u0103rilor.<\/p>\n<h2 class=\"wp-block-heading\">Apa poate fi tulbure dup\u0103 reluarea aliment\u0103rii<\/h2>\n<p class=\"wp-block-paragraph\">Aquatim avertizeaz\u0103 c\u0103, dup\u0103 reluarea furniz\u0103rii apei \u00een regim normal, este posibil ca la robinete s\u0103 apar\u0103 temporar ap\u0103 tulbure.<\/p>\n<p class=\"wp-block-paragraph\">Compania precizeaz\u0103 c\u0103 fenomenul este de scurt\u0103 durat\u0103 \u0219i recomand\u0103 consumatorilor s\u0103 nu foloseasc\u0103 apa \u00een scopuri menajere p\u00e2n\u0103 la limpezirea complet\u0103.<\/p>\n<p class=\"wp-block-paragraph\">Apari\u021bia apei tulburi poate surveni dup\u0103 interven\u021biile efectuate asupra re\u021belei \u0219i dup\u0103 reluarea aliment\u0103rii cu ap\u0103.<\/p>\n<h2 class=\"wp-block-heading\">Aquatim recomand\u0103 stocarea unei rezerve de ap\u0103<\/h2>\n<p class=\"wp-block-paragraph\">Pentru a reduce disconfortul provocat de \u00eentreruperile programate, consumatorii din Ghilad, Gad, Petroasa Mare \u0219i C\u0103rpini\u0219 sunt sf\u0103tui\u021bi s\u0103 \u00ee\u0219i asigure din timp cantit\u0103\u021bi suficiente de ap\u0103.<\/p>\n<p class=\"wp-block-paragraph\">Recomandarea este valabil\u0103 pentru \u00eentreaga perioad\u0103 \u00een care sunt programate lucr\u0103rile, iar consumatorii sunt sf\u0103tui\u021bi s\u0103 \u021bin\u0103 cont de orele de oprire comunicate de Aquatim.<\/p>\n<p class=\"wp-block-paragraph\">Lucr\u0103rile sunt programate pentru dou\u0103 zile consecutive \u0219i vizeaz\u0103 at\u00e2t \u00eentre\u021binerea re\u021belelor existente, c\u00e2t \u0219i integrarea infrastructurii de tratare \u00een sistemul SCADA Regional.<\/p>\n<\/div>\n<footer>\n<div class=\"td-post-source-tags\">\n<ul class=\"td-tags td-post-small-box clearfix\">\n<li><span>ETICHETE<\/span><\/li>\n<li><a href=\"https:\/\/orasul-timisoara.ro\/local-tag\/apa-timis\/\">ap\u0103 Timi\u0219<\/a><\/li>\n<li><a href=\"https:\/\/orasul-timisoara.ro\/local-tag\/aquatim\/\">aquatim<\/a><\/li>\n<li><a href=\"https:\/\/orasul-timisoara.ro\/local-tag\/carpinis\/\">C\u0103rpini\u0219<\/a><\/li>\n<li><a href=\"https:\/\/orasul-timisoara.ro\/local-tag\/gad\/\">Gad<\/a><\/li>\n<li><a href=\"https:\/\/orasul-timisoara.ro\/local-tag\/ghilad\/\">ghilad<\/a><\/li>\n<li><a href=\"https:\/\/orasul-timisoara.ro\/local-tag\/gospodaria-de-apa\/\">Gospod\u0103ria de Ap\u0103<\/a><\/li>\n<li><a href=\"https:\/\/orasul-timisoara.ro\/local-tag\/intrerupere-apa-2\/\">\u00eentrerupere ap\u0103<\/a><\/li>\n<li><a href=\"https:\/\/orasul-timisoara.ro\/local-tag\/lucrari-aquatim-2\/\">lucr\u0103ri Aquatim<\/a><\/li>\n<li><a href=\"https:\/\/orasul-timisoara.ro\/local-tag\/petroasa-mare\/\">petroasa mare<\/a><\/li>\n<li><a href=\"https:\/\/orasul-timisoara.ro\/local-tag\/retea-de-distributie-2\/\">re\u021bea de distribu\u021bie<\/a><\/li>\n<li><a href=\"https:\/\/orasul-timisoara.ro\/local-tag\/scada-regional\/\">SCADA Regional<\/a><\/li>\n<li><a href=\"https:\/\/orasul-timisoara.ro\/local-tag\/statia-de-tratare\/\">Sta\u021bia de Tratare<\/a><\/li>\n<li><a href=\"https:\/\/orasul-timisoara.ro\/local-tag\/timis-2\/\">timi\u0219<\/a><\/li>\n<\/ul>\n<\/div>\n<div class=\"td-post-sharing-bottom\">\n<div class=\"td-post-sharing-classic\"><iframe title=\"bottomFacebookLike\" frameborder src=\"https:\/\/www.facebook.com\/plugins\/like.php?href=https:\/\/orasul-timisoara.ro\/local-40205\/&amp;layout=button_count&amp;show_faces=false&amp;width=105&amp;action=like&amp;colorscheme=light&amp;height=21\"><\/iframe><\/div>\n<div id=\"td_social_sharing_article_bottom\" class=\"td-post-sharing td-ps-bg td-ps-notext td-post-sharing-style1 \">\n<div class=\"td-post-sharing-visible\"><a class=\"td-social-sharing-button td-social-sharing-button-js td-social-network td-social-facebook\" href=\"https:\/\/www.facebook.com\/sharer.php?u=https%3A%2F%2Forasul-timisoara.ro%2Flocal-40205%2F\" title=\"Facebook\"><\/p>\n<div class=\"td-social-but-text\">Facebook<\/div>\n<p><\/a><a class=\"td-social-sharing-button td-social-sharing-button-js td-social-network td-social-twitter\" href=\"https:\/\/twitter.com\/intent\/tweet?text=Aquatim+opre%C8%99te+apa+%C3%AEn+patru+localit%C4%83%C8%9Bi+din+Timi%C8%99.+Programul+lucr%C4%83rilor&amp;url=https%3A%2F%2Forasul-timisoara.ro%2Flocal-40205%2F&amp;via=orasultm\" title=\"Twitter\"><\/p>\n<div class=\"td-social-but-text\">Twitter<\/div>\n<p><\/a><a class=\"td-social-sharing-button td-social-sharing-button-js td-social-network td-social-whatsapp\" href=\"https:\/\/api.whatsapp.com\/send?text=Aquatim+opre%C8%99te+apa+%C3%AEn+patru+localit%C4%83%C8%9Bi+din+Timi%C8%99.+Programul+lucr%C4%83rilor%20%0A%0A%20https:\/\/orasul-timisoara.ro\/local-40205\/\" title=\"WhatsApp\"><\/p>\n<div class=\"td-social-but-text\">WhatsApp<\/div>\n<p><\/a><a class=\"td-social-sharing-button td-social-sharing-button-js td-social-network td-social-linkedin\" href=\"https:\/\/www.linkedin.com\/shareArticle?mini=true&amp;url=https:\/\/orasul-timisoara.ro\/local-40205\/&amp;title=Aquatim+opre%C8%99te+apa+%C3%AEn+patru+localit%C4%83%C8%9Bi+din+Timi%C8%99.+Programul+lucr%C4%83rilor\" title=\"Linkedin\"><\/p>\n<div class=\"td-social-but-text\">Linkedin<\/div>\n<p><\/a><a class=\"td-social-sharing-button td-social-sharing-button-js td-social-network td-social-reddit\" href=\"https:\/\/reddit.com\/submit?url=https:\/\/orasul-timisoara.ro\/local-40205\/&amp;title=Aquatim+opre%C8%99te+apa+%C3%AEn+patru+localit%C4%83%C8%9Bi+din+Timi%C8%99.+Programul+lucr%C4%83rilor\" title=\"ReddIt\"><\/p>\n<div class=\"td-social-but-text\">ReddIt<\/div>\n<p><\/a><a class=\"td-social-sharing-button td-social-sharing-button-js td-social-network td-social-mail\" href=\"mailto:?subject=Aquatim%20opre%C8%99te%20apa%20%C3%AEn%20patru%20localit%C4%83%C8%9Bi%20din%20Timi%C8%99.%20Programul%20lucr%C4%83rilor&amp;body=https:\/\/orasul-timisoara.ro\/local-40205\/\" title=\"Email\"><\/p>\n<div class=\"td-social-but-text\">Email<\/div>\n<p><\/a><a class=\"td-social-sharing-button td-social-sharing-button-js td-social-network td-social-print\" href=\"https:\/\/orasul-timisoara.ro\/local-40205\/\" title=\"Imprimare\"><\/p>\n<div class=\"td-social-but-text\">Imprimare<\/div>\n<p><\/a><\/div>\n<\/div>\n<\/div>\n<div class=\"td-block-row td-post-next-prev\">\n<div class=\"td-block-span6 td-post-prev-post\">\n<div class=\"td-post-next-prev-content\"><span>Articolul precedent<\/span><a href=\"https:\/\/orasul-timisoara.ro\/local-40199\/\">CJ Timi\u0219 preg\u0103te\u0219te construirea unei \u201ecl\u0103diri iconice\u201d \u00een centrul Timi\u0219oarei. Investi\u021bie de 40 milioane de euro<\/a><\/div>\n<\/div>\n<div class=\"td-block-span6 td-post-next-post\">\n<div class=\"td-post-next-prev-content\"><span>Articolul urm\u0103tor<\/span><a href=\"https:\/\/orasul-timisoara.ro\/local-40207\/\">Peste 600.000 de euro pentru utilit\u0103\u021bi \u00eentr-o zon\u0103 agricol\u0103 din S\u00e2nandrei. \u201eDe ce aici \u0219i de ce acum?\u201d, \u00eentreab\u0103 un consilier local<\/a><\/div>\n<\/div>\n<\/div>\n<div class=\"td-author-name vcard author\"><span class=\"fn\"><a href=\"https:\/\/orasul-timisoara.ro\/author\/timisoara\/\">redactia<\/a><\/span><\/div>\n<p><span class=\"td-page-meta\"><\/span><span class=\"td-page-meta\"><span class=\"td-page-meta\"><\/span><\/span><span class=\"td-page-meta\"><\/span><\/footer>\n<div class=\"td_block_wrap td_block_related_posts tdi_3 td_with_ajax_pagination td-pb-border-top td_block_template_8\" data-td-block-uid=\"tdi_3\">\n<h4 class=\"td-related-title td-block-title\"><a id=\"tdi_4\" class=\"td-related-left td-cur-simple-item\" data-td_filter_value data-td_block_id=\"tdi_3\" href=\"https:\/\/orasul-timisoara.ro\/local-40205\/\">ARTICOLE SIMILARE<\/a><a id=\"tdi_5\" class=\"td-related-right\" data-td_filter_value=\"td_related_more_from_author\" data-td_block_id=\"tdi_3\" href=\"https:\/\/orasul-timisoara.ro\/local-40205\/\">DE LA ACELA\u0218I AUTOR<\/a><\/h4>\n<div id=\"tdi_3\" class=\"td_block_inner\">\n<div class=\"td-related-row\">\n<div class=\"td-related-span4\">\n<div class=\"td_module_related_posts td-animation-stack td_mod_related_posts\">\n<div class=\"td-module-image\">\n<div class=\"td-module-thumb\"><a href=\"https:\/\/orasul-timisoara.ro\/local-40157\/\" rel=\"bookmark\" class=\"td-image-wrap \" title=\"Noi \u00eentreruperi de ap\u0103 \u00een Timi\u0219oara pe 10 \u0219i 11 august. Str\u0103zile afectate\"><img loading=\"lazy\" decoding=\"async\" class=\"entry-thumb\" src=\"https:\/\/orasul-timisoara.ro\/wp-content\/uploads\/2026\/07\/femeie-bea-apa-4-1-436x300.jpg\" alt title=\"Noi \u00eentreruperi de ap\u0103 \u00een Timi\u0219oara pe 10 \u0219i 11 august. Str\u0103zile afectate\" width=\"218\" height=\"150\"><\/a><\/div>\n<\/div>\n<div class=\"item-details\">\n<h3 class=\"entry-title td-module-title\"><a href=\"https:\/\/orasul-timisoara.ro\/local-40157\/\" rel=\"bookmark\" title=\"Noi \u00eentreruperi de ap\u0103 \u00een Timi\u0219oara pe 10 \u0219i 11 august. Str\u0103zile afectate\">Noi \u00eentreruperi de ap\u0103 \u00een Timi\u0219oara pe 10 \u0219i 11 august. Str\u0103zile afectate<\/a><\/h3>\n<\/div>\n<\/div>\n<\/div>\n<div class=\"td-related-span4\">\n<div class=\"td_module_related_posts td-animation-stack td_mod_related_posts\">\n<div class=\"td-module-image\">\n<div class=\"td-module-thumb\"><a href=\"https:\/\/orasul-timisoara.ro\/local-40147\/\" rel=\"bookmark\" class=\"td-image-wrap \" title=\"Consum record de ap\u0103 \u00een Timi\u0219oara. Aquatim a distribuit peste 2,5 milioane de metri cubi \u00een iulie\"><img loading=\"lazy\" decoding=\"async\" class=\"entry-thumb\" src=\"https:\/\/orasul-timisoara.ro\/wp-content\/uploads\/2026\/07\/femeie-bea-apa-4-436x300.jpg\" alt title=\"Consum record de ap\u0103 \u00een Timi\u0219oara. Aquatim a distribuit peste 2,5 milioane de metri cubi \u00een iulie\" width=\"218\" height=\"150\"><\/a><\/div>\n<\/div>\n<div class=\"item-details\">\n<h3 class=\"entry-title td-module-title\"><a href=\"https:\/\/orasul-timisoara.ro\/local-40147\/\" rel=\"bookmark\" title=\"Consum record de ap\u0103 \u00een Timi\u0219oara. Aquatim a distribuit peste 2,5 milioane de metri cubi \u00een iulie\">Consum record de ap\u0103 \u00een Timi\u0219oara. Aquatim a distribuit peste 2,5 milioane de metri cubi \u00een iulie<\/a><\/h3>\n<\/div>\n<\/div>\n<\/div>\n<div class=\"td-related-span4\">\n<div class=\"td_module_related_posts td-animation-stack td_mod_related_posts\">\n<div class=\"td-module-image\">\n<div class=\"td-module-thumb\"><a href=\"https:\/\/orasul-timisoara.ro\/local-40085\/\" rel=\"bookmark\" class=\"td-image-wrap \" title=\"Casieria Aquatim de pe strada Oituz se \u00eenchide definitiv din 10 august\"><img loading=\"lazy\" decoding=\"async\" class=\"entry-thumb\" src=\"https:\/\/orasul-timisoara.ro\/wp-content\/uploads\/2026\/08\/Screenshot-2026-08-06-180357-436x300.jpg\" alt title=\"Casieria Aquatim de pe strada Oituz se \u00eenchide definitiv din 10 august\" width=\"218\" height=\"150\"><\/a><\/div>\n<\/div>\n<div class=\"item-details\">\n<h3 class=\"entry-title td-module-title\"><a href=\"https:\/\/orasul-timisoara.ro\/local-40085\/\" rel=\"bookmark\" title=\"Casieria Aquatim de pe strada Oituz se \u00eenchide definitiv din 10 august\">Casieria Aquatim de pe strada Oituz se \u00eenchide definitiv din 10 august<\/a><\/h3>\n<\/div>\n<\/div>\n<\/div>\n<\/div>\n<\/div>\n<\/div>\n<div class=\"comments\" id=\"comments\">\n<div id=\"respond\" class=\"comment-respond\">\n<h3 id=\"reply-title\" class=\"comment-reply-title\">L\u0102SA\u021aI UN MESAJ<\/h3>\n<div class=\"comment-form-input-wrap td-form-comment\">\n<div class=\"td-warning-comment\">V\u0103 rug\u0103m s\u0103 introduce\u021bi comentariul dvs.!<\/div>\n<\/div>\n<div class=\"comment-form-input-wrap td-form-author\">\n<div class=\"td-warning-author\">Introduce\u021bi aici numele dvs.<\/div>\n<\/div>\n<div class=\"comment-form-input-wrap td-form-email\">\n<div class=\"td-warning-email-error\">A\u021bi introdus o adres\u0103 de e-mail incorect\u0103!<\/div>\n<div class=\"td-warning-email\">V\u0103 rug\u0103m s\u0103 introduce\u021bi adresa dvs. de e-mail aici<\/div>\n<\/div>\n<\/div>\n<p class=\"akismet_comment_form_privacy_notice\">Acest site folose\u0219te Akismet pentru a reduce spamul. <a href=\"https:\/\/akismet.com\/privacy\/\" target=\"_blank\" rel=\"nofollow noopener\">Afl\u0103 cum sunt procesate datele comentariilor tale<\/a>.<\/p>\n<\/div>\n<\/div>\n<\/div>\n<div class=\"td-pb-span4 td-main-sidebar\" role=\"complementary\">\n<div class=\"td-ss-main-sidebar\">\n<aside id=\"block-4\" class=\"td_block_template_8 widget block-4 widget_block widget_media_image\">\n<figure class=\"wp-block-image size-full\"><img loading=\"lazy\" decoding=\"async\" width=\"336\" height=\"280\" src=\"https:\/\/orasul-timisoara.ro\/wp-content\/uploads\/2024\/11\/ReTIM-Abonamentul-Verde-Google-Ads-336x280px.gif\" alt class=\"wp-image-29257\"><\/figure>\n<\/aside>\n<div class=\"td_block_wrap td_block_social_counter td_block_widget tdi_6 td-social-style5 td-social-boxed td-pb-border-top td_block_template_8\">\n<div class=\"td-block-title-wrap\">\n<h4 class=\"td-block-title\"><span>Urm\u0103re\u0219te-ne pe Social Media<\/span><\/h4>\n<\/div>\n<div class=\"td-social-list\">\n<div class=\"td_social_type td-pb-margin-side td_social_facebook\">\n<div class=\"td-social-box\"><span class=\"td_social_info td_social_info_counter\">344,595<\/span><span class=\"td_social_info td_social_info_name\">Fani<\/span><span class=\"td_social_button\"><a href=\"https:\/\/www.facebook.com\/247timisoara\" target=\"_blank\" rel=\"nofollow\">\u00cemi place<\/a><\/span><\/div>\n<\/div>\n<div class=\"td_social_type td-pb-margin-side td_social_instagram\">\n<div class=\"td-social-box\"><span class=\"td_social_info td_social_info_counter\">4,416<\/span><span class=\"td_social_info td_social_info_name\">Cititori<\/span><span class=\"td_social_button\"><a href=\"https:\/\/instagram.com\/orasultimisoararo\/\" target=\"_blank\" rel=\"nofollow\">Conecta\u021bi-v\u0103<\/a><\/span><\/div>\n<\/div>\n<div class=\"td_social_type td-pb-margin-side td_social_rss\">\n<div class=\"td-social-box\"><span class=\"td_social_info td_social_info_counter\">12,506<\/span><span class=\"td_social_info td_social_info_name\">Cititori<\/span><span class=\"td_social_button\"><a href=\"https:\/\/orasul-timisoara.ro\/feed\/\" target=\"_blank\" rel=\"nofollow\">Conecta\u021bi-v\u0103<\/a><\/span><\/div>\n<\/div>\n<div class=\"td_social_type td-pb-margin-side td_social_tiktok\">\n<div class=\"td-social-box\"><span class=\"td_social_info td_social_info_counter\">1,500<\/span><span class=\"td_social_info td_social_info_name\">Cititori<\/span><span class=\"td_social_button\"><a href=\"https:\/\/www.tiktok.com\/@orasultimisoara\" target=\"_blank\" rel=\"nofollow\">Conecta\u021bi-v\u0103<\/a><\/span><\/div>\n<\/div>\n<div class=\"td_social_type td-pb-margin-side td_social_twitter\">\n<div class=\"td-social-box\"><span class=\"td_social_info td_social_info_counter\">1,595<\/span><span class=\"td_social_info td_social_info_name\">Cititori<\/span><span class=\"td_social_button\"><a href=\"https:\/\/twitter.com\/orasultm\" target=\"_blank\" rel=\"nofollow\">Conecta\u021bi-v\u0103<\/a><\/span><\/div>\n<\/div>\n<div class=\"td_social_type td-pb-margin-side td_social_youtube\">\n<div class=\"td-social-box\"><span class=\"td_social_info td_social_info_counter\">3,506<\/span><span class=\"td_social_info td_social_info_name\">Abona\u021bi<\/span><span class=\"td_social_button\"><a href=\"https:\/\/www.youtube.com\/channel\/UCQNsQvs2XCSIm1Z-AHRturw?sub_confirmation=1\" target=\"_blank\" rel=\"nofollow\">Abona\u021bi-v\u0103<\/a><\/span><\/div>\n<\/div>\n<\/div>\n<\/div>\n<aside id=\"text-7\" class=\"td_block_template_8 widget text-7 widget_text\">\n<h4 class=\"td-block-title\"><span>C\u0103ut\u0103ri populare pe OTM<\/span><\/h4>\n<div class=\"textwidget\"><a href=\"https:\/\/orasul-timisoara.ro\/?s=timisoara\"><span>Timisoara<\/span><\/a><a href=\"https:\/\/orasul-timisoara.ro\/?s=calin+dobra\"><span>Calin Dobra<\/span><\/a><a href=\"https:\/\/orasul-timisoara.ro\/?s=primaria+timisoara\"><span>Primaria Timisoara<\/span><\/a><a href=\"https:\/\/orasul-timisoara.ro\/?s=dominic+fritz\"><span>Dominic Fritz<\/span><\/a><a href=\"https:\/\/orasul-timisoara.ro\/?s=nicolae+robu\"><span>Nicolae Robu<\/span><\/a><a href=\"https:\/\/orasul-timisoara.ro\/?s=consiliul+local+timisoara\">Consiliul Local Timisoara<\/a><a href=\"https:\/\/orasul-timisoara.ro\/?s=consiliul+judetean+timis\"><span>Consiliul Judetean Timis<\/span><\/a><a href=\"https:\/\/orasul-timisoara.ro\/?s=cjt\"><span>CJT<\/span><\/a><a href=\"https:\/\/orasul-timisoara.ro\/?s=Alfred+Simonis\"><span>Alfred Simonis<\/span><\/a><a href=\"https:\/\/orasul-timisoara.ro\/?s=PNL\"><span>PNL<\/span><\/a><a href=\"https:\/\/orasul-timisoara.ro\/?s=coronavirus\"><span>coronavirus<\/span><\/a><a href=\"https:\/\/orasul-timisoara.ro\/?s=teatru+timisoara\">teatru Timisoara<\/a><a href=\"https:\/\/orasul-timisoara.ro\/?s=restaurante\"><span>restaurante Timisoara<\/span><\/a><a href=\"https:\/\/orasul-timisoara.ro\/?s=diskoteka\"><span>Diskoteka<\/span><\/a><a href=\"https:\/\/orasul-timisoara.ro\/?s=iulius+town\"><span>Iulius Town<\/span><\/a><a href=\"https:\/\/orasul-timisoara.ro\/?s=iulius+mall\"><span>Iulius Mall<\/span><\/a><a href=\"https:\/\/orasul-timisoara.ro\/?s=stpt\"><span>STPT<\/span><\/a><a href=\"https:\/\/orasul-timisoara.ro\/?s=alin+nica\"><span>Alin Nica<\/span><\/a><a href=\"https:\/\/orasul-timisoara.ro\/?s=psd\"><span>PSD<\/span><\/a><a href=\"https:\/\/orasul-timisoara.ro\/?s=aeroport\"><span>Aeroportul International Timisoara<\/span><\/a><a href=\"https:\/\/orasul-timisoara.ro\/?s=babes\"><span>Spitalul Victor Babes Timisoara<\/span><\/a><a href=\"https:\/\/orasul-timisoara.ro\/?s=poli\"><span>Poli Timi\u0219oara<\/span><\/a><a href=\"https:\/\/orasul-timisoara.ro\/?s=carantina\"><span>carantina<\/span><\/a><a href=\"https:\/\/orasul-timisoara.ro\/?s=aquatim\"><span>Aquatim<\/span><\/a><a href=\"https:\/\/orasul-timisoara.ro\/local-category\/stiri-timisoara\/\"><span>Stiri Timisoara<\/span><\/a><a href=\"https:\/\/orasul-timisoara.ro\/local-category\/investitii-in-timisoara\/\"><span>Investi\u021bii in Timi\u0219oara<\/span><\/a><a href=\"https:\/\/orasul-timisoara.ro\/local-9463\/\"><span>shaorma<\/span><\/a><a href=\"https:\/\/orasul-timisoara.ro\/?s=trafic\"><span>trafic rutier<\/span><\/a><a href=\"https:\/\/orasul-timisoara.ro\/?s=politia\"><span>politia locala timisoara<\/span><\/a><a href=\"https:\/\/orasul-timisoara.ro\/?s=roxana\"><span>Roxana Iliescu<\/span><\/a><a href=\"https:\/\/orasul-timisoara.ro\/?s=colterm\"><span>Colterm<\/span><\/a><a href=\"https:\/\/orasul-timisoara.ro\/?s=latcau\"><span>Ruben La\u021bc\u0103u<\/span><\/a><a href=\"https:\/\/orasul-timisoara.ro\/?s=timis\"><span>\u0218tiri din Timi\u0219<\/span><\/a><a href=\"https:\/\/orasul-timisoara.ro\/?s=spital\"><span>Spitale din Timi\u0219oara<\/span><\/a><a href=\"https:\/\/orasul-timisoara.ro\/?s=tabara\"><span>Cosmin Tab\u0103r\u0103<\/span><\/a><\/div>\n<\/aside>\n<aside id=\"rss-2\" class=\"td_block_template_8 widget rss-2 widget_rss\">\n<h4 class=\"td-block-title\"><span><a class=\"rsswidget rss-widget-feed\" href=\"https:\/\/fashionfridays.ro\/feed\"><img decoding=\"async\" class=\"rss-widget-icon\" width=\"14\" height=\"14\" src=\"https:\/\/orasul-timisoara.ro\/wp-includes\/images\/rss.png\" alt=\"RSS\" loading=\"lazy\"><\/a><a class=\"rsswidget rss-widget-title\" href=\"https:\/\/fashionfridays.ro\/\">Fashion Fridays<\/a><\/span><\/h4>\n<ul>\n<li><a class=\"rsswidget\" href=\"https:\/\/fashionfridays.ro\/romania-devine-a-29-a-piata-vogue-o-noua-era-pentru-industria-locala-de-moda\/\">Rom\u00e2nia devine a 29-a pia\u021b\u0103 Vogue: o nou\u0103 er\u0103 pentru industria local\u0103 de mod\u0103<\/a>\n<div class=\"rssSummary\">Revista Vogue \u00ee\u0219i extinde prezen\u021ba global\u0103 \u0219i va fi lansat\u0103 oficial \u00een Rom\u00e2nia \u00een prim\u0103vara anului 2027, marc\u00e2nd intrarea pe cea de-a 29-a pia\u021b\u0103 interna\u021bional\u0103. Proiectul este realizat \u00een parteneriat cu AEMME Publishing, o companie media recent \u00eenfiin\u021bat\u0103, care va publica edi\u021bia local\u0103 sub licen\u021b\u0103. Noua edi\u021bie, Vogue Rom\u00e2nia, \u00ee\u0219i propune s\u0103 combine autoritatea global\u0103 [\u2026]<\/div>\n<\/li>\n<\/ul>\n<\/aside>\n<aside id=\"rss-4\" class=\"td_block_template_8 widget rss-4 widget_rss\">\n<h4 class=\"td-block-title\"><span><a class=\"rsswidget rss-widget-feed\" href=\"https:\/\/emasini.ro\/feed\"><img decoding=\"async\" class=\"rss-widget-icon\" width=\"14\" height=\"14\" src=\"https:\/\/orasul-timisoara.ro\/wp-includes\/images\/rss.png\" alt=\"RSS\" loading=\"lazy\"><\/a><a class=\"rsswidget rss-widget-title\" href=\"https:\/\/emasini.ro\/\">eMasini<\/a><\/span><\/h4>\n<ul>\n<li><a class=\"rsswidget\" href=\"https:\/\/emasini.ro\/bmw-testeaza-noul-i4-convertible-primul-cabrio-electric-accesibil-al-marcii\/\">BMW testeaz\u0103 noul i4 Convertible, primul cabrio electric accesibil al m\u0103rcii<\/a>\n<div class=\"rssSummary\">BMW accelereaz\u0103 dezvoltarea noii genera\u021bii de modele electrice bazate pe platforma Neue Klasse, iar unul dintre cele mai interesante proiecte aflate \u00een teste este viitorul BMW i4 Convertible. Prototipul camuflat a fost surprins pe \u0219osele, confirm\u00e2nd c\u0103 produc\u0103torul german preg\u0103te\u0219te o decapotabil\u0103 electric\u0103 destinat\u0103 unui segment \u00een care oferta este, \u00een prezent, extrem de limitat\u0103. [\u2026]<\/div>\n<\/li>\n<\/ul>\n<\/aside>\n<\/div>\n<\/div>\n<\/div>\n<\/div>\n<\/article>\n<div class=\"td-post-content tagdiv-type\">\n<p class=\"wp-block-paragraph\">Aquatim anun\u021b\u0103 \u00eentreruperi programate ale furniz\u0103rii apei \u00een patru localit\u0103\u021bi din jude\u021bul Timi\u0219, \u00een zilele de miercuri, 12 august, \u0219i joi, 13 august 2026. Opririle sunt necesare pentru lucr\u0103ri de sp\u0103lare \u0219i mentenan\u021b\u0103 a re\u021belelor, precum \u0219i pentru integrarea unei sta\u021bii de tratare \u00een sistemul SCADA Regional.<\/p>\n<p class=\"wp-block-paragraph\">\u00cen Ghilad \u0219i Gad, alimentarea cu ap\u0103 va fi oprit\u0103 miercuri pentru lucr\u0103ri de sp\u0103lare a re\u021belei de distribu\u021bie, \u00een timp ce \u00een Petroasa Mare interven\u021bia vizeaz\u0103 mentenan\u021ba la Gospod\u0103ria de Ap\u0103. Joi, consumatorii din C\u0103rpini\u0219 vor r\u0103m\u00e2ne temporar f\u0103r\u0103 ap\u0103 pentru lucr\u0103rile de integrare a Sta\u021biei de Tratare \u00een sistemul SCADA Regional.<\/p>\n<h2 class=\"wp-block-heading\">Apa va fi oprit\u0103 miercuri \u00een Ghilad \u0219i Gad<\/h2>\n<p class=\"wp-block-paragraph\">Miercuri, 12 august, Aquatim va \u00eentrerupe furnizarea apei \u00een localit\u0103\u021bile Ghilad \u0219i Gad, \u00eentre orele 7:30 \u0219i 15:30.<\/p>\n<p class=\"wp-block-paragraph\">Interven\u021bia este necesar\u0103 pentru efectuarea unor lucr\u0103ri de sp\u0103lare a re\u021belei de distribu\u021bie. Opera\u021biunea are rolul de a permite efectuarea lucr\u0103rilor de \u00eentre\u021binere asupra infrastructurii de alimentare cu ap\u0103.<\/p>\n<p class=\"wp-block-paragraph\">Consumatorii din cele dou\u0103 localit\u0103\u021bi sunt sf\u0103tui\u021bi s\u0103 \u00ee\u0219i asigure din timp cantitatea de ap\u0103 necesar\u0103 pentru intervalul \u00een care furnizarea va fi oprit\u0103.<\/p>\n<h2 class=\"wp-block-heading\">Petroasa Mare r\u0103m\u00e2ne f\u0103r\u0103 ap\u0103 pentru lucr\u0103ri de mentenan\u021b\u0103<\/h2>\n<p class=\"wp-block-paragraph\">Tot miercuri, 12 august, este programat\u0103 o interven\u021bie \u00een Petroasa Mare.<\/p>\n<p class=\"wp-block-paragraph\">\u00centre orele 8:00 \u0219i 16:00, furnizarea apei va fi \u00eentrerupt\u0103 pentru efectuarea unor lucr\u0103ri de mentenan\u021b\u0103 la Gospod\u0103ria de Ap\u0103 din localitate.<\/p>\n<p class=\"wp-block-paragraph\">Aquatim recomand\u0103 consumatorilor s\u0103 \u021bin\u0103 cont de intervalul anun\u021bat \u0219i s\u0103 \u00ee\u0219i preg\u0103teasc\u0103 o rezerv\u0103 de ap\u0103 pentru perioada \u00een care alimentarea din re\u021beaua public\u0103 va fi oprit\u0103.<\/p>\n<h2 class=\"wp-block-heading\">C\u0103rpini\u0219, f\u0103r\u0103 ap\u0103 joi<\/h2>\n<p class=\"wp-block-paragraph\">Joi, 13 august, \u00eentre orele 9:00 \u0219i 14:00, furnizarea apei va fi \u00eentrerupt\u0103 \u00een C\u0103rpini\u0219.<\/p>\n<p class=\"wp-block-paragraph\">De aceast\u0103 dat\u0103, interven\u021bia este necesar\u0103 pentru integrarea Sta\u021biei de Tratare \u00een sistemul SCADA Regional. Lucr\u0103rile fac parte din opera\u021biunile de modernizare \u0219i integrare a infrastructurii de alimentare cu ap\u0103 \u00een sistemul de monitorizare \u0219i control.<\/p>\n<p class=\"wp-block-paragraph\">\u00centreruperea este programat\u0103 pentru un interval de cinci ore, iar alimentarea va fi reluat\u0103 dup\u0103 finalizarea lucr\u0103rilor.<\/p>\n<h2 class=\"wp-block-heading\">Apa poate fi tulbure dup\u0103 reluarea aliment\u0103rii<\/h2>\n<p class=\"wp-block-paragraph\">Aquatim avertizeaz\u0103 c\u0103, dup\u0103 reluarea furniz\u0103rii apei \u00een regim normal, este posibil ca la robinete s\u0103 apar\u0103 temporar ap\u0103 tulbure.<\/p>\n<p class=\"wp-block-paragraph\">Compania precizeaz\u0103 c\u0103 fenomenul este de scurt\u0103 durat\u0103 \u0219i recomand\u0103 consumatorilor s\u0103 nu foloseasc\u0103 apa \u00een scopuri menajere p\u00e2n\u0103 la limpezirea complet\u0103.<\/p>\n<p class=\"wp-block-paragraph\">Apari\u021bia apei tulburi poate surveni dup\u0103 interven\u021biile efectuate asupra re\u021belei \u0219i dup\u0103 reluarea aliment\u0103rii cu ap\u0103.<\/p>\n<h2 class=\"wp-block-heading\">Aquatim recomand\u0103 stocarea unei rezerve de ap\u0103<\/h2>\n<p class=\"wp-block-paragraph\">Pentru a reduce disconfortul provocat de \u00eentreruperile programate, consumatorii din Ghilad, Gad, Petroasa Mare \u0219i C\u0103rpini\u0219 sunt sf\u0103tui\u021bi s\u0103 \u00ee\u0219i asigure din timp cantit\u0103\u021bi suficiente de ap\u0103.<\/p>\n<p class=\"wp-block-paragraph\">Recomandarea este valabil\u0103 pentru \u00eentreaga perioad\u0103 \u00een care sunt programate lucr\u0103rile, iar consumatorii sunt sf\u0103tui\u021bi s\u0103 \u021bin\u0103 cont de orele de oprire comunicate de Aquatim.<\/p>\n<p class=\"wp-block-paragraph\">Lucr\u0103rile sunt programate pentru dou\u0103 zile consecutive \u0219i vizeaz\u0103 at\u00e2t \u00eentre\u021binerea re\u021belelor existente, c\u00e2t \u0219i integrarea infrastructurii de tratare \u00een sistemul SCADA Regional.<\/p>\n<\/div>\n<p>[analyse_source url=&#8221;https:\/\/orasul-timisoara.ro\/local-40205\/&#8221;]<\/p>\n","protected":false},"excerpt":{"rendered":"<p>[analyse_image type=&#8221;featured&#8221; src=&#8221;https:\/\/orasul-timisoara.ro\/wp-content\/uploads\/2026\/07\/femeie-bea-apa-6.jpg&#8221;] Investitii in TimisoaraAquatim opre\u0219te apa \u00een patru localit\u0103\u021bi din Timi\u0219. Programul lucr\u0103rilor Investitii in Timisoara \u0218tiri Locale Aquatim opre\u0219te apa \u00een patru localit\u0103\u021bi din Timi\u0219. Programul lucr\u0103rilor De c\u0103tre redactia &#8211; 11\/08\/2026 Facebook Twitter WhatsApp Linkedin ReddIt Email Imprimare Aquatim anun\u021b\u0103 \u00eentreruperi programate ale furniz\u0103rii apei \u00een patru localit\u0103\u021bi din jude\u021bul Timi\u0219, [&hellip;]<\/p>\n","protected":false},"author":1,"featured_media":0,"comment_status":"open","ping_status":"","sticky":false,"template":"","format":"standard","meta":{"footnotes":""},"categories":[89],"tags":[226,189],"class_list":["post-2088939","post","type-post","status-publish","format-standard","hentry","category-romania","tag-crawlmanager","tag-orasul-timisoara-ro"],"_links":{"self":[{"href":"https:\/\/analyse.optim.biz\/index.php?rest_route=\/wp\/v2\/posts\/2088939","targetHints":{"allow":["GET"]}}],"collection":[{"href":"https:\/\/analyse.optim.biz\/index.php?rest_route=\/wp\/v2\/posts"}],"about":[{"href":"https:\/\/analyse.optim.biz\/index.php?rest_route=\/wp\/v2\/types\/post"}],"author":[{"embeddable":true,"href":"https:\/\/analyse.optim.biz\/index.php?rest_route=\/wp\/v2\/users\/1"}],"replies":[{"embeddable":true,"href":"https:\/\/analyse.optim.biz\/index.php?rest_route=%2Fwp%2Fv2%2Fcomments&post=2088939"}],"version-history":[{"count":0,"href":"https:\/\/analyse.optim.biz\/index.php?rest_route=\/wp\/v2\/posts\/2088939\/revisions"}],"wp:attachment":[{"href":"https:\/\/analyse.optim.biz\/index.php?rest_route=%2Fwp%2Fv2%2Fmedia&parent=2088939"}],"wp:term":[{"taxonomy":"category","embeddable":true,"href":"https:\/\/analyse.optim.biz\/index.php?rest_route=%2Fwp%2Fv2%2Fcategories&post=2088939"},{"taxonomy":"post_tag","embeddable":true,"href":"https:\/\/analyse.optim.biz\/index.php?rest_route=%2Fwp%2Fv2%2Ftags&post=2088939"}],"curies":[{"name":"wp","href":"https:\/\/api.w.org\/{rel}","templated":true}]}}