{"id":2088927,"date":"2026-08-02T21:16:00","date_gmt":"2026-08-02T18:16:00","guid":{"rendered":"https:\/\/analyse.optim.biz\/?p=2088927"},"modified":"2026-08-02T21:16:00","modified_gmt":"2026-08-02T18:16:00","slug":"teroare-in-familie-batuta-de-fratele-beat-crita-o-femeie-din-milisauti-a-obtinut-ordin-de-protectie-ce-au-facut-politistii-cu-atacatorul","status":"publish","type":"post","link":"https:\/\/analyse.optim.biz\/?p=2088927","title":{"rendered":"Teroare \u00een familie. B\u0103tut\u0103 de fratele beat cri\u021b\u0103, o femeie din Mili\u0219\u0103u\u021bi a ob\u021binut ordin de protec\u021bie. Ce au f\u0103cut poli\u021bi\u0219tii cu atacatorul"},"content":{"rendered":"<p>[analyse_image type=&#8221;featured&#8221; src=&#8221;https:\/\/blogger.googleusercontent.com\/img\/b\/R29vZ2xl\/AVvXsEhiTD4vD3gBGVhEYHUiKx4RB6dOTJ1fVPUURnD6-Kbrcqw1zYWi5kifO5G69kDCDIDkC5LDh9Ep3oaXe2Cb-6hIZb_OBMP4vdVLCiaQJ3e6idtlT22GXPPnVt_pywVTtboJvoF-RL5mnHudAc8RZrs9EU6P8V9TfDMaW4yVxAw9mfl92YJuoUaR4yaNjdU\/w1600\/politia-rurala.jpeg&#8221;]<\/p>\n<div class=\"post-body entry-content\" id=\"post-body\">\n<div class=\"separator\"><a href=\"https:\/\/blogger.googleusercontent.com\/img\/b\/R29vZ2xl\/AVvXsEhiTD4vD3gBGVhEYHUiKx4RB6dOTJ1fVPUURnD6-Kbrcqw1zYWi5kifO5G69kDCDIDkC5LDh9Ep3oaXe2Cb-6hIZb_OBMP4vdVLCiaQJ3e6idtlT22GXPPnVt_pywVTtboJvoF-RL5mnHudAc8RZrs9EU6P8V9TfDMaW4yVxAw9mfl92YJuoUaR4yaNjdU\/s1200\/politia-rurala.jpeg\"><img decoding=\"async\" alt=\"Teroare \u00een familie. B\u0103tut\u0103 de fratele beat cri\u021b\u0103, o femeie din Mili\u0219\u0103u\u021bi a ob\u021binut ordin de protec\u021bie. Ce au f\u0103cut poli\u021bi\u0219tii cu atacatorul\" border=\"0\" height=\"335\" loading=\"lazy\" src=\"https:\/\/blogger.googleusercontent.com\/img\/b\/R29vZ2xl\/AVvXsEhiTD4vD3gBGVhEYHUiKx4RB6dOTJ1fVPUURnD6-Kbrcqw1zYWi5kifO5G69kDCDIDkC5LDh9Ep3oaXe2Cb-6hIZb_OBMP4vdVLCiaQJ3e6idtlT22GXPPnVt_pywVTtboJvoF-RL5mnHudAc8RZrs9EU6P8V9TfDMaW4yVxAw9mfl92YJuoUaR4yaNjdU\/w640-h335-rw\/politia-rurala.jpeg\" title=\"Teroare \u00een familie. B\u0103tut\u0103 de fratele beat cri\u021b\u0103, o femeie din Mili\u0219\u0103u\u021bi a ob\u021binut ordin de protec\u021bie. Ce au f\u0103cut poli\u021bi\u0219tii cu atacatorul\" width=\"640\"><\/a><\/div>\n<p><strong>Un conflict izbucnit de la preten\u021bii imobiliare a degenerat \u00eentr-un episod de violen\u021b\u0103 domestic\u0103 \u0219ocant \u00een ora\u0219ul Mili\u0219\u0103u\u021bi. O femeie \u00een v\u00e2rst\u0103 de 53 de ani a tr\u0103it momente de teroare vineri seara, dup\u0103 ce propriul frate, aflat \u00eentr-o stare avansat\u0103 de ebrietate, a luat cu asalt locuin\u021ba acesteia \u0219i a agresat-o fizic. Pentru a fi oprit, a fost nevoie de interven\u021bia prompt\u0103 a poli\u021biei \u0219i de un ordin de protec\u021bie.<\/strong><\/p>\n<p>Incidentul a fost semnalat la num\u0103rul unic de urgen\u021b\u0103 112 \u00een data de 31 iulie 2026, \u00een jurul orelor 19:15. Apelul disperat a fost f\u0103cut de femeia care le-a reclamat poli\u021bi\u0219tilor din cadrul Poli\u021biei Ora\u0219ului Mili\u0219\u0103u\u021bi c\u0103 a fost victima unei agresiuni fizice \u00een propria cas\u0103.<\/p>\n<h2>Pumn \u00een fa\u021b\u0103 pentru \u201epartea de cas\u0103\u201d<\/h2>\n<p>Conform declara\u021biilor oferite anchetatorilor, fratele femeii s-a prezentat la u\u0219a acesteia fiind beat cri\u021b\u0103. F\u0103r\u0103 s\u0103 stea prea mult la discu\u021bii, individul \u0219i-a lovit sora cu pumnul \u00een zona fe\u021bei. Motivul halucinant al atacului a fost o nemul\u021bumire legat\u0103 de locuin\u021b\u0103: agresorul i-a strigat victimei c\u0103 are \u0219i el \u201eparte\u201d la respectivul domiciliu \u0219i c\u0103 inten\u021bioneaz\u0103 s\u0103 se mute acolo.<\/p>\n<p>\u00cen ciuda agresiunii suferite, victima a refuzat solicitarea unui echipaj medical la fa\u021ba locului pentru acordarea de \u00eengrijiri de specialitate.<\/p>\n<h3>Agresorul, dus direct la Psihiatrie<\/h3>\n<p>Poli\u021bi\u0219tii s-au mobilizat rapid \u0219i l-au identificat pe b\u0103rbat la locuin\u021ba unde acesta st\u0103tea f\u0103r\u0103 forme legale. Starea sa era una deplorabil\u0103: vizibil afectat de consumul excesiv de alcool, acesta nu putea m\u0103car s\u0103 comunice coerent cu oamenii legii.<\/p>\n<p>Ambii fra\u021bi au fost condu\u0219i la sediul Poli\u021biei Ora\u0219ului Mili\u0219\u0103u\u021bi. \u00cen urma complet\u0103rii formularului de evaluare a riscului, prev\u0103zut de Legea 217\/2003, a reie\u0219it clar c\u0103 exist\u0103 un risc iminent pentru via\u021ba \u0219i integritatea femeii. Astfel, autorit\u0103\u021bile au emis imediat un ordin de protec\u021bie provizoriu pe o perioad\u0103 de 5 zile. B\u0103rbatului i s-a pus \u00een vedere c\u0103 este strict obligat s\u0103 p\u0103streze o distan\u021b\u0103 de 20 de metri fa\u021b\u0103 de sora sa \u0219i de domiciliul acesteia, orice \u00eenc\u0103lcare constituind infrac\u021biune.<\/p>\n<p>Deoarece individul era cunoscut \u00een comunitate ca suferind de afec\u021biuni psihice, poli\u021bi\u0219tii au luat m\u0103sura intern\u0103rii sale nevoluntare la Spitalul Municipal R\u0103d\u0103u\u021bi, direct \u00een sec\u021bia de Psihiatrie.<\/p>\n<p>\u00cen urma interven\u021biei for\u021belor de ordine, victima a prins curaj \u0219i a formulat o pl\u00e2ngere penal\u0103 \u00eempotriva fratelui s\u0103u. \u00cen cauz\u0103 a fost \u00eentocmit un dosar penal pentru s\u0103v\u00e2r\u0219irea infrac\u021biunii de \u201eviolen\u021b\u0103 \u00een familie\u201d, cercet\u0103rile urm\u00e2nd s\u0103 stabileasc\u0103 soarta legal\u0103 a agresorului.<\/p>\n<\/div>\n<div class=\"post-body entry-content\" id=\"post-body\">\n<div class=\"separator\"><a href=\"https:\/\/blogger.googleusercontent.com\/img\/b\/R29vZ2xl\/AVvXsEhiTD4vD3gBGVhEYHUiKx4RB6dOTJ1fVPUURnD6-Kbrcqw1zYWi5kifO5G69kDCDIDkC5LDh9Ep3oaXe2Cb-6hIZb_OBMP4vdVLCiaQJ3e6idtlT22GXPPnVt_pywVTtboJvoF-RL5mnHudAc8RZrs9EU6P8V9TfDMaW4yVxAw9mfl92YJuoUaR4yaNjdU\/s1200\/politia-rurala.jpeg\"><img decoding=\"async\" alt=\"Teroare \u00een familie. B\u0103tut\u0103 de fratele beat cri\u021b\u0103, o femeie din Mili\u0219\u0103u\u021bi a ob\u021binut ordin de protec\u021bie. Ce au f\u0103cut poli\u021bi\u0219tii cu atacatorul\" border=\"0\" height=\"335\" loading=\"lazy\" src=\"https:\/\/blogger.googleusercontent.com\/img\/b\/R29vZ2xl\/AVvXsEhiTD4vD3gBGVhEYHUiKx4RB6dOTJ1fVPUURnD6-Kbrcqw1zYWi5kifO5G69kDCDIDkC5LDh9Ep3oaXe2Cb-6hIZb_OBMP4vdVLCiaQJ3e6idtlT22GXPPnVt_pywVTtboJvoF-RL5mnHudAc8RZrs9EU6P8V9TfDMaW4yVxAw9mfl92YJuoUaR4yaNjdU\/w640-h335-rw\/politia-rurala.jpeg\" title=\"Teroare \u00een familie. B\u0103tut\u0103 de fratele beat cri\u021b\u0103, o femeie din Mili\u0219\u0103u\u021bi a ob\u021binut ordin de protec\u021bie. Ce au f\u0103cut poli\u021bi\u0219tii cu atacatorul\" width=\"640\"><\/a><\/div>\n<p><strong>Un conflict izbucnit de la preten\u021bii imobiliare a degenerat \u00eentr-un episod de violen\u021b\u0103 domestic\u0103 \u0219ocant \u00een ora\u0219ul Mili\u0219\u0103u\u021bi. O femeie \u00een v\u00e2rst\u0103 de 53 de ani a tr\u0103it momente de teroare vineri seara, dup\u0103 ce propriul frate, aflat \u00eentr-o stare avansat\u0103 de ebrietate, a luat cu asalt locuin\u021ba acesteia \u0219i a agresat-o fizic. Pentru a fi oprit, a fost nevoie de interven\u021bia prompt\u0103 a poli\u021biei \u0219i de un ordin de protec\u021bie.<\/strong><\/p>\n<p>Incidentul a fost semnalat la num\u0103rul unic de urgen\u021b\u0103 112 \u00een data de 31 iulie 2026, \u00een jurul orelor 19:15. Apelul disperat a fost f\u0103cut de femeia care le-a reclamat poli\u021bi\u0219tilor din cadrul Poli\u021biei Ora\u0219ului Mili\u0219\u0103u\u021bi c\u0103 a fost victima unei agresiuni fizice \u00een propria cas\u0103.<\/p>\n<h2>Pumn \u00een fa\u021b\u0103 pentru \u201epartea de cas\u0103\u201d<\/h2>\n<p>Conform declara\u021biilor oferite anchetatorilor, fratele femeii s-a prezentat la u\u0219a acesteia fiind beat cri\u021b\u0103. F\u0103r\u0103 s\u0103 stea prea mult la discu\u021bii, individul \u0219i-a lovit sora cu pumnul \u00een zona fe\u021bei. Motivul halucinant al atacului a fost o nemul\u021bumire legat\u0103 de locuin\u021b\u0103: agresorul i-a strigat victimei c\u0103 are \u0219i el \u201eparte\u201d la respectivul domiciliu \u0219i c\u0103 inten\u021bioneaz\u0103 s\u0103 se mute acolo.<\/p>\n<p>\u00cen ciuda agresiunii suferite, victima a refuzat solicitarea unui echipaj medical la fa\u021ba locului pentru acordarea de \u00eengrijiri de specialitate.<\/p>\n<h3>Agresorul, dus direct la Psihiatrie<\/h3>\n<p>Poli\u021bi\u0219tii s-au mobilizat rapid \u0219i l-au identificat pe b\u0103rbat la locuin\u021ba unde acesta st\u0103tea f\u0103r\u0103 forme legale. Starea sa era una deplorabil\u0103: vizibil afectat de consumul excesiv de alcool, acesta nu putea m\u0103car s\u0103 comunice coerent cu oamenii legii.<\/p>\n<p>Ambii fra\u021bi au fost condu\u0219i la sediul Poli\u021biei Ora\u0219ului Mili\u0219\u0103u\u021bi. \u00cen urma complet\u0103rii formularului de evaluare a riscului, prev\u0103zut de Legea 217\/2003, a reie\u0219it clar c\u0103 exist\u0103 un risc iminent pentru via\u021ba \u0219i integritatea femeii. Astfel, autorit\u0103\u021bile au emis imediat un ordin de protec\u021bie provizoriu pe o perioad\u0103 de 5 zile. B\u0103rbatului i s-a pus \u00een vedere c\u0103 este strict obligat s\u0103 p\u0103streze o distan\u021b\u0103 de 20 de metri fa\u021b\u0103 de sora sa \u0219i de domiciliul acesteia, orice \u00eenc\u0103lcare constituind infrac\u021biune.<\/p>\n<p>Deoarece individul era cunoscut \u00een comunitate ca suferind de afec\u021biuni psihice, poli\u021bi\u0219tii au luat m\u0103sura intern\u0103rii sale nevoluntare la Spitalul Municipal R\u0103d\u0103u\u021bi, direct \u00een sec\u021bia de Psihiatrie.<\/p>\n<p>\u00cen urma interven\u021biei for\u021belor de ordine, victima a prins curaj \u0219i a formulat o pl\u00e2ngere penal\u0103 \u00eempotriva fratelui s\u0103u. \u00cen cauz\u0103 a fost \u00eentocmit un dosar penal pentru s\u0103v\u00e2r\u0219irea infrac\u021biunii de \u201eviolen\u021b\u0103 \u00een familie\u201d, cercet\u0103rile urm\u00e2nd s\u0103 stabileasc\u0103 soarta legal\u0103 a agresorului.<\/p>\n<\/div>\n<p>[analyse_source url=&#8221;https:\/\/www.stirisuceava.net\/2026\/08\/teroare-in-familie-batuta-de-fratele.html&#8221;]<\/p>\n","protected":false},"excerpt":{"rendered":"<p>[analyse_image type=&#8221;featured&#8221; src=&#8221;https:\/\/blogger.googleusercontent.com\/img\/b\/R29vZ2xl\/AVvXsEhiTD4vD3gBGVhEYHUiKx4RB6dOTJ1fVPUURnD6-Kbrcqw1zYWi5kifO5G69kDCDIDkC5LDh9Ep3oaXe2Cb-6hIZb_OBMP4vdVLCiaQJ3e6idtlT22GXPPnVt_pywVTtboJvoF-RL5mnHudAc8RZrs9EU6P8V9TfDMaW4yVxAw9mfl92YJuoUaR4yaNjdU\/w1600\/politia-rurala.jpeg&#8221;] Un conflict izbucnit de la preten\u021bii imobiliare a degenerat \u00eentr-un episod de violen\u021b\u0103 domestic\u0103 \u0219ocant \u00een ora\u0219ul Mili\u0219\u0103u\u021bi. O femeie \u00een v\u00e2rst\u0103 de 53 de ani a tr\u0103it momente de teroare vineri seara, dup\u0103 ce propriul frate, aflat \u00eentr-o stare avansat\u0103 de ebrietate, a luat cu asalt locuin\u021ba acesteia \u0219i a agresat-o [&hellip;]<\/p>\n","protected":false},"author":1,"featured_media":0,"comment_status":"open","ping_status":"","sticky":false,"template":"","format":"standard","meta":{"footnotes":""},"categories":[89],"tags":[226,172],"class_list":["post-2088927","post","type-post","status-publish","format-standard","hentry","category-romania","tag-crawlmanager","tag-stirisuceava-net"],"_links":{"self":[{"href":"https:\/\/analyse.optim.biz\/index.php?rest_route=\/wp\/v2\/posts\/2088927","targetHints":{"allow":["GET"]}}],"collection":[{"href":"https:\/\/analyse.optim.biz\/index.php?rest_route=\/wp\/v2\/posts"}],"about":[{"href":"https:\/\/analyse.optim.biz\/index.php?rest_route=\/wp\/v2\/types\/post"}],"author":[{"embeddable":true,"href":"https:\/\/analyse.optim.biz\/index.php?rest_route=\/wp\/v2\/users\/1"}],"replies":[{"embeddable":true,"href":"https:\/\/analyse.optim.biz\/index.php?rest_route=%2Fwp%2Fv2%2Fcomments&post=2088927"}],"version-history":[{"count":0,"href":"https:\/\/analyse.optim.biz\/index.php?rest_route=\/wp\/v2\/posts\/2088927\/revisions"}],"wp:attachment":[{"href":"https:\/\/analyse.optim.biz\/index.php?rest_route=%2Fwp%2Fv2%2Fmedia&parent=2088927"}],"wp:term":[{"taxonomy":"category","embeddable":true,"href":"https:\/\/analyse.optim.biz\/index.php?rest_route=%2Fwp%2Fv2%2Fcategories&post=2088927"},{"taxonomy":"post_tag","embeddable":true,"href":"https:\/\/analyse.optim.biz\/index.php?rest_route=%2Fwp%2Fv2%2Ftags&post=2088927"}],"curies":[{"name":"wp","href":"https:\/\/api.w.org\/{rel}","templated":true}]}}