{"id":2088912,"date":"2026-08-11T14:23:26","date_gmt":"2026-08-11T11:23:26","guid":{"rendered":"https:\/\/analyse.optim.biz\/?p=2088912"},"modified":"2026-08-11T14:23:26","modified_gmt":"2026-08-11T11:23:26","slug":"europa-ramane-fara-rachete-patriot-pentru-ucraina","status":"publish","type":"post","link":"https:\/\/analyse.optim.biz\/?p=2088912","title":{"rendered":"Europa r\u0103m\u00e2ne f\u0103r\u0103 rachete Patriot pentru Ucraina"},"content":{"rendered":"<p>[analyse_image type=&#8221;featured&#8221; src=&#8221;https:\/\/ortodoxinfo.ro\/wp-content\/uploads\/2026\/08\/68a3b708a310b236b651f4a3.jpeghttps:\/\/ortodoxinfo.ro\/wp-content\/uploads\/2026\/08\/68a3b708a310b236b651f4a3.jpeg&#8221;]<\/p>\n<article id=\"post-257086\" class=\"post-257086 post type-post status-publish format-standard has-post-thumbnail category-ucraina\">\n<header class=\"single-header\">\n<aside class=\"breadcrumb-wrap breadcrumb-yoast s-breadcrumb\">\n<div class=\"breadcrumb-inner\"><span><span><a href=\"https:\/\/ortodoxinfo.ro\/\">Prima pagin\u0103<\/a><\/span> \u00bb <span><a href=\"https:\/\/ortodoxinfo.ro\/blog\/\">Blog<\/a><\/span> \u00bb <span class=\"breadcrumb_last\" aria-current=\"page\">Europa r\u0103m\u00e2ne f\u0103r\u0103 rachete Patriot pentru Ucraina<\/span><\/span><\/div>\n<\/aside>\n<h1 class=\"s-title fw-headline\">Europa r\u0103m\u00e2ne f\u0103r\u0103 rachete Patriot pentru Ucraina<\/h1>\n<div class=\"single-meta meta-s-default yes-0\">\n<div class=\"smeta-in\"><a class=\"meta-el meta-avatar\" href=\"https:\/\/ortodoxinfo.ro\/author\/redactor\/\"><img loading=\"lazy\" decoding=\"async\" alt=\"OrtodoxINFO\" src=\"https:\/\/secure.gravatar.com\/avatar\/21010332354a182ce4de6016685c5586f21c51866d0ec5bc8ef383240b3c3e02?s=120&amp;r=g\" class=\"avatar avatar-120 photo\" height=\"120\" width=\"120\"><\/a><\/p>\n<div class=\"smeta-sec\">\n<div class=\"p-meta\">\n<div class=\"meta-inner is-meta\"><span class=\"meta-el meta-date\"><time datetime=\"2026-08-11T17:23:26+03:00\">11 august 2026<\/time><\/span><span class=\"meta-el meta-category meta-bold\"><a class=\"meta-separate category-15871\" href=\"https:\/\/ortodoxinfo.ro\/category\/anti-sistem\/al-iii-lea-razboi-mondial\/ucraina\/\">Ucraina<\/a><\/span><span class=\"meta-el meta-view\">5.2k vizualiz\u0103ri\t\t<\/span><span class=\"meta-el meta-comment mobile-last-meta tablet-last-meta\"><a href=\"https:\/\/ortodoxinfo.ro\/2026\/08\/11\/europa-ramane-fara-rachete-patriot-pentru-ucraina\/#respond\">Comentarii<\/a><\/span><\/div>\n<\/div>\n<\/div>\n<\/div>\n<div class=\"smeta-extra\">\n<div class=\"t-shared-sec tooltips-n has-read-meta is-color\">\n<div class=\"t-shared-header is-meta\"><span class=\"share-label\">Share<\/span><\/div>\n<\/div>\n<div class=\"single-right-meta single-time-read is-meta\"><span class=\"meta-el meta-read\">6 Min Read<\/span><\/div>\n<\/div>\n<\/div>\n<\/header>\n<div class=\"grid-container\">\n<div class=\"s-ct\">\n<div class=\"s-feat-outer\">\n<div class=\"s-feat\">\n<div class=\"featured-lightbox-trigger\" data-source=\"https:\/\/ortodoxinfo.ro\/wp-content\/uploads\/2026\/08\/68a3b708a310b236b651f4a3.jpeg\" data-caption data-attribution><img fetchpriority=\"high\" decoding=\"async\" width=\"860\" height=\"573\" src=\"https:\/\/ortodoxinfo.ro\/wp-content\/uploads\/2026\/08\/68a3b708a310b236b651f4a3-860x573.jpeg\" class=\"attachment-foxiz_crop_o1 size-foxiz_crop_o1 wp-post-image\" alt loading=\"eager\"><\/div>\n<\/div>\n<\/div>\n<div class=\"s-ct-wrap has-lsl\">\n<div class=\"s-ct-inner\">\n<div class=\"l-shared-sec-outer show-mobile\">\n<div class=\"l-shared-sec\">\n<div class=\"l-shared-header meta-text\"><span class=\"share-label\">SHARE<\/span><\/div>\n<\/div>\n<\/div>\n<div class=\"e-ct-outer\">\n<div class=\"entry-top\">\n<div id=\"custom_html-3\" class=\"widget_text widget entry-widget clearfix widget_custom_html\">\n<div class=\"textwidget custom-html-widget\">\n<div><small><br \/>\n    OrtodoxINFO este supus unui sabotaj sistematic din partea reprezentan\u021bilor Google Rom\u00e2nia, at\u00e2t la afi\u0219\u0103ri c\u00e2t \u0219i \u00een rezultatele de c\u0103utare.<br \/>\n        Astfel c\u0103 veniturile din publicitate au sc\u0103zut de p\u00e2n\u0103 la <strong>10 ori<\/strong>. Situa\u021bia este similar\u0103 \u0219i pe Facebook.<\/p>\n<p>        V\u0103 invit\u0103m s\u0103 accesa\u021bi direct site-ul \u0219i s\u0103 v\u0103 abona\u021bi la notific\u0103ri.<\/p>\n<p>    Dac\u0103 dori\u021bi s\u0103 ne sus\u021bine\u021bi \u00een aceast\u0103 perioad\u0103 dificil\u0103, orice <a href=\"https:\/\/ortodoxinfo.ro\/donatii\/\">dona\u021bie<\/a> este binevenit\u0103.<br \/>\n    Dumnezeu s\u0103 v\u0103 r\u0103spl\u0103teasc\u0103!<br \/>\n<\/small><\/div>\n<\/div>\n<\/div>\n<\/div>\n<div class=\"entry-content rbct clearfix is-highlight-shares\">\n<div class=\"ruby-table-contents rbtoc table-left table-fw-single-col\">\n<div class=\"toc-header\"><span class=\"h3\">Sumar<\/span><\/div>\n<div class=\"toc-content h5\"><a href=\"https:\/\/ortodoxinfo.ro\/2026\/08\/11\/europa-ramane-fara-rachete-patriot-pentru-ucraina\/#rachetele-patrior-un-vis-spulberat\" class=\"table-link no-link anchor-link\" data-index=\"rb-heading-index-0\">Rachetele PAtrior, un vis spulberat<\/a><a href=\"https:\/\/ortodoxinfo.ro\/2026\/08\/11\/europa-ramane-fara-rachete-patriot-pentru-ucraina\/#europenii-se-gandesc-la-propria-aparare\" class=\"table-link no-link anchor-link\" data-index=\"rb-heading-index-1\">Europenii se g\u00e2ndesc la propria ap\u0103rare<\/a><\/div>\n<\/div>\n<p id=\"p-0\">\u021a\u0103rile europene se lupt\u0103 \u00een acest moment s\u0103 rezolve criza acut\u0103 de rachete interceptoare pentru a satisface nevoile din ce \u00een ce mai disperate ale Ucrainei. Kievul a primit \u00een prima jum\u0103tate a acestui an doar o treime din volumul de rachete antiaeriene livrate \u00een 2025 \u0219i se gr\u0103be\u0219te s\u0103-\u0219i consolideze ap\u0103rarea \u00eenainte de atacurile de iarn\u0103 ale Rusiei, relateaz\u0103 <a href=\"https:\/\/www.politico.eu\/article\/europe-patriot-missile-ukraine-russia-war-winter-attack\/\">Politico<\/a>.<\/p>\n<p id=\"p-1\">Kievul este \u00een prezent \u00een c\u0103utarea de rachete, dar noua produc\u021bie va veni prea t\u00e2rziu \u00een condi\u021biile \u00een care r\u0103zboiul cu Iranul a pus presiune pe aprovizionarea Statelor Unite, \u00een timp ce alia\u021bii europeni ai Ucrainei spun c\u0103 mai au pu\u021bine pe care le pot dona f\u0103r\u0103 ca stocurile lor s\u0103 r\u0103m\u00e2n\u0103 descoperite.<\/p>\n<p><a class=\"wp-polls-loading\">\u00a0Loading \u2026<\/a><\/p>\n<blockquote>\n<p id=\"p-8\">\u201e\u00cen ultimele luni, Rusia lanseaz\u0103 mai multe rachete pe s\u0103pt\u0103m\u00e2n\u0103 asupra noastr\u0103 dec\u00e2t primim de la parteneri \u00een decurs de luni\u201d, a declarat s\u0103pt\u0103m\u00e2na trecut\u0103 fostul ministru ucrainean al Ap\u0103r\u0103rii, Mihailo Fedorov. \u00cen luna iulie, ap\u0103rarea aerian\u0103 a Ucrainei a interceptat doar 29 din cele 195 de rachete balistice lansate de Rusia, iar alte 40 nu au reu\u0219it s\u0103-\u0219i ating\u0103 \u021bintele, a precizat Fedorov.<\/p>\n<\/blockquote>\n<p id=\"p-9\">Produc\u0103torul Lockheed Martin a livrat doar 620 de rachete interceptoare \u00een anul 2025 la nivel global, o cifr\u0103 insuficient\u0103 \u00een raport cu consumul de r\u0103zboi al Ucrainei, care a tras 700 de rachete doar \u00een cele patru luni ale iernii trecute.<\/p>\n<p id=\"p-11\">Pentagonul a consumat o parte uria\u0219\u0103 din propriile rezerve \u0219i a redus stocurile strategice americane de la 2.300 la aproximativ 800 de interceptoare, ceea ce a determinat administra\u021bia de la Washington s\u0103 limiteze transferurile directe c\u0103tre Kiev.<\/p>\n<p id=\"p-12\">Germania, unul dintre principalii donatori de ajutor militar ai Ucrainei, a transferat deja sisteme \u0219i rachete Patriot c\u0103tre Ucraina, \u00eens\u0103 Berlinul trebuie acum s\u0103 \u00ee\u0219i echilibreze stocurile necesare pentru ap\u0103rarea propriului teritoriu \u0219i al alia\u021bilor din NATO. \u00cen acela\u0219i timp, alte \u021b\u0103ri europene analizeaz\u0103 dac\u0103 s\u0103-\u0219i p\u0103streze interceptoarele sau s\u0103 le ofere Ucrainei. Spre exemplu, Olanda a anun\u021bat oficial c\u0103 nu mai are rachete disponibile \u00een stocuri pentru a le dona. Alte \u021b\u0103ri precum Spania, Grecia sau Polonia sunt presate s\u0103 ajute, \u00eens\u0103 se tem c\u0103 \u00ee\u0219i vor l\u0103sa propria ap\u0103rare na\u021bional\u0103 descoperit\u0103.<\/p>\n<blockquote>\n<p id=\"p-14\">\u201eNe atingem cu adev\u0103rat limitele aici\u201d, a declarat generalul de brigad\u0103 J\u00fcrgen Schr\u00f6dl, un \u00eenalt oficial al Ministerului Ap\u0103r\u0103rii din Germania, la o conferin\u021b\u0103 de pres\u0103 organizat\u0103 la Berlin, la scurt timp dup\u0103 summitul NATO de luna trecut\u0103 de la Ankara. \u201eDe asemenea, trebuie s\u0103 ne asigur\u0103m propria protec\u021bie.\u201d<\/p>\n<\/blockquote>\n<p id=\"p-15\">O nou\u0103 fabric\u0103 european\u0103 de rachete Patriot urmeaz\u0103 s\u0103 fie deschis\u0103 \u00een Germania de consor\u021biul MBDA\/Raytheon, \u00eens\u0103 livr\u0103rile de serie vor \u00eencepe abia \u00een 2027. Kievul are nevoie \u00een special de rachete interceptoare PAC-3 \u0219i PAC-2, care sunt foarte eficiente \u00een ap\u0103rarea \u00eempotriva rachetelor balistice ruse\u0219ti. Ca alternativ\u0103, ucrainenii pot folosi sisteme secundare, dar nu sunt la fel de bune pe c\u00e2mpul de lupt\u0103.<\/p>\n<p id=\"p-16\">Kremlinul mizeaz\u0103 pe aceast\u0103 penurie de muni\u021bie a Ucrainei pentru a distruge complet sistemul energetic \u00een aceast\u0103 iarn\u0103 \u0219i pentru a for\u021ba Kievul s\u0103 accepte negocierile de pace \u00een condi\u021bii nefavorabile. \u00cen plus, Moscova a \u00eenceput s\u0103 integreze \u00een atacuri unit\u0103\u021bi de rachete balistice nord-coreene.<\/p>\n<h2 id=\"rachetele-patrior-un-vis-spulberat\" class=\"rb-heading-index-0\">Rachetele PAtrior, un vis spulberat<\/h2>\n<p id=\"p-17\">\u00cen timpul summitului NATO din Ankara din luna iulie, Donald Trump i-a promis lui Volodimir Zelenski c\u0103 \u00eei acord\u0103 licen\u021ba pentru produc\u021bia de rachete interceptoare \u00een Ucraina, un pas care ar fi redus dependen\u021ba de livr\u0103rile americane limitate.<\/p>\n<div class=\"inline-single-ad ad_single_3_index alignfull\">\n<div class=\"ad-wrap ad-script-wrap\">\n<div class=\"ad-script non-adsense edge-padding\">\n<div>\n\u203c\ufe0f\u203c\ufe0f NU recunoa\u0219tem ca pre\u0219edinte al Rom\u00e2niei pe marioneta retard\u0103 Nicu\u0219or Dan! Rom\u00e2ni, boicota\u021bi aceast\u0103 f\u0103c\u0103tur\u0103, care ne face \u021bara de r\u00e2s! NU rom\u00e2nii l-au votat pe Nicusoro\u0219 &#8211; cu unele excep\u021bii de persoane infantile, manipulabile \u0219i chiar idioate &#8211; ci l-au ajutat Maia Soro\u0219, Emanuel Macrou \u0219i tr\u0103d\u0103torii de la B.E.C. \u0219i CCR!<br \/>\n La \u00eenchisoare cu cei care au fraudat alegerile!\n<\/div>\n<\/div>\n<\/div>\n<\/div>\n<p id=\"p-19\">Nu dup\u0103 mult timp, Trump a precizat c\u0103 s-a r\u0103zg\u00e2ndit. \u201eNu am fost de acord cu asta. Discut\u0103m despre asta. Dar este greu s\u0103 renun\u021bi la o astfel de tehnologie.\u201d \u00cen urma unui raport Reuters conform c\u0103ruia SUA aproape \u0219i-au epuizat stocurile de rachete din cauza r\u0103zboiului \u00eempotriva Iranului, Trump se concentreaz\u0103 acum pe refacerea propriilor stocuri.<\/p>\n<p id=\"p-20\">Ucraina a semnat, de asemenea, un acord pentru a produce interceptoare PAC-2 \u00een Germania, dar este pu\u021bin probabil ca acestea s\u0103 soseasc\u0103 \u00eenainte de anul viitor.<\/p>\n<h2 id=\"europenii-se-gandesc-la-propria-aparare\" class=\"rb-heading-index-1\">Europenii se g\u00e2ndesc la propria ap\u0103rare<\/h2>\n<p id=\"p-21\">Lipsa de stocuri a Ucrainei pune o povar\u0103 mai mare pe umerii Europei, unde alia\u021bii \u00ee\u0219i analizeaz\u0103 propriile stocuri care sunt \u0219i acestea limitate. Var\u0219ovia, spre exemplu, a donat mai multe rachete PAC-3 \u00een luna iulie la cererea secretarului general al NATO, Mark Rutte.<\/p>\n<p id=\"p-23\">\u021a\u0103rile mai apropiate de Rusia sunt acum din ce \u00een ce mai pu\u021bin \u00eenclinate s\u0103 renun\u021be la rachetele Patriot existente, deoarece for\u021bele lor armate considerau deja ap\u0103rarea lor aerian\u0103 insuficient\u0103 pentru cerin\u021bele na\u021bionale, potrivit unui diplomat european c\u0103ruia i s-a acordat anonimatul pentru a discuta despre contactele diplomatice sensibile. Aceast\u0103 situa\u021bie mut\u0103 aten\u021bia \u00eens\u0103 c\u0103tre \u021b\u0103rile din sudul Europei, care au contribuit mai pu\u021bin la Ucraina dec\u00e2t Germania \u0219i mul\u021bi donatori din nordul Europei.<\/p>\n<\/div>\n<div class=\"entry-bottom\">\n<div id=\"block-9\" class=\"widget entry-widget clearfix widget_block\">\n<div><a href=\"https:\/\/suspend.ro\" target=\"_blank\" rel=\"noopener noreferrer\"><img decoding=\"async\" src=\"https:\/\/ortodoxinfo.ro\/wp-content\/uploads\/2026\/08\/FB_IMG_1786185261439.jpg\" alt=\"Verific\u0103 pe suspend.ro \u2013 Parlamentarii din jude\u021bul t\u0103u sus\u021bin suspendarea lui Nicu\u0219or Dan?\"><\/a><\/div>\n<\/div>\n<\/div>\n<\/div>\n<\/div>\n<div class=\"e-shared-sec entry-sec\">\n<div class=\"e-shared-header h4\"><span>Distribuie<\/span><\/div>\n<div class=\"rbbsl tooltips-n effect-fadeout is-bg\"><a class=\"share-action share-trigger icon-facebook\" aria-label=\"Share on Facebook\" href=\"https:\/\/www.facebook.com\/sharer.php?u=https%3A%2F%2Fortodoxinfo.ro%2F2026%2F08%2F11%2Feuropa-ramane-fara-rachete-patriot-pentru-ucraina%2F\" data-title=\"Facebook\" rel=\"nofollow\"><span>Facebook<\/span><\/a><a class=\"share-action share-trigger icon-twitter\" aria-label=\"Share on X\" href=\"https:\/\/twitter.com\/intent\/tweet?text=Europa+r%C4%83m%C3%A2ne+f%C4%83r%C4%83+rachete+Patriot+pentru+Ucraina&amp;url=https%3A%2F%2Fortodoxinfo.ro%2F2026%2F08%2F11%2Feuropa-ramane-fara-rachete-patriot-pentru-ucraina%2F&amp;via=ortodoxinforo\" data-title=\"X\" rel=\"nofollow\"><span>X<\/span><\/a><a class=\"share-action icon-whatsapp is-web\" aria-label=\"Share on Whatsapp\" href=\"https:\/\/web.whatsapp.com\/send?text=Europa+r%C4%83m%C3%A2ne+f%C4%83r%C4%83+rachete+Patriot+pentru+Ucraina%20%E2%98%9E%20https%3A%2F%2Fortodoxinfo.ro%2F2026%2F08%2F11%2Feuropa-ramane-fara-rachete-patriot-pentru-ucraina%2F\" target=\"_blank\" data-title=\"WhatsApp\" rel=\"nofollow\"><span>Whatsapp<\/span><\/a><a class=\"share-action icon-whatsapp is-mobile\" aria-label=\"Share on Whatsapp\" href=\"\/\/send?text=Europa+r%C4%83m%C3%A2ne+f%C4%83r%C4%83+rachete+Patriot+pentru+Ucraina%20%E2%98%9E%20https%3A%2F%2Fortodoxinfo.ro%2F2026%2F08%2F11%2Feuropa-ramane-fara-rachete-patriot-pentru-ucraina%2F\" target=\"_blank\" data-title=\"WhatsApp\" rel=\"nofollow\"><span>Whatsapp<\/span><\/a><a class=\"share-action share-trigger icon-telegram\" aria-label=\"Share on Telegram\" href=\"https:\/\/t.me\/share\/?url=https%3A%2F%2Fortodoxinfo.ro%2F2026%2F08%2F11%2Feuropa-ramane-fara-rachete-patriot-pentru-ucraina%2F&amp;text=Europa+r%C4%83m%C3%A2ne+f%C4%83r%C4%83+rachete+Patriot+pentru+Ucraina\" data-title=\"Telegram\" rel=\"nofollow\"><span>Telegram<\/span><\/a><a class=\"share-action icon-copy copy-trigger\" aria-label=\"Copy Link\" href=\"https:\/\/ortodoxinfo.ro\/2026\/08\/11\/europa-ramane-fara-rachete-patriot-pentru-ucraina\/\" data-copied=\"Copied!\" data-link=\"https:\/\/ortodoxinfo.ro\/2026\/08\/11\/europa-ramane-fara-rachete-patriot-pentru-ucraina\/\" rel=\"nofollow\" data-copy=\"Copy Link\"><span>Copy Link<\/span><\/a><a class=\"share-action icon-print\" aria-label=\"Print\" rel=\"nofollow\" data-title=\"Print\"><span>Print<\/span><\/a><\/div>\n<\/div>\n<\/div>\n<div id=\"tabs\" class=\"dntplgn_form_wrapper\"><span><\/p>\n<h2>\u0218tirile sunt sub cenzur\u0103! Sprijini\u021bi OrtodoxINFO!<\/h2>\n<p>Guvernul nu dore\u0219te aflarea adev\u0103rului despre lovitura de stat \u0219i \u00eengenuncherea Rom\u00e2niei. \u00cencerc\u0103m s\u0103 men\u021binem viu acest site \u0219i s\u0103 v\u0103 punem la dispozi\u021bie informa\u021bii care s\u0103 fac\u0103 lumin\u0103 \u00een cea mai mare provocare pe care o tr\u0103im. Jurnalismul independent al portalului OrtodoxINFO func\u021bioneaz\u0103 strict cu ajutorul cititorilor.<br \/>\nNe pute\u021bi sprijini printr-o <b><a href=\"https:\/\/ortodoxinfo.ro\/donatii\/\">dona\u021bie bancar\u0103<\/a> sau prin PayPal, complet\u00e2nd formularul de mai jos.<\/b><\/span><\/p>\n<ul>\n<li><a href=\"https:\/\/ortodoxinfo.ro\/2026\/08\/11\/europa-ramane-fara-rachete-patriot-pentru-ucraina\/#tabs-1\">Dona\u021bie lunar\u0103<\/a><\/li>\n<li><a href=\"https:\/\/ortodoxinfo.ro\/2026\/08\/11\/europa-ramane-fara-rachete-patriot-pentru-ucraina\/#tabs-2\">Doar acum<\/a><\/li>\n<\/ul>\n<div id=\"tabs-1\"><img loading=\"lazy\" decoding=\"async\" alt border=\"0\" src=\"https:\/\/www.paypalobjects.com\/en_US\/i\/scr\/pixel.gif\" width=\"1\" height=\"1\"><\/div>\n<div id=\"tabs-2\">\n<p>\t\t     \u20ac<\/p>\n<p>\t\t    <img loading=\"lazy\" decoding=\"async\" alt border=\"0\" src=\"https:\/\/www.paypalobjects.com\/en_US\/i\/scr\/pixel.gif\" width=\"1\" height=\"1\"><\/div>\n<p>Mul\u021bumim celor care ne-au ajutat p\u00e2n\u0103 acum!\n\t<\/p><\/div>\n<div class=\"comment-box-wrap entry-sec\">\n<div class=\"comment-box-header\"><span class=\"h3\">Las\u0103 un comentariu<\/span><\/div>\n<div class=\"comment-holder no-comment\">\n<div id=\"comments\" class=\"comments-area\">\n<div id=\"respond\" class=\"comment-respond\">\n<h3 id=\"reply-title\" class=\"comment-reply-title\">Las\u0103 un r\u0103spuns <small><a rel=\"nofollow\" id=\"cancel-comment-reply-link\" href=\"https:\/\/ortodoxinfo.ro\/2026\/08\/11\/europa-ramane-fara-rachete-patriot-pentru-ucraina\/#respond\">Anuleaz\u0103 r\u0103spunsul<\/a><\/small><\/h3>\n<p class=\"comment-notes\"><span id=\"email-notes\">Adresa ta de email nu va fi publicat\u0103.<\/span><span class=\"required-field-message\">C\u00e2mpurile obligatorii sunt marcate cu <span class=\"required\">*<\/span><\/span><\/p>\n<\/div>\n<\/div>\n<\/div>\n<\/div>\n<\/div>\n<div class=\"sidebar-wrap single-sidebar\">\n<div class=\"sidebar-inner clearfix\">\n<div id=\"widget-post-2\" class=\"widget rb-section w-sidebar clearfix widget-post\">\n<div class=\"block-h widget-heading heading-layout-1\">\n<div class=\"heading-inner\">\n<h4 class=\"heading-title\"><span>Articole recente<\/span><\/h4>\n<\/div>\n<\/div>\n<div class=\"widget-p-listing\">\n<div class=\"p-wrap p-small p-list-small-2\" data-pid=\"257210\">\n<div class=\"feat-holder\">\n<div class=\"p-featured ratio-v1\"><a class=\"p-flink\" href=\"https:\/\/ortodoxinfo.ro\/2026\/08\/12\/bomba-in-presa-mare-americana-sua-ar-trebui-sa-apere-democratia-si-pe-calin-georgescu-in-romania\/\" title=\"Bomb\u0103 \u00een presa mare american\u0103: SUA ar trebui s\u0103 apere democra\u021bia \u0219i pe C\u0103lin Georgescu \u00een Rom\u00e2nia\"><img decoding=\"async\" width=\"150\" height=\"150\" src=\"https:\/\/ortodoxinfo.ro\/wp-content\/uploads\/2026\/08\/georgescu66-150x150.jpg\" class=\"featured-img wp-post-image\" alt loading=\"lazy\"><\/a><\/div>\n<\/div>\n<div class=\"p-content\">\n<h5 class=\"entry-title\"><a class=\"p-url\" href=\"https:\/\/ortodoxinfo.ro\/2026\/08\/12\/bomba-in-presa-mare-americana-sua-ar-trebui-sa-apere-democratia-si-pe-calin-georgescu-in-romania\/\" rel=\"bookmark\">Bomb\u0103 \u00een presa mare american\u0103: SUA ar trebui s\u0103 apere democra\u021bia \u0219i pe C\u0103lin Georgescu \u00een Rom\u00e2nia<\/a><\/h5>\n<div class=\"p-meta\">\n<div class=\"meta-inner is-meta\"><span class=\"meta-el meta-date\"><time datetime=\"2026-08-12T00:56:47+03:00\">12 august 2026<\/time><\/span><span class=\"meta-el meta-category meta-bold\"><a class=\"meta-separate category-19866\" href=\"https:\/\/ortodoxinfo.ro\/category\/lupta-pentru-romania\/\">Lupt\u0103 pentru Rom\u00e2nia<\/a><\/span><span class=\"meta-el meta-view\">2.1k vizualiz\u0103ri\t\t<\/span><\/div>\n<\/div>\n<\/div>\n<\/div>\n<div class=\"p-wrap p-small p-list-small-2\" data-pid=\"257071\">\n<div class=\"feat-holder\">\n<div class=\"p-featured ratio-v1\"><a class=\"p-flink\" href=\"https:\/\/ortodoxinfo.ro\/2026\/08\/11\/fauci-merita-ciuruit-la-zid-s-au-publicat-mesajele-de-pe-telefonul-sau-in-care-recunostea-ca-vaccinurile-c0vid-la-gravide-sunt-foarte-daunatoare-a-provocat-genocid-prin-avorturile-spontane-surveni\/\" title=\"FAUCI merit\u0103 ciuruit la zid: S-au publicat mesajele de pe telefonul s\u0103u, \u00een care recuno\u0219tea c\u0103 vaccinurile C0vid la gravide sunt foarte d\u0103un\u0103toare. A provocat GENOCID, prin avorturile spontane survenite\"><img decoding=\"async\" width=\"150\" height=\"150\" src=\"https:\/\/ortodoxinfo.ro\/wp-content\/uploads\/2026\/08\/media-171744162418631600-150x150.webp\" class=\"featured-img wp-post-image\" alt loading=\"lazy\"><\/a><\/div>\n<\/div>\n<div class=\"p-content\">\n<h5 class=\"entry-title\"><a class=\"p-url\" href=\"https:\/\/ortodoxinfo.ro\/2026\/08\/11\/fauci-merita-ciuruit-la-zid-s-au-publicat-mesajele-de-pe-telefonul-sau-in-care-recunostea-ca-vaccinurile-c0vid-la-gravide-sunt-foarte-daunatoare-a-provocat-genocid-prin-avorturile-spontane-surveni\/\" rel=\"bookmark\">FAUCI merit\u0103 ciuruit la zid: S-au publicat mesajele de pe telefonul s\u0103u, \u00een care recuno\u0219tea c\u0103 vaccinurile C0vid la gravide sunt foarte d\u0103un\u0103toare. A provocat GENOCID, prin avorturile spontane survenite<\/a><\/h5>\n<div class=\"p-meta\">\n<div class=\"meta-inner is-meta\"><span class=\"meta-el meta-date\"><time datetime=\"2026-08-11T13:58:49+03:00\">11 august 2026<\/time><\/span><span class=\"meta-el meta-category meta-bold\"><a class=\"meta-separate category-590\" href=\"https:\/\/ortodoxinfo.ro\/category\/anti-sistem\/reducerea-populatiei\/vaccin\/\">Vaccin<\/a><\/span><span class=\"meta-el meta-view\">8.7k vizualiz\u0103ri\t\t<\/span><\/div>\n<\/div>\n<\/div>\n<\/div>\n<div class=\"p-wrap p-small p-list-small-2\" data-pid=\"257053\">\n<div class=\"feat-holder\">\n<div class=\"p-featured ratio-v1\"><a class=\"p-flink\" href=\"https:\/\/ortodoxinfo.ro\/2026\/08\/11\/tupeu-maxim-vuvuzelele-sistemului-au-facut-propaganda-acum-fac-bilantul-dezastrului-pe-care-l-au-construit\/\" title=\"TUPEU MAXIM: Vuvuzelele sistemului au f\u0103cut propagand\u0103, acum fac bilan\u021bul dezastrului pe care l-au construit\"><img decoding=\"async\" width=\"150\" height=\"150\" src=\"https:\/\/ortodoxinfo.ro\/wp-content\/uploads\/2026\/08\/grok_1786440488563-150x150.jpg\" class=\"featured-img wp-post-image\" alt loading=\"lazy\"><\/a><\/div>\n<\/div>\n<div class=\"p-content\">\n<h5 class=\"entry-title\"><a class=\"p-url\" href=\"https:\/\/ortodoxinfo.ro\/2026\/08\/11\/tupeu-maxim-vuvuzelele-sistemului-au-facut-propaganda-acum-fac-bilantul-dezastrului-pe-care-l-au-construit\/\" rel=\"bookmark\">TUPEU MAXIM: Vuvuzelele sistemului au f\u0103cut propagand\u0103, acum fac bilan\u021bul dezastrului pe care l-au construit<\/a><\/h5>\n<div class=\"p-meta\">\n<div class=\"meta-inner is-meta\"><span class=\"meta-el meta-date\"><time datetime=\"2026-08-11T12:41:35+03:00\">11 august 2026<\/time><\/span><span class=\"meta-el meta-category meta-bold\"><a class=\"meta-separate category-19885\" href=\"https:\/\/ortodoxinfo.ro\/category\/anti-sistem\/anti-romanism\/asasinii-tarii\/\">Asasinii \u021b\u0103rii<\/a><\/span><span class=\"meta-el meta-view\">10k vizualiz\u0103ri\t\t<\/span><\/div>\n<\/div>\n<\/div>\n<\/div>\n<div class=\"p-wrap p-small p-list-small-2\" data-pid=\"257033\">\n<div class=\"feat-holder\">\n<div class=\"p-featured ratio-v1\"><a class=\"p-flink\" href=\"https:\/\/ortodoxinfo.ro\/2026\/08\/11\/reactorul-2-de-la-cernavoda-se-opreste-pe-13-august\/\" title=\"Reactorul 2 de la Cernavod\u0103 se opre\u0219te pe 13 august\"><img decoding=\"async\" width=\"150\" height=\"150\" src=\"https:\/\/ortodoxinfo.ro\/wp-content\/uploads\/2026\/08\/unitatea-2-1.webp-150x150.webp\" class=\"featured-img wp-post-image\" alt loading=\"lazy\"><\/a><\/div>\n<\/div>\n<div class=\"p-content\">\n<h5 class=\"entry-title\"><a class=\"p-url\" href=\"https:\/\/ortodoxinfo.ro\/2026\/08\/11\/reactorul-2-de-la-cernavoda-se-opreste-pe-13-august\/\" rel=\"bookmark\">Reactorul 2 de la Cernavod\u0103 se opre\u0219te pe 13 august<\/a><\/h5>\n<div class=\"p-meta\">\n<div class=\"meta-inner is-meta\"><span class=\"meta-el meta-date\"><time datetime=\"2026-08-11T11:23:24+03:00\">11 august 2026<\/time><\/span><span class=\"meta-el meta-category meta-bold\"><a class=\"meta-separate category-19885\" href=\"https:\/\/ortodoxinfo.ro\/category\/anti-sistem\/anti-romanism\/asasinii-tarii\/\">Asasinii \u021b\u0103rii<\/a><\/span><span class=\"meta-el meta-view\">7.6k vizualiz\u0103ri\t\t<\/span><\/div>\n<\/div>\n<\/div>\n<\/div>\n<\/div>\n<\/div>\n<div id=\"custom_html-2\" class=\"widget_text widget rb-section w-sidebar clearfix widget_custom_html\">\n<div class=\"block-h widget-heading heading-layout-1\">\n<div class=\"heading-inner\">\n<h4 class=\"heading-title\"><span>DONA\u021aII \u00een cont bancar<\/span><\/h4>\n<\/div>\n<\/div>\n<div class=\"textwidget custom-html-widget\">\n<table class=\"donatii\">\n<tbody>\n<tr>\n<th colspan=\"2\"><strong><span>Asicia\u021bia SMI-B<\/span><\/strong><\/th>\n<\/tr>\n<tr>\n<th>Cont LEI<\/th>\n<td>RO67CECEB00030RON2081955<\/td>\n<\/tr>\n<tr>\n<th>Cont EURO<\/th>\n<td>RO33CECEB000C1EUR2081978<\/td>\n<\/tr>\n<tr>\n<th>Cod SWIFT<\/th>\n<td>CECEROBU<\/td>\n<\/tr>\n<tr>\n<th colspan=\"2\"><strong>CEC BANK SA<\/strong><\/th>\n<\/tr>\n<\/tbody>\n<\/table>\n<\/div>\n<\/div>\n<\/div>\n<\/div>\n<\/div>\n<\/article>\n<div class=\"entry-content rbct clearfix is-highlight-shares\">\n<div class=\"ruby-table-contents rbtoc table-left table-fw-single-col\">\n<div class=\"toc-header\"><span class=\"h3\">Sumar<\/span><\/div>\n<div class=\"toc-content h5\"><a href=\"https:\/\/ortodoxinfo.ro\/2026\/08\/11\/europa-ramane-fara-rachete-patriot-pentru-ucraina\/#rachetele-patrior-un-vis-spulberat\" class=\"table-link no-link anchor-link\" data-index=\"rb-heading-index-0\">Rachetele PAtrior, un vis spulberat<\/a><a href=\"https:\/\/ortodoxinfo.ro\/2026\/08\/11\/europa-ramane-fara-rachete-patriot-pentru-ucraina\/#europenii-se-gandesc-la-propria-aparare\" class=\"table-link no-link anchor-link\" data-index=\"rb-heading-index-1\">Europenii se g\u00e2ndesc la propria ap\u0103rare<\/a><\/div>\n<\/div>\n<p id=\"p-0\">\u021a\u0103rile europene se lupt\u0103 \u00een acest moment s\u0103 rezolve criza acut\u0103 de rachete interceptoare pentru a satisface nevoile din ce \u00een ce mai disperate ale Ucrainei. Kievul a primit \u00een prima jum\u0103tate a acestui an doar o treime din volumul de rachete antiaeriene livrate \u00een 2025 \u0219i se gr\u0103be\u0219te s\u0103-\u0219i consolideze ap\u0103rarea \u00eenainte de atacurile de iarn\u0103 ale Rusiei, relateaz\u0103 <a href=\"https:\/\/www.politico.eu\/article\/europe-patriot-missile-ukraine-russia-war-winter-attack\/\">Politico<\/a>.<\/p>\n<p id=\"p-1\">Kievul este \u00een prezent \u00een c\u0103utarea de rachete, dar noua produc\u021bie va veni prea t\u00e2rziu \u00een condi\u021biile \u00een care r\u0103zboiul cu Iranul a pus presiune pe aprovizionarea Statelor Unite, \u00een timp ce alia\u021bii europeni ai Ucrainei spun c\u0103 mai au pu\u021bine pe care le pot dona f\u0103r\u0103 ca stocurile lor s\u0103 r\u0103m\u00e2n\u0103 descoperite.<\/p>\n<p><a class=\"wp-polls-loading\">\u00a0Loading \u2026<\/a><\/p>\n<blockquote>\n<p id=\"p-8\">\u201e\u00cen ultimele luni, Rusia lanseaz\u0103 mai multe rachete pe s\u0103pt\u0103m\u00e2n\u0103 asupra noastr\u0103 dec\u00e2t primim de la parteneri \u00een decurs de luni\u201d, a declarat s\u0103pt\u0103m\u00e2na trecut\u0103 fostul ministru ucrainean al Ap\u0103r\u0103rii, Mihailo Fedorov. \u00cen luna iulie, ap\u0103rarea aerian\u0103 a Ucrainei a interceptat doar 29 din cele 195 de rachete balistice lansate de Rusia, iar alte 40 nu au reu\u0219it s\u0103-\u0219i ating\u0103 \u021bintele, a precizat Fedorov.<\/p>\n<\/blockquote>\n<p id=\"p-9\">Produc\u0103torul Lockheed Martin a livrat doar 620 de rachete interceptoare \u00een anul 2025 la nivel global, o cifr\u0103 insuficient\u0103 \u00een raport cu consumul de r\u0103zboi al Ucrainei, care a tras 700 de rachete doar \u00een cele patru luni ale iernii trecute.<\/p>\n<p id=\"p-11\">Pentagonul a consumat o parte uria\u0219\u0103 din propriile rezerve \u0219i a redus stocurile strategice americane de la 2.300 la aproximativ 800 de interceptoare, ceea ce a determinat administra\u021bia de la Washington s\u0103 limiteze transferurile directe c\u0103tre Kiev.<\/p>\n<p id=\"p-12\">Germania, unul dintre principalii donatori de ajutor militar ai Ucrainei, a transferat deja sisteme \u0219i rachete Patriot c\u0103tre Ucraina, \u00eens\u0103 Berlinul trebuie acum s\u0103 \u00ee\u0219i echilibreze stocurile necesare pentru ap\u0103rarea propriului teritoriu \u0219i al alia\u021bilor din NATO. \u00cen acela\u0219i timp, alte \u021b\u0103ri europene analizeaz\u0103 dac\u0103 s\u0103-\u0219i p\u0103streze interceptoarele sau s\u0103 le ofere Ucrainei. Spre exemplu, Olanda a anun\u021bat oficial c\u0103 nu mai are rachete disponibile \u00een stocuri pentru a le dona. Alte \u021b\u0103ri precum Spania, Grecia sau Polonia sunt presate s\u0103 ajute, \u00eens\u0103 se tem c\u0103 \u00ee\u0219i vor l\u0103sa propria ap\u0103rare na\u021bional\u0103 descoperit\u0103.<\/p>\n<blockquote>\n<p id=\"p-14\">\u201eNe atingem cu adev\u0103rat limitele aici\u201d, a declarat generalul de brigad\u0103 J\u00fcrgen Schr\u00f6dl, un \u00eenalt oficial al Ministerului Ap\u0103r\u0103rii din Germania, la o conferin\u021b\u0103 de pres\u0103 organizat\u0103 la Berlin, la scurt timp dup\u0103 summitul NATO de luna trecut\u0103 de la Ankara. \u201eDe asemenea, trebuie s\u0103 ne asigur\u0103m propria protec\u021bie.\u201d<\/p>\n<\/blockquote>\n<p id=\"p-15\">O nou\u0103 fabric\u0103 european\u0103 de rachete Patriot urmeaz\u0103 s\u0103 fie deschis\u0103 \u00een Germania de consor\u021biul MBDA\/Raytheon, \u00eens\u0103 livr\u0103rile de serie vor \u00eencepe abia \u00een 2027. Kievul are nevoie \u00een special de rachete interceptoare PAC-3 \u0219i PAC-2, care sunt foarte eficiente \u00een ap\u0103rarea \u00eempotriva rachetelor balistice ruse\u0219ti. Ca alternativ\u0103, ucrainenii pot folosi sisteme secundare, dar nu sunt la fel de bune pe c\u00e2mpul de lupt\u0103.<\/p>\n<p id=\"p-16\">Kremlinul mizeaz\u0103 pe aceast\u0103 penurie de muni\u021bie a Ucrainei pentru a distruge complet sistemul energetic \u00een aceast\u0103 iarn\u0103 \u0219i pentru a for\u021ba Kievul s\u0103 accepte negocierile de pace \u00een condi\u021bii nefavorabile. \u00cen plus, Moscova a \u00eenceput s\u0103 integreze \u00een atacuri unit\u0103\u021bi de rachete balistice nord-coreene.<\/p>\n<h2 id=\"rachetele-patrior-un-vis-spulberat\" class=\"rb-heading-index-0\">Rachetele PAtrior, un vis spulberat<\/h2>\n<p id=\"p-17\">\u00cen timpul summitului NATO din Ankara din luna iulie, Donald Trump i-a promis lui Volodimir Zelenski c\u0103 \u00eei acord\u0103 licen\u021ba pentru produc\u021bia de rachete interceptoare \u00een Ucraina, un pas care ar fi redus dependen\u021ba de livr\u0103rile americane limitate.<\/p>\n<div class=\"inline-single-ad ad_single_3_index alignfull\">\n<div class=\"ad-wrap ad-script-wrap\">\n<div class=\"ad-script non-adsense edge-padding\">\n<div>\n\u203c\ufe0f\u203c\ufe0f NU recunoa\u0219tem ca pre\u0219edinte al Rom\u00e2niei pe marioneta retard\u0103 Nicu\u0219or Dan! Rom\u00e2ni, boicota\u021bi aceast\u0103 f\u0103c\u0103tur\u0103, care ne face \u021bara de r\u00e2s! NU rom\u00e2nii l-au votat pe Nicusoro\u0219 &#8211; cu unele excep\u021bii de persoane infantile, manipulabile \u0219i chiar idioate &#8211; ci l-au ajutat Maia Soro\u0219, Emanuel Macrou \u0219i tr\u0103d\u0103torii de la B.E.C. \u0219i CCR!<br \/>\n La \u00eenchisoare cu cei care au fraudat alegerile!\n<\/div>\n<\/div>\n<\/div>\n<\/div>\n<p id=\"p-19\">Nu dup\u0103 mult timp, Trump a precizat c\u0103 s-a r\u0103zg\u00e2ndit. \u201eNu am fost de acord cu asta. Discut\u0103m despre asta. Dar este greu s\u0103 renun\u021bi la o astfel de tehnologie.\u201d \u00cen urma unui raport Reuters conform c\u0103ruia SUA aproape \u0219i-au epuizat stocurile de rachete din cauza r\u0103zboiului \u00eempotriva Iranului, Trump se concentreaz\u0103 acum pe refacerea propriilor stocuri.<\/p>\n<p id=\"p-20\">Ucraina a semnat, de asemenea, un acord pentru a produce interceptoare PAC-2 \u00een Germania, dar este pu\u021bin probabil ca acestea s\u0103 soseasc\u0103 \u00eenainte de anul viitor.<\/p>\n<h2 id=\"europenii-se-gandesc-la-propria-aparare\" class=\"rb-heading-index-1\">Europenii se g\u00e2ndesc la propria ap\u0103rare<\/h2>\n<p id=\"p-21\">Lipsa de stocuri a Ucrainei pune o povar\u0103 mai mare pe umerii Europei, unde alia\u021bii \u00ee\u0219i analizeaz\u0103 propriile stocuri care sunt \u0219i acestea limitate. Var\u0219ovia, spre exemplu, a donat mai multe rachete PAC-3 \u00een luna iulie la cererea secretarului general al NATO, Mark Rutte.<\/p>\n<p id=\"p-23\">\u021a\u0103rile mai apropiate de Rusia sunt acum din ce \u00een ce mai pu\u021bin \u00eenclinate s\u0103 renun\u021be la rachetele Patriot existente, deoarece for\u021bele lor armate considerau deja ap\u0103rarea lor aerian\u0103 insuficient\u0103 pentru cerin\u021bele na\u021bionale, potrivit unui diplomat european c\u0103ruia i s-a acordat anonimatul pentru a discuta despre contactele diplomatice sensibile. Aceast\u0103 situa\u021bie mut\u0103 aten\u021bia \u00eens\u0103 c\u0103tre \u021b\u0103rile din sudul Europei, care au contribuit mai pu\u021bin la Ucraina dec\u00e2t Germania \u0219i mul\u021bi donatori din nordul Europei.<\/p>\n<\/div>\n<p>[analyse_source url=&#8221;https:\/\/ortodoxinfo.ro\/2026\/08\/11\/europa-ramane-fara-rachete-patriot-pentru-ucraina\/&#8221;]<\/p>\n","protected":false},"excerpt":{"rendered":"<p>[analyse_image type=&#8221;featured&#8221; src=&#8221;https:\/\/ortodoxinfo.ro\/wp-content\/uploads\/2026\/08\/68a3b708a310b236b651f4a3.jpeghttps:\/\/ortodoxinfo.ro\/wp-content\/uploads\/2026\/08\/68a3b708a310b236b651f4a3.jpeg&#8221;] Prima pagin\u0103 \u00bb Blog \u00bb Europa r\u0103m\u00e2ne f\u0103r\u0103 rachete Patriot pentru Ucraina Europa r\u0103m\u00e2ne f\u0103r\u0103 rachete Patriot pentru Ucraina 11 august 2026Ucraina5.2k vizualiz\u0103ri Comentarii Share 6 Min Read SHARE OrtodoxINFO este supus unui sabotaj sistematic din partea reprezentan\u021bilor Google Rom\u00e2nia, at\u00e2t la afi\u0219\u0103ri c\u00e2t \u0219i \u00een rezultatele de c\u0103utare. Astfel c\u0103 veniturile [&hellip;]<\/p>\n","protected":false},"author":1,"featured_media":0,"comment_status":"open","ping_status":"","sticky":false,"template":"","format":"standard","meta":{"footnotes":""},"categories":[89],"tags":[226,94],"class_list":["post-2088912","post","type-post","status-publish","format-standard","hentry","category-romania","tag-crawlmanager","tag-ortodoxinfo-ro"],"_links":{"self":[{"href":"https:\/\/analyse.optim.biz\/index.php?rest_route=\/wp\/v2\/posts\/2088912","targetHints":{"allow":["GET"]}}],"collection":[{"href":"https:\/\/analyse.optim.biz\/index.php?rest_route=\/wp\/v2\/posts"}],"about":[{"href":"https:\/\/analyse.optim.biz\/index.php?rest_route=\/wp\/v2\/types\/post"}],"author":[{"embeddable":true,"href":"https:\/\/analyse.optim.biz\/index.php?rest_route=\/wp\/v2\/users\/1"}],"replies":[{"embeddable":true,"href":"https:\/\/analyse.optim.biz\/index.php?rest_route=%2Fwp%2Fv2%2Fcomments&post=2088912"}],"version-history":[{"count":0,"href":"https:\/\/analyse.optim.biz\/index.php?rest_route=\/wp\/v2\/posts\/2088912\/revisions"}],"wp:attachment":[{"href":"https:\/\/analyse.optim.biz\/index.php?rest_route=%2Fwp%2Fv2%2Fmedia&parent=2088912"}],"wp:term":[{"taxonomy":"category","embeddable":true,"href":"https:\/\/analyse.optim.biz\/index.php?rest_route=%2Fwp%2Fv2%2Fcategories&post=2088912"},{"taxonomy":"post_tag","embeddable":true,"href":"https:\/\/analyse.optim.biz\/index.php?rest_route=%2Fwp%2Fv2%2Ftags&post=2088912"}],"curies":[{"name":"wp","href":"https:\/\/api.w.org\/{rel}","templated":true}]}}