{"id":2088910,"date":"2026-08-11T09:41:35","date_gmt":"2026-08-11T06:41:35","guid":{"rendered":"https:\/\/analyse.optim.biz\/?p=2088910"},"modified":"2026-08-11T09:41:35","modified_gmt":"2026-08-11T06:41:35","slug":"tupeu-maxim-vuvuzelele-sistemului-au-facut-propaganda-acum-fac-bilantul-dezastrului-pe-care-l-au-construit","status":"publish","type":"post","link":"https:\/\/analyse.optim.biz\/?p=2088910","title":{"rendered":"TUPEU MAXIM: Vuvuzelele sistemului au f\u0103cut propagand\u0103, acum fac bilan\u021bul dezastrului pe care l-au construit"},"content":{"rendered":"<p>[analyse_image type=&#8221;featured&#8221; src=&#8221;https:\/\/ortodoxinfo.ro\/wp-content\/uploads\/2026\/08\/grok_1786440488563.jpghttps:\/\/ortodoxinfo.ro\/wp-content\/uploads\/2026\/08\/grok_1786440488563.jpg&#8221;]<\/p>\n<article id=\"post-257053\" class=\"post-257053 post type-post status-publish format-standard has-post-thumbnail category-asasinii-tarii\">\n<header class=\"single-header\">\n<aside class=\"breadcrumb-wrap breadcrumb-yoast s-breadcrumb\">\n<div class=\"breadcrumb-inner\"><span><span><a href=\"https:\/\/ortodoxinfo.ro\/\">Prima pagin\u0103<\/a><\/span> \u00bb <span><a href=\"https:\/\/ortodoxinfo.ro\/blog\/\">Blog<\/a><\/span> \u00bb <span class=\"breadcrumb_last\" aria-current=\"page\">TUPEU MAXIM: Vuvuzelele sistemului au f\u0103cut propagand\u0103, acum fac bilan\u021bul dezastrului pe care l-au construit<\/span><\/span><\/div>\n<\/aside>\n<h1 class=\"s-title fw-headline\">TUPEU MAXIM: Vuvuzelele sistemului au f\u0103cut propagand\u0103, acum fac bilan\u021bul dezastrului pe care l-au construit<\/h1>\n<div class=\"single-meta meta-s-default yes-0\">\n<div class=\"smeta-in\"><a class=\"meta-el meta-avatar\" href=\"https:\/\/ortodoxinfo.ro\/author\/redactor\/\"><img loading=\"lazy\" decoding=\"async\" alt=\"OrtodoxINFO\" src=\"https:\/\/secure.gravatar.com\/avatar\/21010332354a182ce4de6016685c5586f21c51866d0ec5bc8ef383240b3c3e02?s=120&amp;r=g\" class=\"avatar avatar-120 photo\" height=\"120\" width=\"120\"><\/a><\/p>\n<div class=\"smeta-sec\">\n<div class=\"p-meta\">\n<div class=\"meta-inner is-meta\"><span class=\"meta-el meta-date\"><time datetime=\"2026-08-11T12:41:35+03:00\">11 august 2026<\/time><\/span><span class=\"meta-el meta-category meta-bold\"><a class=\"meta-separate category-19885\" href=\"https:\/\/ortodoxinfo.ro\/category\/anti-sistem\/anti-romanism\/asasinii-tarii\/\">Asasinii \u021b\u0103rii<\/a><\/span><span class=\"meta-el meta-view\">10k vizualiz\u0103ri\t\t<\/span><span class=\"meta-el meta-comment mobile-last-meta tablet-last-meta\"><a href=\"https:\/\/ortodoxinfo.ro\/2026\/08\/11\/tupeu-maxim-vuvuzelele-sistemului-au-facut-propaganda-acum-fac-bilantul-dezastrului-pe-care-l-au-construit\/#respond\">Comentarii<\/a><\/span><\/div>\n<\/div>\n<\/div>\n<\/div>\n<div class=\"smeta-extra\">\n<div class=\"t-shared-sec tooltips-n has-read-meta is-color\">\n<div class=\"t-shared-header is-meta\"><span class=\"share-label\">Share<\/span><\/div>\n<\/div>\n<div class=\"single-right-meta single-time-read is-meta\"><span class=\"meta-el meta-read\">4 Min Read<\/span><\/div>\n<\/div>\n<\/div>\n<\/header>\n<div class=\"grid-container\">\n<div class=\"s-ct\">\n<div class=\"s-feat-outer\">\n<div class=\"s-feat\">\n<div class=\"featured-lightbox-trigger\" data-source=\"https:\/\/ortodoxinfo.ro\/wp-content\/uploads\/2026\/08\/grok_1786440488563.jpg\" data-caption=\"Signature: kgg48JoF59XBsXfkxrj\/SPspJF1rkWufSlr3sFrnBz3iRkEv+CvPddHC9ifnnraC1n848IRorlCVbDdK8e3EFodFtTDB3vnmIWInBZbtjAVQB3Cg0cCzbxtxp+JvCKqqAxLl2CINSZqB9JL07UvcEJwdlprcsb\/wEQ6UNuMrg86e2LiKXSD20VdAuNygSl1cOlw3WXZvXkuHni2ROcCxB1JJ7zgLKVmJ8HVzKx0xdzBbmg\/Bzktamask6Xyk\/KM8Ewr1LHO4HjgXFGUS0TQMiLNP8CkZZIu7vPT1qAOk8Rp\/ATSuv379KTnxeybyma9eaRMyvYtxFDxSkYDXgza+AJLPU1PzoUeN3XRYT+QSrT8hNMdzU8R\/7JMih2qBbRP07HJf+FTOFw6gxtCaaXQCYUboFxpQb\/+L1DDnsu3QLBOyOXAd6qpu77u3gICJuPJSWPbSUsIz8qTn07A4VR+gmot9mO6w4Fx5hXFgfJzvdUqD14uGfh3zJayqULtwSdozn2Xb7MEixKC0QIVcV193X6yUSNjfu6Zwcb6\/WoCu8Gjir+kOnvWdLDEW5+AkRUv693yIGIWJVdeozVq+b6PsHz7AQJ4s49ga6Lyl3k+PtXKMNkTBp1nAD\/AVscfcWPI4nPX2oZseznn6HlL6dfDYtekSIkvXSRcT\/M5KIr\/tHPCT2MHnGTABH2CTrfE3UaCV03x9zzsDHCW7R6BYWtf1m5D3WvuRCF3rkaK7RLtz4XgCLkCRWFQrwGXfJaikickyWI8PlgJj6sZ0bM7zcK+hSKm7f8WE28iz6lkCJ0PWyRLJPWIZ8KiAYIivRocBVniAX9GepcMKOcaPfamg3XMeLWWYeMVoIurkDfQSK1cXr03fbXpt+eJvSIfbCvr21gXv5U8GK8BYmiquowqOlvfOJAsUdHcs1qVQTQmbJ\/ZwN4I\/ntnHCPgu6xQ7x7BOoN\/PbQVjgcTwEuh7jswJvYFUUQxjogGVT8Iu9wf7+qIUIf0=\" data-attribution><img fetchpriority=\"high\" decoding=\"async\" width=\"860\" height=\"577\" src=\"https:\/\/ortodoxinfo.ro\/wp-content\/uploads\/2026\/08\/grok_1786440488563-860x577.jpg\" class=\"attachment-foxiz_crop_o1 size-foxiz_crop_o1 wp-post-image\" alt loading=\"eager\"><\/div>\n<\/div>\n<div class=\"feat-caption meta-text\"><span class=\"caption-text meta-bold\">Signature: kgg48JoF59XBsXfkxrj\/SPspJF1rkWufSlr3sFrnBz3iRkEv+CvPddHC9ifnnraC1n848IRorlCVbDdK8e3EFodFtTDB3vnmIWInBZbtjAVQB3Cg0cCzbxtxp+JvCKqqAxLl2CINSZqB9JL07UvcEJwdlprcsb\/wEQ6UNuMrg86e2LiKXSD20VdAuNygSl1cOlw3WXZvXkuHni2ROcCxB1JJ7zgLKVmJ8HVzKx0xdzBbmg\/Bzktamask6Xyk\/KM8Ewr1LHO4HjgXFGUS0TQMiLNP8CkZZIu7vPT1qAOk8Rp\/ATSuv379KTnxeybyma9eaRMyvYtxFDxSkYDXgza+AJLPU1PzoUeN3XRYT+QSrT8hNMdzU8R\/7JMih2qBbRP07HJf+FTOFw6gxtCaaXQCYUboFxpQb\/+L1DDnsu3QLBOyOXAd6qpu77u3gICJuPJSWPbSUsIz8qTn07A4VR+gmot9mO6w4Fx5hXFgfJzvdUqD14uGfh3zJayqULtwSdozn2Xb7MEixKC0QIVcV193X6yUSNjfu6Zwcb6\/WoCu8Gjir+kOnvWdLDEW5+AkRUv693yIGIWJVdeozVq+b6PsHz7AQJ4s49ga6Lyl3k+PtXKMNkTBp1nAD\/AVscfcWPI4nPX2oZseznn6HlL6dfDYtekSIkvXSRcT\/M5KIr\/tHPCT2MHnGTABH2CTrfE3UaCV03x9zzsDHCW7R6BYWtf1m5D3WvuRCF3rkaK7RLtz4XgCLkCRWFQrwGXfJaikickyWI8PlgJj6sZ0bM7zcK+hSKm7f8WE28iz6lkCJ0PWyRLJPWIZ8KiAYIivRocBVniAX9GepcMKOcaPfamg3XMeLWWYeMVoIurkDfQSK1cXr03fbXpt+eJvSIfbCvr21gXv5U8GK8BYmiquowqOlvfOJAsUdHcs1qVQTQmbJ\/ZwN4I\/ntnHCPgu6xQ7x7BOoN\/PbQVjgcTwEuh7jswJvYFUUQxjogGVT8Iu9wf7+qIUIf0=<\/span><\/div>\n<\/div>\n<div class=\"s-ct-wrap has-lsl\">\n<div class=\"s-ct-inner\">\n<div class=\"l-shared-sec-outer show-mobile\">\n<div class=\"l-shared-sec\">\n<div class=\"l-shared-header meta-text\"><span class=\"share-label\">SHARE<\/span><\/div>\n<\/div>\n<\/div>\n<div class=\"e-ct-outer\">\n<div class=\"entry-top\">\n<div id=\"custom_html-3\" class=\"widget_text widget entry-widget clearfix widget_custom_html\">\n<div class=\"textwidget custom-html-widget\">\n<div><small><br \/>\n    OrtodoxINFO este supus unui sabotaj sistematic din partea reprezentan\u021bilor Google Rom\u00e2nia, at\u00e2t la afi\u0219\u0103ri c\u00e2t \u0219i \u00een rezultatele de c\u0103utare.<br \/>\n        Astfel c\u0103 veniturile din publicitate au sc\u0103zut de p\u00e2n\u0103 la <strong>10 ori<\/strong>. Situa\u021bia este similar\u0103 \u0219i pe Facebook.<\/p>\n<p>        V\u0103 invit\u0103m s\u0103 accesa\u021bi direct site-ul \u0219i s\u0103 v\u0103 abona\u021bi la notific\u0103ri.<\/p>\n<p>    Dac\u0103 dori\u021bi s\u0103 ne sus\u021bine\u021bi \u00een aceast\u0103 perioad\u0103 dificil\u0103, orice <a href=\"https:\/\/ortodoxinfo.ro\/donatii\/\">dona\u021bie<\/a> este binevenit\u0103.<br \/>\n    Dumnezeu s\u0103 v\u0103 r\u0103spl\u0103teasc\u0103!<br \/>\n<\/small><\/div>\n<\/div>\n<\/div>\n<\/div>\n<div class=\"entry-content rbct clearfix is-highlight-shares\">\n<p>\u00cen mai 2025, aproape toat\u0103 presa \u201eserioas\u0103\u201d a Rom\u00e2niei a sunat \u00een cor. Antena 3, Digi 24, B1, Euronews, TVR, Antena 1, ProTV \u2013 toate au tras de vuvuzele p\u00e2n\u0103 le-au cr\u0103pat. Mesajul a fost unul singur, pe toate canalele, zi \u0219i noapte: dac\u0103 nu c\u00e2\u0219tig\u0103 \u201epro-europenii\u201d, vin ru\u0219ii, cade bursa, sare euro, pleac\u0103 investitorii, se pr\u0103bu\u0219e\u0219te totul. Cine \u00eendr\u0103znea s\u0103 spun\u0103 altceva era etichetat imediat \u201eputinist\u201d, \u201eanti-european\u201d, \u201eamenin\u021bare la adresa democra\u021biei\u201d.<\/p>\n<p>A\u0219a s-a f\u0103cut campania. Nu cu argumente despre pre\u021buri, energie, agricultur\u0103 sau datorie public\u0103, ci cu frica. Frica de ru\u0219i, frica de izolare, frica de \u201ehaos\u201d. \u0218i a mers. Oamenii au votat \u201epro-europenii\u201d.<\/p>\n<p>Acum, la un an \u0219i ceva distan\u021b\u0103, acelea\u0219i televiziuni, acelea\u0219i fe\u021be, acelea\u0219i portavoci stau \u00een platouri \u0219i anun\u021b\u0103, cu ton grav \u0219i ochi mari, dezastrul. Rom\u00e2nia se apropie de blackout. Reactoarele de la Cernavod\u0103 \u2013 se vorbe\u0219te despre \u00eenchidere sau probleme grave. Fermierii dau faliment. Cresc\u0103torii de ovine sunt anun\u021ba\u021bi c\u0103 animalele vor fi omor\u00e2te for\u021bat. Deficitul a explodat. Infla\u021bia a trecut de 11%. Datoria extern\u0103 a crescut cu vreo 20 de miliarde euro \u2013 adic\u0103 un salt de aproximativ 20%. Investitorii? Nu s-au \u00eenghesuit. Euro? E \u00een continu\u0103 cre\u0219tere. Ru\u0219ii? N-au venit pe tancuri, dar facturile \u0219i falimentele au venit pe bune.<\/p>\n<p>\u0218i totu\u0219i, acelea\u0219i vuvuzele ies \u00een continuare pe sticl\u0103. Nu se ascund sub pat. Nu \u00ee\u0219i cer scuze. Nu recunosc c\u0103 au min\u021bit cu bun\u0103 \u0219tiin\u021b\u0103 sau c\u0103, \u00een cel mai bun caz, au fost ni\u0219te propagandi\u0219ti de duzin\u0103 care au v\u00e2ndut fric\u0103 \u00een loc de realitate. Continu\u0103 s\u0103 vorbeasc\u0103 de parc\u0103 ar fi observatori neutri ai unei tragedii la care n-au contribuit deloc s\u0103 o construiasc\u0103.<\/p>\n<p>Aici e tupeul maxim. Aceia\u0219i oameni care, \u00een prim\u0103vara lui 2025, strigau c\u0103 \u201edoar pro-europenii ne salveaz\u0103 de pr\u0103pastie\u201d stau acum \u0219i descriu pr\u0103pastia \u00een care ne-au b\u0103gat tocmai cei pe care i-au sus\u021binut cu toate for\u021bele. Nu e o coinciden\u021b\u0103. E logica sistemului: c\u00e2nd se d\u0103 linia, se d\u0103 linia. C\u00e2nd linia se dovede\u0219te o minciun\u0103, se trece la urm\u0103torul episod de panic\u0103, f\u0103r\u0103 nicio pauz\u0103 de onestitate.<\/p>\n<p>Rom\u00e2nii care \u00eenc\u0103 mai deschid televizorul ar trebui s\u0103 se uite atent la fe\u021bele astea. S\u0103-\u0219i aminteasc\u0103 ce spuneau \u00een mai 2025 \u0219i ce spun acum. S\u0103 observe c\u0103 niciodat\u0103 nu e vina celor pe care i-au promovat. \u00centotdeauna e \u201econtextul\u201d, \u201emo\u0219tenirea\u201d, \u201esitua\u021bia interna\u021bional\u0103\u201d, \u201eru\u0219ii\u201d, \u201epia\u021ba\u201d, orice \u2013 numai nu deciziile \u0219i propaganda pe care le-au servit.<\/p>\n<p>Suveranismul nu \u00eenseamn\u0103 izolare \u0219i nu \u00eenseamn\u0103 rusofilie. \u00censeamn\u0103, \u00een primul r\u00e2nd, refuzul de a mai fi min\u021bi\u021bi de acelea\u0219i vuvuzele care, dup\u0103 ce au f\u0103cut campanie cu frica, acum fac bilan\u021bul cu ipocrizia. C\u00e2nd acelea\u0219i televiziuni care te-au speriat cu ru\u0219ii \u00eencep s\u0103 te sperie cu blackout-ul \u0219i cu oile care trebuie t\u0103iate, e cazul s\u0103 te \u00eentrebi cine te-a dus, de fapt, la pr\u0103pastie.<\/p>\n<p>Iar r\u0103spunsul e din ce \u00een ce mai clar: nu \u201eru\u0219ii\u201d. Ci cei care au strigat cel mai tare c\u0103 doar ei ne pot salva \u2013 \u0219i televiziunile care le-au \u021binut isonul f\u0103r\u0103 nicio ezitare.<\/p>\n<\/div>\n<div class=\"entry-bottom\">\n<div id=\"block-9\" class=\"widget entry-widget clearfix widget_block\">\n<div><a href=\"https:\/\/suspend.ro\" target=\"_blank\" rel=\"noopener noreferrer\"><img decoding=\"async\" src=\"https:\/\/ortodoxinfo.ro\/wp-content\/uploads\/2026\/08\/FB_IMG_1786185261439.jpg\" alt=\"Verific\u0103 pe suspend.ro \u2013 Parlamentarii din jude\u021bul t\u0103u sus\u021bin suspendarea lui Nicu\u0219or Dan?\"><\/a><\/div>\n<\/div>\n<\/div>\n<\/div>\n<\/div>\n<div class=\"e-shared-sec entry-sec\">\n<div class=\"e-shared-header h4\"><span>Distribuie<\/span><\/div>\n<div class=\"rbbsl tooltips-n effect-fadeout is-bg\"><a class=\"share-action share-trigger icon-facebook\" aria-label=\"Share on Facebook\" href=\"https:\/\/www.facebook.com\/sharer.php?u=https%3A%2F%2Fortodoxinfo.ro%2F2026%2F08%2F11%2Ftupeu-maxim-vuvuzelele-sistemului-au-facut-propaganda-acum-fac-bilantul-dezastrului-pe-care-l-au-construit%2F\" data-title=\"Facebook\" rel=\"nofollow\"><span>Facebook<\/span><\/a><a class=\"share-action share-trigger icon-twitter\" aria-label=\"Share on X\" href=\"https:\/\/twitter.com\/intent\/tweet?text=TUPEU+MAXIM%3A+Vuvuzelele+sistemului+au+f%C4%83cut+propagand%C4%83%2C+acum+fac+bilan%C8%9Bul+dezastrului+pe+care+l-au+construit&amp;url=https%3A%2F%2Fortodoxinfo.ro%2F2026%2F08%2F11%2Ftupeu-maxim-vuvuzelele-sistemului-au-facut-propaganda-acum-fac-bilantul-dezastrului-pe-care-l-au-construit%2F&amp;via=ortodoxinforo\" data-title=\"X\" rel=\"nofollow\"><span>X<\/span><\/a><a class=\"share-action icon-whatsapp is-web\" aria-label=\"Share on Whatsapp\" href=\"https:\/\/web.whatsapp.com\/send?text=TUPEU+MAXIM%3A+Vuvuzelele+sistemului+au+f%C4%83cut+propagand%C4%83%2C+acum+fac+bilan%C8%9Bul+dezastrului+pe+care+l-au+construit%20%E2%98%9E%20https%3A%2F%2Fortodoxinfo.ro%2F2026%2F08%2F11%2Ftupeu-maxim-vuvuzelele-sistemului-au-facut-propaganda-acum-fac-bilantul-dezastrului-pe-care-l-au-construit%2F\" target=\"_blank\" data-title=\"WhatsApp\" rel=\"nofollow\"><span>Whatsapp<\/span><\/a><a class=\"share-action icon-whatsapp is-mobile\" aria-label=\"Share on Whatsapp\" href=\"\/\/send?text=TUPEU+MAXIM%3A+Vuvuzelele+sistemului+au+f%C4%83cut+propagand%C4%83%2C+acum+fac+bilan%C8%9Bul+dezastrului+pe+care+l-au+construit%20%E2%98%9E%20https%3A%2F%2Fortodoxinfo.ro%2F2026%2F08%2F11%2Ftupeu-maxim-vuvuzelele-sistemului-au-facut-propaganda-acum-fac-bilantul-dezastrului-pe-care-l-au-construit%2F\" target=\"_blank\" data-title=\"WhatsApp\" rel=\"nofollow\"><span>Whatsapp<\/span><\/a><a class=\"share-action share-trigger icon-telegram\" aria-label=\"Share on Telegram\" href=\"https:\/\/t.me\/share\/?url=https%3A%2F%2Fortodoxinfo.ro%2F2026%2F08%2F11%2Ftupeu-maxim-vuvuzelele-sistemului-au-facut-propaganda-acum-fac-bilantul-dezastrului-pe-care-l-au-construit%2F&amp;text=TUPEU+MAXIM%3A+Vuvuzelele+sistemului+au+f%C4%83cut+propagand%C4%83%2C+acum+fac+bilan%C8%9Bul+dezastrului+pe+care+l-au+construit\" data-title=\"Telegram\" rel=\"nofollow\"><span>Telegram<\/span><\/a><a class=\"share-action icon-copy copy-trigger\" aria-label=\"Copy Link\" href=\"https:\/\/ortodoxinfo.ro\/2026\/08\/11\/tupeu-maxim-vuvuzelele-sistemului-au-facut-propaganda-acum-fac-bilantul-dezastrului-pe-care-l-au-construit\/\" data-copied=\"Copied!\" data-link=\"https:\/\/ortodoxinfo.ro\/2026\/08\/11\/tupeu-maxim-vuvuzelele-sistemului-au-facut-propaganda-acum-fac-bilantul-dezastrului-pe-care-l-au-construit\/\" rel=\"nofollow\" data-copy=\"Copy Link\"><span>Copy Link<\/span><\/a><a class=\"share-action icon-print\" aria-label=\"Print\" rel=\"nofollow\" data-title=\"Print\"><span>Print<\/span><\/a><\/div>\n<\/div>\n<\/div>\n<div id=\"tabs\" class=\"dntplgn_form_wrapper\"><span><\/p>\n<h2>\u0218tirile sunt sub cenzur\u0103! Sprijini\u021bi OrtodoxINFO!<\/h2>\n<p>Guvernul nu dore\u0219te aflarea adev\u0103rului despre lovitura de stat \u0219i \u00eengenuncherea Rom\u00e2niei. \u00cencerc\u0103m s\u0103 men\u021binem viu acest site \u0219i s\u0103 v\u0103 punem la dispozi\u021bie informa\u021bii care s\u0103 fac\u0103 lumin\u0103 \u00een cea mai mare provocare pe care o tr\u0103im. Jurnalismul independent al portalului OrtodoxINFO func\u021bioneaz\u0103 strict cu ajutorul cititorilor.<br \/>\nNe pute\u021bi sprijini printr-o <b><a href=\"https:\/\/ortodoxinfo.ro\/donatii\/\">dona\u021bie bancar\u0103<\/a> sau prin PayPal, complet\u00e2nd formularul de mai jos.<\/b><\/span><\/p>\n<ul>\n<li><a href=\"https:\/\/ortodoxinfo.ro\/2026\/08\/11\/tupeu-maxim-vuvuzelele-sistemului-au-facut-propaganda-acum-fac-bilantul-dezastrului-pe-care-l-au-construit\/#tabs-1\">Dona\u021bie lunar\u0103<\/a><\/li>\n<li><a href=\"https:\/\/ortodoxinfo.ro\/2026\/08\/11\/tupeu-maxim-vuvuzelele-sistemului-au-facut-propaganda-acum-fac-bilantul-dezastrului-pe-care-l-au-construit\/#tabs-2\">Doar acum<\/a><\/li>\n<\/ul>\n<div id=\"tabs-1\"><img loading=\"lazy\" decoding=\"async\" alt border=\"0\" src=\"https:\/\/www.paypalobjects.com\/en_US\/i\/scr\/pixel.gif\" width=\"1\" height=\"1\"><\/div>\n<div id=\"tabs-2\">\n<p>\t\t     \u20ac<\/p>\n<p>\t\t    <img loading=\"lazy\" decoding=\"async\" alt border=\"0\" src=\"https:\/\/www.paypalobjects.com\/en_US\/i\/scr\/pixel.gif\" width=\"1\" height=\"1\"><\/div>\n<p>Mul\u021bumim celor care ne-au ajutat p\u00e2n\u0103 acum!\n\t<\/p><\/div>\n<div class=\"comment-box-wrap entry-sec\">\n<div class=\"comment-box-header\"><span class=\"h3\">Las\u0103 un comentariu<\/span><\/div>\n<div class=\"comment-holder no-comment\">\n<div id=\"comments\" class=\"comments-area\">\n<div id=\"respond\" class=\"comment-respond\">\n<h3 id=\"reply-title\" class=\"comment-reply-title\">Las\u0103 un r\u0103spuns <small><a rel=\"nofollow\" id=\"cancel-comment-reply-link\" href=\"https:\/\/ortodoxinfo.ro\/2026\/08\/11\/tupeu-maxim-vuvuzelele-sistemului-au-facut-propaganda-acum-fac-bilantul-dezastrului-pe-care-l-au-construit\/#respond\">Anuleaz\u0103 r\u0103spunsul<\/a><\/small><\/h3>\n<p class=\"comment-notes\"><span id=\"email-notes\">Adresa ta de email nu va fi publicat\u0103.<\/span><span class=\"required-field-message\">C\u00e2mpurile obligatorii sunt marcate cu <span class=\"required\">*<\/span><\/span><\/p>\n<\/div>\n<\/div>\n<\/div>\n<\/div>\n<\/div>\n<div class=\"sidebar-wrap single-sidebar\">\n<div class=\"sidebar-inner clearfix\">\n<div id=\"widget-post-2\" class=\"widget rb-section w-sidebar clearfix widget-post\">\n<div class=\"block-h widget-heading heading-layout-1\">\n<div class=\"heading-inner\">\n<h4 class=\"heading-title\"><span>Articole recente<\/span><\/h4>\n<\/div>\n<\/div>\n<div class=\"widget-p-listing\">\n<div class=\"p-wrap p-small p-list-small-2\" data-pid=\"257210\">\n<div class=\"feat-holder\">\n<div class=\"p-featured ratio-v1\"><a class=\"p-flink\" href=\"https:\/\/ortodoxinfo.ro\/2026\/08\/12\/bomba-in-presa-mare-americana-sua-ar-trebui-sa-apere-democratia-si-pe-calin-georgescu-in-romania\/\" title=\"Bomb\u0103 \u00een presa mare american\u0103: SUA ar trebui s\u0103 apere democra\u021bia \u0219i pe C\u0103lin Georgescu \u00een Rom\u00e2nia\"><img decoding=\"async\" width=\"150\" height=\"150\" src=\"https:\/\/ortodoxinfo.ro\/wp-content\/uploads\/2026\/08\/georgescu66-150x150.jpg\" class=\"featured-img wp-post-image\" alt loading=\"lazy\"><\/a><\/div>\n<\/div>\n<div class=\"p-content\">\n<h5 class=\"entry-title\"><a class=\"p-url\" href=\"https:\/\/ortodoxinfo.ro\/2026\/08\/12\/bomba-in-presa-mare-americana-sua-ar-trebui-sa-apere-democratia-si-pe-calin-georgescu-in-romania\/\" rel=\"bookmark\">Bomb\u0103 \u00een presa mare american\u0103: SUA ar trebui s\u0103 apere democra\u021bia \u0219i pe C\u0103lin Georgescu \u00een Rom\u00e2nia<\/a><\/h5>\n<div class=\"p-meta\">\n<div class=\"meta-inner is-meta\"><span class=\"meta-el meta-date\"><time datetime=\"2026-08-12T00:56:47+03:00\">12 august 2026<\/time><\/span><span class=\"meta-el meta-category meta-bold\"><a class=\"meta-separate category-19866\" href=\"https:\/\/ortodoxinfo.ro\/category\/lupta-pentru-romania\/\">Lupt\u0103 pentru Rom\u00e2nia<\/a><\/span><span class=\"meta-el meta-view\">2.1k vizualiz\u0103ri\t\t<\/span><\/div>\n<\/div>\n<\/div>\n<\/div>\n<div class=\"p-wrap p-small p-list-small-2\" data-pid=\"257086\">\n<div class=\"feat-holder\">\n<div class=\"p-featured ratio-v1\"><a class=\"p-flink\" href=\"https:\/\/ortodoxinfo.ro\/2026\/08\/11\/europa-ramane-fara-rachete-patriot-pentru-ucraina\/\" title=\"Europa r\u0103m\u00e2ne f\u0103r\u0103 rachete Patriot pentru Ucraina\"><img decoding=\"async\" width=\"150\" height=\"150\" src=\"https:\/\/ortodoxinfo.ro\/wp-content\/uploads\/2026\/08\/68a3b708a310b236b651f4a3-150x150.jpeg\" class=\"featured-img wp-post-image\" alt loading=\"lazy\"><\/a><\/div>\n<\/div>\n<div class=\"p-content\">\n<h5 class=\"entry-title\"><a class=\"p-url\" href=\"https:\/\/ortodoxinfo.ro\/2026\/08\/11\/europa-ramane-fara-rachete-patriot-pentru-ucraina\/\" rel=\"bookmark\">Europa r\u0103m\u00e2ne f\u0103r\u0103 rachete Patriot pentru Ucraina<\/a><\/h5>\n<div class=\"p-meta\">\n<div class=\"meta-inner is-meta\"><span class=\"meta-el meta-date\"><time datetime=\"2026-08-11T17:23:26+03:00\">11 august 2026<\/time><\/span><span class=\"meta-el meta-category meta-bold\"><a class=\"meta-separate category-15871\" href=\"https:\/\/ortodoxinfo.ro\/category\/anti-sistem\/al-iii-lea-razboi-mondial\/ucraina\/\">Ucraina<\/a><\/span><span class=\"meta-el meta-view\">5.2k vizualiz\u0103ri\t\t<\/span><\/div>\n<\/div>\n<\/div>\n<\/div>\n<div class=\"p-wrap p-small p-list-small-2\" data-pid=\"257071\">\n<div class=\"feat-holder\">\n<div class=\"p-featured ratio-v1\"><a class=\"p-flink\" href=\"https:\/\/ortodoxinfo.ro\/2026\/08\/11\/fauci-merita-ciuruit-la-zid-s-au-publicat-mesajele-de-pe-telefonul-sau-in-care-recunostea-ca-vaccinurile-c0vid-la-gravide-sunt-foarte-daunatoare-a-provocat-genocid-prin-avorturile-spontane-surveni\/\" title=\"FAUCI merit\u0103 ciuruit la zid: S-au publicat mesajele de pe telefonul s\u0103u, \u00een care recuno\u0219tea c\u0103 vaccinurile C0vid la gravide sunt foarte d\u0103un\u0103toare. A provocat GENOCID, prin avorturile spontane survenite\"><img decoding=\"async\" width=\"150\" height=\"150\" src=\"https:\/\/ortodoxinfo.ro\/wp-content\/uploads\/2026\/08\/media-171744162418631600-150x150.webp\" class=\"featured-img wp-post-image\" alt loading=\"lazy\"><\/a><\/div>\n<\/div>\n<div class=\"p-content\">\n<h5 class=\"entry-title\"><a class=\"p-url\" href=\"https:\/\/ortodoxinfo.ro\/2026\/08\/11\/fauci-merita-ciuruit-la-zid-s-au-publicat-mesajele-de-pe-telefonul-sau-in-care-recunostea-ca-vaccinurile-c0vid-la-gravide-sunt-foarte-daunatoare-a-provocat-genocid-prin-avorturile-spontane-surveni\/\" rel=\"bookmark\">FAUCI merit\u0103 ciuruit la zid: S-au publicat mesajele de pe telefonul s\u0103u, \u00een care recuno\u0219tea c\u0103 vaccinurile C0vid la gravide sunt foarte d\u0103un\u0103toare. A provocat GENOCID, prin avorturile spontane survenite<\/a><\/h5>\n<div class=\"p-meta\">\n<div class=\"meta-inner is-meta\"><span class=\"meta-el meta-date\"><time datetime=\"2026-08-11T13:58:49+03:00\">11 august 2026<\/time><\/span><span class=\"meta-el meta-category meta-bold\"><a class=\"meta-separate category-590\" href=\"https:\/\/ortodoxinfo.ro\/category\/anti-sistem\/reducerea-populatiei\/vaccin\/\">Vaccin<\/a><\/span><span class=\"meta-el meta-view\">8.7k vizualiz\u0103ri\t\t<\/span><\/div>\n<\/div>\n<\/div>\n<\/div>\n<div class=\"p-wrap p-small p-list-small-2\" data-pid=\"257033\">\n<div class=\"feat-holder\">\n<div class=\"p-featured ratio-v1\"><a class=\"p-flink\" href=\"https:\/\/ortodoxinfo.ro\/2026\/08\/11\/reactorul-2-de-la-cernavoda-se-opreste-pe-13-august\/\" title=\"Reactorul 2 de la Cernavod\u0103 se opre\u0219te pe 13 august\"><img decoding=\"async\" width=\"150\" height=\"150\" src=\"https:\/\/ortodoxinfo.ro\/wp-content\/uploads\/2026\/08\/unitatea-2-1.webp-150x150.webp\" class=\"featured-img wp-post-image\" alt loading=\"lazy\"><\/a><\/div>\n<\/div>\n<div class=\"p-content\">\n<h5 class=\"entry-title\"><a class=\"p-url\" href=\"https:\/\/ortodoxinfo.ro\/2026\/08\/11\/reactorul-2-de-la-cernavoda-se-opreste-pe-13-august\/\" rel=\"bookmark\">Reactorul 2 de la Cernavod\u0103 se opre\u0219te pe 13 august<\/a><\/h5>\n<div class=\"p-meta\">\n<div class=\"meta-inner is-meta\"><span class=\"meta-el meta-date\"><time datetime=\"2026-08-11T11:23:24+03:00\">11 august 2026<\/time><\/span><span class=\"meta-el meta-category meta-bold\"><a class=\"meta-separate category-19885\" href=\"https:\/\/ortodoxinfo.ro\/category\/anti-sistem\/anti-romanism\/asasinii-tarii\/\">Asasinii \u021b\u0103rii<\/a><\/span><span class=\"meta-el meta-view\">7.6k vizualiz\u0103ri\t\t<\/span><\/div>\n<\/div>\n<\/div>\n<\/div>\n<\/div>\n<\/div>\n<div id=\"custom_html-2\" class=\"widget_text widget rb-section w-sidebar clearfix widget_custom_html\">\n<div class=\"block-h widget-heading heading-layout-1\">\n<div class=\"heading-inner\">\n<h4 class=\"heading-title\"><span>DONA\u021aII \u00een cont bancar<\/span><\/h4>\n<\/div>\n<\/div>\n<div class=\"textwidget custom-html-widget\">\n<table class=\"donatii\">\n<tbody>\n<tr>\n<th colspan=\"2\"><strong><span>Asicia\u021bia SMI-B<\/span><\/strong><\/th>\n<\/tr>\n<tr>\n<th>Cont LEI<\/th>\n<td>RO67CECEB00030RON2081955<\/td>\n<\/tr>\n<tr>\n<th>Cont EURO<\/th>\n<td>RO33CECEB000C1EUR2081978<\/td>\n<\/tr>\n<tr>\n<th>Cod SWIFT<\/th>\n<td>CECEROBU<\/td>\n<\/tr>\n<tr>\n<th colspan=\"2\"><strong>CEC BANK SA<\/strong><\/th>\n<\/tr>\n<\/tbody>\n<\/table>\n<\/div>\n<\/div>\n<\/div>\n<\/div>\n<\/div>\n<\/article>\n<div class=\"entry-content rbct clearfix is-highlight-shares\">\n<p>\u00cen mai 2025, aproape toat\u0103 presa \u201eserioas\u0103\u201d a Rom\u00e2niei a sunat \u00een cor. Antena 3, Digi 24, B1, Euronews, TVR, Antena 1, ProTV \u2013 toate au tras de vuvuzele p\u00e2n\u0103 le-au cr\u0103pat. Mesajul a fost unul singur, pe toate canalele, zi \u0219i noapte: dac\u0103 nu c\u00e2\u0219tig\u0103 \u201epro-europenii\u201d, vin ru\u0219ii, cade bursa, sare euro, pleac\u0103 investitorii, se pr\u0103bu\u0219e\u0219te totul. Cine \u00eendr\u0103znea s\u0103 spun\u0103 altceva era etichetat imediat \u201eputinist\u201d, \u201eanti-european\u201d, \u201eamenin\u021bare la adresa democra\u021biei\u201d.<\/p>\n<p>A\u0219a s-a f\u0103cut campania. Nu cu argumente despre pre\u021buri, energie, agricultur\u0103 sau datorie public\u0103, ci cu frica. Frica de ru\u0219i, frica de izolare, frica de \u201ehaos\u201d. \u0218i a mers. Oamenii au votat \u201epro-europenii\u201d.<\/p>\n<p>Acum, la un an \u0219i ceva distan\u021b\u0103, acelea\u0219i televiziuni, acelea\u0219i fe\u021be, acelea\u0219i portavoci stau \u00een platouri \u0219i anun\u021b\u0103, cu ton grav \u0219i ochi mari, dezastrul. Rom\u00e2nia se apropie de blackout. Reactoarele de la Cernavod\u0103 \u2013 se vorbe\u0219te despre \u00eenchidere sau probleme grave. Fermierii dau faliment. Cresc\u0103torii de ovine sunt anun\u021ba\u021bi c\u0103 animalele vor fi omor\u00e2te for\u021bat. Deficitul a explodat. Infla\u021bia a trecut de 11%. Datoria extern\u0103 a crescut cu vreo 20 de miliarde euro \u2013 adic\u0103 un salt de aproximativ 20%. Investitorii? Nu s-au \u00eenghesuit. Euro? E \u00een continu\u0103 cre\u0219tere. Ru\u0219ii? N-au venit pe tancuri, dar facturile \u0219i falimentele au venit pe bune.<\/p>\n<p>\u0218i totu\u0219i, acelea\u0219i vuvuzele ies \u00een continuare pe sticl\u0103. Nu se ascund sub pat. Nu \u00ee\u0219i cer scuze. Nu recunosc c\u0103 au min\u021bit cu bun\u0103 \u0219tiin\u021b\u0103 sau c\u0103, \u00een cel mai bun caz, au fost ni\u0219te propagandi\u0219ti de duzin\u0103 care au v\u00e2ndut fric\u0103 \u00een loc de realitate. Continu\u0103 s\u0103 vorbeasc\u0103 de parc\u0103 ar fi observatori neutri ai unei tragedii la care n-au contribuit deloc s\u0103 o construiasc\u0103.<\/p>\n<p>Aici e tupeul maxim. Aceia\u0219i oameni care, \u00een prim\u0103vara lui 2025, strigau c\u0103 \u201edoar pro-europenii ne salveaz\u0103 de pr\u0103pastie\u201d stau acum \u0219i descriu pr\u0103pastia \u00een care ne-au b\u0103gat tocmai cei pe care i-au sus\u021binut cu toate for\u021bele. Nu e o coinciden\u021b\u0103. E logica sistemului: c\u00e2nd se d\u0103 linia, se d\u0103 linia. C\u00e2nd linia se dovede\u0219te o minciun\u0103, se trece la urm\u0103torul episod de panic\u0103, f\u0103r\u0103 nicio pauz\u0103 de onestitate.<\/p>\n<p>Rom\u00e2nii care \u00eenc\u0103 mai deschid televizorul ar trebui s\u0103 se uite atent la fe\u021bele astea. S\u0103-\u0219i aminteasc\u0103 ce spuneau \u00een mai 2025 \u0219i ce spun acum. S\u0103 observe c\u0103 niciodat\u0103 nu e vina celor pe care i-au promovat. \u00centotdeauna e \u201econtextul\u201d, \u201emo\u0219tenirea\u201d, \u201esitua\u021bia interna\u021bional\u0103\u201d, \u201eru\u0219ii\u201d, \u201epia\u021ba\u201d, orice \u2013 numai nu deciziile \u0219i propaganda pe care le-au servit.<\/p>\n<p>Suveranismul nu \u00eenseamn\u0103 izolare \u0219i nu \u00eenseamn\u0103 rusofilie. \u00censeamn\u0103, \u00een primul r\u00e2nd, refuzul de a mai fi min\u021bi\u021bi de acelea\u0219i vuvuzele care, dup\u0103 ce au f\u0103cut campanie cu frica, acum fac bilan\u021bul cu ipocrizia. C\u00e2nd acelea\u0219i televiziuni care te-au speriat cu ru\u0219ii \u00eencep s\u0103 te sperie cu blackout-ul \u0219i cu oile care trebuie t\u0103iate, e cazul s\u0103 te \u00eentrebi cine te-a dus, de fapt, la pr\u0103pastie.<\/p>\n<p>Iar r\u0103spunsul e din ce \u00een ce mai clar: nu \u201eru\u0219ii\u201d. Ci cei care au strigat cel mai tare c\u0103 doar ei ne pot salva \u2013 \u0219i televiziunile care le-au \u021binut isonul f\u0103r\u0103 nicio ezitare.<\/p>\n<\/div>\n<p>[analyse_source url=&#8221;https:\/\/ortodoxinfo.ro\/2026\/08\/11\/tupeu-maxim-vuvuzelele-sistemului-au-facut-propaganda-acum-fac-bilantul-dezastrului-pe-care-l-au-construit\/&#8221;]<\/p>\n","protected":false},"excerpt":{"rendered":"<p>[analyse_image type=&#8221;featured&#8221; src=&#8221;https:\/\/ortodoxinfo.ro\/wp-content\/uploads\/2026\/08\/grok_1786440488563.jpghttps:\/\/ortodoxinfo.ro\/wp-content\/uploads\/2026\/08\/grok_1786440488563.jpg&#8221;] Prima pagin\u0103 \u00bb Blog \u00bb TUPEU MAXIM: Vuvuzelele sistemului au f\u0103cut propagand\u0103, acum fac bilan\u021bul dezastrului pe care l-au construit TUPEU MAXIM: Vuvuzelele sistemului au f\u0103cut propagand\u0103, acum fac bilan\u021bul dezastrului pe care l-au construit 11 august 2026Asasinii \u021b\u0103rii10k vizualiz\u0103ri Comentarii Share 4 Min Read Signature: kgg48JoF59XBsXfkxrj\/SPspJF1rkWufSlr3sFrnBz3iRkEv+CvPddHC9ifnnraC1n848IRorlCVbDdK8e3EFodFtTDB3vnmIWInBZbtjAVQB3Cg0cCzbxtxp+JvCKqqAxLl2CINSZqB9JL07UvcEJwdlprcsb\/wEQ6UNuMrg86e2LiKXSD20VdAuNygSl1cOlw3WXZvXkuHni2ROcCxB1JJ7zgLKVmJ8HVzKx0xdzBbmg\/Bzktamask6Xyk\/KM8Ewr1LHO4HjgXFGUS0TQMiLNP8CkZZIu7vPT1qAOk8Rp\/ATSuv379KTnxeybyma9eaRMyvYtxFDxSkYDXgza+AJLPU1PzoUeN3XRYT+QSrT8hNMdzU8R\/7JMih2qBbRP07HJf+FTOFw6gxtCaaXQCYUboFxpQb\/+L1DDnsu3QLBOyOXAd6qpu77u3gICJuPJSWPbSUsIz8qTn07A4VR+gmot9mO6w4Fx5hXFgfJzvdUqD14uGfh3zJayqULtwSdozn2Xb7MEixKC0QIVcV193X6yUSNjfu6Zwcb6\/WoCu8Gjir+kOnvWdLDEW5+AkRUv693yIGIWJVdeozVq+b6PsHz7AQJ4s49ga6Lyl3k+PtXKMNkTBp1nAD\/AVscfcWPI4nPX2oZseznn6HlL6dfDYtekSIkvXSRcT\/M5KIr\/tHPCT2MHnGTABH2CTrfE3UaCV03x9zzsDHCW7R6BYWtf1m5D3WvuRCF3rkaK7RLtz4XgCLkCRWFQrwGXfJaikickyWI8PlgJj6sZ0bM7zcK+hSKm7f8WE28iz6lkCJ0PWyRLJPWIZ8KiAYIivRocBVniAX9GepcMKOcaPfamg3XMeLWWYeMVoIurkDfQSK1cXr03fbXpt+eJvSIfbCvr21gXv5U8GK8BYmiquowqOlvfOJAsUdHcs1qVQTQmbJ\/ZwN4I\/ntnHCPgu6xQ7x7BOoN\/PbQVjgcTwEuh7jswJvYFUUQxjogGVT8Iu9wf7+qIUIf0= SHARE OrtodoxINFO este supus unui [&hellip;]<\/p>\n","protected":false},"author":1,"featured_media":0,"comment_status":"open","ping_status":"","sticky":false,"template":"","format":"standard","meta":{"footnotes":""},"categories":[89],"tags":[226,94],"class_list":["post-2088910","post","type-post","status-publish","format-standard","hentry","category-romania","tag-crawlmanager","tag-ortodoxinfo-ro"],"_links":{"self":[{"href":"https:\/\/analyse.optim.biz\/index.php?rest_route=\/wp\/v2\/posts\/2088910","targetHints":{"allow":["GET"]}}],"collection":[{"href":"https:\/\/analyse.optim.biz\/index.php?rest_route=\/wp\/v2\/posts"}],"about":[{"href":"https:\/\/analyse.optim.biz\/index.php?rest_route=\/wp\/v2\/types\/post"}],"author":[{"embeddable":true,"href":"https:\/\/analyse.optim.biz\/index.php?rest_route=\/wp\/v2\/users\/1"}],"replies":[{"embeddable":true,"href":"https:\/\/analyse.optim.biz\/index.php?rest_route=%2Fwp%2Fv2%2Fcomments&post=2088910"}],"version-history":[{"count":0,"href":"https:\/\/analyse.optim.biz\/index.php?rest_route=\/wp\/v2\/posts\/2088910\/revisions"}],"wp:attachment":[{"href":"https:\/\/analyse.optim.biz\/index.php?rest_route=%2Fwp%2Fv2%2Fmedia&parent=2088910"}],"wp:term":[{"taxonomy":"category","embeddable":true,"href":"https:\/\/analyse.optim.biz\/index.php?rest_route=%2Fwp%2Fv2%2Fcategories&post=2088910"},{"taxonomy":"post_tag","embeddable":true,"href":"https:\/\/analyse.optim.biz\/index.php?rest_route=%2Fwp%2Fv2%2Ftags&post=2088910"}],"curies":[{"name":"wp","href":"https:\/\/api.w.org\/{rel}","templated":true}]}}