{"id":2088888,"date":"2026-08-11T19:55:31","date_gmt":"2026-08-11T16:55:31","guid":{"rendered":"https:\/\/analyse.optim.biz\/?p=2088888"},"modified":"2026-08-11T19:55:31","modified_gmt":"2026-08-11T16:55:31","slug":"centru-de-aport-voluntar-cu-bazin-de-retentie-a-apei","status":"publish","type":"post","link":"https:\/\/analyse.optim.biz\/?p=2088888","title":{"rendered":"Centru de aport voluntar cu bazin de reten\u0163ie a apei"},"content":{"rendered":"<p>[analyse_image type=&#8221;featured&#8221; src=&#8221;https:\/\/www.tvbuzau.ro\/wp-content\/uploads\/2026\/08\/sddefault-27.jpghttps:\/\/www.tvbuzau.ro\/wp-content\/uploads\/2026\/08\/sddefault-27.jpg&#8221;]<\/p>\n<div class=\"td-ss-main-content\">\n<article id=\"post-120005\" class=\"post-120005 post type-post status-publish format-video has-post-thumbnail hentry category-actualitate post_format-post-format-video\">\n<div class=\"td-post-header\">\n<ul class=\"td-category\">\n<li class=\"entry-category\"><a href=\"https:\/\/www.tvbuzau.ro\/category\/actualitate\/\">Actualitate<\/a><\/li>\n<\/ul>\n<header class=\"td-post-title\">\n<h1 class=\"entry-title\">Centru de aport voluntar cu bazin de reten\u0163ie a apei<\/h1>\n<div class=\"td-module-meta-info\">\n<div class=\"td-post-author-name\">De c\u0103tre <a href=\"https:\/\/www.tvbuzau.ro\/author\/mihai-vasilescu\/\">TV Buz\u0103u<\/a> &#8211; <\/div>\n<p><span class=\"td-post-date\"><time class=\"entry-date updated td-module-date\" datetime=\"2026-08-11T19:55:31+00:00\">august 11, 2026<\/time><\/span><\/p>\n<div class=\"td-post-comments\"><a href=\"https:\/\/www.tvbuzau.ro\/centru-de-aport-voluntar-cu-bazin-de-retentie-a-apei\/#respond\">0<\/a><\/div>\n<div class=\"td-post-views\"><span class=\"td-nr-views-120005\">3<\/span><\/div>\n<\/div>\n<\/header>\n<\/div>\n<div class=\"td-post-sharing td-post-sharing-top td-with-like\">\n<div class=\"td-default-sharing\"><a class=\"td-social-sharing-buttons td-social-facebook\" href=\"http:\/\/www.facebook.com\/sharer.php?u=https%3A%2F%2Fwww.tvbuzau.ro%2Fcentru-de-aport-voluntar-cu-bazin-de-retentie-a-apei%2F\"><\/p>\n<div class=\"td-social-but-text\">Distribui\u021bi pe Facebook<\/div>\n<p><\/a><a class=\"td-social-sharing-buttons td-social-twitter\" href=\"https:\/\/twitter.com\/intent\/tweet?text=Centru+de+aport+voluntar+cu+bazin+de+reten%C5%A3ie+a+apei&amp;url=https%3A%2F%2Fwww.tvbuzau.ro%2Fcentru-de-aport-voluntar-cu-bazin-de-retentie-a-apei%2F&amp;via=TV+Buz%C4%83u\"><\/p>\n<div class=\"td-social-but-text\">Distribui\u021bi pe Twitter<\/div>\n<p><\/a><\/div>\n<div class=\"td-classic-sharing\">\n<ul>\n<li class=\"td-classic-facebook\"><iframe frameborder src=\"https:\/\/www.facebook.com\/plugins\/like.php?href=https:\/\/www.tvbuzau.ro\/centru-de-aport-voluntar-cu-bazin-de-retentie-a-apei\/&amp;layout=button_count&amp;show_faces=false&amp;width=105&amp;action=like&amp;colorscheme=light&amp;height=21\"><\/iframe><\/li>\n<li class=\"td-classic-twitter\"><a href=\"https:\/\/twitter.com\/share\" class=\"twitter-share-button\" data-url=\"https:\/\/www.tvbuzau.ro\/centru-de-aport-voluntar-cu-bazin-de-retentie-a-apei\/\" data-text=\"Centru de aport voluntar cu bazin de reten\u0163ie a apei\" data-via data-lang=\"en\">tweet<\/a><\/li>\n<\/ul>\n<\/div>\n<\/div>\n<div class=\"td-post-content\">\n<div class=\"td-featured-image-rec\">\n<div class=\"wpb_video_wrapper\">\n                    <iframe loading=\"lazy\" id=\"td_youtube_player\" width=\"600\" height=\"560\" src=\"https:\/\/www.youtube.com\/embed\/6U5b49JI1Gk?enablejsapi=1&amp;feature=oembed&amp;wmode=opaque&amp;vq=hd720\" frameborder allowfullscreen><\/iframe><\/p><\/div>\n<\/div>\n<p>Apa colectat\u0103 va iriga spa\u0163iile verzi din \u00eemprejurimi<br \/>\nPrim\u0103ria Buz\u0103u a recep\u0163ionat recent lucr\u0103rile la ,,Centrul de colectare cu aport volun-tar\u201d, unde cet\u0103\u021benii vor putea aduce  de\u0219euri care nu \u00eencap \u00een pubela de acas\u0103 \u0219i nu pot fi ridicate prin sistemul ,,din poart\u0103 \u00een poart\u0103\u201d, de la mobil\u0103 veche, electrocasnice, textile, anvelope, lemn, de\u0219euri din gr\u0103din\u0103, moloz, vopseluri, p\u00e2n\u0103 la uleiuri, baterii, de\u0219euri periculoase din gospod\u0103rie \u0219i multe altele.<br \/>\nCa noutate, centrul dispune \u015fi de un sistem de colectare a apei de ploaie.<br \/>\nApa de ploaie colectat\u0103, prin intermediul unui sistem, va iriga spa\u0163iile verzi aflate \u00een vecin\u0103tatea centrului.<br \/>\nRolul centrului de colectare, a anun\u0163at administra\u0163ia local\u0103, este s\u0103 devieze de la groapa de gunoi \u0219i de la abandonare, cantit\u0103\u021bi mari de de\u0219euri valorificabile, s\u0103 preg\u0103teasc\u0103 pentru reutilizare \u0219i reciclare materiale aduse de cet\u0103\u021beni \u015fi s\u0103 educe, pentru c\u0103 centrul include \u0219i spa\u021bii de informare \u0219i con\u0219tientizare at\u00e2t pentru adul\u021bi, dar mai ales pentru elevi.  <\/p>\n<div class=\"post-views post-120005 entry-meta\"><span class=\"post-views-label\">Post Views: <\/span><span class=\"post-views-count\">61<\/span><\/div>\n<\/div>\n<footer>\n<div class=\"td-post-sharing td-post-sharing-bottom td-with-like\"><span class=\"td-post-share-title\">DISTRIBUI\u021aI<\/span><\/p>\n<div class=\"td-default-sharing\"><a class=\"td-social-sharing-buttons td-social-facebook\" href=\"http:\/\/www.facebook.com\/sharer.php?u=https%3A%2F%2Fwww.tvbuzau.ro%2Fcentru-de-aport-voluntar-cu-bazin-de-retentie-a-apei%2F\"><\/p>\n<div class=\"td-social-but-text\">Facebook<\/div>\n<p><\/a><a class=\"td-social-sharing-buttons td-social-twitter\" href=\"https:\/\/twitter.com\/intent\/tweet?text=Centru+de+aport+voluntar+cu+bazin+de+reten%C5%A3ie+a+apei&amp;url=https%3A%2F%2Fwww.tvbuzau.ro%2Fcentru-de-aport-voluntar-cu-bazin-de-retentie-a-apei%2F&amp;via=TV+Buz%C4%83u\"><\/p>\n<div class=\"td-social-but-text\">Twitter<\/div>\n<p><\/a><\/div>\n<div class=\"td-classic-sharing\">\n<ul>\n<li class=\"td-classic-facebook\"><iframe frameborder src=\"https:\/\/www.facebook.com\/plugins\/like.php?href=https:\/\/www.tvbuzau.ro\/centru-de-aport-voluntar-cu-bazin-de-retentie-a-apei\/&amp;layout=button_count&amp;show_faces=false&amp;width=105&amp;action=like&amp;colorscheme=light&amp;height=21\"><\/iframe><\/li>\n<li class=\"td-classic-twitter\"><a href=\"https:\/\/twitter.com\/share\" class=\"twitter-share-button\" data-url=\"https:\/\/www.tvbuzau.ro\/centru-de-aport-voluntar-cu-bazin-de-retentie-a-apei\/\" data-text=\"Centru de aport voluntar cu bazin de reten\u0163ie a apei\" data-via data-lang=\"en\">tweet<\/a><\/li>\n<\/ul>\n<\/div>\n<\/div>\n<div class=\"td-author-name vcard author\"><span class=\"fn\"><a href=\"https:\/\/www.tvbuzau.ro\/author\/mihai-vasilescu\/\">TV Buz\u0103u<\/a><\/span><\/div>\n<p><span><\/span><span><span><\/span><\/span><span><\/span><\/footer>\n<\/article>\n<div class=\"td_block_wrap td_block_related_posts td_uid_1_6a7be90650b59_rand td_with_ajax_pagination td-pb-border-top\" data-td-block-uid=\"td_uid_1_6a7be90650b59\">\n<h4 class=\"td-related-title\"><a id=\"td_uid_2_6a7be90656a2f\" class=\"td-related-left td-cur-simple-item\" data-td_filter_value data-td_block_id=\"td_uid_1_6a7be90650b59\" href=\"https:\/\/www.tvbuzau.ro\/centru-de-aport-voluntar-cu-bazin-de-retentie-a-apei\/\">ARTICOLE SIMILARE<\/a><a id=\"td_uid_3_6a7be90656a69\" class=\"td-related-right\" data-td_filter_value=\"td_related_more_from_author\" data-td_block_id=\"td_uid_1_6a7be90650b59\" href=\"https:\/\/www.tvbuzau.ro\/centru-de-aport-voluntar-cu-bazin-de-retentie-a-apei\/\">DE LA ACELA\u0218I AUTOR<\/a><\/h4>\n<div id=\"td_uid_1_6a7be90650b59\" class=\"td_block_inner\">\n<div class=\"td-related-row\">\n<div class=\"td-related-span4\">\n<div class=\"td_module_related_posts td-animation-stack td_mod_related_posts\">\n<div class=\"td-module-image\">\n<div class=\"td-module-thumb\"><a href=\"https:\/\/www.tvbuzau.ro\/va-mai-avea-buzaul-un-poligon-auto\/\" rel=\"bookmark\" title=\"Va mai avea Buz\u0103ul un poligon auto?\"><img loading=\"lazy\" decoding=\"async\" width=\"218\" height=\"150\" class=\"entry-thumb\" src=\"https:\/\/www.tvbuzau.ro\/wp-content\/uploads\/2026\/08\/sddefault-26-218x150.jpg\" alt title=\"Va mai avea Buz\u0103ul un poligon auto?\"><span class=\"td-video-play-ico\"><img loading=\"lazy\" decoding=\"async\" width=\"40\" height=\"40\" class=\"td-retina\" src=\"https:\/\/www.tvbuzau.ro\/wp-content\/themes\/Newspaper\/images\/icons\/ico-video-large.png\" alt=\"video\"><\/span><\/a><\/div>\n<p><a href=\"https:\/\/www.tvbuzau.ro\/category\/actualitate\/\" class=\"td-post-category\">Actualitate<\/a><\/div>\n<div class=\"item-details\">\n<h3 class=\"entry-title td-module-title\"><a href=\"https:\/\/www.tvbuzau.ro\/va-mai-avea-buzaul-un-poligon-auto\/\" rel=\"bookmark\" title=\"Va mai avea Buz\u0103ul un poligon auto?\">Va mai avea Buz\u0103ul un poligon auto?<\/a><\/h3>\n<\/div>\n<\/div>\n<\/div>\n<div class=\"td-related-span4\">\n<div class=\"td_module_related_posts td-animation-stack td_mod_related_posts\">\n<div class=\"td-module-image\">\n<div class=\"td-module-thumb\"><a href=\"https:\/\/www.tvbuzau.ro\/buzoienii-invitati-sa-priveasca-perseidele-la-naeni\/\" rel=\"bookmark\" title=\"Buzoienii invita\u0163i s\u0103 priveasc\u0103 perseidele la N\u0103eni\"><img loading=\"lazy\" decoding=\"async\" width=\"218\" height=\"150\" class=\"entry-thumb\" src=\"https:\/\/www.tvbuzau.ro\/wp-content\/uploads\/2026\/08\/hqdefault-12-218x150.jpg\" alt title=\"Buzoienii invita\u0163i s\u0103 priveasc\u0103 perseidele la N\u0103eni\"><span class=\"td-video-play-ico\"><img loading=\"lazy\" decoding=\"async\" width=\"40\" height=\"40\" class=\"td-retina\" src=\"https:\/\/www.tvbuzau.ro\/wp-content\/themes\/Newspaper\/images\/icons\/ico-video-large.png\" alt=\"video\"><\/span><\/a><\/div>\n<p><a href=\"https:\/\/www.tvbuzau.ro\/category\/actualitate\/\" class=\"td-post-category\">Actualitate<\/a><\/div>\n<div class=\"item-details\">\n<h3 class=\"entry-title td-module-title\"><a href=\"https:\/\/www.tvbuzau.ro\/buzoienii-invitati-sa-priveasca-perseidele-la-naeni\/\" rel=\"bookmark\" title=\"Buzoienii invita\u0163i s\u0103 priveasc\u0103 perseidele la N\u0103eni\">Buzoienii invita\u0163i s\u0103 priveasc\u0103 perseidele la N\u0103eni<\/a><\/h3>\n<\/div>\n<\/div>\n<\/div>\n<div class=\"td-related-span4\">\n<div class=\"td_module_related_posts td-animation-stack td_mod_related_posts\">\n<div class=\"td-module-image\">\n<div class=\"td-module-thumb\"><a href=\"https:\/\/www.tvbuzau.ro\/4-ani-de-la-startul-constructie-autostrazii-a7\/\" rel=\"bookmark\" title=\"4 ani de la startul construc\u0163ie Autostr\u0103zii A7\"><img loading=\"lazy\" decoding=\"async\" width=\"218\" height=\"150\" class=\"entry-thumb\" src=\"https:\/\/www.tvbuzau.ro\/wp-content\/uploads\/2026\/08\/sddefault-25-218x150.jpg\" alt title=\"4 ani de la startul construc\u0163ie Autostr\u0103zii A7\"><span class=\"td-video-play-ico\"><img loading=\"lazy\" decoding=\"async\" width=\"40\" height=\"40\" class=\"td-retina\" src=\"https:\/\/www.tvbuzau.ro\/wp-content\/themes\/Newspaper\/images\/icons\/ico-video-large.png\" alt=\"video\"><\/span><\/a><\/div>\n<p><a href=\"https:\/\/www.tvbuzau.ro\/category\/actualitate\/\" class=\"td-post-category\">Actualitate<\/a><\/div>\n<div class=\"item-details\">\n<h3 class=\"entry-title td-module-title\"><a href=\"https:\/\/www.tvbuzau.ro\/4-ani-de-la-startul-constructie-autostrazii-a7\/\" rel=\"bookmark\" title=\"4 ani de la startul construc\u0163ie Autostr\u0103zii A7\">4 ani de la startul construc\u0163ie Autostr\u0103zii A7<\/a><\/h3>\n<\/div>\n<\/div>\n<\/div>\n<\/div>\n<div class=\"td-related-row\">\n<div class=\"td-related-span4\">\n<div class=\"td_module_related_posts td-animation-stack td_mod_related_posts\">\n<div class=\"td-module-image\">\n<div class=\"td-module-thumb\"><a href=\"https:\/\/www.tvbuzau.ro\/buzaul-ar-putea-avea-o-academie-de-fotbal\/\" rel=\"bookmark\" title=\"Buz\u0103ul ar putea avea o academie de fotbal\"><img loading=\"lazy\" decoding=\"async\" width=\"218\" height=\"150\" class=\"entry-thumb\" src=\"https:\/\/www.tvbuzau.ro\/wp-content\/uploads\/2026\/08\/hqdefault-11-218x150.jpg\" alt title=\"Buz\u0103ul ar putea avea o academie de fotbal\"><span class=\"td-video-play-ico\"><img loading=\"lazy\" decoding=\"async\" width=\"40\" height=\"40\" class=\"td-retina\" src=\"https:\/\/www.tvbuzau.ro\/wp-content\/themes\/Newspaper\/images\/icons\/ico-video-large.png\" alt=\"video\"><\/span><\/a><\/div>\n<p><a href=\"https:\/\/www.tvbuzau.ro\/category\/actualitate\/\" class=\"td-post-category\">Actualitate<\/a><\/div>\n<div class=\"item-details\">\n<h3 class=\"entry-title td-module-title\"><a href=\"https:\/\/www.tvbuzau.ro\/buzaul-ar-putea-avea-o-academie-de-fotbal\/\" rel=\"bookmark\" title=\"Buz\u0103ul ar putea avea o academie de fotbal\">Buz\u0103ul ar putea avea o academie de fotbal<\/a><\/h3>\n<\/div>\n<\/div>\n<\/div>\n<div class=\"td-related-span4\">\n<div class=\"td_module_related_posts td-animation-stack td_mod_related_posts\">\n<div class=\"td-module-image\">\n<div class=\"td-module-thumb\"><a href=\"https:\/\/www.tvbuzau.ro\/orbitalul-si-spitalul-municipal-proiecte-puse-pe-asteptare\/\" rel=\"bookmark\" title=\"Orbitalul \u015fi spitalul municipal, proiecte puse pe a\u015fteptare\"><img loading=\"lazy\" decoding=\"async\" width=\"218\" height=\"150\" class=\"entry-thumb\" src=\"https:\/\/www.tvbuzau.ro\/wp-content\/uploads\/2026\/08\/sddefault-23-218x150.jpg\" alt title=\"Orbitalul \u015fi spitalul municipal, proiecte puse pe a\u015fteptare\"><span class=\"td-video-play-ico\"><img loading=\"lazy\" decoding=\"async\" width=\"40\" height=\"40\" class=\"td-retina\" src=\"https:\/\/www.tvbuzau.ro\/wp-content\/themes\/Newspaper\/images\/icons\/ico-video-large.png\" alt=\"video\"><\/span><\/a><\/div>\n<p><a href=\"https:\/\/www.tvbuzau.ro\/category\/actualitate\/\" class=\"td-post-category\">Actualitate<\/a><\/div>\n<div class=\"item-details\">\n<h3 class=\"entry-title td-module-title\"><a href=\"https:\/\/www.tvbuzau.ro\/orbitalul-si-spitalul-municipal-proiecte-puse-pe-asteptare\/\" rel=\"bookmark\" title=\"Orbitalul \u015fi spitalul municipal, proiecte puse pe a\u015fteptare\">Orbitalul \u015fi spitalul municipal, proiecte puse pe a\u015fteptare<\/a><\/h3>\n<\/div>\n<\/div>\n<\/div>\n<div class=\"td-related-span4\">\n<div class=\"td_module_related_posts td-animation-stack td_mod_related_posts\">\n<div class=\"td-module-image\">\n<div class=\"td-module-thumb\"><a href=\"https:\/\/www.tvbuzau.ro\/primaria-buzau-ar-putea-beneficia-de-50-000-de-dolari-pentru-tineri\/\" rel=\"bookmark\" title=\"Prim\u0103ria Buz\u0103u ar putea beneficia de 50.000 de dolari, pentru tineri\"><img loading=\"lazy\" decoding=\"async\" width=\"218\" height=\"150\" class=\"entry-thumb\" src=\"https:\/\/www.tvbuzau.ro\/wp-content\/uploads\/2026\/08\/sddefault-22-218x150.jpg\" alt title=\"Prim\u0103ria Buz\u0103u ar putea beneficia de 50.000 de dolari, pentru tineri\"><span class=\"td-video-play-ico\"><img loading=\"lazy\" decoding=\"async\" width=\"40\" height=\"40\" class=\"td-retina\" src=\"https:\/\/www.tvbuzau.ro\/wp-content\/themes\/Newspaper\/images\/icons\/ico-video-large.png\" alt=\"video\"><\/span><\/a><\/div>\n<p><a href=\"https:\/\/www.tvbuzau.ro\/category\/actualitate\/\" class=\"td-post-category\">Actualitate<\/a><\/div>\n<div class=\"item-details\">\n<h3 class=\"entry-title td-module-title\"><a href=\"https:\/\/www.tvbuzau.ro\/primaria-buzau-ar-putea-beneficia-de-50-000-de-dolari-pentru-tineri\/\" rel=\"bookmark\" title=\"Prim\u0103ria Buz\u0103u ar putea beneficia de 50.000 de dolari, pentru tineri\">Prim\u0103ria Buz\u0103u ar putea beneficia de 50.000 de dolari, pentru tineri<\/a><\/h3>\n<\/div>\n<\/div>\n<\/div>\n<\/div>\n<\/div>\n<\/div>\n<div class=\"comments\" id=\"comments\">\n<div id=\"respond\" class=\"comment-respond\">\n<h3 id=\"reply-title\" class=\"comment-reply-title\">L\u0102SA\u021aI UN MESAJ <small><a rel=\"nofollow\" id=\"cancel-comment-reply-link\" href=\"https:\/\/www.tvbuzau.ro\/centru-de-aport-voluntar-cu-bazin-de-retentie-a-apei\/#respond\">Renun\u021ba\u021bi la r\u0103spuns<\/a><\/small><\/h3>\n<\/div>\n<\/div>\n<\/div>\n<div class=\"td-post-content\">\n<div class=\"td-featured-image-rec\">\n<div class=\"wpb_video_wrapper\">\n                    <iframe loading=\"lazy\" id=\"td_youtube_player\" width=\"600\" height=\"560\" src=\"https:\/\/www.youtube.com\/embed\/6U5b49JI1Gk?enablejsapi=1&amp;feature=oembed&amp;wmode=opaque&amp;vq=hd720\" frameborder allowfullscreen><\/iframe><\/p><\/div>\n<\/div>\n<p>Apa colectat\u0103 va iriga spa\u0163iile verzi din \u00eemprejurimi<br \/>\nPrim\u0103ria Buz\u0103u a recep\u0163ionat recent lucr\u0103rile la ,,Centrul de colectare cu aport volun-tar\u201d, unde cet\u0103\u021benii vor putea aduce  de\u0219euri care nu \u00eencap \u00een pubela de acas\u0103 \u0219i nu pot fi ridicate prin sistemul ,,din poart\u0103 \u00een poart\u0103\u201d, de la mobil\u0103 veche, electrocasnice, textile, anvelope, lemn, de\u0219euri din gr\u0103din\u0103, moloz, vopseluri, p\u00e2n\u0103 la uleiuri, baterii, de\u0219euri periculoase din gospod\u0103rie \u0219i multe altele.<br \/>\nCa noutate, centrul dispune \u015fi de un sistem de colectare a apei de ploaie.<br \/>\nApa de ploaie colectat\u0103, prin intermediul unui sistem, va iriga spa\u0163iile verzi aflate \u00een vecin\u0103tatea centrului.<br \/>\nRolul centrului de colectare, a anun\u0163at administra\u0163ia local\u0103, este s\u0103 devieze de la groapa de gunoi \u0219i de la abandonare, cantit\u0103\u021bi mari de de\u0219euri valorificabile, s\u0103 preg\u0103teasc\u0103 pentru reutilizare \u0219i reciclare materiale aduse de cet\u0103\u021beni \u015fi s\u0103 educe, pentru c\u0103 centrul include \u0219i spa\u021bii de informare \u0219i con\u0219tientizare at\u00e2t pentru adul\u021bi, dar mai ales pentru elevi.  <\/p>\n<div class=\"post-views post-120005 entry-meta\"><span class=\"post-views-label\">Post Views: <\/span><span class=\"post-views-count\">61<\/span><\/div>\n<\/div>\n<p>[analyse_source url=&#8221;https:\/\/www.tvbuzau.ro\/centru-de-aport-voluntar-cu-bazin-de-retentie-a-apei\/&#8221;]<\/p>\n","protected":false},"excerpt":{"rendered":"<p>[analyse_image type=&#8221;featured&#8221; src=&#8221;https:\/\/www.tvbuzau.ro\/wp-content\/uploads\/2026\/08\/sddefault-27.jpghttps:\/\/www.tvbuzau.ro\/wp-content\/uploads\/2026\/08\/sddefault-27.jpg&#8221;] Actualitate Centru de aport voluntar cu bazin de reten\u0163ie a apei De c\u0103tre TV Buz\u0103u &#8211; august 11, 2026 0 3 Distribui\u021bi pe Facebook Distribui\u021bi pe Twitter tweet Apa colectat\u0103 va iriga spa\u0163iile verzi din \u00eemprejurimi Prim\u0103ria Buz\u0103u a recep\u0163ionat recent lucr\u0103rile la ,,Centrul de colectare cu aport volun-tar\u201d, unde cet\u0103\u021benii vor [&hellip;]<\/p>\n","protected":false},"author":1,"featured_media":0,"comment_status":"open","ping_status":"","sticky":false,"template":"","format":"standard","meta":{"footnotes":""},"categories":[2],"tags":[226,116],"class_list":["post-2088888","post","type-post","status-publish","format-standard","hentry","category-politics","tag-crawlmanager","tag-tvbuzau-ro"],"_links":{"self":[{"href":"https:\/\/analyse.optim.biz\/index.php?rest_route=\/wp\/v2\/posts\/2088888","targetHints":{"allow":["GET"]}}],"collection":[{"href":"https:\/\/analyse.optim.biz\/index.php?rest_route=\/wp\/v2\/posts"}],"about":[{"href":"https:\/\/analyse.optim.biz\/index.php?rest_route=\/wp\/v2\/types\/post"}],"author":[{"embeddable":true,"href":"https:\/\/analyse.optim.biz\/index.php?rest_route=\/wp\/v2\/users\/1"}],"replies":[{"embeddable":true,"href":"https:\/\/analyse.optim.biz\/index.php?rest_route=%2Fwp%2Fv2%2Fcomments&post=2088888"}],"version-history":[{"count":0,"href":"https:\/\/analyse.optim.biz\/index.php?rest_route=\/wp\/v2\/posts\/2088888\/revisions"}],"wp:attachment":[{"href":"https:\/\/analyse.optim.biz\/index.php?rest_route=%2Fwp%2Fv2%2Fmedia&parent=2088888"}],"wp:term":[{"taxonomy":"category","embeddable":true,"href":"https:\/\/analyse.optim.biz\/index.php?rest_route=%2Fwp%2Fv2%2Fcategories&post=2088888"},{"taxonomy":"post_tag","embeddable":true,"href":"https:\/\/analyse.optim.biz\/index.php?rest_route=%2Fwp%2Fv2%2Ftags&post=2088888"}],"curies":[{"name":"wp","href":"https:\/\/api.w.org\/{rel}","templated":true}]}}