{"id":2088887,"date":"2026-08-11T19:52:05","date_gmt":"2026-08-11T16:52:05","guid":{"rendered":"https:\/\/analyse.optim.biz\/?p=2088887"},"modified":"2026-08-11T19:52:05","modified_gmt":"2026-08-11T16:52:05","slug":"buzoienii-invitati-sa-priveasca-perseidele-la-naeni","status":"publish","type":"post","link":"https:\/\/analyse.optim.biz\/?p=2088887","title":{"rendered":"Buzoienii invita\u0163i s\u0103 priveasc\u0103 perseidele la N\u0103eni"},"content":{"rendered":"<p>[analyse_image type=&#8221;featured&#8221; src=&#8221;https:\/\/www.tvbuzau.ro\/wp-content\/uploads\/2026\/08\/hqdefault-12.jpghttps:\/\/www.tvbuzau.ro\/wp-content\/uploads\/2026\/08\/hqdefault-12.jpg&#8221;]<\/p>\n<div class=\"td-ss-main-content\">\n<article id=\"post-119999\" class=\"post-119999 post type-post status-publish format-video has-post-thumbnail hentry category-actualitate post_format-post-format-video\">\n<div class=\"td-post-header\">\n<ul class=\"td-category\">\n<li class=\"entry-category\"><a href=\"https:\/\/www.tvbuzau.ro\/category\/actualitate\/\">Actualitate<\/a><\/li>\n<\/ul>\n<header class=\"td-post-title\">\n<h1 class=\"entry-title\">Buzoienii invita\u0163i s\u0103 priveasc\u0103 perseidele la N\u0103eni<\/h1>\n<div class=\"td-module-meta-info\">\n<div class=\"td-post-author-name\">De c\u0103tre <a href=\"https:\/\/www.tvbuzau.ro\/author\/mihai-vasilescu\/\">TV Buz\u0103u<\/a> &#8211; <\/div>\n<p><span class=\"td-post-date\"><time class=\"entry-date updated td-module-date\" datetime=\"2026-08-11T19:52:05+00:00\">august 11, 2026<\/time><\/span><\/p>\n<div class=\"td-post-comments\"><a href=\"https:\/\/www.tvbuzau.ro\/buzoienii-invitati-sa-priveasca-perseidele-la-naeni\/#respond\">0<\/a><\/div>\n<div class=\"td-post-views\"><span class=\"td-nr-views-119999\">1<\/span><\/div>\n<\/div>\n<\/header>\n<\/div>\n<div class=\"td-post-sharing td-post-sharing-top td-with-like\">\n<div class=\"td-default-sharing\"><a class=\"td-social-sharing-buttons td-social-facebook\" href=\"http:\/\/www.facebook.com\/sharer.php?u=https%3A%2F%2Fwww.tvbuzau.ro%2Fbuzoienii-invitati-sa-priveasca-perseidele-la-naeni%2F\"><\/p>\n<div class=\"td-social-but-text\">Distribui\u021bi pe Facebook<\/div>\n<p><\/a><a class=\"td-social-sharing-buttons td-social-twitter\" href=\"https:\/\/twitter.com\/intent\/tweet?text=Buzoienii+invita%C5%A3i+s%C4%83+priveasc%C4%83+perseidele+la+N%C4%83eni&amp;url=https%3A%2F%2Fwww.tvbuzau.ro%2Fbuzoienii-invitati-sa-priveasca-perseidele-la-naeni%2F&amp;via=TV+Buz%C4%83u\"><\/p>\n<div class=\"td-social-but-text\">Distribui\u021bi pe Twitter<\/div>\n<p><\/a><\/div>\n<div class=\"td-classic-sharing\">\n<ul>\n<li class=\"td-classic-facebook\"><iframe frameborder src=\"https:\/\/www.facebook.com\/plugins\/like.php?href=https:\/\/www.tvbuzau.ro\/buzoienii-invitati-sa-priveasca-perseidele-la-naeni\/&amp;layout=button_count&amp;show_faces=false&amp;width=105&amp;action=like&amp;colorscheme=light&amp;height=21\"><\/iframe><\/li>\n<li class=\"td-classic-twitter\"><a href=\"https:\/\/twitter.com\/share\" class=\"twitter-share-button\" data-url=\"https:\/\/www.tvbuzau.ro\/buzoienii-invitati-sa-priveasca-perseidele-la-naeni\/\" data-text=\"Buzoienii invita\u0163i s\u0103 priveasc\u0103 perseidele la N\u0103eni\" data-via data-lang=\"en\">tweet<\/a><\/li>\n<\/ul>\n<\/div>\n<\/div>\n<div class=\"td-post-content\">\n<div class=\"td-featured-image-rec\">\n<div class=\"wpb_video_wrapper\">\n                    <iframe loading=\"lazy\" id=\"td_youtube_player\" width=\"600\" height=\"560\" src=\"https:\/\/www.youtube.com\/embed\/n1-luw6CpTM?enablejsapi=1&amp;feature=oembed&amp;wmode=opaque&amp;vq=hd720\" frameborder allowfullscreen><\/iframe><\/p><\/div>\n<\/div>\n<p>Consiliul Jude\u0163ean Buz\u0103u pune la dispozi\u0163ie transportul<br \/>\nOrganiza\u021bia de management a destina\u021biei, OMD \u0162inutul Buz\u0103ului va organiza miercuri sear\u0103 un eveniment dedicat pasiona\u0163ilor de astronomie. Este vorba despre ploaia de stele. Perseidele vor atinge punctul maxim \u00een noaptea de miercuri, 12 august, spre joi, 13 august 2026. \u00cen aceast\u0103 noapte, frecven\u021ba meteorilor va fi cea mai ridicat\u0103 din an, put\u00e2nd fi observa\u021bi zeci de meteori pe or\u0103. Luna se afl\u0103 \u00eentr-o faz\u0103 favorabil\u0103, lun\u0103 nou\u0103 pe 12 august, asociat\u0103 cu eclipsa total\u0103 de Soare vizibil\u0103 \u00een vestul Europei, ceea ce \u00eenseamn\u0103 c\u0103 cerul va fi perfect \u00eentunecat pentru o vizibilitate maxima.<br \/>\nConsiliul Jude\u0163ean Buz\u0103u va pune la dispozi\u0163ie celor care vor dori s\u0103 asiste la ploaia de stele \u015fi transport, \u00een limita locurilor disponibile.<br \/>\nEvenimentul are at\u00e2t un scop de promovare turistic\u0103, c\u00e2t \u0219i unul educa\u021bional, propun\u00e2nd o modalitate diferit\u0103 de a descoperi Buz\u0103ul \u0219i patrimoniul s\u0103u natural. Participan\u021bii vor fi \u00eenso\u021bi\u021bi de ghizi locali \u0219i vor avea la dispozi\u021bie telescoape, care \u00eei vor ajuta s\u0103 observe cerul \u0219i s\u0103 afle mai multe despre fenomenele astronomice \u0219i despre ploaia de meteori Perseide.<br \/>\nPentru cei care vor s\u0103 se bucure de experien\u021b\u0103, organizatorii recomand\u0103 s\u0103 vin\u0103 preg\u0103ti\u021bi pentru c\u00e2teva ore petrecute noapte \u00een aer liber, cu p\u0103turi sau scaune pliante, \u00eembr\u0103c\u0103minte c\u0103lduroas\u0103 \u0219i lanterne. Plecarea se va face miercuri la ora 20:00, din fa\u021ba Consiliului Jude\u021bean Buz\u0103u \u015fi \u00eentorcerea \u00een jurul orei 01:00.<br \/>\nPerseidele reprezint\u0103 una dintre cele mai cunoscute \u0219i apreciate ploi de meteori ale anului. Fenomenul poate fi observat \u00een fiecare var\u0103, iar perioada maximului de activitate ofer\u0103 condi\u021bii favorabile pentru observarea meteorilor, \u00een special \u00een zonele cu cer \u00eentunecat \u0219i cu poluare luminoas\u0103 redus\u0103. Zona N\u0103eni \u0219i Dealul Istri\u021ba ofer\u0103 un cadru aparte pentru o astfel de experien\u021b\u0103. Peisajele deschise, caracterul natural al zonei \u0219i distan\u021ba fa\u021b\u0103 de marile surse de poluare luminoas\u0103 creeaz\u0103 condi\u021bii potrivite pentru observarea cerului nocturn.<br \/>\nPrin acest eveniment, se propune o nou\u0103 modalitate de a descoperi jude\u021bul Buz\u0103u, printr-o experien\u021b\u0103 care aduce oamenii mai aproape de natur\u0103 \u0219i de patrimoniul s\u0103u cultural \u0219i natural.<br \/>\nTotodat\u0103, ini\u021biativa reprezint\u0103 un prim pas \u00een direc\u021bia valorific\u0103rii astroturismului, un segment turistic care ia amploare la nivel european \u0219i care pune \u00een valoare destina\u021biile cu cer \u00eentunecat, poluare luminoas\u0103 redus\u0103 \u0219i peisaje naturale spectaculoase.<\/p>\n<div class=\"post-views post-119999 entry-meta\"><span class=\"post-views-label\">Post Views: <\/span><span class=\"post-views-count\">61<\/span><\/div>\n<\/div>\n<footer>\n<div class=\"td-post-sharing td-post-sharing-bottom td-with-like\"><span class=\"td-post-share-title\">DISTRIBUI\u021aI<\/span><\/p>\n<div class=\"td-default-sharing\"><a class=\"td-social-sharing-buttons td-social-facebook\" href=\"http:\/\/www.facebook.com\/sharer.php?u=https%3A%2F%2Fwww.tvbuzau.ro%2Fbuzoienii-invitati-sa-priveasca-perseidele-la-naeni%2F\"><\/p>\n<div class=\"td-social-but-text\">Facebook<\/div>\n<p><\/a><a class=\"td-social-sharing-buttons td-social-twitter\" href=\"https:\/\/twitter.com\/intent\/tweet?text=Buzoienii+invita%C5%A3i+s%C4%83+priveasc%C4%83+perseidele+la+N%C4%83eni&amp;url=https%3A%2F%2Fwww.tvbuzau.ro%2Fbuzoienii-invitati-sa-priveasca-perseidele-la-naeni%2F&amp;via=TV+Buz%C4%83u\"><\/p>\n<div class=\"td-social-but-text\">Twitter<\/div>\n<p><\/a><\/div>\n<div class=\"td-classic-sharing\">\n<ul>\n<li class=\"td-classic-facebook\"><iframe frameborder src=\"https:\/\/www.facebook.com\/plugins\/like.php?href=https:\/\/www.tvbuzau.ro\/buzoienii-invitati-sa-priveasca-perseidele-la-naeni\/&amp;layout=button_count&amp;show_faces=false&amp;width=105&amp;action=like&amp;colorscheme=light&amp;height=21\"><\/iframe><\/li>\n<li class=\"td-classic-twitter\"><a href=\"https:\/\/twitter.com\/share\" class=\"twitter-share-button\" data-url=\"https:\/\/www.tvbuzau.ro\/buzoienii-invitati-sa-priveasca-perseidele-la-naeni\/\" data-text=\"Buzoienii invita\u0163i s\u0103 priveasc\u0103 perseidele la N\u0103eni\" data-via data-lang=\"en\">tweet<\/a><\/li>\n<\/ul>\n<\/div>\n<\/div>\n<div class=\"td-author-name vcard author\"><span class=\"fn\"><a href=\"https:\/\/www.tvbuzau.ro\/author\/mihai-vasilescu\/\">TV Buz\u0103u<\/a><\/span><\/div>\n<p><span><\/span><span><span><\/span><\/span><span><\/span><\/footer>\n<\/article>\n<div class=\"td_block_wrap td_block_related_posts td_uid_1_6a7be8c562f8f_rand td_with_ajax_pagination td-pb-border-top\" data-td-block-uid=\"td_uid_1_6a7be8c562f8f\">\n<h4 class=\"td-related-title\"><a id=\"td_uid_2_6a7be8c568550\" class=\"td-related-left td-cur-simple-item\" data-td_filter_value data-td_block_id=\"td_uid_1_6a7be8c562f8f\" href=\"https:\/\/www.tvbuzau.ro\/buzoienii-invitati-sa-priveasca-perseidele-la-naeni\/\">ARTICOLE SIMILARE<\/a><a id=\"td_uid_3_6a7be8c56858a\" class=\"td-related-right\" data-td_filter_value=\"td_related_more_from_author\" data-td_block_id=\"td_uid_1_6a7be8c562f8f\" href=\"https:\/\/www.tvbuzau.ro\/buzoienii-invitati-sa-priveasca-perseidele-la-naeni\/\">DE LA ACELA\u0218I AUTOR<\/a><\/h4>\n<div id=\"td_uid_1_6a7be8c562f8f\" class=\"td_block_inner\">\n<div class=\"td-related-row\">\n<div class=\"td-related-span4\">\n<div class=\"td_module_related_posts td-animation-stack td_mod_related_posts\">\n<div class=\"td-module-image\">\n<div class=\"td-module-thumb\"><a href=\"https:\/\/www.tvbuzau.ro\/centru-de-aport-voluntar-cu-bazin-de-retentie-a-apei\/\" rel=\"bookmark\" title=\"Centru de aport voluntar cu bazin de reten\u0163ie a apei\"><img loading=\"lazy\" decoding=\"async\" width=\"218\" height=\"150\" class=\"entry-thumb\" src=\"https:\/\/www.tvbuzau.ro\/wp-content\/uploads\/2026\/08\/sddefault-27-218x150.jpg\" alt title=\"Centru de aport voluntar cu bazin de reten\u0163ie a apei\"><span class=\"td-video-play-ico\"><img loading=\"lazy\" decoding=\"async\" width=\"40\" height=\"40\" class=\"td-retina\" src=\"https:\/\/www.tvbuzau.ro\/wp-content\/themes\/Newspaper\/images\/icons\/ico-video-large.png\" alt=\"video\"><\/span><\/a><\/div>\n<p><a href=\"https:\/\/www.tvbuzau.ro\/category\/actualitate\/\" class=\"td-post-category\">Actualitate<\/a><\/div>\n<div class=\"item-details\">\n<h3 class=\"entry-title td-module-title\"><a href=\"https:\/\/www.tvbuzau.ro\/centru-de-aport-voluntar-cu-bazin-de-retentie-a-apei\/\" rel=\"bookmark\" title=\"Centru de aport voluntar cu bazin de reten\u0163ie a apei\">Centru de aport voluntar cu bazin de reten\u0163ie a apei<\/a><\/h3>\n<\/div>\n<\/div>\n<\/div>\n<div class=\"td-related-span4\">\n<div class=\"td_module_related_posts td-animation-stack td_mod_related_posts\">\n<div class=\"td-module-image\">\n<div class=\"td-module-thumb\"><a href=\"https:\/\/www.tvbuzau.ro\/va-mai-avea-buzaul-un-poligon-auto\/\" rel=\"bookmark\" title=\"Va mai avea Buz\u0103ul un poligon auto?\"><img loading=\"lazy\" decoding=\"async\" width=\"218\" height=\"150\" class=\"entry-thumb\" src=\"https:\/\/www.tvbuzau.ro\/wp-content\/uploads\/2026\/08\/sddefault-26-218x150.jpg\" alt title=\"Va mai avea Buz\u0103ul un poligon auto?\"><span class=\"td-video-play-ico\"><img loading=\"lazy\" decoding=\"async\" width=\"40\" height=\"40\" class=\"td-retina\" src=\"https:\/\/www.tvbuzau.ro\/wp-content\/themes\/Newspaper\/images\/icons\/ico-video-large.png\" alt=\"video\"><\/span><\/a><\/div>\n<p><a href=\"https:\/\/www.tvbuzau.ro\/category\/actualitate\/\" class=\"td-post-category\">Actualitate<\/a><\/div>\n<div class=\"item-details\">\n<h3 class=\"entry-title td-module-title\"><a href=\"https:\/\/www.tvbuzau.ro\/va-mai-avea-buzaul-un-poligon-auto\/\" rel=\"bookmark\" title=\"Va mai avea Buz\u0103ul un poligon auto?\">Va mai avea Buz\u0103ul un poligon auto?<\/a><\/h3>\n<\/div>\n<\/div>\n<\/div>\n<div class=\"td-related-span4\">\n<div class=\"td_module_related_posts td-animation-stack td_mod_related_posts\">\n<div class=\"td-module-image\">\n<div class=\"td-module-thumb\"><a href=\"https:\/\/www.tvbuzau.ro\/4-ani-de-la-startul-constructie-autostrazii-a7\/\" rel=\"bookmark\" title=\"4 ani de la startul construc\u0163ie Autostr\u0103zii A7\"><img loading=\"lazy\" decoding=\"async\" width=\"218\" height=\"150\" class=\"entry-thumb\" src=\"https:\/\/www.tvbuzau.ro\/wp-content\/uploads\/2026\/08\/sddefault-25-218x150.jpg\" alt title=\"4 ani de la startul construc\u0163ie Autostr\u0103zii A7\"><span class=\"td-video-play-ico\"><img loading=\"lazy\" decoding=\"async\" width=\"40\" height=\"40\" class=\"td-retina\" src=\"https:\/\/www.tvbuzau.ro\/wp-content\/themes\/Newspaper\/images\/icons\/ico-video-large.png\" alt=\"video\"><\/span><\/a><\/div>\n<p><a href=\"https:\/\/www.tvbuzau.ro\/category\/actualitate\/\" class=\"td-post-category\">Actualitate<\/a><\/div>\n<div class=\"item-details\">\n<h3 class=\"entry-title td-module-title\"><a href=\"https:\/\/www.tvbuzau.ro\/4-ani-de-la-startul-constructie-autostrazii-a7\/\" rel=\"bookmark\" title=\"4 ani de la startul construc\u0163ie Autostr\u0103zii A7\">4 ani de la startul construc\u0163ie Autostr\u0103zii A7<\/a><\/h3>\n<\/div>\n<\/div>\n<\/div>\n<\/div>\n<div class=\"td-related-row\">\n<div class=\"td-related-span4\">\n<div class=\"td_module_related_posts td-animation-stack td_mod_related_posts\">\n<div class=\"td-module-image\">\n<div class=\"td-module-thumb\"><a href=\"https:\/\/www.tvbuzau.ro\/buzaul-ar-putea-avea-o-academie-de-fotbal\/\" rel=\"bookmark\" title=\"Buz\u0103ul ar putea avea o academie de fotbal\"><img loading=\"lazy\" decoding=\"async\" width=\"218\" height=\"150\" class=\"entry-thumb\" src=\"https:\/\/www.tvbuzau.ro\/wp-content\/uploads\/2026\/08\/hqdefault-11-218x150.jpg\" alt title=\"Buz\u0103ul ar putea avea o academie de fotbal\"><span class=\"td-video-play-ico\"><img loading=\"lazy\" decoding=\"async\" width=\"40\" height=\"40\" class=\"td-retina\" src=\"https:\/\/www.tvbuzau.ro\/wp-content\/themes\/Newspaper\/images\/icons\/ico-video-large.png\" alt=\"video\"><\/span><\/a><\/div>\n<p><a href=\"https:\/\/www.tvbuzau.ro\/category\/actualitate\/\" class=\"td-post-category\">Actualitate<\/a><\/div>\n<div class=\"item-details\">\n<h3 class=\"entry-title td-module-title\"><a href=\"https:\/\/www.tvbuzau.ro\/buzaul-ar-putea-avea-o-academie-de-fotbal\/\" rel=\"bookmark\" title=\"Buz\u0103ul ar putea avea o academie de fotbal\">Buz\u0103ul ar putea avea o academie de fotbal<\/a><\/h3>\n<\/div>\n<\/div>\n<\/div>\n<div class=\"td-related-span4\">\n<div class=\"td_module_related_posts td-animation-stack td_mod_related_posts\">\n<div class=\"td-module-image\">\n<div class=\"td-module-thumb\"><a href=\"https:\/\/www.tvbuzau.ro\/orbitalul-si-spitalul-municipal-proiecte-puse-pe-asteptare\/\" rel=\"bookmark\" title=\"Orbitalul \u015fi spitalul municipal, proiecte puse pe a\u015fteptare\"><img loading=\"lazy\" decoding=\"async\" width=\"218\" height=\"150\" class=\"entry-thumb\" src=\"https:\/\/www.tvbuzau.ro\/wp-content\/uploads\/2026\/08\/sddefault-23-218x150.jpg\" alt title=\"Orbitalul \u015fi spitalul municipal, proiecte puse pe a\u015fteptare\"><span class=\"td-video-play-ico\"><img loading=\"lazy\" decoding=\"async\" width=\"40\" height=\"40\" class=\"td-retina\" src=\"https:\/\/www.tvbuzau.ro\/wp-content\/themes\/Newspaper\/images\/icons\/ico-video-large.png\" alt=\"video\"><\/span><\/a><\/div>\n<p><a href=\"https:\/\/www.tvbuzau.ro\/category\/actualitate\/\" class=\"td-post-category\">Actualitate<\/a><\/div>\n<div class=\"item-details\">\n<h3 class=\"entry-title td-module-title\"><a href=\"https:\/\/www.tvbuzau.ro\/orbitalul-si-spitalul-municipal-proiecte-puse-pe-asteptare\/\" rel=\"bookmark\" title=\"Orbitalul \u015fi spitalul municipal, proiecte puse pe a\u015fteptare\">Orbitalul \u015fi spitalul municipal, proiecte puse pe a\u015fteptare<\/a><\/h3>\n<\/div>\n<\/div>\n<\/div>\n<div class=\"td-related-span4\">\n<div class=\"td_module_related_posts td-animation-stack td_mod_related_posts\">\n<div class=\"td-module-image\">\n<div class=\"td-module-thumb\"><a href=\"https:\/\/www.tvbuzau.ro\/primaria-buzau-ar-putea-beneficia-de-50-000-de-dolari-pentru-tineri\/\" rel=\"bookmark\" title=\"Prim\u0103ria Buz\u0103u ar putea beneficia de 50.000 de dolari, pentru tineri\"><img loading=\"lazy\" decoding=\"async\" width=\"218\" height=\"150\" class=\"entry-thumb\" src=\"https:\/\/www.tvbuzau.ro\/wp-content\/uploads\/2026\/08\/sddefault-22-218x150.jpg\" alt title=\"Prim\u0103ria Buz\u0103u ar putea beneficia de 50.000 de dolari, pentru tineri\"><span class=\"td-video-play-ico\"><img loading=\"lazy\" decoding=\"async\" width=\"40\" height=\"40\" class=\"td-retina\" src=\"https:\/\/www.tvbuzau.ro\/wp-content\/themes\/Newspaper\/images\/icons\/ico-video-large.png\" alt=\"video\"><\/span><\/a><\/div>\n<p><a href=\"https:\/\/www.tvbuzau.ro\/category\/actualitate\/\" class=\"td-post-category\">Actualitate<\/a><\/div>\n<div class=\"item-details\">\n<h3 class=\"entry-title td-module-title\"><a href=\"https:\/\/www.tvbuzau.ro\/primaria-buzau-ar-putea-beneficia-de-50-000-de-dolari-pentru-tineri\/\" rel=\"bookmark\" title=\"Prim\u0103ria Buz\u0103u ar putea beneficia de 50.000 de dolari, pentru tineri\">Prim\u0103ria Buz\u0103u ar putea beneficia de 50.000 de dolari, pentru tineri<\/a><\/h3>\n<\/div>\n<\/div>\n<\/div>\n<\/div>\n<\/div>\n<\/div>\n<div class=\"comments\" id=\"comments\">\n<div id=\"respond\" class=\"comment-respond\">\n<h3 id=\"reply-title\" class=\"comment-reply-title\">L\u0102SA\u021aI UN MESAJ <small><a rel=\"nofollow\" id=\"cancel-comment-reply-link\" href=\"https:\/\/www.tvbuzau.ro\/buzoienii-invitati-sa-priveasca-perseidele-la-naeni\/#respond\">Renun\u021ba\u021bi la r\u0103spuns<\/a><\/small><\/h3>\n<\/div>\n<\/div>\n<\/div>\n<div class=\"td-post-content\">\n<div class=\"td-featured-image-rec\">\n<div class=\"wpb_video_wrapper\">\n                    <iframe loading=\"lazy\" id=\"td_youtube_player\" width=\"600\" height=\"560\" src=\"https:\/\/www.youtube.com\/embed\/n1-luw6CpTM?enablejsapi=1&amp;feature=oembed&amp;wmode=opaque&amp;vq=hd720\" frameborder allowfullscreen><\/iframe><\/p><\/div>\n<\/div>\n<p>Consiliul Jude\u0163ean Buz\u0103u pune la dispozi\u0163ie transportul<br \/>\nOrganiza\u021bia de management a destina\u021biei, OMD \u0162inutul Buz\u0103ului va organiza miercuri sear\u0103 un eveniment dedicat pasiona\u0163ilor de astronomie. Este vorba despre ploaia de stele. Perseidele vor atinge punctul maxim \u00een noaptea de miercuri, 12 august, spre joi, 13 august 2026. \u00cen aceast\u0103 noapte, frecven\u021ba meteorilor va fi cea mai ridicat\u0103 din an, put\u00e2nd fi observa\u021bi zeci de meteori pe or\u0103. Luna se afl\u0103 \u00eentr-o faz\u0103 favorabil\u0103, lun\u0103 nou\u0103 pe 12 august, asociat\u0103 cu eclipsa total\u0103 de Soare vizibil\u0103 \u00een vestul Europei, ceea ce \u00eenseamn\u0103 c\u0103 cerul va fi perfect \u00eentunecat pentru o vizibilitate maxima.<br \/>\nConsiliul Jude\u0163ean Buz\u0103u va pune la dispozi\u0163ie celor care vor dori s\u0103 asiste la ploaia de stele \u015fi transport, \u00een limita locurilor disponibile.<br \/>\nEvenimentul are at\u00e2t un scop de promovare turistic\u0103, c\u00e2t \u0219i unul educa\u021bional, propun\u00e2nd o modalitate diferit\u0103 de a descoperi Buz\u0103ul \u0219i patrimoniul s\u0103u natural. Participan\u021bii vor fi \u00eenso\u021bi\u021bi de ghizi locali \u0219i vor avea la dispozi\u021bie telescoape, care \u00eei vor ajuta s\u0103 observe cerul \u0219i s\u0103 afle mai multe despre fenomenele astronomice \u0219i despre ploaia de meteori Perseide.<br \/>\nPentru cei care vor s\u0103 se bucure de experien\u021b\u0103, organizatorii recomand\u0103 s\u0103 vin\u0103 preg\u0103ti\u021bi pentru c\u00e2teva ore petrecute noapte \u00een aer liber, cu p\u0103turi sau scaune pliante, \u00eembr\u0103c\u0103minte c\u0103lduroas\u0103 \u0219i lanterne. Plecarea se va face miercuri la ora 20:00, din fa\u021ba Consiliului Jude\u021bean Buz\u0103u \u015fi \u00eentorcerea \u00een jurul orei 01:00.<br \/>\nPerseidele reprezint\u0103 una dintre cele mai cunoscute \u0219i apreciate ploi de meteori ale anului. Fenomenul poate fi observat \u00een fiecare var\u0103, iar perioada maximului de activitate ofer\u0103 condi\u021bii favorabile pentru observarea meteorilor, \u00een special \u00een zonele cu cer \u00eentunecat \u0219i cu poluare luminoas\u0103 redus\u0103. Zona N\u0103eni \u0219i Dealul Istri\u021ba ofer\u0103 un cadru aparte pentru o astfel de experien\u021b\u0103. Peisajele deschise, caracterul natural al zonei \u0219i distan\u021ba fa\u021b\u0103 de marile surse de poluare luminoas\u0103 creeaz\u0103 condi\u021bii potrivite pentru observarea cerului nocturn.<br \/>\nPrin acest eveniment, se propune o nou\u0103 modalitate de a descoperi jude\u021bul Buz\u0103u, printr-o experien\u021b\u0103 care aduce oamenii mai aproape de natur\u0103 \u0219i de patrimoniul s\u0103u cultural \u0219i natural.<br \/>\nTotodat\u0103, ini\u021biativa reprezint\u0103 un prim pas \u00een direc\u021bia valorific\u0103rii astroturismului, un segment turistic care ia amploare la nivel european \u0219i care pune \u00een valoare destina\u021biile cu cer \u00eentunecat, poluare luminoas\u0103 redus\u0103 \u0219i peisaje naturale spectaculoase.<\/p>\n<div class=\"post-views post-119999 entry-meta\"><span class=\"post-views-label\">Post Views: <\/span><span class=\"post-views-count\">61<\/span><\/div>\n<\/div>\n<p>[analyse_source url=&#8221;https:\/\/www.tvbuzau.ro\/buzoienii-invitati-sa-priveasca-perseidele-la-naeni\/&#8221;]<\/p>\n","protected":false},"excerpt":{"rendered":"<p>[analyse_image type=&#8221;featured&#8221; src=&#8221;https:\/\/www.tvbuzau.ro\/wp-content\/uploads\/2026\/08\/hqdefault-12.jpghttps:\/\/www.tvbuzau.ro\/wp-content\/uploads\/2026\/08\/hqdefault-12.jpg&#8221;] Actualitate Buzoienii invita\u0163i s\u0103 priveasc\u0103 perseidele la N\u0103eni De c\u0103tre TV Buz\u0103u &#8211; august 11, 2026 0 1 Distribui\u021bi pe Facebook Distribui\u021bi pe Twitter tweet Consiliul Jude\u0163ean Buz\u0103u pune la dispozi\u0163ie transportul Organiza\u021bia de management a destina\u021biei, OMD \u0162inutul Buz\u0103ului va organiza miercuri sear\u0103 un eveniment dedicat pasiona\u0163ilor de astronomie. Este vorba [&hellip;]<\/p>\n","protected":false},"author":1,"featured_media":0,"comment_status":"open","ping_status":"","sticky":false,"template":"","format":"standard","meta":{"footnotes":""},"categories":[2],"tags":[226,116],"class_list":["post-2088887","post","type-post","status-publish","format-standard","hentry","category-politics","tag-crawlmanager","tag-tvbuzau-ro"],"_links":{"self":[{"href":"https:\/\/analyse.optim.biz\/index.php?rest_route=\/wp\/v2\/posts\/2088887","targetHints":{"allow":["GET"]}}],"collection":[{"href":"https:\/\/analyse.optim.biz\/index.php?rest_route=\/wp\/v2\/posts"}],"about":[{"href":"https:\/\/analyse.optim.biz\/index.php?rest_route=\/wp\/v2\/types\/post"}],"author":[{"embeddable":true,"href":"https:\/\/analyse.optim.biz\/index.php?rest_route=\/wp\/v2\/users\/1"}],"replies":[{"embeddable":true,"href":"https:\/\/analyse.optim.biz\/index.php?rest_route=%2Fwp%2Fv2%2Fcomments&post=2088887"}],"version-history":[{"count":0,"href":"https:\/\/analyse.optim.biz\/index.php?rest_route=\/wp\/v2\/posts\/2088887\/revisions"}],"wp:attachment":[{"href":"https:\/\/analyse.optim.biz\/index.php?rest_route=%2Fwp%2Fv2%2Fmedia&parent=2088887"}],"wp:term":[{"taxonomy":"category","embeddable":true,"href":"https:\/\/analyse.optim.biz\/index.php?rest_route=%2Fwp%2Fv2%2Fcategories&post=2088887"},{"taxonomy":"post_tag","embeddable":true,"href":"https:\/\/analyse.optim.biz\/index.php?rest_route=%2Fwp%2Fv2%2Ftags&post=2088887"}],"curies":[{"name":"wp","href":"https:\/\/api.w.org\/{rel}","templated":true}]}}