{"id":2088886,"date":"2026-08-11T19:50:54","date_gmt":"2026-08-11T16:50:54","guid":{"rendered":"https:\/\/analyse.optim.biz\/?p=2088886"},"modified":"2026-08-11T19:50:54","modified_gmt":"2026-08-11T16:50:54","slug":"4-ani-de-la-startul-constructie-autostrazii-a7","status":"publish","type":"post","link":"https:\/\/analyse.optim.biz\/?p=2088886","title":{"rendered":"4 ani de la startul construc\u0163ie Autostr\u0103zii A7"},"content":{"rendered":"<p>[analyse_image type=&#8221;featured&#8221; src=&#8221;https:\/\/www.tvbuzau.ro\/wp-content\/uploads\/2026\/08\/sddefault-25.jpghttps:\/\/www.tvbuzau.ro\/wp-content\/uploads\/2026\/08\/sddefault-25.jpg&#8221;]<\/p>\n<div class=\"td-ss-main-content\">\n<article id=\"post-119996\" class=\"post-119996 post type-post status-publish format-video has-post-thumbnail hentry category-actualitate post_format-post-format-video\">\n<div class=\"td-post-header\">\n<ul class=\"td-category\">\n<li class=\"entry-category\"><a href=\"https:\/\/www.tvbuzau.ro\/category\/actualitate\/\">Actualitate<\/a><\/li>\n<\/ul>\n<header class=\"td-post-title\">\n<h1 class=\"entry-title\">4 ani de la startul construc\u0163ie Autostr\u0103zii A7<\/h1>\n<div class=\"td-module-meta-info\">\n<div class=\"td-post-author-name\">De c\u0103tre <a href=\"https:\/\/www.tvbuzau.ro\/author\/mihai-vasilescu\/\">TV Buz\u0103u<\/a> &#8211; <\/div>\n<p><span class=\"td-post-date\"><time class=\"entry-date updated td-module-date\" datetime=\"2026-08-11T19:50:54+00:00\">august 11, 2026<\/time><\/span><\/p>\n<div class=\"td-post-comments\"><a href=\"https:\/\/www.tvbuzau.ro\/4-ani-de-la-startul-constructie-autostrazii-a7\/#respond\">0<\/a><\/div>\n<div class=\"td-post-views\"><span class=\"td-nr-views-119996\">3<\/span><\/div>\n<\/div>\n<\/header>\n<\/div>\n<div class=\"td-post-sharing td-post-sharing-top td-with-like\">\n<div class=\"td-default-sharing\"><a class=\"td-social-sharing-buttons td-social-facebook\" href=\"http:\/\/www.facebook.com\/sharer.php?u=https%3A%2F%2Fwww.tvbuzau.ro%2F4-ani-de-la-startul-constructie-autostrazii-a7%2F\"><\/p>\n<div class=\"td-social-but-text\">Distribui\u021bi pe Facebook<\/div>\n<p><\/a><a class=\"td-social-sharing-buttons td-social-twitter\" href=\"https:\/\/twitter.com\/intent\/tweet?text=4+ani+de+la+startul+construc%C5%A3ie+Autostr%C4%83zii+A7&amp;url=https%3A%2F%2Fwww.tvbuzau.ro%2F4-ani-de-la-startul-constructie-autostrazii-a7%2F&amp;via=TV+Buz%C4%83u\"><\/p>\n<div class=\"td-social-but-text\">Distribui\u021bi pe Twitter<\/div>\n<p><\/a><\/div>\n<div class=\"td-classic-sharing\">\n<ul>\n<li class=\"td-classic-facebook\"><iframe frameborder src=\"https:\/\/www.facebook.com\/plugins\/like.php?href=https:\/\/www.tvbuzau.ro\/4-ani-de-la-startul-constructie-autostrazii-a7\/&amp;layout=button_count&amp;show_faces=false&amp;width=105&amp;action=like&amp;colorscheme=light&amp;height=21\"><\/iframe><\/li>\n<li class=\"td-classic-twitter\"><a href=\"https:\/\/twitter.com\/share\" class=\"twitter-share-button\" data-url=\"https:\/\/www.tvbuzau.ro\/4-ani-de-la-startul-constructie-autostrazii-a7\/\" data-text=\"4 ani de la startul construc\u0163ie Autostr\u0103zii A7\" data-via data-lang=\"en\">tweet<\/a><\/li>\n<\/ul>\n<\/div>\n<\/div>\n<div class=\"td-post-content\">\n<div class=\"td-featured-image-rec\">\n<div class=\"wpb_video_wrapper\">\n                    <iframe loading=\"lazy\" id=\"td_youtube_player\" width=\"600\" height=\"560\" src=\"https:\/\/www.youtube.com\/embed\/ay3K--bFfTg?enablejsapi=1&amp;feature=oembed&amp;wmode=opaque&amp;vq=hd720\" frameborder allowfullscreen><\/iframe><\/p><\/div>\n<\/div>\n<p>Despre nodul rutier Sp\u0103taru (DN2\/E85 \u2013 A7)<br \/>\nDirec\u0163ia de Drumuri \u015fi Poduri Buz\u0103u continu\u0103 seria clipurilor dedicate \u00eemplinirii a 4 ani de la emiterea ordinului de \u00eencepere a lucr\u0103rilor pentru Autostrada Moldovei, cu tronsonul Ploie\u0219ti-Buz\u0103u.  Folosind imagini de arhiv\u0103 \u0219i instrumente de inteligen\u021b\u0103 artificial\u0103, DRDP Buz\u0103u a reconstruit povestea unor puncte-cheie  \u0219i evolu\u021bia lor de la stadiul de terenuri arabile la o infrastructur\u0103 rutier\u0103 modern\u0103, cum ar fi  nodul rutier Sp\u0103taru (DN2\/E85 \u2013 A7).<\/p>\n<p>\u201cNodul rutier Sp\u0103taru reprezint\u0103 unul dintre cele mai importante puncte de conexiune ale A7, realiz\u00e2nd leg\u0103tura direct\u0103 cu DN2\/E85 \u0219i facilit\u00e2nd accesul rapid c\u0103tre \u0219i dinspre regiunea Moldovei. Amenajat pe o suprafa\u021b\u0103 de aproximativ 17 hectare, nodul rutier are un rol esen\u021bial \u00een preluarea \u0219i distribuirea traficului, contribuind la reducerea aglomera\u021biei \u0219i la fluidizarea circula\u021biei pe unul dintre cele mai importante coridoare rutiere din Rom\u00e2nia\u201d, a anun\u0163at DRDP Buz\u0103u.<\/p>\n<p>\u00cen aceea\u0219i zon\u0103 este amplasat \u0219i Centrul de \u00centre\u021binere \u0219i Coordonare , care g\u0103zduie\u0219te hub-ul opera\u021bional al Autostr\u0103zii Moldovei.<br \/>\nDe aici vor fi monitorizate, \u00een timp real, condi\u021biile de trafic prin intermediul camerelor video, senzorilor \u0219i panourilor cu mesaje variabile instalate de-a lungul autostr\u0103zii, asigur\u00e2nd o gestionare eficient\u0103 \u0219i o interven\u021bie rapid\u0103 atunci c\u00e2nd este necesar, mai spun speciali\u015ftii.<\/p>\n<div class=\"post-views post-119996 entry-meta\"><span class=\"post-views-label\">Post Views: <\/span><span class=\"post-views-count\">65<\/span><\/div>\n<\/div>\n<footer>\n<div class=\"td-post-sharing td-post-sharing-bottom td-with-like\"><span class=\"td-post-share-title\">DISTRIBUI\u021aI<\/span><\/p>\n<div class=\"td-default-sharing\"><a class=\"td-social-sharing-buttons td-social-facebook\" href=\"http:\/\/www.facebook.com\/sharer.php?u=https%3A%2F%2Fwww.tvbuzau.ro%2F4-ani-de-la-startul-constructie-autostrazii-a7%2F\"><\/p>\n<div class=\"td-social-but-text\">Facebook<\/div>\n<p><\/a><a class=\"td-social-sharing-buttons td-social-twitter\" href=\"https:\/\/twitter.com\/intent\/tweet?text=4+ani+de+la+startul+construc%C5%A3ie+Autostr%C4%83zii+A7&amp;url=https%3A%2F%2Fwww.tvbuzau.ro%2F4-ani-de-la-startul-constructie-autostrazii-a7%2F&amp;via=TV+Buz%C4%83u\"><\/p>\n<div class=\"td-social-but-text\">Twitter<\/div>\n<p><\/a><\/div>\n<div class=\"td-classic-sharing\">\n<ul>\n<li class=\"td-classic-facebook\"><iframe frameborder src=\"https:\/\/www.facebook.com\/plugins\/like.php?href=https:\/\/www.tvbuzau.ro\/4-ani-de-la-startul-constructie-autostrazii-a7\/&amp;layout=button_count&amp;show_faces=false&amp;width=105&amp;action=like&amp;colorscheme=light&amp;height=21\"><\/iframe><\/li>\n<li class=\"td-classic-twitter\"><a href=\"https:\/\/twitter.com\/share\" class=\"twitter-share-button\" data-url=\"https:\/\/www.tvbuzau.ro\/4-ani-de-la-startul-constructie-autostrazii-a7\/\" data-text=\"4 ani de la startul construc\u0163ie Autostr\u0103zii A7\" data-via data-lang=\"en\">tweet<\/a><\/li>\n<\/ul>\n<\/div>\n<\/div>\n<div class=\"td-author-name vcard author\"><span class=\"fn\"><a href=\"https:\/\/www.tvbuzau.ro\/author\/mihai-vasilescu\/\">TV Buz\u0103u<\/a><\/span><\/div>\n<p><span><\/span><span><span><\/span><\/span><span><\/span><\/footer>\n<\/article>\n<div class=\"td_block_wrap td_block_related_posts td_uid_1_6a7be882b3578_rand td_with_ajax_pagination td-pb-border-top\" data-td-block-uid=\"td_uid_1_6a7be882b3578\">\n<h4 class=\"td-related-title\"><a id=\"td_uid_2_6a7be882b9403\" class=\"td-related-left td-cur-simple-item\" data-td_filter_value data-td_block_id=\"td_uid_1_6a7be882b3578\" href=\"https:\/\/www.tvbuzau.ro\/4-ani-de-la-startul-constructie-autostrazii-a7\/\">ARTICOLE SIMILARE<\/a><a id=\"td_uid_3_6a7be882b943d\" class=\"td-related-right\" data-td_filter_value=\"td_related_more_from_author\" data-td_block_id=\"td_uid_1_6a7be882b3578\" href=\"https:\/\/www.tvbuzau.ro\/4-ani-de-la-startul-constructie-autostrazii-a7\/\">DE LA ACELA\u0218I AUTOR<\/a><\/h4>\n<div id=\"td_uid_1_6a7be882b3578\" class=\"td_block_inner\">\n<div class=\"td-related-row\">\n<div class=\"td-related-span4\">\n<div class=\"td_module_related_posts td-animation-stack td_mod_related_posts\">\n<div class=\"td-module-image\">\n<div class=\"td-module-thumb\"><a href=\"https:\/\/www.tvbuzau.ro\/centru-de-aport-voluntar-cu-bazin-de-retentie-a-apei\/\" rel=\"bookmark\" title=\"Centru de aport voluntar cu bazin de reten\u0163ie a apei\"><img loading=\"lazy\" decoding=\"async\" width=\"218\" height=\"150\" class=\"entry-thumb\" src=\"https:\/\/www.tvbuzau.ro\/wp-content\/uploads\/2026\/08\/sddefault-27-218x150.jpg\" alt title=\"Centru de aport voluntar cu bazin de reten\u0163ie a apei\"><span class=\"td-video-play-ico\"><img loading=\"lazy\" decoding=\"async\" width=\"40\" height=\"40\" class=\"td-retina\" src=\"https:\/\/www.tvbuzau.ro\/wp-content\/themes\/Newspaper\/images\/icons\/ico-video-large.png\" alt=\"video\"><\/span><\/a><\/div>\n<p><a href=\"https:\/\/www.tvbuzau.ro\/category\/actualitate\/\" class=\"td-post-category\">Actualitate<\/a><\/div>\n<div class=\"item-details\">\n<h3 class=\"entry-title td-module-title\"><a href=\"https:\/\/www.tvbuzau.ro\/centru-de-aport-voluntar-cu-bazin-de-retentie-a-apei\/\" rel=\"bookmark\" title=\"Centru de aport voluntar cu bazin de reten\u0163ie a apei\">Centru de aport voluntar cu bazin de reten\u0163ie a apei<\/a><\/h3>\n<\/div>\n<\/div>\n<\/div>\n<div class=\"td-related-span4\">\n<div class=\"td_module_related_posts td-animation-stack td_mod_related_posts\">\n<div class=\"td-module-image\">\n<div class=\"td-module-thumb\"><a href=\"https:\/\/www.tvbuzau.ro\/va-mai-avea-buzaul-un-poligon-auto\/\" rel=\"bookmark\" title=\"Va mai avea Buz\u0103ul un poligon auto?\"><img loading=\"lazy\" decoding=\"async\" width=\"218\" height=\"150\" class=\"entry-thumb\" src=\"https:\/\/www.tvbuzau.ro\/wp-content\/uploads\/2026\/08\/sddefault-26-218x150.jpg\" alt title=\"Va mai avea Buz\u0103ul un poligon auto?\"><span class=\"td-video-play-ico\"><img loading=\"lazy\" decoding=\"async\" width=\"40\" height=\"40\" class=\"td-retina\" src=\"https:\/\/www.tvbuzau.ro\/wp-content\/themes\/Newspaper\/images\/icons\/ico-video-large.png\" alt=\"video\"><\/span><\/a><\/div>\n<p><a href=\"https:\/\/www.tvbuzau.ro\/category\/actualitate\/\" class=\"td-post-category\">Actualitate<\/a><\/div>\n<div class=\"item-details\">\n<h3 class=\"entry-title td-module-title\"><a href=\"https:\/\/www.tvbuzau.ro\/va-mai-avea-buzaul-un-poligon-auto\/\" rel=\"bookmark\" title=\"Va mai avea Buz\u0103ul un poligon auto?\">Va mai avea Buz\u0103ul un poligon auto?<\/a><\/h3>\n<\/div>\n<\/div>\n<\/div>\n<div class=\"td-related-span4\">\n<div class=\"td_module_related_posts td-animation-stack td_mod_related_posts\">\n<div class=\"td-module-image\">\n<div class=\"td-module-thumb\"><a href=\"https:\/\/www.tvbuzau.ro\/buzoienii-invitati-sa-priveasca-perseidele-la-naeni\/\" rel=\"bookmark\" title=\"Buzoienii invita\u0163i s\u0103 priveasc\u0103 perseidele la N\u0103eni\"><img loading=\"lazy\" decoding=\"async\" width=\"218\" height=\"150\" class=\"entry-thumb\" src=\"https:\/\/www.tvbuzau.ro\/wp-content\/uploads\/2026\/08\/hqdefault-12-218x150.jpg\" alt title=\"Buzoienii invita\u0163i s\u0103 priveasc\u0103 perseidele la N\u0103eni\"><span class=\"td-video-play-ico\"><img loading=\"lazy\" decoding=\"async\" width=\"40\" height=\"40\" class=\"td-retina\" src=\"https:\/\/www.tvbuzau.ro\/wp-content\/themes\/Newspaper\/images\/icons\/ico-video-large.png\" alt=\"video\"><\/span><\/a><\/div>\n<p><a href=\"https:\/\/www.tvbuzau.ro\/category\/actualitate\/\" class=\"td-post-category\">Actualitate<\/a><\/div>\n<div class=\"item-details\">\n<h3 class=\"entry-title td-module-title\"><a href=\"https:\/\/www.tvbuzau.ro\/buzoienii-invitati-sa-priveasca-perseidele-la-naeni\/\" rel=\"bookmark\" title=\"Buzoienii invita\u0163i s\u0103 priveasc\u0103 perseidele la N\u0103eni\">Buzoienii invita\u0163i s\u0103 priveasc\u0103 perseidele la N\u0103eni<\/a><\/h3>\n<\/div>\n<\/div>\n<\/div>\n<\/div>\n<div class=\"td-related-row\">\n<div class=\"td-related-span4\">\n<div class=\"td_module_related_posts td-animation-stack td_mod_related_posts\">\n<div class=\"td-module-image\">\n<div class=\"td-module-thumb\"><a href=\"https:\/\/www.tvbuzau.ro\/buzaul-ar-putea-avea-o-academie-de-fotbal\/\" rel=\"bookmark\" title=\"Buz\u0103ul ar putea avea o academie de fotbal\"><img loading=\"lazy\" decoding=\"async\" width=\"218\" height=\"150\" class=\"entry-thumb\" src=\"https:\/\/www.tvbuzau.ro\/wp-content\/uploads\/2026\/08\/hqdefault-11-218x150.jpg\" alt title=\"Buz\u0103ul ar putea avea o academie de fotbal\"><span class=\"td-video-play-ico\"><img loading=\"lazy\" decoding=\"async\" width=\"40\" height=\"40\" class=\"td-retina\" src=\"https:\/\/www.tvbuzau.ro\/wp-content\/themes\/Newspaper\/images\/icons\/ico-video-large.png\" alt=\"video\"><\/span><\/a><\/div>\n<p><a href=\"https:\/\/www.tvbuzau.ro\/category\/actualitate\/\" class=\"td-post-category\">Actualitate<\/a><\/div>\n<div class=\"item-details\">\n<h3 class=\"entry-title td-module-title\"><a href=\"https:\/\/www.tvbuzau.ro\/buzaul-ar-putea-avea-o-academie-de-fotbal\/\" rel=\"bookmark\" title=\"Buz\u0103ul ar putea avea o academie de fotbal\">Buz\u0103ul ar putea avea o academie de fotbal<\/a><\/h3>\n<\/div>\n<\/div>\n<\/div>\n<div class=\"td-related-span4\">\n<div class=\"td_module_related_posts td-animation-stack td_mod_related_posts\">\n<div class=\"td-module-image\">\n<div class=\"td-module-thumb\"><a href=\"https:\/\/www.tvbuzau.ro\/orbitalul-si-spitalul-municipal-proiecte-puse-pe-asteptare\/\" rel=\"bookmark\" title=\"Orbitalul \u015fi spitalul municipal, proiecte puse pe a\u015fteptare\"><img loading=\"lazy\" decoding=\"async\" width=\"218\" height=\"150\" class=\"entry-thumb\" src=\"https:\/\/www.tvbuzau.ro\/wp-content\/uploads\/2026\/08\/sddefault-23-218x150.jpg\" alt title=\"Orbitalul \u015fi spitalul municipal, proiecte puse pe a\u015fteptare\"><span class=\"td-video-play-ico\"><img loading=\"lazy\" decoding=\"async\" width=\"40\" height=\"40\" class=\"td-retina\" src=\"https:\/\/www.tvbuzau.ro\/wp-content\/themes\/Newspaper\/images\/icons\/ico-video-large.png\" alt=\"video\"><\/span><\/a><\/div>\n<p><a href=\"https:\/\/www.tvbuzau.ro\/category\/actualitate\/\" class=\"td-post-category\">Actualitate<\/a><\/div>\n<div class=\"item-details\">\n<h3 class=\"entry-title td-module-title\"><a href=\"https:\/\/www.tvbuzau.ro\/orbitalul-si-spitalul-municipal-proiecte-puse-pe-asteptare\/\" rel=\"bookmark\" title=\"Orbitalul \u015fi spitalul municipal, proiecte puse pe a\u015fteptare\">Orbitalul \u015fi spitalul municipal, proiecte puse pe a\u015fteptare<\/a><\/h3>\n<\/div>\n<\/div>\n<\/div>\n<div class=\"td-related-span4\">\n<div class=\"td_module_related_posts td-animation-stack td_mod_related_posts\">\n<div class=\"td-module-image\">\n<div class=\"td-module-thumb\"><a href=\"https:\/\/www.tvbuzau.ro\/primaria-buzau-ar-putea-beneficia-de-50-000-de-dolari-pentru-tineri\/\" rel=\"bookmark\" title=\"Prim\u0103ria Buz\u0103u ar putea beneficia de 50.000 de dolari, pentru tineri\"><img loading=\"lazy\" decoding=\"async\" width=\"218\" height=\"150\" class=\"entry-thumb\" src=\"https:\/\/www.tvbuzau.ro\/wp-content\/uploads\/2026\/08\/sddefault-22-218x150.jpg\" alt title=\"Prim\u0103ria Buz\u0103u ar putea beneficia de 50.000 de dolari, pentru tineri\"><span class=\"td-video-play-ico\"><img loading=\"lazy\" decoding=\"async\" width=\"40\" height=\"40\" class=\"td-retina\" src=\"https:\/\/www.tvbuzau.ro\/wp-content\/themes\/Newspaper\/images\/icons\/ico-video-large.png\" alt=\"video\"><\/span><\/a><\/div>\n<p><a href=\"https:\/\/www.tvbuzau.ro\/category\/actualitate\/\" class=\"td-post-category\">Actualitate<\/a><\/div>\n<div class=\"item-details\">\n<h3 class=\"entry-title td-module-title\"><a href=\"https:\/\/www.tvbuzau.ro\/primaria-buzau-ar-putea-beneficia-de-50-000-de-dolari-pentru-tineri\/\" rel=\"bookmark\" title=\"Prim\u0103ria Buz\u0103u ar putea beneficia de 50.000 de dolari, pentru tineri\">Prim\u0103ria Buz\u0103u ar putea beneficia de 50.000 de dolari, pentru tineri<\/a><\/h3>\n<\/div>\n<\/div>\n<\/div>\n<\/div>\n<\/div>\n<\/div>\n<div class=\"comments\" id=\"comments\">\n<div id=\"respond\" class=\"comment-respond\">\n<h3 id=\"reply-title\" class=\"comment-reply-title\">L\u0102SA\u021aI UN MESAJ <small><a rel=\"nofollow\" id=\"cancel-comment-reply-link\" href=\"https:\/\/www.tvbuzau.ro\/4-ani-de-la-startul-constructie-autostrazii-a7\/#respond\">Renun\u021ba\u021bi la r\u0103spuns<\/a><\/small><\/h3>\n<\/div>\n<\/div>\n<\/div>\n<div class=\"td-post-content\">\n<div class=\"td-featured-image-rec\">\n<div class=\"wpb_video_wrapper\">\n                    <iframe loading=\"lazy\" id=\"td_youtube_player\" width=\"600\" height=\"560\" src=\"https:\/\/www.youtube.com\/embed\/ay3K--bFfTg?enablejsapi=1&amp;feature=oembed&amp;wmode=opaque&amp;vq=hd720\" frameborder allowfullscreen><\/iframe><\/p><\/div>\n<\/div>\n<p>Despre nodul rutier Sp\u0103taru (DN2\/E85 \u2013 A7)<br \/>\nDirec\u0163ia de Drumuri \u015fi Poduri Buz\u0103u continu\u0103 seria clipurilor dedicate \u00eemplinirii a 4 ani de la emiterea ordinului de \u00eencepere a lucr\u0103rilor pentru Autostrada Moldovei, cu tronsonul Ploie\u0219ti-Buz\u0103u.  Folosind imagini de arhiv\u0103 \u0219i instrumente de inteligen\u021b\u0103 artificial\u0103, DRDP Buz\u0103u a reconstruit povestea unor puncte-cheie  \u0219i evolu\u021bia lor de la stadiul de terenuri arabile la o infrastructur\u0103 rutier\u0103 modern\u0103, cum ar fi  nodul rutier Sp\u0103taru (DN2\/E85 \u2013 A7).<\/p>\n<p>\u201cNodul rutier Sp\u0103taru reprezint\u0103 unul dintre cele mai importante puncte de conexiune ale A7, realiz\u00e2nd leg\u0103tura direct\u0103 cu DN2\/E85 \u0219i facilit\u00e2nd accesul rapid c\u0103tre \u0219i dinspre regiunea Moldovei. Amenajat pe o suprafa\u021b\u0103 de aproximativ 17 hectare, nodul rutier are un rol esen\u021bial \u00een preluarea \u0219i distribuirea traficului, contribuind la reducerea aglomera\u021biei \u0219i la fluidizarea circula\u021biei pe unul dintre cele mai importante coridoare rutiere din Rom\u00e2nia\u201d, a anun\u0163at DRDP Buz\u0103u.<\/p>\n<p>\u00cen aceea\u0219i zon\u0103 este amplasat \u0219i Centrul de \u00centre\u021binere \u0219i Coordonare , care g\u0103zduie\u0219te hub-ul opera\u021bional al Autostr\u0103zii Moldovei.<br \/>\nDe aici vor fi monitorizate, \u00een timp real, condi\u021biile de trafic prin intermediul camerelor video, senzorilor \u0219i panourilor cu mesaje variabile instalate de-a lungul autostr\u0103zii, asigur\u00e2nd o gestionare eficient\u0103 \u0219i o interven\u021bie rapid\u0103 atunci c\u00e2nd este necesar, mai spun speciali\u015ftii.<\/p>\n<div class=\"post-views post-119996 entry-meta\"><span class=\"post-views-label\">Post Views: <\/span><span class=\"post-views-count\">65<\/span><\/div>\n<\/div>\n<p>[analyse_source url=&#8221;https:\/\/www.tvbuzau.ro\/4-ani-de-la-startul-constructie-autostrazii-a7\/&#8221;]<\/p>\n","protected":false},"excerpt":{"rendered":"<p>[analyse_image type=&#8221;featured&#8221; src=&#8221;https:\/\/www.tvbuzau.ro\/wp-content\/uploads\/2026\/08\/sddefault-25.jpghttps:\/\/www.tvbuzau.ro\/wp-content\/uploads\/2026\/08\/sddefault-25.jpg&#8221;] Actualitate 4 ani de la startul construc\u0163ie Autostr\u0103zii A7 De c\u0103tre TV Buz\u0103u &#8211; august 11, 2026 0 3 Distribui\u021bi pe Facebook Distribui\u021bi pe Twitter tweet Despre nodul rutier Sp\u0103taru (DN2\/E85 \u2013 A7) Direc\u0163ia de Drumuri \u015fi Poduri Buz\u0103u continu\u0103 seria clipurilor dedicate \u00eemplinirii a 4 ani de la emiterea ordinului de [&hellip;]<\/p>\n","protected":false},"author":1,"featured_media":0,"comment_status":"open","ping_status":"","sticky":false,"template":"","format":"standard","meta":{"footnotes":""},"categories":[2],"tags":[226,116],"class_list":["post-2088886","post","type-post","status-publish","format-standard","hentry","category-politics","tag-crawlmanager","tag-tvbuzau-ro"],"_links":{"self":[{"href":"https:\/\/analyse.optim.biz\/index.php?rest_route=\/wp\/v2\/posts\/2088886","targetHints":{"allow":["GET"]}}],"collection":[{"href":"https:\/\/analyse.optim.biz\/index.php?rest_route=\/wp\/v2\/posts"}],"about":[{"href":"https:\/\/analyse.optim.biz\/index.php?rest_route=\/wp\/v2\/types\/post"}],"author":[{"embeddable":true,"href":"https:\/\/analyse.optim.biz\/index.php?rest_route=\/wp\/v2\/users\/1"}],"replies":[{"embeddable":true,"href":"https:\/\/analyse.optim.biz\/index.php?rest_route=%2Fwp%2Fv2%2Fcomments&post=2088886"}],"version-history":[{"count":0,"href":"https:\/\/analyse.optim.biz\/index.php?rest_route=\/wp\/v2\/posts\/2088886\/revisions"}],"wp:attachment":[{"href":"https:\/\/analyse.optim.biz\/index.php?rest_route=%2Fwp%2Fv2%2Fmedia&parent=2088886"}],"wp:term":[{"taxonomy":"category","embeddable":true,"href":"https:\/\/analyse.optim.biz\/index.php?rest_route=%2Fwp%2Fv2%2Fcategories&post=2088886"},{"taxonomy":"post_tag","embeddable":true,"href":"https:\/\/analyse.optim.biz\/index.php?rest_route=%2Fwp%2Fv2%2Ftags&post=2088886"}],"curies":[{"name":"wp","href":"https:\/\/api.w.org\/{rel}","templated":true}]}}